{"id":11165,"date":"2022-09-13T16:28:18","date_gmt":"2022-09-13T15:28:18","guid":{"rendered":"https:\/\/www.afro-impact.com\/health-celebration-of-world-septicemia-day-2022\/"},"modified":"2023-06-24T04:52:39","modified_gmt":"2023-06-24T03:52:39","slug":"health-celebration-of-world-septicemia-day-2022","status":"publish","type":"post","link":"https:\/\/www.afro-impact.com\/en\/health-celebration-of-world-septicemia-day-2022\/","title":{"rendered":"Health: Celebration of World Septicemia Day 2022"},"content":{"rendered":"&#13;\n<h1 class=\"wp-block-heading\">The international community celebrates World Septicemia Day on September 13 each year. This day is of Anglo-Saxon origin and dates back to 2012.<\/h1>&#13;\n&#13;\n<p>World Sepsis Day aims to raise awareness of this major public health problem among the general public and decision-makers, and to assist in the implementation of research that meets the challenges identified.<\/p>&#13;\n&#13;\n<p>Sepsis is based on two elements: colonization of the blood by the pathogen, bacterium, virus or fungus, and sepsis, which is a generalized inflammatory reaction following a serious infection. By invading the bloodstream, germs can cause impairment of heart, lung, brain and kidney function.<\/p>&#13;\n&#13;\n<h2 class=\"wp-block-heading\"><strong>Symptoms of septicemia<\/strong><\/h2>&#13;\n&#13;\n<p>La septic\u00e9mie affecte l\u2019ensemble de l\u2019organisme. On observe une acc\u00e9l\u00e9ration du rythme cardiaque, la fi\u00e8vre monte, des frissons et des difficult\u00e9s respiratoires apparaissent rapidement. Dans certains cas, la temp\u00e9rature du corps peut paradoxalement ne pas augmenter, voire m\u00eame \u00eatre basse. Des douleurs intenses dans l\u2019abdomen ou d\u2019autres parties du corps. La personne atteinte est sujet \u00e0 des troubles de la conscience pouvant aller jusqu\u2019\u00e0 la perte de connaissance, rendant la communication compliqu\u00e9e.<\/p>&#13;\n&#13;\n<h2 class=\"wp-block-heading\"><strong>The fight against sepsis, a health emergency<\/strong><\/h2>&#13;\n&#13;\n<p>This disease affects nearly 30 million people worldwide and is estimated to cause the death of 6 to 9 million people. Although it mainly affects the elderly in developed countries, sepsis also affects many newborns and is the second most common source of death after hemorrhage in women who have given birth.<\/p>&#13;\n&#13;\n<h2 class=\"wp-block-heading\"><strong>Learn more about sepsis<\/strong><\/h2>&#13;\n&#13;\n<p>Sepsis refers to the adverse consequences on vital functions of severe infections that cause a very high mortality despite medical advances.<\/p>&#13;\n&#13;\n<p>Sepsis occurs when pathogens enter the bloodstream, sometimes using the term blood poisoning.<\/p>&#13;\n&#13;\n<p>Sepsis is a real public health problem, with the number of hospitalizations almost doubling in the last ten years. In &#8220;advanced&#8221; countries, mortality from sepsis is equivalent to that from myocardial infarction.<\/p>&#13;\n&#13;\n<h2 class=\"wp-block-heading\"><strong>Calls for more action from all stakeholders<\/strong><\/h2>&#13;\n&#13;\n<p>The increasing resistance of bacteria to antibiotics, the lack of rapid and accurate diagnostic tests and the costs of treatment are the major challenges in this area. The neurological consequences in survivors are also factors that indicate that sustained efforts must be made to combat this disease.<br\/> <\/p>&#13;\n","protected":false},"excerpt":{"rendered":"<p>&#13; The international community celebrates World Septicemia Day on September 13 each year. This day is of Anglo-Saxon origin and dates back to 2012. &#13; &#13; World Sepsis Day aims to raise awareness of this major public health problem among the general public and decision-makers, and to assist in the implementation of research that meets<\/p>\n","protected":false},"author":18,"featured_media":11145,"comment_status":"open","ping_status":"open","sticky":false,"template":"","format":"standard","meta":{"footnotes":""},"categories":[348],"tags":[2190,2189],"class_list":{"0":"post-11165","1":"post","2":"type-post","3":"status-publish","4":"format-standard","5":"has-post-thumbnail","7":"category-other-news","8":"tag-health-emergency","9":"tag-world-septicemia-day"},"yoast_head":"<!-- This site is optimized with the Yoast SEO Premium plugin v25.5 (Yoast SEO v25.5) - https:\/\/yoast.com\/wordpress\/plugins\/seo\/ -->\n<title>Health: Celebration of World Septicemia Day 2022 - Afro impact<\/title>\n<meta name=\"description\" content=\"The international community celebrates World Septicemia Day on September 13 each year. This day is of Anglo-Saxon origin and dates back to 2012.\" \/>\n<meta name=\"robots\" content=\"index, follow, max-snippet:-1, max-image-preview:large, max-video-preview:-1\" \/>\n<link rel=\"canonical\" href=\"https:\/\/www.afro-impact.com\/sante-celebration-de-la-journee-mondiale-contre-la-septicemie-2022\/\" \/>\n<meta property=\"og:locale\" content=\"en_US\" \/>\n<meta property=\"og:type\" content=\"article\" \/>\n<meta property=\"og:title\" content=\"Health: Celebration of World Septicemia Day 2022 - Afro impact\" \/>\n<meta property=\"og:description\" content=\"The international community celebrates World Septicemia Day on September 13 each year. This day is of Anglo-Saxon origin and dates back to 2012.\" \/>\n<meta property=\"og:url\" content=\"https:\/\/www.afro-impact.com\/sante-celebration-de-la-journee-mondiale-contre-la-septicemie-2022\/\" \/>\n<meta property=\"og:site_name\" content=\"Afro impact\" \/>\n<meta property=\"article:publisher\" content=\"https:\/\/www.facebook.com\/AfroimpactMag\" \/>\n<meta property=\"article:author\" content=\"https:\/\/facebook.com\/gerard.dawa.7\" \/>\n<meta property=\"article:published_time\" content=\"2022-09-13T15:28:18+00:00\" \/>\n<meta property=\"article:modified_time\" content=\"2023-06-24T03:52:39+00:00\" \/>\n<meta property=\"og:image\" content=\"https:\/\/www.afro-impact.com\/wp-content\/uploads\/2022\/09\/septicemie-journee-mondiale.jpg\" \/>\n\t<meta property=\"og:image:width\" content=\"1366\" \/>\n\t<meta property=\"og:image:height\" content=\"768\" \/>\n\t<meta property=\"og:image:type\" content=\"image\/jpeg\" \/>\n<meta name=\"author\" content=\"G\u00e9rard Dawa\" \/>\n<meta name=\"twitter:card\" content=\"summary_large_image\" \/>\n<meta name=\"twitter:creator\" content=\"@AfroimpactMag\" \/>\n<meta name=\"twitter:site\" content=\"@AfroimpactMag\" \/>\n<meta name=\"twitter:label1\" content=\"Written by\" \/>\n\t<meta name=\"twitter:data1\" content=\"G\u00e9rard Dawa\" \/>\n\t<meta name=\"twitter:label2\" content=\"Est. reading time\" \/>\n\t<meta name=\"twitter:data2\" content=\"2 minutes\" \/>\n<script type=\"application\/ld+json\" class=\"yoast-schema-graph\">{\"@context\":\"https:\/\/schema.org\",\"@graph\":[{\"@type\":\"NewsArticle\",\"@id\":\"https:\/\/www.afro-impact.com\/sante-celebration-de-la-journee-mondiale-contre-la-septicemie-2022\/#article\",\"isPartOf\":{\"@id\":\"https:\/\/www.afro-impact.com\/sante-celebration-de-la-journee-mondiale-contre-la-septicemie-2022\/\"},\"author\":{\"name\":\"G\u00e9rard Dawa\",\"@id\":\"https:\/\/www.afro-impact.com\/#\/schema\/person\/9e1a68f2554579c3a7a1e5f991745ab3\"},\"headline\":\"Health: Celebration of World Septicemia Day 2022\",\"datePublished\":\"2022-09-13T15:28:18+00:00\",\"dateModified\":\"2023-06-24T03:52:39+00:00\",\"mainEntityOfPage\":{\"@id\":\"https:\/\/www.afro-impact.com\/sante-celebration-de-la-journee-mondiale-contre-la-septicemie-2022\/\"},\"wordCount\":369,\"commentCount\":0,\"publisher\":{\"@id\":\"https:\/\/www.afro-impact.com\/#organization\"},\"image\":{\"@id\":\"https:\/\/www.afro-impact.com\/sante-celebration-de-la-journee-mondiale-contre-la-septicemie-2022\/#primaryimage\"},\"thumbnailUrl\":\"https:\/\/www.afro-impact.com\/wp-content\/uploads\/2022\/09\/septicemie-journee-mondiale.jpg\",\"keywords\":[\"health emergency\",\"World Septicemia Day\"],\"articleSection\":[\"Other\"],\"inLanguage\":\"en-US\",\"potentialAction\":[{\"@type\":\"CommentAction\",\"name\":\"Comment\",\"target\":[\"https:\/\/www.afro-impact.com\/sante-celebration-de-la-journee-mondiale-contre-la-septicemie-2022\/#respond\"]}],\"copyrightYear\":\"2022\",\"copyrightHolder\":{\"@id\":\"https:\/\/www.afro-impact.com\/#organization\"}},{\"@type\":\"WebPage\",\"@id\":\"https:\/\/www.afro-impact.com\/sante-celebration-de-la-journee-mondiale-contre-la-septicemie-2022\/\",\"url\":\"https:\/\/www.afro-impact.com\/sante-celebration-de-la-journee-mondiale-contre-la-septicemie-2022\/\",\"name\":\"Health: Celebration of World Septicemia Day 2022 - Afro impact\",\"isPartOf\":{\"@id\":\"https:\/\/www.afro-impact.com\/#website\"},\"primaryImageOfPage\":{\"@id\":\"https:\/\/www.afro-impact.com\/sante-celebration-de-la-journee-mondiale-contre-la-septicemie-2022\/#primaryimage\"},\"image\":{\"@id\":\"https:\/\/www.afro-impact.com\/sante-celebration-de-la-journee-mondiale-contre-la-septicemie-2022\/#primaryimage\"},\"thumbnailUrl\":\"https:\/\/www.afro-impact.com\/wp-content\/uploads\/2022\/09\/septicemie-journee-mondiale.jpg\",\"datePublished\":\"2022-09-13T15:28:18+00:00\",\"dateModified\":\"2023-06-24T03:52:39+00:00\",\"description\":\"The international community celebrates World Septicemia Day on September 13 each year. This day is of Anglo-Saxon origin and dates back to 2012.\",\"breadcrumb\":{\"@id\":\"https:\/\/www.afro-impact.com\/sante-celebration-de-la-journee-mondiale-contre-la-septicemie-2022\/#breadcrumb\"},\"inLanguage\":\"en-US\",\"potentialAction\":[{\"@type\":\"ReadAction\",\"target\":[\"https:\/\/www.afro-impact.com\/sante-celebration-de-la-journee-mondiale-contre-la-septicemie-2022\/\"]}]},{\"@type\":\"ImageObject\",\"inLanguage\":\"en-US\",\"@id\":\"https:\/\/www.afro-impact.com\/sante-celebration-de-la-journee-mondiale-contre-la-septicemie-2022\/#primaryimage\",\"url\":\"https:\/\/www.afro-impact.com\/wp-content\/uploads\/2022\/09\/septicemie-journee-mondiale.jpg\",\"contentUrl\":\"https:\/\/www.afro-impact.com\/wp-content\/uploads\/2022\/09\/septicemie-journee-mondiale.jpg\",\"width\":1366,\"height\":768,\"caption\":\"Source photo: AlloDocteurs\"},{\"@type\":\"BreadcrumbList\",\"@id\":\"https:\/\/www.afro-impact.com\/sante-celebration-de-la-journee-mondiale-contre-la-septicemie-2022\/#breadcrumb\",\"itemListElement\":[{\"@type\":\"ListItem\",\"position\":1,\"name\":\"News\",\"item\":\"https:\/\/www.afro-impact.com\/\"},{\"@type\":\"ListItem\",\"position\":2,\"name\":\"Autres\",\"item\":\"https:\/\/www.afro-impact.com\/autres-infos\/\"},{\"@type\":\"ListItem\",\"position\":3,\"name\":\"Health: Celebration of World Septicemia Day 2022\"}]},{\"@type\":\"WebSite\",\"@id\":\"https:\/\/www.afro-impact.com\/#website\",\"url\":\"https:\/\/www.afro-impact.com\/\",\"name\":\"Afro impact\",\"description\":\"L&#039;Afrique vu autrement\",\"publisher\":{\"@id\":\"https:\/\/www.afro-impact.com\/#organization\"},\"potentialAction\":[{\"@type\":\"SearchAction\",\"target\":{\"@type\":\"EntryPoint\",\"urlTemplate\":\"https:\/\/www.afro-impact.com\/?s={search_term_string}\"},\"query-input\":{\"@type\":\"PropertyValueSpecification\",\"valueRequired\":true,\"valueName\":\"search_term_string\"}}],\"inLanguage\":\"en-US\"},{\"@type\":[\"Organization\",\"Place\"],\"@id\":\"https:\/\/www.afro-impact.com\/#organization\",\"name\":\"Afro impact\",\"alternateName\":\"carrecube\",\"url\":\"https:\/\/www.afro-impact.com\/\",\"logo\":{\"@id\":\"https:\/\/www.afro-impact.com\/sante-celebration-de-la-journee-mondiale-contre-la-septicemie-2022\/#local-main-organization-logo\"},\"image\":{\"@id\":\"https:\/\/www.afro-impact.com\/sante-celebration-de-la-journee-mondiale-contre-la-septicemie-2022\/#local-main-organization-logo\"},\"sameAs\":[\"https:\/\/www.facebook.com\/AfroimpactMag\",\"https:\/\/x.com\/AfroimpactMag\",\"https:\/\/www.youtube.com\/channel\/UCJNIRcX4sVo487fhv0p5KDw\"],\"publishingPrinciples\":\"https:\/\/www.afro-impact.com\/a-propos-magazine-afro-impact\/\",\"ownershipFundingInfo\":\"https:\/\/www.afro-impact.com\/mentions-legales\/\",\"actionableFeedbackPolicy\":\"https:\/\/www.afro-impact.com\/conditions-generales\/\",\"correctionsPolicy\":\"https:\/\/www.afro-impact.com\/dmca-retrait\/\",\"address\":{\"@id\":\"https:\/\/www.afro-impact.com\/sante-celebration-de-la-journee-mondiale-contre-la-septicemie-2022\/#local-main-place-address\"},\"geo\":{\"@type\":\"GeoCoordinates\",\"latitude\":\"6.389282121878214\",\"longitude\":\"2.3602318590634495\"},\"telephone\":[\"+229 54900806\"],\"openingHoursSpecification\":[{\"@type\":\"OpeningHoursSpecification\",\"dayOfWeek\":[\"Monday\",\"Tuesday\",\"Wednesday\",\"Thursday\",\"Friday\",\"Saturday\",\"Sunday\"],\"opens\":\"00:00\",\"closes\":\"23:59\"}],\"email\":\"redaction@afro-impact.com\",\"vatID\":\"0 2022 1395 5557\"},{\"@type\":\"Person\",\"@id\":\"https:\/\/www.afro-impact.com\/#\/schema\/person\/9e1a68f2554579c3a7a1e5f991745ab3\",\"name\":\"G\u00e9rard Dawa\",\"image\":{\"@type\":\"ImageObject\",\"inLanguage\":\"en-US\",\"@id\":\"https:\/\/www.afro-impact.com\/#\/schema\/person\/image\/\",\"url\":\"https:\/\/www.afro-impact.com\/wp-content\/litespeed\/avatar\/583d018ae6f04b98bfc8484594fa52eb.jpg?ver=1777022315\",\"contentUrl\":\"https:\/\/www.afro-impact.com\/wp-content\/litespeed\/avatar\/583d018ae6f04b98bfc8484594fa52eb.jpg?ver=1777022315\",\"caption\":\"G\u00e9rard Dawa\"},\"description\":\"G\u00e9rard Dawa, journaliste reporter \u00e0 Afro impact. Titulaire d\u2019une Licence en journalisme obtenue \u00e0 l\u2019ENSTIC au B\u00e9nin, je suis passionn\u00e9 des questions de sant\u00e9, culture et sport. J\u2019ai fait \u00e9galement mes armes \u00e0 la radio et je suis membre actif de la PMS \\\"Plateforme M\u00e9dias et Sant\u00e9\\\" du B\u00e9nin. Je cumule \u00e0 ce jour 8 ans d\u2019exp\u00e9rience en journalisme.\",\"sameAs\":[\"https:\/\/facebook.com\/gerard.dawa.7\"],\"url\":\"https:\/\/www.afro-impact.com\/en\/author\/olaotan\/\"},{\"@type\":\"PostalAddress\",\"@id\":\"https:\/\/www.afro-impact.com\/sante-celebration-de-la-journee-mondiale-contre-la-septicemie-2022\/#local-main-place-address\",\"streetAddress\":\"Carr\u00e9 2167 Kindonou, Cotonou, BENIN, 07 BP 1128 Cotonou, BENIN\",\"addressLocality\":\"Cotonou\",\"postalCode\":\"+229\",\"addressRegion\":\"Littoral\",\"addressCountry\":\"BJ\"},{\"@type\":\"ImageObject\",\"inLanguage\":\"en-US\",\"@id\":\"https:\/\/www.afro-impact.com\/sante-celebration-de-la-journee-mondiale-contre-la-septicemie-2022\/#local-main-organization-logo\",\"url\":\"https:\/\/www.afro-impact.com\/wp-content\/uploads\/2022\/01\/logo-afro-impact-share-social.png\",\"contentUrl\":\"https:\/\/www.afro-impact.com\/wp-content\/uploads\/2022\/01\/logo-afro-impact-share-social.png\",\"width\":300,\"height\":300,\"caption\":\"Afro impact\"}]}<\/script>\n<meta name=\"geo.placename\" content=\"Cotonou\" \/>\n<meta name=\"geo.position\" content=\"6.389282121878214;2.3602318590634495\" \/>\n<meta name=\"geo.region\" content=\"Benin\" \/>\n<!-- \/ Yoast SEO Premium plugin. -->","yoast_head_json":{"title":"Health: Celebration of World Septicemia Day 2022 - Afro impact","description":"The international community celebrates World Septicemia Day on September 13 each year. This day is of Anglo-Saxon origin and dates back to 2012.","robots":{"index":"index","follow":"follow","max-snippet":"max-snippet:-1","max-image-preview":"max-image-preview:large","max-video-preview":"max-video-preview:-1"},"canonical":"https:\/\/www.afro-impact.com\/sante-celebration-de-la-journee-mondiale-contre-la-septicemie-2022\/","og_locale":"en_US","og_type":"article","og_title":"Health: Celebration of World Septicemia Day 2022 - Afro impact","og_description":"The international community celebrates World Septicemia Day on September 13 each year. This day is of Anglo-Saxon origin and dates back to 2012.","og_url":"https:\/\/www.afro-impact.com\/sante-celebration-de-la-journee-mondiale-contre-la-septicemie-2022\/","og_site_name":"Afro impact","article_publisher":"https:\/\/www.facebook.com\/AfroimpactMag","article_author":"https:\/\/facebook.com\/gerard.dawa.7","article_published_time":"2022-09-13T15:28:18+00:00","article_modified_time":"2023-06-24T03:52:39+00:00","og_image":[{"width":1366,"height":768,"url":"https:\/\/www.afro-impact.com\/wp-content\/uploads\/2022\/09\/septicemie-journee-mondiale.jpg","type":"image\/jpeg"}],"author":"G\u00e9rard Dawa","twitter_card":"summary_large_image","twitter_creator":"@AfroimpactMag","twitter_site":"@AfroimpactMag","twitter_misc":{"Written by":"G\u00e9rard Dawa","Est. reading time":"2 minutes"},"schema":{"@context":"https:\/\/schema.org","@graph":[{"@type":"NewsArticle","@id":"https:\/\/www.afro-impact.com\/sante-celebration-de-la-journee-mondiale-contre-la-septicemie-2022\/#article","isPartOf":{"@id":"https:\/\/www.afro-impact.com\/sante-celebration-de-la-journee-mondiale-contre-la-septicemie-2022\/"},"author":{"name":"G\u00e9rard Dawa","@id":"https:\/\/www.afro-impact.com\/#\/schema\/person\/9e1a68f2554579c3a7a1e5f991745ab3"},"headline":"Health: Celebration of World Septicemia Day 2022","datePublished":"2022-09-13T15:28:18+00:00","dateModified":"2023-06-24T03:52:39+00:00","mainEntityOfPage":{"@id":"https:\/\/www.afro-impact.com\/sante-celebration-de-la-journee-mondiale-contre-la-septicemie-2022\/"},"wordCount":369,"commentCount":0,"publisher":{"@id":"https:\/\/www.afro-impact.com\/#organization"},"image":{"@id":"https:\/\/www.afro-impact.com\/sante-celebration-de-la-journee-mondiale-contre-la-septicemie-2022\/#primaryimage"},"thumbnailUrl":"https:\/\/www.afro-impact.com\/wp-content\/uploads\/2022\/09\/septicemie-journee-mondiale.jpg","keywords":["health emergency","World Septicemia Day"],"articleSection":["Other"],"inLanguage":"en-US","potentialAction":[{"@type":"CommentAction","name":"Comment","target":["https:\/\/www.afro-impact.com\/sante-celebration-de-la-journee-mondiale-contre-la-septicemie-2022\/#respond"]}],"copyrightYear":"2022","copyrightHolder":{"@id":"https:\/\/www.afro-impact.com\/#organization"}},{"@type":"WebPage","@id":"https:\/\/www.afro-impact.com\/sante-celebration-de-la-journee-mondiale-contre-la-septicemie-2022\/","url":"https:\/\/www.afro-impact.com\/sante-celebration-de-la-journee-mondiale-contre-la-septicemie-2022\/","name":"Health: Celebration of World Septicemia Day 2022 - Afro impact","isPartOf":{"@id":"https:\/\/www.afro-impact.com\/#website"},"primaryImageOfPage":{"@id":"https:\/\/www.afro-impact.com\/sante-celebration-de-la-journee-mondiale-contre-la-septicemie-2022\/#primaryimage"},"image":{"@id":"https:\/\/www.afro-impact.com\/sante-celebration-de-la-journee-mondiale-contre-la-septicemie-2022\/#primaryimage"},"thumbnailUrl":"https:\/\/www.afro-impact.com\/wp-content\/uploads\/2022\/09\/septicemie-journee-mondiale.jpg","datePublished":"2022-09-13T15:28:18+00:00","dateModified":"2023-06-24T03:52:39+00:00","description":"The international community celebrates World Septicemia Day on September 13 each year. This day is of Anglo-Saxon origin and dates back to 2012.","breadcrumb":{"@id":"https:\/\/www.afro-impact.com\/sante-celebration-de-la-journee-mondiale-contre-la-septicemie-2022\/#breadcrumb"},"inLanguage":"en-US","potentialAction":[{"@type":"ReadAction","target":["https:\/\/www.afro-impact.com\/sante-celebration-de-la-journee-mondiale-contre-la-septicemie-2022\/"]}]},{"@type":"ImageObject","inLanguage":"en-US","@id":"https:\/\/www.afro-impact.com\/sante-celebration-de-la-journee-mondiale-contre-la-septicemie-2022\/#primaryimage","url":"https:\/\/www.afro-impact.com\/wp-content\/uploads\/2022\/09\/septicemie-journee-mondiale.jpg","contentUrl":"https:\/\/www.afro-impact.com\/wp-content\/uploads\/2022\/09\/septicemie-journee-mondiale.jpg","width":1366,"height":768,"caption":"Source photo: AlloDocteurs"},{"@type":"BreadcrumbList","@id":"https:\/\/www.afro-impact.com\/sante-celebration-de-la-journee-mondiale-contre-la-septicemie-2022\/#breadcrumb","itemListElement":[{"@type":"ListItem","position":1,"name":"News","item":"https:\/\/www.afro-impact.com\/"},{"@type":"ListItem","position":2,"name":"Autres","item":"https:\/\/www.afro-impact.com\/autres-infos\/"},{"@type":"ListItem","position":3,"name":"Health: Celebration of World Septicemia Day 2022"}]},{"@type":"WebSite","@id":"https:\/\/www.afro-impact.com\/#website","url":"https:\/\/www.afro-impact.com\/","name":"Afro impact","description":"L&#039;Afrique vu autrement","publisher":{"@id":"https:\/\/www.afro-impact.com\/#organization"},"potentialAction":[{"@type":"SearchAction","target":{"@type":"EntryPoint","urlTemplate":"https:\/\/www.afro-impact.com\/?s={search_term_string}"},"query-input":{"@type":"PropertyValueSpecification","valueRequired":true,"valueName":"search_term_string"}}],"inLanguage":"en-US"},{"@type":["Organization","Place"],"@id":"https:\/\/www.afro-impact.com\/#organization","name":"Afro impact","alternateName":"carrecube","url":"https:\/\/www.afro-impact.com\/","logo":{"@id":"https:\/\/www.afro-impact.com\/sante-celebration-de-la-journee-mondiale-contre-la-septicemie-2022\/#local-main-organization-logo"},"image":{"@id":"https:\/\/www.afro-impact.com\/sante-celebration-de-la-journee-mondiale-contre-la-septicemie-2022\/#local-main-organization-logo"},"sameAs":["https:\/\/www.facebook.com\/AfroimpactMag","https:\/\/x.com\/AfroimpactMag","https:\/\/www.youtube.com\/channel\/UCJNIRcX4sVo487fhv0p5KDw"],"publishingPrinciples":"https:\/\/www.afro-impact.com\/a-propos-magazine-afro-impact\/","ownershipFundingInfo":"https:\/\/www.afro-impact.com\/mentions-legales\/","actionableFeedbackPolicy":"https:\/\/www.afro-impact.com\/conditions-generales\/","correctionsPolicy":"https:\/\/www.afro-impact.com\/dmca-retrait\/","address":{"@id":"https:\/\/www.afro-impact.com\/sante-celebration-de-la-journee-mondiale-contre-la-septicemie-2022\/#local-main-place-address"},"geo":{"@type":"GeoCoordinates","latitude":"6.389282121878214","longitude":"2.3602318590634495"},"telephone":["+229 54900806"],"openingHoursSpecification":[{"@type":"OpeningHoursSpecification","dayOfWeek":["Monday","Tuesday","Wednesday","Thursday","Friday","Saturday","Sunday"],"opens":"00:00","closes":"23:59"}],"email":"redaction@afro-impact.com","vatID":"0 2022 1395 5557"},{"@type":"Person","@id":"https:\/\/www.afro-impact.com\/#\/schema\/person\/9e1a68f2554579c3a7a1e5f991745ab3","name":"G\u00e9rard Dawa","image":{"@type":"ImageObject","inLanguage":"en-US","@id":"https:\/\/www.afro-impact.com\/#\/schema\/person\/image\/","url":"https:\/\/www.afro-impact.com\/wp-content\/litespeed\/avatar\/583d018ae6f04b98bfc8484594fa52eb.jpg?ver=1777022315","contentUrl":"https:\/\/www.afro-impact.com\/wp-content\/litespeed\/avatar\/583d018ae6f04b98bfc8484594fa52eb.jpg?ver=1777022315","caption":"G\u00e9rard Dawa"},"description":"G\u00e9rard Dawa, journaliste reporter \u00e0 Afro impact. Titulaire d\u2019une Licence en journalisme obtenue \u00e0 l\u2019ENSTIC au B\u00e9nin, je suis passionn\u00e9 des questions de sant\u00e9, culture et sport. J\u2019ai fait \u00e9galement mes armes \u00e0 la radio et je suis membre actif de la PMS \"Plateforme M\u00e9dias et Sant\u00e9\" du B\u00e9nin. Je cumule \u00e0 ce jour 8 ans d\u2019exp\u00e9rience en journalisme.","sameAs":["https:\/\/facebook.com\/gerard.dawa.7"],"url":"https:\/\/www.afro-impact.com\/en\/author\/olaotan\/"},{"@type":"PostalAddress","@id":"https:\/\/www.afro-impact.com\/sante-celebration-de-la-journee-mondiale-contre-la-septicemie-2022\/#local-main-place-address","streetAddress":"Carr\u00e9 2167 Kindonou, Cotonou, BENIN, 07 BP 1128 Cotonou, BENIN","addressLocality":"Cotonou","postalCode":"+229","addressRegion":"Littoral","addressCountry":"BJ"},{"@type":"ImageObject","inLanguage":"en-US","@id":"https:\/\/www.afro-impact.com\/sante-celebration-de-la-journee-mondiale-contre-la-septicemie-2022\/#local-main-organization-logo","url":"https:\/\/www.afro-impact.com\/wp-content\/uploads\/2022\/01\/logo-afro-impact-share-social.png","contentUrl":"https:\/\/www.afro-impact.com\/wp-content\/uploads\/2022\/01\/logo-afro-impact-share-social.png","width":300,"height":300,"caption":"Afro impact"}]},"geo.placename":"Cotonou","geo.position":{"lat":"6.389282121878214","long":"2.3602318590634495"},"geo.region":"Benin"},"_links":{"self":[{"href":"https:\/\/www.afro-impact.com\/en\/wp-json\/wp\/v2\/posts\/11165","targetHints":{"allow":["GET"]}}],"collection":[{"href":"https:\/\/www.afro-impact.com\/en\/wp-json\/wp\/v2\/posts"}],"about":[{"href":"https:\/\/www.afro-impact.com\/en\/wp-json\/wp\/v2\/types\/post"}],"author":[{"embeddable":true,"href":"https:\/\/www.afro-impact.com\/en\/wp-json\/wp\/v2\/users\/18"}],"replies":[{"embeddable":true,"href":"https:\/\/www.afro-impact.com\/en\/wp-json\/wp\/v2\/comments?post=11165"}],"version-history":[{"count":0,"href":"https:\/\/www.afro-impact.com\/en\/wp-json\/wp\/v2\/posts\/11165\/revisions"}],"wp:featuredmedia":[{"embeddable":true,"href":"https:\/\/www.afro-impact.com\/en\/wp-json\/wp\/v2\/media\/11145"}],"wp:attachment":[{"href":"https:\/\/www.afro-impact.com\/en\/wp-json\/wp\/v2\/media?parent=11165"}],"wp:term":[{"taxonomy":"category","embeddable":true,"href":"https:\/\/www.afro-impact.com\/en\/wp-json\/wp\/v2\/categories?post=11165"},{"taxonomy":"post_tag","embeddable":true,"href":"https:\/\/www.afro-impact.com\/en\/wp-json\/wp\/v2\/tags?post=11165"}],"curies":[{"name":"wp","href":"https:\/\/api.w.org\/{rel}","templated":true}]}}