{"id":11283,"date":"2022-09-16T12:22:32","date_gmt":"2022-09-16T11:22:32","guid":{"rendered":"https:\/\/www.afro-impact.com\/global-warming-african-countries-must-adapt\/"},"modified":"2023-06-24T04:45:56","modified_gmt":"2023-06-24T03:45:56","slug":"global-warming-african-countries-must-adapt","status":"publish","type":"post","link":"https:\/\/www.afro-impact.com\/en\/global-warming-african-countries-must-adapt\/","title":{"rendered":"Global warming: African countries must adapt"},"content":{"rendered":"\n<p><strong>The African Ministerial Conference on the Environment opened this Thursday in Dakar. It brings together several African ministers of the environment and a special envoy of the American president for the climate, John Kerry. On the occasion, the representative of the United States, stressed the injustice between the contribution of rich and poor countries to global warming and the effects they suffer. He thus emphasized the need for Africa to be a stakeholder in both the decision and action and invited it to comply with<\/strong>.<\/p>\n\n<p>As a prelude to the COP27 to be held next November in Egypt, African environment ministers met in Dakar on Thursday, September 15 to assess the environmental challenges of the continent. And while African representatives are demanding compensation from rich countries for the damage caused by global warming, for which they are primarily responsible, John Kerry refuses to allow only Westerners to assume the burden. &#8220;Those who have polluted more, must put their hand in their pocket. This is not development aid,&#8221; said Abdou Karim Sall, Senegal&#8217;s Minister of the Environment. Before adding &#8220;At the next COP, we hope that justice will be done to Africa&#8221;.<\/p>\n\n<p> &#8220;Well, guess what, folks? Mother Nature doesn&#8217;t measure where the emissions come from. They don&#8217;t come from one country or another. They come from all the choices we make about how we move our vehicles, how we heat our homes, how we light our businesses,&#8221; responded John Kerry, the U.S. president&#8217;s special climate envoy.<\/p>\n\n<h2 class=\"wp-block-heading\" id=\"h-s-adapter\"><strong>To adapt\u2026<\/strong><\/h2>\n\n<p>On the other hand, the American emissary invites the Africans to adapt. &#8220;We have to adapt. We have to adapt seriously and significantly all over the world, and especially in Africa. So yes, we have to mitigate. But in Africa and around the world, we need to adapt to this planet that is already heading towards 1.5,&#8221; said John Kerry before insisting &#8220;Developed countries need to do more, but we also need you at the table.<\/p>\n\n<p>He further noted that the continent experienced catastrophic floods in 2022 that killed hundreds and displaced tens of thousands, while the Horn of Africa is experiencing its fourth year of drought.<\/p>\n\n<p>He also notified the actions carried out by the United States in favor of Africa and against global warming, such as the granting in 2021 of 8.2 billion dollars in humanitarian aid and support for adaptation to climate change.<\/p>\n","protected":false},"excerpt":{"rendered":"<p>The African Ministerial Conference on the Environment opened this Thursday in Dakar. It brings together several African ministers of the environment and a special envoy of the American president for the climate, John Kerry. On the occasion, the representative of the United States, stressed the injustice between the contribution of rich and poor countries to<\/p>\n","protected":false},"author":2,"featured_media":11277,"comment_status":"open","ping_status":"open","sticky":false,"template":"","format":"standard","meta":{"footnotes":""},"categories":[196],"tags":[2206,2205],"class_list":{"0":"post-11283","1":"post","2":"type-post","3":"status-publish","4":"format-standard","5":"has-post-thumbnail","7":"category-environment","8":"tag-global-warming","9":"tag-john-kerry-en"},"yoast_head":"<!-- This site is optimized with the Yoast SEO Premium plugin v25.5 (Yoast SEO v25.5) - https:\/\/yoast.com\/wordpress\/plugins\/seo\/ -->\n<title>Global warming: African countries must adapt - Afro impact<\/title>\n<meta name=\"description\" content=\"The African Ministerial Conference on the Environment opened this Thursday in Dakar. It brings together several African ministers of the environment and a special envoy of the American president for the climate, John Kerry. On the occasion, the representative of the United States, stressed the injustice between the contribution of rich and poor countries to global warming and the effects they suffer. He thus emphasized the need for Africa to be a stakeholder in both decision and action and invited it to comply.\" \/>\n<meta name=\"robots\" content=\"index, follow, max-snippet:-1, max-image-preview:large, max-video-preview:-1\" \/>\n<link rel=\"canonical\" href=\"https:\/\/www.afro-impact.com\/rechauffement-climatique-les-pays-africains-doivent-sadapter\/\" \/>\n<meta property=\"og:locale\" content=\"en_US\" \/>\n<meta property=\"og:type\" content=\"article\" \/>\n<meta property=\"og:title\" content=\"Global warming: African countries must adapt - Afro impact\" \/>\n<meta property=\"og:description\" content=\"The African Ministerial Conference on the Environment opened this Thursday in Dakar. It brings together several African ministers of the environment and a special envoy of the American president for the climate, John Kerry. On the occasion, the representative of the United States, stressed the injustice between the contribution of rich and poor countries to global warming and the effects they suffer. He thus emphasized the need for Africa to be a stakeholder in both decision and action and invited it to comply.\" \/>\n<meta property=\"og:url\" content=\"https:\/\/www.afro-impact.com\/rechauffement-climatique-les-pays-africains-doivent-sadapter\/\" \/>\n<meta property=\"og:site_name\" content=\"Afro impact\" \/>\n<meta property=\"article:publisher\" content=\"https:\/\/www.facebook.com\/AfroimpactMag\" \/>\n<meta property=\"article:author\" content=\"https:\/\/facebook.com\/profile.php?id=100075035589093\" \/>\n<meta property=\"article:published_time\" content=\"2022-09-16T11:22:32+00:00\" \/>\n<meta property=\"article:modified_time\" content=\"2023-06-24T03:45:56+00:00\" \/>\n<meta property=\"og:image\" content=\"https:\/\/www.afro-impact.com\/wp-content\/uploads\/2022\/09\/rechauffement-climatique-afrique-doit-sadapter-john-kerry.webp\" \/>\n\t<meta property=\"og:image:width\" content=\"1024\" \/>\n\t<meta property=\"og:image:height\" content=\"576\" \/>\n\t<meta property=\"og:image:type\" content=\"image\/webp\" \/>\n<meta name=\"author\" content=\"Eliane Fatchina\" \/>\n<meta name=\"twitter:card\" content=\"summary_large_image\" \/>\n<meta name=\"twitter:creator\" content=\"@AfroimpactMag\" \/>\n<meta name=\"twitter:site\" content=\"@AfroimpactMag\" \/>\n<meta name=\"twitter:label1\" content=\"Written by\" \/>\n\t<meta name=\"twitter:data1\" content=\"Eliane Fatchina\" \/>\n\t<meta name=\"twitter:label2\" content=\"Est. reading time\" \/>\n\t<meta name=\"twitter:data2\" content=\"2 minutes\" \/>\n<script type=\"application\/ld+json\" class=\"yoast-schema-graph\">{\"@context\":\"https:\/\/schema.org\",\"@graph\":[{\"@type\":\"NewsArticle\",\"@id\":\"https:\/\/www.afro-impact.com\/rechauffement-climatique-les-pays-africains-doivent-sadapter\/#article\",\"isPartOf\":{\"@id\":\"https:\/\/www.afro-impact.com\/rechauffement-climatique-les-pays-africains-doivent-sadapter\/\"},\"author\":{\"name\":\"Eliane Fatchina\",\"@id\":\"https:\/\/www.afro-impact.com\/#\/schema\/person\/5c48f58a7d0cc36b8d96110a4feedf77\"},\"headline\":\"Global warming: African countries must adapt\",\"datePublished\":\"2022-09-16T11:22:32+00:00\",\"dateModified\":\"2023-06-24T03:45:56+00:00\",\"mainEntityOfPage\":{\"@id\":\"https:\/\/www.afro-impact.com\/rechauffement-climatique-les-pays-africains-doivent-sadapter\/\"},\"wordCount\":399,\"commentCount\":0,\"publisher\":{\"@id\":\"https:\/\/www.afro-impact.com\/#organization\"},\"image\":{\"@id\":\"https:\/\/www.afro-impact.com\/rechauffement-climatique-les-pays-africains-doivent-sadapter\/#primaryimage\"},\"thumbnailUrl\":\"https:\/\/www.afro-impact.com\/wp-content\/uploads\/2022\/09\/rechauffement-climatique-afrique-doit-sadapter-john-kerry.webp\",\"keywords\":[\"Global warming\",\"John Kerry\"],\"articleSection\":[\"Environment\"],\"inLanguage\":\"en-US\",\"potentialAction\":[{\"@type\":\"CommentAction\",\"name\":\"Comment\",\"target\":[\"https:\/\/www.afro-impact.com\/rechauffement-climatique-les-pays-africains-doivent-sadapter\/#respond\"]}],\"copyrightYear\":\"2022\",\"copyrightHolder\":{\"@id\":\"https:\/\/www.afro-impact.com\/#organization\"}},{\"@type\":\"WebPage\",\"@id\":\"https:\/\/www.afro-impact.com\/rechauffement-climatique-les-pays-africains-doivent-sadapter\/\",\"url\":\"https:\/\/www.afro-impact.com\/rechauffement-climatique-les-pays-africains-doivent-sadapter\/\",\"name\":\"Global warming: African countries must adapt - Afro impact\",\"isPartOf\":{\"@id\":\"https:\/\/www.afro-impact.com\/#website\"},\"primaryImageOfPage\":{\"@id\":\"https:\/\/www.afro-impact.com\/rechauffement-climatique-les-pays-africains-doivent-sadapter\/#primaryimage\"},\"image\":{\"@id\":\"https:\/\/www.afro-impact.com\/rechauffement-climatique-les-pays-africains-doivent-sadapter\/#primaryimage\"},\"thumbnailUrl\":\"https:\/\/www.afro-impact.com\/wp-content\/uploads\/2022\/09\/rechauffement-climatique-afrique-doit-sadapter-john-kerry.webp\",\"datePublished\":\"2022-09-16T11:22:32+00:00\",\"dateModified\":\"2023-06-24T03:45:56+00:00\",\"description\":\"The African Ministerial Conference on the Environment opened this Thursday in Dakar. It brings together several African ministers of the environment and a special envoy of the American president for the climate, John Kerry. On the occasion, the representative of the United States, stressed the injustice between the contribution of rich and poor countries to global warming and the effects they suffer. He thus emphasized the need for Africa to be a stakeholder in both decision and action and invited it to comply.\",\"breadcrumb\":{\"@id\":\"https:\/\/www.afro-impact.com\/rechauffement-climatique-les-pays-africains-doivent-sadapter\/#breadcrumb\"},\"inLanguage\":\"en-US\",\"potentialAction\":[{\"@type\":\"ReadAction\",\"target\":[\"https:\/\/www.afro-impact.com\/rechauffement-climatique-les-pays-africains-doivent-sadapter\/\"]}]},{\"@type\":\"ImageObject\",\"inLanguage\":\"en-US\",\"@id\":\"https:\/\/www.afro-impact.com\/rechauffement-climatique-les-pays-africains-doivent-sadapter\/#primaryimage\",\"url\":\"https:\/\/www.afro-impact.com\/wp-content\/uploads\/2022\/09\/rechauffement-climatique-afrique-doit-sadapter-john-kerry.webp\",\"contentUrl\":\"https:\/\/www.afro-impact.com\/wp-content\/uploads\/2022\/09\/rechauffement-climatique-afrique-doit-sadapter-john-kerry.webp\",\"width\":1024,\"height\":576,\"caption\":\"Dakar, la capitale du S\u00e9n\u00e9gal, a subi les effets du changement climatique avec de fortes pluies inhabituelles en p\u00e9riode d'hivernage. Source photo: Rfi\"},{\"@type\":\"BreadcrumbList\",\"@id\":\"https:\/\/www.afro-impact.com\/rechauffement-climatique-les-pays-africains-doivent-sadapter\/#breadcrumb\",\"itemListElement\":[{\"@type\":\"ListItem\",\"position\":1,\"name\":\"News\",\"item\":\"https:\/\/www.afro-impact.com\/\"},{\"@type\":\"ListItem\",\"position\":2,\"name\":\"Environnement\",\"item\":\"https:\/\/www.afro-impact.com\/environnement\/\"},{\"@type\":\"ListItem\",\"position\":3,\"name\":\"Global warming: African countries must adapt\"}]},{\"@type\":\"WebSite\",\"@id\":\"https:\/\/www.afro-impact.com\/#website\",\"url\":\"https:\/\/www.afro-impact.com\/\",\"name\":\"Afro impact\",\"description\":\"L&#039;Afrique vu autrement\",\"publisher\":{\"@id\":\"https:\/\/www.afro-impact.com\/#organization\"},\"potentialAction\":[{\"@type\":\"SearchAction\",\"target\":{\"@type\":\"EntryPoint\",\"urlTemplate\":\"https:\/\/www.afro-impact.com\/?s={search_term_string}\"},\"query-input\":{\"@type\":\"PropertyValueSpecification\",\"valueRequired\":true,\"valueName\":\"search_term_string\"}}],\"inLanguage\":\"en-US\"},{\"@type\":[\"Organization\",\"Place\"],\"@id\":\"https:\/\/www.afro-impact.com\/#organization\",\"name\":\"Afro impact\",\"alternateName\":\"carrecube\",\"url\":\"https:\/\/www.afro-impact.com\/\",\"logo\":{\"@id\":\"https:\/\/www.afro-impact.com\/rechauffement-climatique-les-pays-africains-doivent-sadapter\/#local-main-organization-logo\"},\"image\":{\"@id\":\"https:\/\/www.afro-impact.com\/rechauffement-climatique-les-pays-africains-doivent-sadapter\/#local-main-organization-logo\"},\"sameAs\":[\"https:\/\/www.facebook.com\/AfroimpactMag\",\"https:\/\/x.com\/AfroimpactMag\",\"https:\/\/www.youtube.com\/channel\/UCJNIRcX4sVo487fhv0p5KDw\"],\"publishingPrinciples\":\"https:\/\/www.afro-impact.com\/a-propos-magazine-afro-impact\/\",\"ownershipFundingInfo\":\"https:\/\/www.afro-impact.com\/mentions-legales\/\",\"actionableFeedbackPolicy\":\"https:\/\/www.afro-impact.com\/conditions-generales\/\",\"correctionsPolicy\":\"https:\/\/www.afro-impact.com\/dmca-retrait\/\",\"address\":{\"@id\":\"https:\/\/www.afro-impact.com\/rechauffement-climatique-les-pays-africains-doivent-sadapter\/#local-main-place-address\"},\"geo\":{\"@type\":\"GeoCoordinates\",\"latitude\":\"6.389282121878214\",\"longitude\":\"2.3602318590634495\"},\"telephone\":[\"+229 54900806\"],\"openingHoursSpecification\":[{\"@type\":\"OpeningHoursSpecification\",\"dayOfWeek\":[\"Monday\",\"Tuesday\",\"Wednesday\",\"Thursday\",\"Friday\",\"Saturday\",\"Sunday\"],\"opens\":\"00:00\",\"closes\":\"23:59\"}],\"email\":\"redaction@afro-impact.com\",\"vatID\":\"0 2022 1395 5557\"},{\"@type\":\"Person\",\"@id\":\"https:\/\/www.afro-impact.com\/#\/schema\/person\/5c48f58a7d0cc36b8d96110a4feedf77\",\"name\":\"Eliane Fatchina\",\"image\":{\"@type\":\"ImageObject\",\"inLanguage\":\"en-US\",\"@id\":\"https:\/\/www.afro-impact.com\/#\/schema\/person\/image\/\",\"url\":\"https:\/\/www.afro-impact.com\/wp-content\/litespeed\/avatar\/5f9f737261a53c0e086b34b0464cb9e1.jpg?ver=1777623498\",\"contentUrl\":\"https:\/\/www.afro-impact.com\/wp-content\/litespeed\/avatar\/5f9f737261a53c0e086b34b0464cb9e1.jpg?ver=1777623498\",\"caption\":\"Eliane Fatchina\"},\"description\":\"Eliane Yabo Omonlayo Fatchina est une journaliste reporter \u00e0 Afro impact. Titulaire d\u2019une licence professionnelle en journalisme \u00e0 l\u2019ENSTIC du B\u00e9nin, elle est une panafricaniste passionn\u00e9e de culture, des questions de soci\u00e9t\u00e9 et d\u2019environnement. Avec d\u00e9j\u00e0 sept ans d\u2019exp\u00e9riences, elle s\u2019emploie quotidiennement \u00e0 donner de la voix aux id\u00e9es \u00e0 travers l\u2019\u00e9criture.\",\"sameAs\":[\"https:\/\/facebook.com\/profile.php?id=100075035589093\"],\"url\":\"https:\/\/www.afro-impact.com\/en\/author\/omonlayo\/\"},{\"@type\":\"PostalAddress\",\"@id\":\"https:\/\/www.afro-impact.com\/rechauffement-climatique-les-pays-africains-doivent-sadapter\/#local-main-place-address\",\"streetAddress\":\"Carr\u00e9 2167 Kindonou, Cotonou, BENIN, 07 BP 1128 Cotonou, BENIN\",\"addressLocality\":\"Cotonou\",\"postalCode\":\"+229\",\"addressRegion\":\"Littoral\",\"addressCountry\":\"BJ\"},{\"@type\":\"ImageObject\",\"inLanguage\":\"en-US\",\"@id\":\"https:\/\/www.afro-impact.com\/rechauffement-climatique-les-pays-africains-doivent-sadapter\/#local-main-organization-logo\",\"url\":\"https:\/\/www.afro-impact.com\/wp-content\/uploads\/2022\/01\/logo-afro-impact-share-social.png\",\"contentUrl\":\"https:\/\/www.afro-impact.com\/wp-content\/uploads\/2022\/01\/logo-afro-impact-share-social.png\",\"width\":300,\"height\":300,\"caption\":\"Afro impact\"}]}<\/script>\n<meta name=\"geo.placename\" content=\"Cotonou\" \/>\n<meta name=\"geo.position\" content=\"6.389282121878214;2.3602318590634495\" \/>\n<meta name=\"geo.region\" content=\"Benin\" \/>\n<!-- \/ Yoast SEO Premium plugin. -->","yoast_head_json":{"title":"Global warming: African countries must adapt - Afro impact","description":"The African Ministerial Conference on the Environment opened this Thursday in Dakar. It brings together several African ministers of the environment and a special envoy of the American president for the climate, John Kerry. On the occasion, the representative of the United States, stressed the injustice between the contribution of rich and poor countries to global warming and the effects they suffer. He thus emphasized the need for Africa to be a stakeholder in both decision and action and invited it to comply.","robots":{"index":"index","follow":"follow","max-snippet":"max-snippet:-1","max-image-preview":"max-image-preview:large","max-video-preview":"max-video-preview:-1"},"canonical":"https:\/\/www.afro-impact.com\/rechauffement-climatique-les-pays-africains-doivent-sadapter\/","og_locale":"en_US","og_type":"article","og_title":"Global warming: African countries must adapt - Afro impact","og_description":"The African Ministerial Conference on the Environment opened this Thursday in Dakar. It brings together several African ministers of the environment and a special envoy of the American president for the climate, John Kerry. On the occasion, the representative of the United States, stressed the injustice between the contribution of rich and poor countries to global warming and the effects they suffer. He thus emphasized the need for Africa to be a stakeholder in both decision and action and invited it to comply.","og_url":"https:\/\/www.afro-impact.com\/rechauffement-climatique-les-pays-africains-doivent-sadapter\/","og_site_name":"Afro impact","article_publisher":"https:\/\/www.facebook.com\/AfroimpactMag","article_author":"https:\/\/facebook.com\/profile.php?id=100075035589093","article_published_time":"2022-09-16T11:22:32+00:00","article_modified_time":"2023-06-24T03:45:56+00:00","og_image":[{"width":1024,"height":576,"url":"https:\/\/www.afro-impact.com\/wp-content\/uploads\/2022\/09\/rechauffement-climatique-afrique-doit-sadapter-john-kerry.webp","type":"image\/webp"}],"author":"Eliane Fatchina","twitter_card":"summary_large_image","twitter_creator":"@AfroimpactMag","twitter_site":"@AfroimpactMag","twitter_misc":{"Written by":"Eliane Fatchina","Est. reading time":"2 minutes"},"schema":{"@context":"https:\/\/schema.org","@graph":[{"@type":"NewsArticle","@id":"https:\/\/www.afro-impact.com\/rechauffement-climatique-les-pays-africains-doivent-sadapter\/#article","isPartOf":{"@id":"https:\/\/www.afro-impact.com\/rechauffement-climatique-les-pays-africains-doivent-sadapter\/"},"author":{"name":"Eliane Fatchina","@id":"https:\/\/www.afro-impact.com\/#\/schema\/person\/5c48f58a7d0cc36b8d96110a4feedf77"},"headline":"Global warming: African countries must adapt","datePublished":"2022-09-16T11:22:32+00:00","dateModified":"2023-06-24T03:45:56+00:00","mainEntityOfPage":{"@id":"https:\/\/www.afro-impact.com\/rechauffement-climatique-les-pays-africains-doivent-sadapter\/"},"wordCount":399,"commentCount":0,"publisher":{"@id":"https:\/\/www.afro-impact.com\/#organization"},"image":{"@id":"https:\/\/www.afro-impact.com\/rechauffement-climatique-les-pays-africains-doivent-sadapter\/#primaryimage"},"thumbnailUrl":"https:\/\/www.afro-impact.com\/wp-content\/uploads\/2022\/09\/rechauffement-climatique-afrique-doit-sadapter-john-kerry.webp","keywords":["Global warming","John Kerry"],"articleSection":["Environment"],"inLanguage":"en-US","potentialAction":[{"@type":"CommentAction","name":"Comment","target":["https:\/\/www.afro-impact.com\/rechauffement-climatique-les-pays-africains-doivent-sadapter\/#respond"]}],"copyrightYear":"2022","copyrightHolder":{"@id":"https:\/\/www.afro-impact.com\/#organization"}},{"@type":"WebPage","@id":"https:\/\/www.afro-impact.com\/rechauffement-climatique-les-pays-africains-doivent-sadapter\/","url":"https:\/\/www.afro-impact.com\/rechauffement-climatique-les-pays-africains-doivent-sadapter\/","name":"Global warming: African countries must adapt - Afro impact","isPartOf":{"@id":"https:\/\/www.afro-impact.com\/#website"},"primaryImageOfPage":{"@id":"https:\/\/www.afro-impact.com\/rechauffement-climatique-les-pays-africains-doivent-sadapter\/#primaryimage"},"image":{"@id":"https:\/\/www.afro-impact.com\/rechauffement-climatique-les-pays-africains-doivent-sadapter\/#primaryimage"},"thumbnailUrl":"https:\/\/www.afro-impact.com\/wp-content\/uploads\/2022\/09\/rechauffement-climatique-afrique-doit-sadapter-john-kerry.webp","datePublished":"2022-09-16T11:22:32+00:00","dateModified":"2023-06-24T03:45:56+00:00","description":"The African Ministerial Conference on the Environment opened this Thursday in Dakar. It brings together several African ministers of the environment and a special envoy of the American president for the climate, John Kerry. On the occasion, the representative of the United States, stressed the injustice between the contribution of rich and poor countries to global warming and the effects they suffer. He thus emphasized the need for Africa to be a stakeholder in both decision and action and invited it to comply.","breadcrumb":{"@id":"https:\/\/www.afro-impact.com\/rechauffement-climatique-les-pays-africains-doivent-sadapter\/#breadcrumb"},"inLanguage":"en-US","potentialAction":[{"@type":"ReadAction","target":["https:\/\/www.afro-impact.com\/rechauffement-climatique-les-pays-africains-doivent-sadapter\/"]}]},{"@type":"ImageObject","inLanguage":"en-US","@id":"https:\/\/www.afro-impact.com\/rechauffement-climatique-les-pays-africains-doivent-sadapter\/#primaryimage","url":"https:\/\/www.afro-impact.com\/wp-content\/uploads\/2022\/09\/rechauffement-climatique-afrique-doit-sadapter-john-kerry.webp","contentUrl":"https:\/\/www.afro-impact.com\/wp-content\/uploads\/2022\/09\/rechauffement-climatique-afrique-doit-sadapter-john-kerry.webp","width":1024,"height":576,"caption":"Dakar, la capitale du S\u00e9n\u00e9gal, a subi les effets du changement climatique avec de fortes pluies inhabituelles en p\u00e9riode d'hivernage. Source photo: Rfi"},{"@type":"BreadcrumbList","@id":"https:\/\/www.afro-impact.com\/rechauffement-climatique-les-pays-africains-doivent-sadapter\/#breadcrumb","itemListElement":[{"@type":"ListItem","position":1,"name":"News","item":"https:\/\/www.afro-impact.com\/"},{"@type":"ListItem","position":2,"name":"Environnement","item":"https:\/\/www.afro-impact.com\/environnement\/"},{"@type":"ListItem","position":3,"name":"Global warming: African countries must adapt"}]},{"@type":"WebSite","@id":"https:\/\/www.afro-impact.com\/#website","url":"https:\/\/www.afro-impact.com\/","name":"Afro impact","description":"L&#039;Afrique vu autrement","publisher":{"@id":"https:\/\/www.afro-impact.com\/#organization"},"potentialAction":[{"@type":"SearchAction","target":{"@type":"EntryPoint","urlTemplate":"https:\/\/www.afro-impact.com\/?s={search_term_string}"},"query-input":{"@type":"PropertyValueSpecification","valueRequired":true,"valueName":"search_term_string"}}],"inLanguage":"en-US"},{"@type":["Organization","Place"],"@id":"https:\/\/www.afro-impact.com\/#organization","name":"Afro impact","alternateName":"carrecube","url":"https:\/\/www.afro-impact.com\/","logo":{"@id":"https:\/\/www.afro-impact.com\/rechauffement-climatique-les-pays-africains-doivent-sadapter\/#local-main-organization-logo"},"image":{"@id":"https:\/\/www.afro-impact.com\/rechauffement-climatique-les-pays-africains-doivent-sadapter\/#local-main-organization-logo"},"sameAs":["https:\/\/www.facebook.com\/AfroimpactMag","https:\/\/x.com\/AfroimpactMag","https:\/\/www.youtube.com\/channel\/UCJNIRcX4sVo487fhv0p5KDw"],"publishingPrinciples":"https:\/\/www.afro-impact.com\/a-propos-magazine-afro-impact\/","ownershipFundingInfo":"https:\/\/www.afro-impact.com\/mentions-legales\/","actionableFeedbackPolicy":"https:\/\/www.afro-impact.com\/conditions-generales\/","correctionsPolicy":"https:\/\/www.afro-impact.com\/dmca-retrait\/","address":{"@id":"https:\/\/www.afro-impact.com\/rechauffement-climatique-les-pays-africains-doivent-sadapter\/#local-main-place-address"},"geo":{"@type":"GeoCoordinates","latitude":"6.389282121878214","longitude":"2.3602318590634495"},"telephone":["+229 54900806"],"openingHoursSpecification":[{"@type":"OpeningHoursSpecification","dayOfWeek":["Monday","Tuesday","Wednesday","Thursday","Friday","Saturday","Sunday"],"opens":"00:00","closes":"23:59"}],"email":"redaction@afro-impact.com","vatID":"0 2022 1395 5557"},{"@type":"Person","@id":"https:\/\/www.afro-impact.com\/#\/schema\/person\/5c48f58a7d0cc36b8d96110a4feedf77","name":"Eliane Fatchina","image":{"@type":"ImageObject","inLanguage":"en-US","@id":"https:\/\/www.afro-impact.com\/#\/schema\/person\/image\/","url":"https:\/\/www.afro-impact.com\/wp-content\/litespeed\/avatar\/5f9f737261a53c0e086b34b0464cb9e1.jpg?ver=1777623498","contentUrl":"https:\/\/www.afro-impact.com\/wp-content\/litespeed\/avatar\/5f9f737261a53c0e086b34b0464cb9e1.jpg?ver=1777623498","caption":"Eliane Fatchina"},"description":"Eliane Yabo Omonlayo Fatchina est une journaliste reporter \u00e0 Afro impact. Titulaire d\u2019une licence professionnelle en journalisme \u00e0 l\u2019ENSTIC du B\u00e9nin, elle est une panafricaniste passionn\u00e9e de culture, des questions de soci\u00e9t\u00e9 et d\u2019environnement. Avec d\u00e9j\u00e0 sept ans d\u2019exp\u00e9riences, elle s\u2019emploie quotidiennement \u00e0 donner de la voix aux id\u00e9es \u00e0 travers l\u2019\u00e9criture.","sameAs":["https:\/\/facebook.com\/profile.php?id=100075035589093"],"url":"https:\/\/www.afro-impact.com\/en\/author\/omonlayo\/"},{"@type":"PostalAddress","@id":"https:\/\/www.afro-impact.com\/rechauffement-climatique-les-pays-africains-doivent-sadapter\/#local-main-place-address","streetAddress":"Carr\u00e9 2167 Kindonou, Cotonou, BENIN, 07 BP 1128 Cotonou, BENIN","addressLocality":"Cotonou","postalCode":"+229","addressRegion":"Littoral","addressCountry":"BJ"},{"@type":"ImageObject","inLanguage":"en-US","@id":"https:\/\/www.afro-impact.com\/rechauffement-climatique-les-pays-africains-doivent-sadapter\/#local-main-organization-logo","url":"https:\/\/www.afro-impact.com\/wp-content\/uploads\/2022\/01\/logo-afro-impact-share-social.png","contentUrl":"https:\/\/www.afro-impact.com\/wp-content\/uploads\/2022\/01\/logo-afro-impact-share-social.png","width":300,"height":300,"caption":"Afro impact"}]},"geo.placename":"Cotonou","geo.position":{"lat":"6.389282121878214","long":"2.3602318590634495"},"geo.region":"Benin"},"_links":{"self":[{"href":"https:\/\/www.afro-impact.com\/en\/wp-json\/wp\/v2\/posts\/11283","targetHints":{"allow":["GET"]}}],"collection":[{"href":"https:\/\/www.afro-impact.com\/en\/wp-json\/wp\/v2\/posts"}],"about":[{"href":"https:\/\/www.afro-impact.com\/en\/wp-json\/wp\/v2\/types\/post"}],"author":[{"embeddable":true,"href":"https:\/\/www.afro-impact.com\/en\/wp-json\/wp\/v2\/users\/2"}],"replies":[{"embeddable":true,"href":"https:\/\/www.afro-impact.com\/en\/wp-json\/wp\/v2\/comments?post=11283"}],"version-history":[{"count":0,"href":"https:\/\/www.afro-impact.com\/en\/wp-json\/wp\/v2\/posts\/11283\/revisions"}],"wp:featuredmedia":[{"embeddable":true,"href":"https:\/\/www.afro-impact.com\/en\/wp-json\/wp\/v2\/media\/11277"}],"wp:attachment":[{"href":"https:\/\/www.afro-impact.com\/en\/wp-json\/wp\/v2\/media?parent=11283"}],"wp:term":[{"taxonomy":"category","embeddable":true,"href":"https:\/\/www.afro-impact.com\/en\/wp-json\/wp\/v2\/categories?post=11283"},{"taxonomy":"post_tag","embeddable":true,"href":"https:\/\/www.afro-impact.com\/en\/wp-json\/wp\/v2\/tags?post=11283"}],"curies":[{"name":"wp","href":"https:\/\/api.w.org\/{rel}","templated":true}]}}