{"id":11355,"date":"2022-09-19T15:56:01","date_gmt":"2022-09-19T14:56:01","guid":{"rendered":"https:\/\/www.afro-impact.com\/niger-anti-french-demonstration-and-against-the-high-cost-of-living\/"},"modified":"2023-06-24T04:45:25","modified_gmt":"2023-06-24T03:45:25","slug":"niger-anti-french-demonstration-and-against-the-high-cost-of-living","status":"publish","type":"post","link":"https:\/\/www.afro-impact.com\/en\/niger-anti-french-demonstration-and-against-the-high-cost-of-living\/","title":{"rendered":"Niger: Anti-French demonstration and against the high cost of living"},"content":{"rendered":"\n<p><strong>At the initiative of the M62 movement, hundreds of Nigeriens protested in the streets of Niamey on Sunday 18 September against the French military presence in the country. The demonstrators also expressed their frustration with the high cost of living in Niger. <\/strong><\/p>\n\n<p>Expelled from Bamako by the ruling junta, about 3,000 French troops are still deployed in the Sahel, specifically in Niger. However, anti-French feeling continues to grow in the former colonies. After Burkina Faso, Chad and Mali, it is Niger, one of France&#8217;s main allies in the Sahel, that is demonstrating against the Hexagon. This Sunday indeed, at the request of the M62 movement which gathers civil society organizations, Nigeriens took to the streets of Niamey to express their frustration with the presence of the French Barkhane force in Niger.<\/p>\n\n<p>On some of the demonstrators&#8217; placards, one could read the following: &#8220;Get out of the criminal French army&#8221; or &#8220;the colonial army Barkhane must go&#8221;. Others shouted &#8220;Barkhane out&#8221;, &#8220;Down with France&#8221;, and at the same time praised Russia &#8220;Long live Putin and Russia&#8221;. After walking a few streets of the Nigerien capital, the demonstrators held a meeting in front of the headquarters of the National Assembly.<\/p>\n\n<p>As a reminder, last April, Niger&#8217;s deputies voted by a large majority for a text authorizing the deployment of foreign forces on the territory, notably French, to fight jihadists.<\/p>\n\n<p>The other reason behind the demonstration was the cost of living in Niger, where a rise in the price of diesel fuel has caused inflation on basic necessities.<\/p>\n","protected":false},"excerpt":{"rendered":"<p>At the initiative of the M62 movement, hundreds of Nigeriens protested in the streets of Niamey on Sunday 18 September against the French military presence in the country. The demonstrators also expressed their frustration with the high cost of living in Niger. Expelled from Bamako by the ruling junta, about 3,000 French troops are still<\/p>\n","protected":false},"author":2,"featured_media":11345,"comment_status":"open","ping_status":"open","sticky":false,"template":"","format":"standard","meta":{"footnotes":""},"categories":[198],"tags":[],"class_list":{"0":"post-11355","1":"post","2":"type-post","3":"status-publish","4":"format-standard","5":"has-post-thumbnail","7":"category-society"},"yoast_head":"<!-- This site is optimized with the Yoast SEO Premium plugin v25.5 (Yoast SEO v25.5) - https:\/\/yoast.com\/wordpress\/plugins\/seo\/ -->\n<title>Niger: Anti-French demonstration and against the high cost of living - Afro impact<\/title>\n<meta name=\"description\" content=\"At the initiative of the M62 movement, hundreds of Nigeriens protested in the streets of Niamey on Sunday 18 September against the French military presence in the country. The demonstrators also expressed their frustration with the high cost of living in Niger.\" \/>\n<meta name=\"robots\" content=\"index, follow, max-snippet:-1, max-image-preview:large, max-video-preview:-1\" \/>\n<link rel=\"canonical\" href=\"https:\/\/www.afro-impact.com\/niger-manifestation-antifrancais-et-contre-la-cherte-de-la-vie\/\" \/>\n<meta property=\"og:locale\" content=\"en_US\" \/>\n<meta property=\"og:type\" content=\"article\" \/>\n<meta property=\"og:title\" content=\"Niger: Anti-French demonstration and against the high cost of living - Afro impact\" \/>\n<meta property=\"og:description\" content=\"At the initiative of the M62 movement, hundreds of Nigeriens protested in the streets of Niamey on Sunday 18 September against the French military presence in the country. The demonstrators also expressed their frustration with the high cost of living in Niger.\" \/>\n<meta property=\"og:url\" content=\"https:\/\/www.afro-impact.com\/niger-manifestation-antifrancais-et-contre-la-cherte-de-la-vie\/\" \/>\n<meta property=\"og:site_name\" content=\"Afro impact\" \/>\n<meta property=\"article:publisher\" content=\"https:\/\/www.facebook.com\/AfroimpactMag\" \/>\n<meta property=\"article:author\" content=\"https:\/\/facebook.com\/profile.php?id=100075035589093\" \/>\n<meta property=\"article:published_time\" content=\"2022-09-19T14:56:01+00:00\" \/>\n<meta property=\"article:modified_time\" content=\"2023-06-24T03:45:25+00:00\" \/>\n<meta property=\"og:image\" content=\"https:\/\/www.afro-impact.com\/wp-content\/uploads\/2022\/09\/manifestation-antifrancais-niger.jpg\" \/>\n\t<meta property=\"og:image:width\" content=\"770\" \/>\n\t<meta property=\"og:image:height\" content=\"433\" \/>\n\t<meta property=\"og:image:type\" content=\"image\/jpeg\" \/>\n<meta name=\"author\" content=\"Eliane Fatchina\" \/>\n<meta name=\"twitter:card\" content=\"summary_large_image\" \/>\n<meta name=\"twitter:creator\" content=\"@AfroimpactMag\" \/>\n<meta name=\"twitter:site\" content=\"@AfroimpactMag\" \/>\n<meta name=\"twitter:label1\" content=\"Written by\" \/>\n\t<meta name=\"twitter:data1\" content=\"Eliane Fatchina\" \/>\n\t<meta name=\"twitter:label2\" content=\"Est. reading time\" \/>\n\t<meta name=\"twitter:data2\" content=\"1 minute\" \/>\n<script type=\"application\/ld+json\" class=\"yoast-schema-graph\">{\"@context\":\"https:\/\/schema.org\",\"@graph\":[{\"@type\":\"NewsArticle\",\"@id\":\"https:\/\/www.afro-impact.com\/niger-manifestation-antifrancais-et-contre-la-cherte-de-la-vie\/#article\",\"isPartOf\":{\"@id\":\"https:\/\/www.afro-impact.com\/niger-manifestation-antifrancais-et-contre-la-cherte-de-la-vie\/\"},\"author\":{\"name\":\"Eliane Fatchina\",\"@id\":\"https:\/\/www.afro-impact.com\/#\/schema\/person\/5c48f58a7d0cc36b8d96110a4feedf77\"},\"headline\":\"Niger: Anti-French demonstration and against the high cost of living\",\"datePublished\":\"2022-09-19T14:56:01+00:00\",\"dateModified\":\"2023-06-24T03:45:25+00:00\",\"mainEntityOfPage\":{\"@id\":\"https:\/\/www.afro-impact.com\/niger-manifestation-antifrancais-et-contre-la-cherte-de-la-vie\/\"},\"wordCount\":265,\"commentCount\":0,\"publisher\":{\"@id\":\"https:\/\/www.afro-impact.com\/#organization\"},\"image\":{\"@id\":\"https:\/\/www.afro-impact.com\/niger-manifestation-antifrancais-et-contre-la-cherte-de-la-vie\/#primaryimage\"},\"thumbnailUrl\":\"https:\/\/www.afro-impact.com\/wp-content\/uploads\/2022\/09\/manifestation-antifrancais-niger.jpg\",\"articleSection\":[\"Society\"],\"inLanguage\":\"en-US\",\"potentialAction\":[{\"@type\":\"CommentAction\",\"name\":\"Comment\",\"target\":[\"https:\/\/www.afro-impact.com\/niger-manifestation-antifrancais-et-contre-la-cherte-de-la-vie\/#respond\"]}],\"copyrightYear\":\"2022\",\"copyrightHolder\":{\"@id\":\"https:\/\/www.afro-impact.com\/#organization\"}},{\"@type\":\"WebPage\",\"@id\":\"https:\/\/www.afro-impact.com\/niger-manifestation-antifrancais-et-contre-la-cherte-de-la-vie\/\",\"url\":\"https:\/\/www.afro-impact.com\/niger-manifestation-antifrancais-et-contre-la-cherte-de-la-vie\/\",\"name\":\"Niger: Anti-French demonstration and against the high cost of living - Afro impact\",\"isPartOf\":{\"@id\":\"https:\/\/www.afro-impact.com\/#website\"},\"primaryImageOfPage\":{\"@id\":\"https:\/\/www.afro-impact.com\/niger-manifestation-antifrancais-et-contre-la-cherte-de-la-vie\/#primaryimage\"},\"image\":{\"@id\":\"https:\/\/www.afro-impact.com\/niger-manifestation-antifrancais-et-contre-la-cherte-de-la-vie\/#primaryimage\"},\"thumbnailUrl\":\"https:\/\/www.afro-impact.com\/wp-content\/uploads\/2022\/09\/manifestation-antifrancais-niger.jpg\",\"datePublished\":\"2022-09-19T14:56:01+00:00\",\"dateModified\":\"2023-06-24T03:45:25+00:00\",\"description\":\"At the initiative of the M62 movement, hundreds of Nigeriens protested in the streets of Niamey on Sunday 18 September against the French military presence in the country. The demonstrators also expressed their frustration with the high cost of living in Niger.\",\"breadcrumb\":{\"@id\":\"https:\/\/www.afro-impact.com\/niger-manifestation-antifrancais-et-contre-la-cherte-de-la-vie\/#breadcrumb\"},\"inLanguage\":\"en-US\",\"potentialAction\":[{\"@type\":\"ReadAction\",\"target\":[\"https:\/\/www.afro-impact.com\/niger-manifestation-antifrancais-et-contre-la-cherte-de-la-vie\/\"]}]},{\"@type\":\"ImageObject\",\"inLanguage\":\"en-US\",\"@id\":\"https:\/\/www.afro-impact.com\/niger-manifestation-antifrancais-et-contre-la-cherte-de-la-vie\/#primaryimage\",\"url\":\"https:\/\/www.afro-impact.com\/wp-content\/uploads\/2022\/09\/manifestation-antifrancais-niger.jpg\",\"contentUrl\":\"https:\/\/www.afro-impact.com\/wp-content\/uploads\/2022\/09\/manifestation-antifrancais-niger.jpg\",\"width\":770,\"height\":433,\"caption\":\"Source photo:\"},{\"@type\":\"BreadcrumbList\",\"@id\":\"https:\/\/www.afro-impact.com\/niger-manifestation-antifrancais-et-contre-la-cherte-de-la-vie\/#breadcrumb\",\"itemListElement\":[{\"@type\":\"ListItem\",\"position\":1,\"name\":\"News\",\"item\":\"https:\/\/www.afro-impact.com\/\"},{\"@type\":\"ListItem\",\"position\":2,\"name\":\"Soci\u00e9t\u00e9\",\"item\":\"https:\/\/www.afro-impact.com\/societe\/\"},{\"@type\":\"ListItem\",\"position\":3,\"name\":\"Niger: Anti-French demonstration and against the high cost of living\"}]},{\"@type\":\"WebSite\",\"@id\":\"https:\/\/www.afro-impact.com\/#website\",\"url\":\"https:\/\/www.afro-impact.com\/\",\"name\":\"Afro impact\",\"description\":\"L&#039;Afrique vu autrement\",\"publisher\":{\"@id\":\"https:\/\/www.afro-impact.com\/#organization\"},\"potentialAction\":[{\"@type\":\"SearchAction\",\"target\":{\"@type\":\"EntryPoint\",\"urlTemplate\":\"https:\/\/www.afro-impact.com\/?s={search_term_string}\"},\"query-input\":{\"@type\":\"PropertyValueSpecification\",\"valueRequired\":true,\"valueName\":\"search_term_string\"}}],\"inLanguage\":\"en-US\"},{\"@type\":[\"Organization\",\"Place\"],\"@id\":\"https:\/\/www.afro-impact.com\/#organization\",\"name\":\"Afro impact\",\"alternateName\":\"carrecube\",\"url\":\"https:\/\/www.afro-impact.com\/\",\"logo\":{\"@id\":\"https:\/\/www.afro-impact.com\/niger-manifestation-antifrancais-et-contre-la-cherte-de-la-vie\/#local-main-organization-logo\"},\"image\":{\"@id\":\"https:\/\/www.afro-impact.com\/niger-manifestation-antifrancais-et-contre-la-cherte-de-la-vie\/#local-main-organization-logo\"},\"sameAs\":[\"https:\/\/www.facebook.com\/AfroimpactMag\",\"https:\/\/x.com\/AfroimpactMag\",\"https:\/\/www.youtube.com\/channel\/UCJNIRcX4sVo487fhv0p5KDw\"],\"publishingPrinciples\":\"https:\/\/www.afro-impact.com\/a-propos-magazine-afro-impact\/\",\"ownershipFundingInfo\":\"https:\/\/www.afro-impact.com\/mentions-legales\/\",\"actionableFeedbackPolicy\":\"https:\/\/www.afro-impact.com\/conditions-generales\/\",\"correctionsPolicy\":\"https:\/\/www.afro-impact.com\/dmca-retrait\/\",\"address\":{\"@id\":\"https:\/\/www.afro-impact.com\/niger-manifestation-antifrancais-et-contre-la-cherte-de-la-vie\/#local-main-place-address\"},\"geo\":{\"@type\":\"GeoCoordinates\",\"latitude\":\"6.389282121878214\",\"longitude\":\"2.3602318590634495\"},\"telephone\":[\"+229 54900806\"],\"openingHoursSpecification\":[{\"@type\":\"OpeningHoursSpecification\",\"dayOfWeek\":[\"Monday\",\"Tuesday\",\"Wednesday\",\"Thursday\",\"Friday\",\"Saturday\",\"Sunday\"],\"opens\":\"00:00\",\"closes\":\"23:59\"}],\"email\":\"redaction@afro-impact.com\",\"vatID\":\"0 2022 1395 5557\"},{\"@type\":\"Person\",\"@id\":\"https:\/\/www.afro-impact.com\/#\/schema\/person\/5c48f58a7d0cc36b8d96110a4feedf77\",\"name\":\"Eliane Fatchina\",\"image\":{\"@type\":\"ImageObject\",\"inLanguage\":\"en-US\",\"@id\":\"https:\/\/www.afro-impact.com\/#\/schema\/person\/image\/\",\"url\":\"https:\/\/www.afro-impact.com\/wp-content\/litespeed\/avatar\/5f9f737261a53c0e086b34b0464cb9e1.jpg?ver=1777623498\",\"contentUrl\":\"https:\/\/www.afro-impact.com\/wp-content\/litespeed\/avatar\/5f9f737261a53c0e086b34b0464cb9e1.jpg?ver=1777623498\",\"caption\":\"Eliane Fatchina\"},\"description\":\"Eliane Yabo Omonlayo Fatchina est une journaliste reporter \u00e0 Afro impact. Titulaire d\u2019une licence professionnelle en journalisme \u00e0 l\u2019ENSTIC du B\u00e9nin, elle est une panafricaniste passionn\u00e9e de culture, des questions de soci\u00e9t\u00e9 et d\u2019environnement. Avec d\u00e9j\u00e0 sept ans d\u2019exp\u00e9riences, elle s\u2019emploie quotidiennement \u00e0 donner de la voix aux id\u00e9es \u00e0 travers l\u2019\u00e9criture.\",\"sameAs\":[\"https:\/\/facebook.com\/profile.php?id=100075035589093\"],\"url\":\"https:\/\/www.afro-impact.com\/en\/author\/omonlayo\/\"},{\"@type\":\"PostalAddress\",\"@id\":\"https:\/\/www.afro-impact.com\/niger-manifestation-antifrancais-et-contre-la-cherte-de-la-vie\/#local-main-place-address\",\"streetAddress\":\"Carr\u00e9 2167 Kindonou, Cotonou, BENIN, 07 BP 1128 Cotonou, BENIN\",\"addressLocality\":\"Cotonou\",\"postalCode\":\"+229\",\"addressRegion\":\"Littoral\",\"addressCountry\":\"BJ\"},{\"@type\":\"ImageObject\",\"inLanguage\":\"en-US\",\"@id\":\"https:\/\/www.afro-impact.com\/niger-manifestation-antifrancais-et-contre-la-cherte-de-la-vie\/#local-main-organization-logo\",\"url\":\"https:\/\/www.afro-impact.com\/wp-content\/uploads\/2022\/01\/logo-afro-impact-share-social.png\",\"contentUrl\":\"https:\/\/www.afro-impact.com\/wp-content\/uploads\/2022\/01\/logo-afro-impact-share-social.png\",\"width\":300,\"height\":300,\"caption\":\"Afro impact\"}]}<\/script>\n<meta name=\"geo.placename\" content=\"Cotonou\" \/>\n<meta name=\"geo.position\" content=\"6.389282121878214;2.3602318590634495\" \/>\n<meta name=\"geo.region\" content=\"Benin\" \/>\n<!-- \/ Yoast SEO Premium plugin. -->","yoast_head_json":{"title":"Niger: Anti-French demonstration and against the high cost of living - Afro impact","description":"At the initiative of the M62 movement, hundreds of Nigeriens protested in the streets of Niamey on Sunday 18 September against the French military presence in the country. The demonstrators also expressed their frustration with the high cost of living in Niger.","robots":{"index":"index","follow":"follow","max-snippet":"max-snippet:-1","max-image-preview":"max-image-preview:large","max-video-preview":"max-video-preview:-1"},"canonical":"https:\/\/www.afro-impact.com\/niger-manifestation-antifrancais-et-contre-la-cherte-de-la-vie\/","og_locale":"en_US","og_type":"article","og_title":"Niger: Anti-French demonstration and against the high cost of living - Afro impact","og_description":"At the initiative of the M62 movement, hundreds of Nigeriens protested in the streets of Niamey on Sunday 18 September against the French military presence in the country. The demonstrators also expressed their frustration with the high cost of living in Niger.","og_url":"https:\/\/www.afro-impact.com\/niger-manifestation-antifrancais-et-contre-la-cherte-de-la-vie\/","og_site_name":"Afro impact","article_publisher":"https:\/\/www.facebook.com\/AfroimpactMag","article_author":"https:\/\/facebook.com\/profile.php?id=100075035589093","article_published_time":"2022-09-19T14:56:01+00:00","article_modified_time":"2023-06-24T03:45:25+00:00","og_image":[{"width":770,"height":433,"url":"https:\/\/www.afro-impact.com\/wp-content\/uploads\/2022\/09\/manifestation-antifrancais-niger.jpg","type":"image\/jpeg"}],"author":"Eliane Fatchina","twitter_card":"summary_large_image","twitter_creator":"@AfroimpactMag","twitter_site":"@AfroimpactMag","twitter_misc":{"Written by":"Eliane Fatchina","Est. reading time":"1 minute"},"schema":{"@context":"https:\/\/schema.org","@graph":[{"@type":"NewsArticle","@id":"https:\/\/www.afro-impact.com\/niger-manifestation-antifrancais-et-contre-la-cherte-de-la-vie\/#article","isPartOf":{"@id":"https:\/\/www.afro-impact.com\/niger-manifestation-antifrancais-et-contre-la-cherte-de-la-vie\/"},"author":{"name":"Eliane Fatchina","@id":"https:\/\/www.afro-impact.com\/#\/schema\/person\/5c48f58a7d0cc36b8d96110a4feedf77"},"headline":"Niger: Anti-French demonstration and against the high cost of living","datePublished":"2022-09-19T14:56:01+00:00","dateModified":"2023-06-24T03:45:25+00:00","mainEntityOfPage":{"@id":"https:\/\/www.afro-impact.com\/niger-manifestation-antifrancais-et-contre-la-cherte-de-la-vie\/"},"wordCount":265,"commentCount":0,"publisher":{"@id":"https:\/\/www.afro-impact.com\/#organization"},"image":{"@id":"https:\/\/www.afro-impact.com\/niger-manifestation-antifrancais-et-contre-la-cherte-de-la-vie\/#primaryimage"},"thumbnailUrl":"https:\/\/www.afro-impact.com\/wp-content\/uploads\/2022\/09\/manifestation-antifrancais-niger.jpg","articleSection":["Society"],"inLanguage":"en-US","potentialAction":[{"@type":"CommentAction","name":"Comment","target":["https:\/\/www.afro-impact.com\/niger-manifestation-antifrancais-et-contre-la-cherte-de-la-vie\/#respond"]}],"copyrightYear":"2022","copyrightHolder":{"@id":"https:\/\/www.afro-impact.com\/#organization"}},{"@type":"WebPage","@id":"https:\/\/www.afro-impact.com\/niger-manifestation-antifrancais-et-contre-la-cherte-de-la-vie\/","url":"https:\/\/www.afro-impact.com\/niger-manifestation-antifrancais-et-contre-la-cherte-de-la-vie\/","name":"Niger: Anti-French demonstration and against the high cost of living - Afro impact","isPartOf":{"@id":"https:\/\/www.afro-impact.com\/#website"},"primaryImageOfPage":{"@id":"https:\/\/www.afro-impact.com\/niger-manifestation-antifrancais-et-contre-la-cherte-de-la-vie\/#primaryimage"},"image":{"@id":"https:\/\/www.afro-impact.com\/niger-manifestation-antifrancais-et-contre-la-cherte-de-la-vie\/#primaryimage"},"thumbnailUrl":"https:\/\/www.afro-impact.com\/wp-content\/uploads\/2022\/09\/manifestation-antifrancais-niger.jpg","datePublished":"2022-09-19T14:56:01+00:00","dateModified":"2023-06-24T03:45:25+00:00","description":"At the initiative of the M62 movement, hundreds of Nigeriens protested in the streets of Niamey on Sunday 18 September against the French military presence in the country. The demonstrators also expressed their frustration with the high cost of living in Niger.","breadcrumb":{"@id":"https:\/\/www.afro-impact.com\/niger-manifestation-antifrancais-et-contre-la-cherte-de-la-vie\/#breadcrumb"},"inLanguage":"en-US","potentialAction":[{"@type":"ReadAction","target":["https:\/\/www.afro-impact.com\/niger-manifestation-antifrancais-et-contre-la-cherte-de-la-vie\/"]}]},{"@type":"ImageObject","inLanguage":"en-US","@id":"https:\/\/www.afro-impact.com\/niger-manifestation-antifrancais-et-contre-la-cherte-de-la-vie\/#primaryimage","url":"https:\/\/www.afro-impact.com\/wp-content\/uploads\/2022\/09\/manifestation-antifrancais-niger.jpg","contentUrl":"https:\/\/www.afro-impact.com\/wp-content\/uploads\/2022\/09\/manifestation-antifrancais-niger.jpg","width":770,"height":433,"caption":"Source photo:"},{"@type":"BreadcrumbList","@id":"https:\/\/www.afro-impact.com\/niger-manifestation-antifrancais-et-contre-la-cherte-de-la-vie\/#breadcrumb","itemListElement":[{"@type":"ListItem","position":1,"name":"News","item":"https:\/\/www.afro-impact.com\/"},{"@type":"ListItem","position":2,"name":"Soci\u00e9t\u00e9","item":"https:\/\/www.afro-impact.com\/societe\/"},{"@type":"ListItem","position":3,"name":"Niger: Anti-French demonstration and against the high cost of living"}]},{"@type":"WebSite","@id":"https:\/\/www.afro-impact.com\/#website","url":"https:\/\/www.afro-impact.com\/","name":"Afro impact","description":"L&#039;Afrique vu autrement","publisher":{"@id":"https:\/\/www.afro-impact.com\/#organization"},"potentialAction":[{"@type":"SearchAction","target":{"@type":"EntryPoint","urlTemplate":"https:\/\/www.afro-impact.com\/?s={search_term_string}"},"query-input":{"@type":"PropertyValueSpecification","valueRequired":true,"valueName":"search_term_string"}}],"inLanguage":"en-US"},{"@type":["Organization","Place"],"@id":"https:\/\/www.afro-impact.com\/#organization","name":"Afro impact","alternateName":"carrecube","url":"https:\/\/www.afro-impact.com\/","logo":{"@id":"https:\/\/www.afro-impact.com\/niger-manifestation-antifrancais-et-contre-la-cherte-de-la-vie\/#local-main-organization-logo"},"image":{"@id":"https:\/\/www.afro-impact.com\/niger-manifestation-antifrancais-et-contre-la-cherte-de-la-vie\/#local-main-organization-logo"},"sameAs":["https:\/\/www.facebook.com\/AfroimpactMag","https:\/\/x.com\/AfroimpactMag","https:\/\/www.youtube.com\/channel\/UCJNIRcX4sVo487fhv0p5KDw"],"publishingPrinciples":"https:\/\/www.afro-impact.com\/a-propos-magazine-afro-impact\/","ownershipFundingInfo":"https:\/\/www.afro-impact.com\/mentions-legales\/","actionableFeedbackPolicy":"https:\/\/www.afro-impact.com\/conditions-generales\/","correctionsPolicy":"https:\/\/www.afro-impact.com\/dmca-retrait\/","address":{"@id":"https:\/\/www.afro-impact.com\/niger-manifestation-antifrancais-et-contre-la-cherte-de-la-vie\/#local-main-place-address"},"geo":{"@type":"GeoCoordinates","latitude":"6.389282121878214","longitude":"2.3602318590634495"},"telephone":["+229 54900806"],"openingHoursSpecification":[{"@type":"OpeningHoursSpecification","dayOfWeek":["Monday","Tuesday","Wednesday","Thursday","Friday","Saturday","Sunday"],"opens":"00:00","closes":"23:59"}],"email":"redaction@afro-impact.com","vatID":"0 2022 1395 5557"},{"@type":"Person","@id":"https:\/\/www.afro-impact.com\/#\/schema\/person\/5c48f58a7d0cc36b8d96110a4feedf77","name":"Eliane Fatchina","image":{"@type":"ImageObject","inLanguage":"en-US","@id":"https:\/\/www.afro-impact.com\/#\/schema\/person\/image\/","url":"https:\/\/www.afro-impact.com\/wp-content\/litespeed\/avatar\/5f9f737261a53c0e086b34b0464cb9e1.jpg?ver=1777623498","contentUrl":"https:\/\/www.afro-impact.com\/wp-content\/litespeed\/avatar\/5f9f737261a53c0e086b34b0464cb9e1.jpg?ver=1777623498","caption":"Eliane Fatchina"},"description":"Eliane Yabo Omonlayo Fatchina est une journaliste reporter \u00e0 Afro impact. Titulaire d\u2019une licence professionnelle en journalisme \u00e0 l\u2019ENSTIC du B\u00e9nin, elle est une panafricaniste passionn\u00e9e de culture, des questions de soci\u00e9t\u00e9 et d\u2019environnement. Avec d\u00e9j\u00e0 sept ans d\u2019exp\u00e9riences, elle s\u2019emploie quotidiennement \u00e0 donner de la voix aux id\u00e9es \u00e0 travers l\u2019\u00e9criture.","sameAs":["https:\/\/facebook.com\/profile.php?id=100075035589093"],"url":"https:\/\/www.afro-impact.com\/en\/author\/omonlayo\/"},{"@type":"PostalAddress","@id":"https:\/\/www.afro-impact.com\/niger-manifestation-antifrancais-et-contre-la-cherte-de-la-vie\/#local-main-place-address","streetAddress":"Carr\u00e9 2167 Kindonou, Cotonou, BENIN, 07 BP 1128 Cotonou, BENIN","addressLocality":"Cotonou","postalCode":"+229","addressRegion":"Littoral","addressCountry":"BJ"},{"@type":"ImageObject","inLanguage":"en-US","@id":"https:\/\/www.afro-impact.com\/niger-manifestation-antifrancais-et-contre-la-cherte-de-la-vie\/#local-main-organization-logo","url":"https:\/\/www.afro-impact.com\/wp-content\/uploads\/2022\/01\/logo-afro-impact-share-social.png","contentUrl":"https:\/\/www.afro-impact.com\/wp-content\/uploads\/2022\/01\/logo-afro-impact-share-social.png","width":300,"height":300,"caption":"Afro impact"}]},"geo.placename":"Cotonou","geo.position":{"lat":"6.389282121878214","long":"2.3602318590634495"},"geo.region":"Benin"},"_links":{"self":[{"href":"https:\/\/www.afro-impact.com\/en\/wp-json\/wp\/v2\/posts\/11355","targetHints":{"allow":["GET"]}}],"collection":[{"href":"https:\/\/www.afro-impact.com\/en\/wp-json\/wp\/v2\/posts"}],"about":[{"href":"https:\/\/www.afro-impact.com\/en\/wp-json\/wp\/v2\/types\/post"}],"author":[{"embeddable":true,"href":"https:\/\/www.afro-impact.com\/en\/wp-json\/wp\/v2\/users\/2"}],"replies":[{"embeddable":true,"href":"https:\/\/www.afro-impact.com\/en\/wp-json\/wp\/v2\/comments?post=11355"}],"version-history":[{"count":0,"href":"https:\/\/www.afro-impact.com\/en\/wp-json\/wp\/v2\/posts\/11355\/revisions"}],"wp:featuredmedia":[{"embeddable":true,"href":"https:\/\/www.afro-impact.com\/en\/wp-json\/wp\/v2\/media\/11345"}],"wp:attachment":[{"href":"https:\/\/www.afro-impact.com\/en\/wp-json\/wp\/v2\/media?parent=11355"}],"wp:term":[{"taxonomy":"category","embeddable":true,"href":"https:\/\/www.afro-impact.com\/en\/wp-json\/wp\/v2\/categories?post=11355"},{"taxonomy":"post_tag","embeddable":true,"href":"https:\/\/www.afro-impact.com\/en\/wp-json\/wp\/v2\/tags?post=11355"}],"curies":[{"name":"wp","href":"https:\/\/api.w.org\/{rel}","templated":true}]}}