{"id":11889,"date":"2022-10-05T10:46:20","date_gmt":"2022-10-05T09:46:20","guid":{"rendered":"https:\/\/www.afro-impact.com\/benin-the-executive-inaugurates-a-school-of-digital-trades-of-high-standing\/"},"modified":"2023-06-22T16:53:59","modified_gmt":"2023-06-22T15:53:59","slug":"benin-the-executive-inaugurates-a-school-of-digital-trades-of-high-standing","status":"publish","type":"post","link":"https:\/\/www.afro-impact.com\/en\/benin-the-executive-inaugurates-a-school-of-digital-trades-of-high-standing\/","title":{"rendered":"Benin: The executive inaugurates a school of digital trades of high standing"},"content":{"rendered":"\n<p><strong>Benin now has a public school for digital professions. The official inauguration ceremony of this high place of knowledge as well as the commissioning of its technical platform was carried out by the Minister of State Abdoulaye Bio Tchan\u00e9, last Monday, October 3rd in Cotonou. It was in the presence of several members of the Beninese government, the Ambassador of France to Benin, several partners and stakeholders in the sector. <\/strong><\/p>\n\n<p>To support the deployment and maintenance of high-speed networks as well as the development of digital uses in the economy, the government of Benin has launched an original project to create a School of Digital Professions. Aimed to serve as a reference in West Africa, the school will meet the training needs to provide companies with proven skills in the digital field. &#8220;The fiber network, the data center and the e-services that the government is developing will only make sense if they can be developed by qualified internal skills,&#8221; said Mr. Mathias AFFOMA\u00cf, Chairman of the Board of Directors of the school.<\/p>\n\n<p>Thus, for Aurelie Adam Soul\u00e9 Zoumarou, Minister of Digital and Digitalization, beyond training, the ambition around the school of digital professions is to provide jobs. It is therefore a place of knowledge that offers short professionalizing practical training courses by adapting to technological developments to meet the new needs of the job market. &#8220;The Government of Benin has taken the option and the bet to make our country, a country that counts in digital. In this journey towards this goal, technical training and skills development have a place of choice. This school that we are inaugurating is all that you see, but it is much more than that. <br\/>As for Abdoulaye Bio Tchan\u00e9, Minister of State who presided over the launching, the creation of this school is the fruit of reforms, investments and partnerships: &#8220;Fruit of reforms because this school reflects the government&#8217;s policy in the field of vocational training. It is the result of investments because it has mobilized nearly 530 million CFA francs in funding. Finally, it is the fruit of a partnership between the French Government and the Government of Benin on the one hand, and between SOFRECOM and our country on the other. <br\/><br\/>That is why he took the opportunity to thank all the partners and actors involved for the success of the establishment of this institute. Il a par ailleurs, invit\u00e9 les futurs usagers \u00e0 prendre grand soin de l&#8217;\u00e9cole afin que sa r\u00e9putation d\u00e9passe les fronti\u00e8res du B\u00e9nin et en faire une v\u00e9ritable \u00e9cole des M\u00e9tiers du Num\u00e9rique, une \u00e9cole Africaine. <br\/><br\/>Through the creation of this school, the government of Benin has just taken another giant step in its desire to become a platform for digital services in the sub-region. Especially when we know that now everywhere in this country once called &#8220;Latin Quarter&#8221; of Africa, citizens have access to over 250 online services. Its services cover several sectors and sub-sectors such as land and property, transport, trade, port operations, civil status and citizenship, immigration and emigration, finance, education, taxation, public and private investment, justice, civil service and agriculture.<\/p>\n","protected":false},"excerpt":{"rendered":"<p>Benin now has a public school for digital professions. The official inauguration ceremony of this high place of knowledge as well as the commissioning of its technical platform was carried out by the Minister of State Abdoulaye Bio Tchan\u00e9, last Monday, October 3rd in Cotonou. It was in the presence of several members of the<\/p>\n","protected":false},"author":2,"featured_media":11863,"comment_status":"open","ping_status":"open","sticky":false,"template":"","format":"standard","meta":{"footnotes":""},"categories":[350],"tags":[],"class_list":{"0":"post-11889","1":"post","2":"type-post","3":"status-publish","4":"format-standard","5":"has-post-thumbnail","7":"category-education-en"},"yoast_head":"<!-- This site is optimized with the Yoast SEO Premium plugin v25.5 (Yoast SEO v25.5) - https:\/\/yoast.com\/wordpress\/plugins\/seo\/ -->\n<title>Benin: The executive inaugurates a school of digital trades of high standing - Afro impact<\/title>\n<meta name=\"description\" content=\"Benin now has a public school for digital professions. The official inauguration ceremony of this high place of knowledge as well as the commissioning of its technical platform was carried out by the Minister of State Abdoulaye Bio Tchan\u00e9, last Monday, October 3rd in Cotonou. It was in the presence of several members of the Beninese government, the Ambassador of France to Benin, several partners and stakeholders in the sector.\" \/>\n<meta name=\"robots\" content=\"index, follow, max-snippet:-1, max-image-preview:large, max-video-preview:-1\" \/>\n<link rel=\"canonical\" href=\"https:\/\/www.afro-impact.com\/en\/benin-the-executive-inaugurates-a-school-of-digital-trades-of-high-standing\/\" \/>\n<meta property=\"og:locale\" content=\"en_US\" \/>\n<meta property=\"og:type\" content=\"article\" \/>\n<meta property=\"og:title\" content=\"Benin: The executive inaugurates a school of digital trades of high standing - Afro impact\" \/>\n<meta property=\"og:description\" content=\"Benin now has a public school for digital professions. The official inauguration ceremony of this high place of knowledge as well as the commissioning of its technical platform was carried out by the Minister of State Abdoulaye Bio Tchan\u00e9, last Monday, October 3rd in Cotonou. It was in the presence of several members of the Beninese government, the Ambassador of France to Benin, several partners and stakeholders in the sector.\" \/>\n<meta property=\"og:url\" content=\"https:\/\/www.afro-impact.com\/en\/benin-the-executive-inaugurates-a-school-of-digital-trades-of-high-standing\/\" \/>\n<meta property=\"og:site_name\" content=\"Afro impact\" \/>\n<meta property=\"article:publisher\" content=\"https:\/\/www.facebook.com\/AfroimpactMag\" \/>\n<meta property=\"article:author\" content=\"https:\/\/facebook.com\/profile.php?id=100075035589093\" \/>\n<meta property=\"article:published_time\" content=\"2022-10-05T09:46:20+00:00\" \/>\n<meta property=\"article:modified_time\" content=\"2023-06-22T15:53:59+00:00\" \/>\n<meta property=\"og:image\" content=\"https:\/\/www.afro-impact.com\/wp-content\/uploads\/2022\/10\/inauguration-ecole-numerique-benin.jpg\" \/>\n\t<meta property=\"og:image:width\" content=\"1024\" \/>\n\t<meta property=\"og:image:height\" content=\"691\" \/>\n\t<meta property=\"og:image:type\" content=\"image\/jpeg\" \/>\n<meta name=\"author\" content=\"Eliane Fatchina\" \/>\n<meta name=\"twitter:card\" content=\"summary_large_image\" \/>\n<meta name=\"twitter:creator\" content=\"@AfroimpactMag\" \/>\n<meta name=\"twitter:site\" content=\"@AfroimpactMag\" \/>\n<meta name=\"twitter:label1\" content=\"Written by\" \/>\n\t<meta name=\"twitter:data1\" content=\"Eliane Fatchina\" \/>\n\t<meta name=\"twitter:label2\" content=\"Est. reading time\" \/>\n\t<meta name=\"twitter:data2\" content=\"3 minutes\" \/>\n<script type=\"application\/ld+json\" class=\"yoast-schema-graph\">{\"@context\":\"https:\/\/schema.org\",\"@graph\":[{\"@type\":\"NewsArticle\",\"@id\":\"https:\/\/www.afro-impact.com\/en\/benin-the-executive-inaugurates-a-school-of-digital-trades-of-high-standing\/#article\",\"isPartOf\":{\"@id\":\"https:\/\/www.afro-impact.com\/en\/benin-the-executive-inaugurates-a-school-of-digital-trades-of-high-standing\/\"},\"author\":{\"name\":\"Eliane Fatchina\",\"@id\":\"https:\/\/www.afro-impact.com\/#\/schema\/person\/5c48f58a7d0cc36b8d96110a4feedf77\"},\"headline\":\"Benin: The executive inaugurates a school of digital trades of high standing\",\"datePublished\":\"2022-10-05T09:46:20+00:00\",\"dateModified\":\"2023-06-22T15:53:59+00:00\",\"mainEntityOfPage\":{\"@id\":\"https:\/\/www.afro-impact.com\/en\/benin-the-executive-inaugurates-a-school-of-digital-trades-of-high-standing\/\"},\"wordCount\":535,\"commentCount\":0,\"publisher\":{\"@id\":\"https:\/\/www.afro-impact.com\/#organization\"},\"image\":{\"@id\":\"https:\/\/www.afro-impact.com\/en\/benin-the-executive-inaugurates-a-school-of-digital-trades-of-high-standing\/#primaryimage\"},\"thumbnailUrl\":\"https:\/\/www.afro-impact.com\/wp-content\/uploads\/2022\/10\/inauguration-ecole-numerique-benin.jpg\",\"articleSection\":[\"Education\"],\"inLanguage\":\"en-US\",\"potentialAction\":[{\"@type\":\"CommentAction\",\"name\":\"Comment\",\"target\":[\"https:\/\/www.afro-impact.com\/en\/benin-the-executive-inaugurates-a-school-of-digital-trades-of-high-standing\/#respond\"]}],\"copyrightYear\":\"2022\",\"copyrightHolder\":{\"@id\":\"https:\/\/www.afro-impact.com\/#organization\"}},{\"@type\":\"WebPage\",\"@id\":\"https:\/\/www.afro-impact.com\/en\/benin-the-executive-inaugurates-a-school-of-digital-trades-of-high-standing\/\",\"url\":\"https:\/\/www.afro-impact.com\/en\/benin-the-executive-inaugurates-a-school-of-digital-trades-of-high-standing\/\",\"name\":\"Benin: The executive inaugurates a school of digital trades of high standing - Afro impact\",\"isPartOf\":{\"@id\":\"https:\/\/www.afro-impact.com\/#website\"},\"primaryImageOfPage\":{\"@id\":\"https:\/\/www.afro-impact.com\/en\/benin-the-executive-inaugurates-a-school-of-digital-trades-of-high-standing\/#primaryimage\"},\"image\":{\"@id\":\"https:\/\/www.afro-impact.com\/en\/benin-the-executive-inaugurates-a-school-of-digital-trades-of-high-standing\/#primaryimage\"},\"thumbnailUrl\":\"https:\/\/www.afro-impact.com\/wp-content\/uploads\/2022\/10\/inauguration-ecole-numerique-benin.jpg\",\"datePublished\":\"2022-10-05T09:46:20+00:00\",\"dateModified\":\"2023-06-22T15:53:59+00:00\",\"description\":\"Benin now has a public school for digital professions. The official inauguration ceremony of this high place of knowledge as well as the commissioning of its technical platform was carried out by the Minister of State Abdoulaye Bio Tchan\u00e9, last Monday, October 3rd in Cotonou. It was in the presence of several members of the Beninese government, the Ambassador of France to Benin, several partners and stakeholders in the sector.\",\"breadcrumb\":{\"@id\":\"https:\/\/www.afro-impact.com\/en\/benin-the-executive-inaugurates-a-school-of-digital-trades-of-high-standing\/#breadcrumb\"},\"inLanguage\":\"en-US\",\"potentialAction\":[{\"@type\":\"ReadAction\",\"target\":[\"https:\/\/www.afro-impact.com\/en\/benin-the-executive-inaugurates-a-school-of-digital-trades-of-high-standing\/\"]}]},{\"@type\":\"ImageObject\",\"inLanguage\":\"en-US\",\"@id\":\"https:\/\/www.afro-impact.com\/en\/benin-the-executive-inaugurates-a-school-of-digital-trades-of-high-standing\/#primaryimage\",\"url\":\"https:\/\/www.afro-impact.com\/wp-content\/uploads\/2022\/10\/inauguration-ecole-numerique-benin.jpg\",\"contentUrl\":\"https:\/\/www.afro-impact.com\/wp-content\/uploads\/2022\/10\/inauguration-ecole-numerique-benin.jpg\",\"width\":1024,\"height\":691,\"caption\":\"Inauguration ceremony for a digital skills school in Benin\"},{\"@type\":\"BreadcrumbList\",\"@id\":\"https:\/\/www.afro-impact.com\/en\/benin-the-executive-inaugurates-a-school-of-digital-trades-of-high-standing\/#breadcrumb\",\"itemListElement\":[{\"@type\":\"ListItem\",\"position\":1,\"name\":\"News\",\"item\":\"https:\/\/www.afro-impact.com\/\"},{\"@type\":\"ListItem\",\"position\":2,\"name\":\"Education\",\"item\":\"https:\/\/www.afro-impact.com\/education\/\"},{\"@type\":\"ListItem\",\"position\":3,\"name\":\"Benin: The executive inaugurates a school of digital trades of high standing\"}]},{\"@type\":\"WebSite\",\"@id\":\"https:\/\/www.afro-impact.com\/#website\",\"url\":\"https:\/\/www.afro-impact.com\/\",\"name\":\"Afro impact\",\"description\":\"L&#039;Afrique vu autrement\",\"publisher\":{\"@id\":\"https:\/\/www.afro-impact.com\/#organization\"},\"potentialAction\":[{\"@type\":\"SearchAction\",\"target\":{\"@type\":\"EntryPoint\",\"urlTemplate\":\"https:\/\/www.afro-impact.com\/?s={search_term_string}\"},\"query-input\":{\"@type\":\"PropertyValueSpecification\",\"valueRequired\":true,\"valueName\":\"search_term_string\"}}],\"inLanguage\":\"en-US\"},{\"@type\":[\"Organization\",\"Place\"],\"@id\":\"https:\/\/www.afro-impact.com\/#organization\",\"name\":\"Afro impact\",\"alternateName\":\"carrecube\",\"url\":\"https:\/\/www.afro-impact.com\/\",\"logo\":{\"@id\":\"https:\/\/www.afro-impact.com\/en\/benin-the-executive-inaugurates-a-school-of-digital-trades-of-high-standing\/#local-main-organization-logo\"},\"image\":{\"@id\":\"https:\/\/www.afro-impact.com\/en\/benin-the-executive-inaugurates-a-school-of-digital-trades-of-high-standing\/#local-main-organization-logo\"},\"sameAs\":[\"https:\/\/www.facebook.com\/AfroimpactMag\",\"https:\/\/x.com\/AfroimpactMag\",\"https:\/\/www.youtube.com\/channel\/UCJNIRcX4sVo487fhv0p5KDw\"],\"publishingPrinciples\":\"https:\/\/www.afro-impact.com\/a-propos-magazine-afro-impact\/\",\"ownershipFundingInfo\":\"https:\/\/www.afro-impact.com\/mentions-legales\/\",\"actionableFeedbackPolicy\":\"https:\/\/www.afro-impact.com\/conditions-generales\/\",\"correctionsPolicy\":\"https:\/\/www.afro-impact.com\/dmca-retrait\/\",\"address\":{\"@id\":\"https:\/\/www.afro-impact.com\/en\/benin-the-executive-inaugurates-a-school-of-digital-trades-of-high-standing\/#local-main-place-address\"},\"geo\":{\"@type\":\"GeoCoordinates\",\"latitude\":\"6.389282121878214\",\"longitude\":\"2.3602318590634495\"},\"telephone\":[\"+229 54900806\"],\"openingHoursSpecification\":[{\"@type\":\"OpeningHoursSpecification\",\"dayOfWeek\":[\"Monday\",\"Tuesday\",\"Wednesday\",\"Thursday\",\"Friday\",\"Saturday\",\"Sunday\"],\"opens\":\"00:00\",\"closes\":\"23:59\"}],\"email\":\"redaction@afro-impact.com\",\"vatID\":\"0 2022 1395 5557\"},{\"@type\":\"Person\",\"@id\":\"https:\/\/www.afro-impact.com\/#\/schema\/person\/5c48f58a7d0cc36b8d96110a4feedf77\",\"name\":\"Eliane Fatchina\",\"image\":{\"@type\":\"ImageObject\",\"inLanguage\":\"en-US\",\"@id\":\"https:\/\/www.afro-impact.com\/#\/schema\/person\/image\/\",\"url\":\"https:\/\/www.afro-impact.com\/wp-content\/litespeed\/avatar\/5f9f737261a53c0e086b34b0464cb9e1.jpg?ver=1777018517\",\"contentUrl\":\"https:\/\/www.afro-impact.com\/wp-content\/litespeed\/avatar\/5f9f737261a53c0e086b34b0464cb9e1.jpg?ver=1777018517\",\"caption\":\"Eliane Fatchina\"},\"description\":\"Eliane Yabo Omonlayo Fatchina est une journaliste reporter \u00e0 Afro impact. Titulaire d\u2019une licence professionnelle en journalisme \u00e0 l\u2019ENSTIC du B\u00e9nin, elle est une panafricaniste passionn\u00e9e de culture, des questions de soci\u00e9t\u00e9 et d\u2019environnement. Avec d\u00e9j\u00e0 sept ans d\u2019exp\u00e9riences, elle s\u2019emploie quotidiennement \u00e0 donner de la voix aux id\u00e9es \u00e0 travers l\u2019\u00e9criture.\",\"sameAs\":[\"https:\/\/facebook.com\/profile.php?id=100075035589093\"],\"url\":\"https:\/\/www.afro-impact.com\/en\/author\/omonlayo\/\"},{\"@type\":\"PostalAddress\",\"@id\":\"https:\/\/www.afro-impact.com\/en\/benin-the-executive-inaugurates-a-school-of-digital-trades-of-high-standing\/#local-main-place-address\",\"streetAddress\":\"Carr\u00e9 2167 Kindonou, Cotonou, BENIN, 07 BP 1128 Cotonou, BENIN\",\"addressLocality\":\"Cotonou\",\"postalCode\":\"+229\",\"addressRegion\":\"Littoral\",\"addressCountry\":\"BJ\"},{\"@type\":\"ImageObject\",\"inLanguage\":\"en-US\",\"@id\":\"https:\/\/www.afro-impact.com\/en\/benin-the-executive-inaugurates-a-school-of-digital-trades-of-high-standing\/#local-main-organization-logo\",\"url\":\"https:\/\/www.afro-impact.com\/wp-content\/uploads\/2022\/01\/logo-afro-impact-share-social.png\",\"contentUrl\":\"https:\/\/www.afro-impact.com\/wp-content\/uploads\/2022\/01\/logo-afro-impact-share-social.png\",\"width\":300,\"height\":300,\"caption\":\"Afro impact\"}]}<\/script>\n<meta name=\"geo.placename\" content=\"Cotonou\" \/>\n<meta name=\"geo.position\" content=\"6.389282121878214;2.3602318590634495\" \/>\n<meta name=\"geo.region\" content=\"Benin\" \/>\n<!-- \/ Yoast SEO Premium plugin. -->","yoast_head_json":{"title":"Benin: The executive inaugurates a school of digital trades of high standing - Afro impact","description":"Benin now has a public school for digital professions. The official inauguration ceremony of this high place of knowledge as well as the commissioning of its technical platform was carried out by the Minister of State Abdoulaye Bio Tchan\u00e9, last Monday, October 3rd in Cotonou. It was in the presence of several members of the Beninese government, the Ambassador of France to Benin, several partners and stakeholders in the sector.","robots":{"index":"index","follow":"follow","max-snippet":"max-snippet:-1","max-image-preview":"max-image-preview:large","max-video-preview":"max-video-preview:-1"},"canonical":"https:\/\/www.afro-impact.com\/en\/benin-the-executive-inaugurates-a-school-of-digital-trades-of-high-standing\/","og_locale":"en_US","og_type":"article","og_title":"Benin: The executive inaugurates a school of digital trades of high standing - Afro impact","og_description":"Benin now has a public school for digital professions. The official inauguration ceremony of this high place of knowledge as well as the commissioning of its technical platform was carried out by the Minister of State Abdoulaye Bio Tchan\u00e9, last Monday, October 3rd in Cotonou. It was in the presence of several members of the Beninese government, the Ambassador of France to Benin, several partners and stakeholders in the sector.","og_url":"https:\/\/www.afro-impact.com\/en\/benin-the-executive-inaugurates-a-school-of-digital-trades-of-high-standing\/","og_site_name":"Afro impact","article_publisher":"https:\/\/www.facebook.com\/AfroimpactMag","article_author":"https:\/\/facebook.com\/profile.php?id=100075035589093","article_published_time":"2022-10-05T09:46:20+00:00","article_modified_time":"2023-06-22T15:53:59+00:00","og_image":[{"width":1024,"height":691,"url":"https:\/\/www.afro-impact.com\/wp-content\/uploads\/2022\/10\/inauguration-ecole-numerique-benin.jpg","type":"image\/jpeg"}],"author":"Eliane Fatchina","twitter_card":"summary_large_image","twitter_creator":"@AfroimpactMag","twitter_site":"@AfroimpactMag","twitter_misc":{"Written by":"Eliane Fatchina","Est. reading time":"3 minutes"},"schema":{"@context":"https:\/\/schema.org","@graph":[{"@type":"NewsArticle","@id":"https:\/\/www.afro-impact.com\/en\/benin-the-executive-inaugurates-a-school-of-digital-trades-of-high-standing\/#article","isPartOf":{"@id":"https:\/\/www.afro-impact.com\/en\/benin-the-executive-inaugurates-a-school-of-digital-trades-of-high-standing\/"},"author":{"name":"Eliane Fatchina","@id":"https:\/\/www.afro-impact.com\/#\/schema\/person\/5c48f58a7d0cc36b8d96110a4feedf77"},"headline":"Benin: The executive inaugurates a school of digital trades of high standing","datePublished":"2022-10-05T09:46:20+00:00","dateModified":"2023-06-22T15:53:59+00:00","mainEntityOfPage":{"@id":"https:\/\/www.afro-impact.com\/en\/benin-the-executive-inaugurates-a-school-of-digital-trades-of-high-standing\/"},"wordCount":535,"commentCount":0,"publisher":{"@id":"https:\/\/www.afro-impact.com\/#organization"},"image":{"@id":"https:\/\/www.afro-impact.com\/en\/benin-the-executive-inaugurates-a-school-of-digital-trades-of-high-standing\/#primaryimage"},"thumbnailUrl":"https:\/\/www.afro-impact.com\/wp-content\/uploads\/2022\/10\/inauguration-ecole-numerique-benin.jpg","articleSection":["Education"],"inLanguage":"en-US","potentialAction":[{"@type":"CommentAction","name":"Comment","target":["https:\/\/www.afro-impact.com\/en\/benin-the-executive-inaugurates-a-school-of-digital-trades-of-high-standing\/#respond"]}],"copyrightYear":"2022","copyrightHolder":{"@id":"https:\/\/www.afro-impact.com\/#organization"}},{"@type":"WebPage","@id":"https:\/\/www.afro-impact.com\/en\/benin-the-executive-inaugurates-a-school-of-digital-trades-of-high-standing\/","url":"https:\/\/www.afro-impact.com\/en\/benin-the-executive-inaugurates-a-school-of-digital-trades-of-high-standing\/","name":"Benin: The executive inaugurates a school of digital trades of high standing - Afro impact","isPartOf":{"@id":"https:\/\/www.afro-impact.com\/#website"},"primaryImageOfPage":{"@id":"https:\/\/www.afro-impact.com\/en\/benin-the-executive-inaugurates-a-school-of-digital-trades-of-high-standing\/#primaryimage"},"image":{"@id":"https:\/\/www.afro-impact.com\/en\/benin-the-executive-inaugurates-a-school-of-digital-trades-of-high-standing\/#primaryimage"},"thumbnailUrl":"https:\/\/www.afro-impact.com\/wp-content\/uploads\/2022\/10\/inauguration-ecole-numerique-benin.jpg","datePublished":"2022-10-05T09:46:20+00:00","dateModified":"2023-06-22T15:53:59+00:00","description":"Benin now has a public school for digital professions. The official inauguration ceremony of this high place of knowledge as well as the commissioning of its technical platform was carried out by the Minister of State Abdoulaye Bio Tchan\u00e9, last Monday, October 3rd in Cotonou. It was in the presence of several members of the Beninese government, the Ambassador of France to Benin, several partners and stakeholders in the sector.","breadcrumb":{"@id":"https:\/\/www.afro-impact.com\/en\/benin-the-executive-inaugurates-a-school-of-digital-trades-of-high-standing\/#breadcrumb"},"inLanguage":"en-US","potentialAction":[{"@type":"ReadAction","target":["https:\/\/www.afro-impact.com\/en\/benin-the-executive-inaugurates-a-school-of-digital-trades-of-high-standing\/"]}]},{"@type":"ImageObject","inLanguage":"en-US","@id":"https:\/\/www.afro-impact.com\/en\/benin-the-executive-inaugurates-a-school-of-digital-trades-of-high-standing\/#primaryimage","url":"https:\/\/www.afro-impact.com\/wp-content\/uploads\/2022\/10\/inauguration-ecole-numerique-benin.jpg","contentUrl":"https:\/\/www.afro-impact.com\/wp-content\/uploads\/2022\/10\/inauguration-ecole-numerique-benin.jpg","width":1024,"height":691,"caption":"Inauguration ceremony for a digital skills school in Benin"},{"@type":"BreadcrumbList","@id":"https:\/\/www.afro-impact.com\/en\/benin-the-executive-inaugurates-a-school-of-digital-trades-of-high-standing\/#breadcrumb","itemListElement":[{"@type":"ListItem","position":1,"name":"News","item":"https:\/\/www.afro-impact.com\/"},{"@type":"ListItem","position":2,"name":"Education","item":"https:\/\/www.afro-impact.com\/education\/"},{"@type":"ListItem","position":3,"name":"Benin: The executive inaugurates a school of digital trades of high standing"}]},{"@type":"WebSite","@id":"https:\/\/www.afro-impact.com\/#website","url":"https:\/\/www.afro-impact.com\/","name":"Afro impact","description":"L&#039;Afrique vu autrement","publisher":{"@id":"https:\/\/www.afro-impact.com\/#organization"},"potentialAction":[{"@type":"SearchAction","target":{"@type":"EntryPoint","urlTemplate":"https:\/\/www.afro-impact.com\/?s={search_term_string}"},"query-input":{"@type":"PropertyValueSpecification","valueRequired":true,"valueName":"search_term_string"}}],"inLanguage":"en-US"},{"@type":["Organization","Place"],"@id":"https:\/\/www.afro-impact.com\/#organization","name":"Afro impact","alternateName":"carrecube","url":"https:\/\/www.afro-impact.com\/","logo":{"@id":"https:\/\/www.afro-impact.com\/en\/benin-the-executive-inaugurates-a-school-of-digital-trades-of-high-standing\/#local-main-organization-logo"},"image":{"@id":"https:\/\/www.afro-impact.com\/en\/benin-the-executive-inaugurates-a-school-of-digital-trades-of-high-standing\/#local-main-organization-logo"},"sameAs":["https:\/\/www.facebook.com\/AfroimpactMag","https:\/\/x.com\/AfroimpactMag","https:\/\/www.youtube.com\/channel\/UCJNIRcX4sVo487fhv0p5KDw"],"publishingPrinciples":"https:\/\/www.afro-impact.com\/a-propos-magazine-afro-impact\/","ownershipFundingInfo":"https:\/\/www.afro-impact.com\/mentions-legales\/","actionableFeedbackPolicy":"https:\/\/www.afro-impact.com\/conditions-generales\/","correctionsPolicy":"https:\/\/www.afro-impact.com\/dmca-retrait\/","address":{"@id":"https:\/\/www.afro-impact.com\/en\/benin-the-executive-inaugurates-a-school-of-digital-trades-of-high-standing\/#local-main-place-address"},"geo":{"@type":"GeoCoordinates","latitude":"6.389282121878214","longitude":"2.3602318590634495"},"telephone":["+229 54900806"],"openingHoursSpecification":[{"@type":"OpeningHoursSpecification","dayOfWeek":["Monday","Tuesday","Wednesday","Thursday","Friday","Saturday","Sunday"],"opens":"00:00","closes":"23:59"}],"email":"redaction@afro-impact.com","vatID":"0 2022 1395 5557"},{"@type":"Person","@id":"https:\/\/www.afro-impact.com\/#\/schema\/person\/5c48f58a7d0cc36b8d96110a4feedf77","name":"Eliane Fatchina","image":{"@type":"ImageObject","inLanguage":"en-US","@id":"https:\/\/www.afro-impact.com\/#\/schema\/person\/image\/","url":"https:\/\/www.afro-impact.com\/wp-content\/litespeed\/avatar\/5f9f737261a53c0e086b34b0464cb9e1.jpg?ver=1777018517","contentUrl":"https:\/\/www.afro-impact.com\/wp-content\/litespeed\/avatar\/5f9f737261a53c0e086b34b0464cb9e1.jpg?ver=1777018517","caption":"Eliane Fatchina"},"description":"Eliane Yabo Omonlayo Fatchina est une journaliste reporter \u00e0 Afro impact. Titulaire d\u2019une licence professionnelle en journalisme \u00e0 l\u2019ENSTIC du B\u00e9nin, elle est une panafricaniste passionn\u00e9e de culture, des questions de soci\u00e9t\u00e9 et d\u2019environnement. Avec d\u00e9j\u00e0 sept ans d\u2019exp\u00e9riences, elle s\u2019emploie quotidiennement \u00e0 donner de la voix aux id\u00e9es \u00e0 travers l\u2019\u00e9criture.","sameAs":["https:\/\/facebook.com\/profile.php?id=100075035589093"],"url":"https:\/\/www.afro-impact.com\/en\/author\/omonlayo\/"},{"@type":"PostalAddress","@id":"https:\/\/www.afro-impact.com\/en\/benin-the-executive-inaugurates-a-school-of-digital-trades-of-high-standing\/#local-main-place-address","streetAddress":"Carr\u00e9 2167 Kindonou, Cotonou, BENIN, 07 BP 1128 Cotonou, BENIN","addressLocality":"Cotonou","postalCode":"+229","addressRegion":"Littoral","addressCountry":"BJ"},{"@type":"ImageObject","inLanguage":"en-US","@id":"https:\/\/www.afro-impact.com\/en\/benin-the-executive-inaugurates-a-school-of-digital-trades-of-high-standing\/#local-main-organization-logo","url":"https:\/\/www.afro-impact.com\/wp-content\/uploads\/2022\/01\/logo-afro-impact-share-social.png","contentUrl":"https:\/\/www.afro-impact.com\/wp-content\/uploads\/2022\/01\/logo-afro-impact-share-social.png","width":300,"height":300,"caption":"Afro impact"}]},"geo.placename":"Cotonou","geo.position":{"lat":"6.389282121878214","long":"2.3602318590634495"},"geo.region":"Benin"},"_links":{"self":[{"href":"https:\/\/www.afro-impact.com\/en\/wp-json\/wp\/v2\/posts\/11889","targetHints":{"allow":["GET"]}}],"collection":[{"href":"https:\/\/www.afro-impact.com\/en\/wp-json\/wp\/v2\/posts"}],"about":[{"href":"https:\/\/www.afro-impact.com\/en\/wp-json\/wp\/v2\/types\/post"}],"author":[{"embeddable":true,"href":"https:\/\/www.afro-impact.com\/en\/wp-json\/wp\/v2\/users\/2"}],"replies":[{"embeddable":true,"href":"https:\/\/www.afro-impact.com\/en\/wp-json\/wp\/v2\/comments?post=11889"}],"version-history":[{"count":0,"href":"https:\/\/www.afro-impact.com\/en\/wp-json\/wp\/v2\/posts\/11889\/revisions"}],"wp:featuredmedia":[{"embeddable":true,"href":"https:\/\/www.afro-impact.com\/en\/wp-json\/wp\/v2\/media\/11863"}],"wp:attachment":[{"href":"https:\/\/www.afro-impact.com\/en\/wp-json\/wp\/v2\/media?parent=11889"}],"wp:term":[{"taxonomy":"category","embeddable":true,"href":"https:\/\/www.afro-impact.com\/en\/wp-json\/wp\/v2\/categories?post=11889"},{"taxonomy":"post_tag","embeddable":true,"href":"https:\/\/www.afro-impact.com\/en\/wp-json\/wp\/v2\/tags?post=11889"}],"curies":[{"name":"wp","href":"https:\/\/api.w.org\/{rel}","templated":true}]}}