{"id":12007,"date":"2022-10-06T18:19:33","date_gmt":"2022-10-06T17:19:33","guid":{"rendered":"https:\/\/www.afro-impact.com\/morocco-air-traffic-controllers-announce-a-15-day-strike\/"},"modified":"2023-06-22T16:32:11","modified_gmt":"2023-06-22T15:32:11","slug":"morocco-air-traffic-controllers-announce-a-15-day-strike","status":"publish","type":"post","link":"https:\/\/www.afro-impact.com\/en\/morocco-air-traffic-controllers-announce-a-15-day-strike\/","title":{"rendered":"Morocco: Air traffic controllers announce a 15-day strike"},"content":{"rendered":"\n<p>Moroccan air transport is likely to be hit by a strike in the coming days. This is what should be retained from the communiqu\u00e9 of the air traffic controllers&#8217; union. The latter announces a 15-day strike starting next Saturday, October 8. Launched on October 3, the call for this walkout movement of air traffic controllers aims to stop air traffic services in all airports in the kingdom. They will only provide &#8220;minimum service&#8221; in the entire Moroccan airspace.<\/p>\n\n<p>However, the union announces that it provides control services for Royal Palace flights, state flights, military flights, medical flights, purely humanitarian flights and flights involved in search and rescue operations.<\/p>\n\n<h2 class=\"wp-block-heading\" id=\"h-colere-des-grevistes\"><strong>Anger of the strikers<\/strong><\/h2>\n\n<p>According to information published by <strong>medias 24<\/strong>, their demands are nothing more than the application of the 2019 agreement which provides for an ATM (Air Traffic Management) bonus of 5,000 dirhams, a licence bonus and the creation of a special status for the profession.<\/p>\n\n<h2 class=\"wp-block-heading\"><strong>Failure of negotiations<\/strong><\/h2>\n\n<p>For the air traffic controllers, this strike action may be extended, suspended or cancelled depending on the circumstances. But for the moment (with two days to go), no negotiations have yet been concluded, according to our information. According to the statement, the Air Traffic Controllers&#8217; Bureau &#8220;had shown a very high level of maturity and wisdom during the meeting with the Administration. But unfortunately the negotiations on the 3 August 2022 agreement and the remaining points of the 2019 memorandum of understanding and its annex ended in a resounding failure.<\/p>\n\n<p>As a consequence, the air traffic controllers formulated an appeal requesting the Directorate General of the National Airport Authority (ONDA) to take all necessary regulatory precautions (NOTAM, or Notice to Airmen) in favour of air travellers. This new strike is generating anxiety among passengers and risks paralysing the international air sector and negatively impacting tourism revenues.<\/p>\n","protected":false},"excerpt":{"rendered":"<p>Moroccan air transport is likely to be hit by a strike in the coming days. This is what should be retained from the communiqu\u00e9 of the air traffic controllers&#8217; union. The latter announces a 15-day strike starting next Saturday, October 8. Launched on October 3, the call for this walkout movement of air traffic controllers<\/p>\n","protected":false},"author":2,"featured_media":11943,"comment_status":"open","ping_status":"open","sticky":false,"template":"","format":"standard","meta":{"footnotes":""},"categories":[198],"tags":[],"class_list":{"0":"post-12007","1":"post","2":"type-post","3":"status-publish","4":"format-standard","5":"has-post-thumbnail","7":"category-society"},"yoast_head":"<!-- This site is optimized with the Yoast SEO Premium plugin v25.5 (Yoast SEO v25.5) - https:\/\/yoast.com\/wordpress\/plugins\/seo\/ -->\n<title>Morocco: Air traffic controllers announce a 15-day strike - Afro impact<\/title>\n<meta name=\"description\" content=\"Launched on October 3, the call for this walkout movement of air traffic controllers aims to stop air traffic services in all airports in the kingdom. They will only provide &quot;minimum service&quot; in the entire Moroccan airspace.\" \/>\n<meta name=\"robots\" content=\"index, follow, max-snippet:-1, max-image-preview:large, max-video-preview:-1\" \/>\n<link rel=\"canonical\" href=\"https:\/\/www.afro-impact.com\/en\/morocco-air-traffic-controllers-announce-a-15-day-strike\/\" \/>\n<meta property=\"og:locale\" content=\"en_US\" \/>\n<meta property=\"og:type\" content=\"article\" \/>\n<meta property=\"og:title\" content=\"Morocco: Air traffic controllers announce a 15-day strike - Afro impact\" \/>\n<meta property=\"og:description\" content=\"Launched on October 3, the call for this walkout movement of air traffic controllers aims to stop air traffic services in all airports in the kingdom. They will only provide &quot;minimum service&quot; in the entire Moroccan airspace.\" \/>\n<meta property=\"og:url\" content=\"https:\/\/www.afro-impact.com\/en\/morocco-air-traffic-controllers-announce-a-15-day-strike\/\" \/>\n<meta property=\"og:site_name\" content=\"Afro impact\" \/>\n<meta property=\"article:publisher\" content=\"https:\/\/www.facebook.com\/AfroimpactMag\" \/>\n<meta property=\"article:author\" content=\"https:\/\/facebook.com\/profile.php?id=100075035589093\" \/>\n<meta property=\"article:published_time\" content=\"2022-10-06T17:19:33+00:00\" \/>\n<meta property=\"article:modified_time\" content=\"2023-06-22T15:32:11+00:00\" \/>\n<meta property=\"og:image\" content=\"https:\/\/www.afro-impact.com\/wp-content\/uploads\/2022\/10\/greve-controleurs-aeriens-maroc.jpg\" \/>\n\t<meta property=\"og:image:width\" content=\"780\" \/>\n\t<meta property=\"og:image:height\" content=\"468\" \/>\n\t<meta property=\"og:image:type\" content=\"image\/jpeg\" \/>\n<meta name=\"author\" content=\"Eliane Fatchina\" \/>\n<meta name=\"twitter:card\" content=\"summary_large_image\" \/>\n<meta name=\"twitter:creator\" content=\"@AfroimpactMag\" \/>\n<meta name=\"twitter:site\" content=\"@AfroimpactMag\" \/>\n<meta name=\"twitter:label1\" content=\"Written by\" \/>\n\t<meta name=\"twitter:data1\" content=\"Eliane Fatchina\" \/>\n\t<meta name=\"twitter:label2\" content=\"Est. reading time\" \/>\n\t<meta name=\"twitter:data2\" content=\"1 minute\" \/>\n<script type=\"application\/ld+json\" class=\"yoast-schema-graph\">{\"@context\":\"https:\/\/schema.org\",\"@graph\":[{\"@type\":\"NewsArticle\",\"@id\":\"https:\/\/www.afro-impact.com\/en\/morocco-air-traffic-controllers-announce-a-15-day-strike\/#article\",\"isPartOf\":{\"@id\":\"https:\/\/www.afro-impact.com\/en\/morocco-air-traffic-controllers-announce-a-15-day-strike\/\"},\"author\":{\"name\":\"Eliane Fatchina\",\"@id\":\"https:\/\/www.afro-impact.com\/#\/schema\/person\/5c48f58a7d0cc36b8d96110a4feedf77\"},\"headline\":\"Morocco: Air traffic controllers announce a 15-day strike\",\"datePublished\":\"2022-10-06T17:19:33+00:00\",\"dateModified\":\"2023-06-22T15:32:11+00:00\",\"mainEntityOfPage\":{\"@id\":\"https:\/\/www.afro-impact.com\/en\/morocco-air-traffic-controllers-announce-a-15-day-strike\/\"},\"wordCount\":305,\"commentCount\":0,\"publisher\":{\"@id\":\"https:\/\/www.afro-impact.com\/#organization\"},\"image\":{\"@id\":\"https:\/\/www.afro-impact.com\/en\/morocco-air-traffic-controllers-announce-a-15-day-strike\/#primaryimage\"},\"thumbnailUrl\":\"https:\/\/www.afro-impact.com\/wp-content\/uploads\/2022\/10\/greve-controleurs-aeriens-maroc.jpg\",\"articleSection\":[\"Society\"],\"inLanguage\":\"en-US\",\"potentialAction\":[{\"@type\":\"CommentAction\",\"name\":\"Comment\",\"target\":[\"https:\/\/www.afro-impact.com\/en\/morocco-air-traffic-controllers-announce-a-15-day-strike\/#respond\"]}],\"copyrightYear\":\"2022\",\"copyrightHolder\":{\"@id\":\"https:\/\/www.afro-impact.com\/#organization\"}},{\"@type\":\"WebPage\",\"@id\":\"https:\/\/www.afro-impact.com\/en\/morocco-air-traffic-controllers-announce-a-15-day-strike\/\",\"url\":\"https:\/\/www.afro-impact.com\/en\/morocco-air-traffic-controllers-announce-a-15-day-strike\/\",\"name\":\"Morocco: Air traffic controllers announce a 15-day strike - Afro impact\",\"isPartOf\":{\"@id\":\"https:\/\/www.afro-impact.com\/#website\"},\"primaryImageOfPage\":{\"@id\":\"https:\/\/www.afro-impact.com\/en\/morocco-air-traffic-controllers-announce-a-15-day-strike\/#primaryimage\"},\"image\":{\"@id\":\"https:\/\/www.afro-impact.com\/en\/morocco-air-traffic-controllers-announce-a-15-day-strike\/#primaryimage\"},\"thumbnailUrl\":\"https:\/\/www.afro-impact.com\/wp-content\/uploads\/2022\/10\/greve-controleurs-aeriens-maroc.jpg\",\"datePublished\":\"2022-10-06T17:19:33+00:00\",\"dateModified\":\"2023-06-22T15:32:11+00:00\",\"description\":\"Launched on October 3, the call for this walkout movement of air traffic controllers aims to stop air traffic services in all airports in the kingdom. They will only provide \\\"minimum service\\\" in the entire Moroccan airspace.\",\"breadcrumb\":{\"@id\":\"https:\/\/www.afro-impact.com\/en\/morocco-air-traffic-controllers-announce-a-15-day-strike\/#breadcrumb\"},\"inLanguage\":\"en-US\",\"potentialAction\":[{\"@type\":\"ReadAction\",\"target\":[\"https:\/\/www.afro-impact.com\/en\/morocco-air-traffic-controllers-announce-a-15-day-strike\/\"]}]},{\"@type\":\"ImageObject\",\"inLanguage\":\"en-US\",\"@id\":\"https:\/\/www.afro-impact.com\/en\/morocco-air-traffic-controllers-announce-a-15-day-strike\/#primaryimage\",\"url\":\"https:\/\/www.afro-impact.com\/wp-content\/uploads\/2022\/10\/greve-controleurs-aeriens-maroc.jpg\",\"contentUrl\":\"https:\/\/www.afro-impact.com\/wp-content\/uploads\/2022\/10\/greve-controleurs-aeriens-maroc.jpg\",\"width\":780,\"height\":468,\"caption\":\"Moroccan air traffic controllers announce 15-day strike Source photo: lematin\"},{\"@type\":\"BreadcrumbList\",\"@id\":\"https:\/\/www.afro-impact.com\/en\/morocco-air-traffic-controllers-announce-a-15-day-strike\/#breadcrumb\",\"itemListElement\":[{\"@type\":\"ListItem\",\"position\":1,\"name\":\"News\",\"item\":\"https:\/\/www.afro-impact.com\/\"},{\"@type\":\"ListItem\",\"position\":2,\"name\":\"Soci\u00e9t\u00e9\",\"item\":\"https:\/\/www.afro-impact.com\/societe\/\"},{\"@type\":\"ListItem\",\"position\":3,\"name\":\"Morocco: Air traffic controllers announce a 15-day strike\"}]},{\"@type\":\"WebSite\",\"@id\":\"https:\/\/www.afro-impact.com\/#website\",\"url\":\"https:\/\/www.afro-impact.com\/\",\"name\":\"Afro impact\",\"description\":\"L&#039;Afrique vu autrement\",\"publisher\":{\"@id\":\"https:\/\/www.afro-impact.com\/#organization\"},\"potentialAction\":[{\"@type\":\"SearchAction\",\"target\":{\"@type\":\"EntryPoint\",\"urlTemplate\":\"https:\/\/www.afro-impact.com\/?s={search_term_string}\"},\"query-input\":{\"@type\":\"PropertyValueSpecification\",\"valueRequired\":true,\"valueName\":\"search_term_string\"}}],\"inLanguage\":\"en-US\"},{\"@type\":[\"Organization\",\"Place\"],\"@id\":\"https:\/\/www.afro-impact.com\/#organization\",\"name\":\"Afro impact\",\"alternateName\":\"carrecube\",\"url\":\"https:\/\/www.afro-impact.com\/\",\"logo\":{\"@id\":\"https:\/\/www.afro-impact.com\/en\/morocco-air-traffic-controllers-announce-a-15-day-strike\/#local-main-organization-logo\"},\"image\":{\"@id\":\"https:\/\/www.afro-impact.com\/en\/morocco-air-traffic-controllers-announce-a-15-day-strike\/#local-main-organization-logo\"},\"sameAs\":[\"https:\/\/www.facebook.com\/AfroimpactMag\",\"https:\/\/x.com\/AfroimpactMag\",\"https:\/\/www.youtube.com\/channel\/UCJNIRcX4sVo487fhv0p5KDw\"],\"publishingPrinciples\":\"https:\/\/www.afro-impact.com\/a-propos-magazine-afro-impact\/\",\"ownershipFundingInfo\":\"https:\/\/www.afro-impact.com\/mentions-legales\/\",\"actionableFeedbackPolicy\":\"https:\/\/www.afro-impact.com\/conditions-generales\/\",\"correctionsPolicy\":\"https:\/\/www.afro-impact.com\/dmca-retrait\/\",\"address\":{\"@id\":\"https:\/\/www.afro-impact.com\/en\/morocco-air-traffic-controllers-announce-a-15-day-strike\/#local-main-place-address\"},\"geo\":{\"@type\":\"GeoCoordinates\",\"latitude\":\"6.389282121878214\",\"longitude\":\"2.3602318590634495\"},\"telephone\":[\"+229 54900806\"],\"openingHoursSpecification\":[{\"@type\":\"OpeningHoursSpecification\",\"dayOfWeek\":[\"Monday\",\"Tuesday\",\"Wednesday\",\"Thursday\",\"Friday\",\"Saturday\",\"Sunday\"],\"opens\":\"00:00\",\"closes\":\"23:59\"}],\"email\":\"redaction@afro-impact.com\",\"vatID\":\"0 2022 1395 5557\"},{\"@type\":\"Person\",\"@id\":\"https:\/\/www.afro-impact.com\/#\/schema\/person\/5c48f58a7d0cc36b8d96110a4feedf77\",\"name\":\"Eliane Fatchina\",\"image\":{\"@type\":\"ImageObject\",\"inLanguage\":\"en-US\",\"@id\":\"https:\/\/www.afro-impact.com\/#\/schema\/person\/image\/\",\"url\":\"https:\/\/www.afro-impact.com\/wp-content\/litespeed\/avatar\/5f9f737261a53c0e086b34b0464cb9e1.jpg?ver=1777018517\",\"contentUrl\":\"https:\/\/www.afro-impact.com\/wp-content\/litespeed\/avatar\/5f9f737261a53c0e086b34b0464cb9e1.jpg?ver=1777018517\",\"caption\":\"Eliane Fatchina\"},\"description\":\"Eliane Yabo Omonlayo Fatchina est une journaliste reporter \u00e0 Afro impact. Titulaire d\u2019une licence professionnelle en journalisme \u00e0 l\u2019ENSTIC du B\u00e9nin, elle est une panafricaniste passionn\u00e9e de culture, des questions de soci\u00e9t\u00e9 et d\u2019environnement. Avec d\u00e9j\u00e0 sept ans d\u2019exp\u00e9riences, elle s\u2019emploie quotidiennement \u00e0 donner de la voix aux id\u00e9es \u00e0 travers l\u2019\u00e9criture.\",\"sameAs\":[\"https:\/\/facebook.com\/profile.php?id=100075035589093\"],\"url\":\"https:\/\/www.afro-impact.com\/en\/author\/omonlayo\/\"},{\"@type\":\"PostalAddress\",\"@id\":\"https:\/\/www.afro-impact.com\/en\/morocco-air-traffic-controllers-announce-a-15-day-strike\/#local-main-place-address\",\"streetAddress\":\"Carr\u00e9 2167 Kindonou, Cotonou, BENIN, 07 BP 1128 Cotonou, BENIN\",\"addressLocality\":\"Cotonou\",\"postalCode\":\"+229\",\"addressRegion\":\"Littoral\",\"addressCountry\":\"BJ\"},{\"@type\":\"ImageObject\",\"inLanguage\":\"en-US\",\"@id\":\"https:\/\/www.afro-impact.com\/en\/morocco-air-traffic-controllers-announce-a-15-day-strike\/#local-main-organization-logo\",\"url\":\"https:\/\/www.afro-impact.com\/wp-content\/uploads\/2022\/01\/logo-afro-impact-share-social.png\",\"contentUrl\":\"https:\/\/www.afro-impact.com\/wp-content\/uploads\/2022\/01\/logo-afro-impact-share-social.png\",\"width\":300,\"height\":300,\"caption\":\"Afro impact\"}]}<\/script>\n<meta name=\"geo.placename\" content=\"Cotonou\" \/>\n<meta name=\"geo.position\" content=\"6.389282121878214;2.3602318590634495\" \/>\n<meta name=\"geo.region\" content=\"Benin\" \/>\n<!-- \/ Yoast SEO Premium plugin. -->","yoast_head_json":{"title":"Morocco: Air traffic controllers announce a 15-day strike - Afro impact","description":"Launched on October 3, the call for this walkout movement of air traffic controllers aims to stop air traffic services in all airports in the kingdom. They will only provide \"minimum service\" in the entire Moroccan airspace.","robots":{"index":"index","follow":"follow","max-snippet":"max-snippet:-1","max-image-preview":"max-image-preview:large","max-video-preview":"max-video-preview:-1"},"canonical":"https:\/\/www.afro-impact.com\/en\/morocco-air-traffic-controllers-announce-a-15-day-strike\/","og_locale":"en_US","og_type":"article","og_title":"Morocco: Air traffic controllers announce a 15-day strike - Afro impact","og_description":"Launched on October 3, the call for this walkout movement of air traffic controllers aims to stop air traffic services in all airports in the kingdom. They will only provide \"minimum service\" in the entire Moroccan airspace.","og_url":"https:\/\/www.afro-impact.com\/en\/morocco-air-traffic-controllers-announce-a-15-day-strike\/","og_site_name":"Afro impact","article_publisher":"https:\/\/www.facebook.com\/AfroimpactMag","article_author":"https:\/\/facebook.com\/profile.php?id=100075035589093","article_published_time":"2022-10-06T17:19:33+00:00","article_modified_time":"2023-06-22T15:32:11+00:00","og_image":[{"width":780,"height":468,"url":"https:\/\/www.afro-impact.com\/wp-content\/uploads\/2022\/10\/greve-controleurs-aeriens-maroc.jpg","type":"image\/jpeg"}],"author":"Eliane Fatchina","twitter_card":"summary_large_image","twitter_creator":"@AfroimpactMag","twitter_site":"@AfroimpactMag","twitter_misc":{"Written by":"Eliane Fatchina","Est. reading time":"1 minute"},"schema":{"@context":"https:\/\/schema.org","@graph":[{"@type":"NewsArticle","@id":"https:\/\/www.afro-impact.com\/en\/morocco-air-traffic-controllers-announce-a-15-day-strike\/#article","isPartOf":{"@id":"https:\/\/www.afro-impact.com\/en\/morocco-air-traffic-controllers-announce-a-15-day-strike\/"},"author":{"name":"Eliane Fatchina","@id":"https:\/\/www.afro-impact.com\/#\/schema\/person\/5c48f58a7d0cc36b8d96110a4feedf77"},"headline":"Morocco: Air traffic controllers announce a 15-day strike","datePublished":"2022-10-06T17:19:33+00:00","dateModified":"2023-06-22T15:32:11+00:00","mainEntityOfPage":{"@id":"https:\/\/www.afro-impact.com\/en\/morocco-air-traffic-controllers-announce-a-15-day-strike\/"},"wordCount":305,"commentCount":0,"publisher":{"@id":"https:\/\/www.afro-impact.com\/#organization"},"image":{"@id":"https:\/\/www.afro-impact.com\/en\/morocco-air-traffic-controllers-announce-a-15-day-strike\/#primaryimage"},"thumbnailUrl":"https:\/\/www.afro-impact.com\/wp-content\/uploads\/2022\/10\/greve-controleurs-aeriens-maroc.jpg","articleSection":["Society"],"inLanguage":"en-US","potentialAction":[{"@type":"CommentAction","name":"Comment","target":["https:\/\/www.afro-impact.com\/en\/morocco-air-traffic-controllers-announce-a-15-day-strike\/#respond"]}],"copyrightYear":"2022","copyrightHolder":{"@id":"https:\/\/www.afro-impact.com\/#organization"}},{"@type":"WebPage","@id":"https:\/\/www.afro-impact.com\/en\/morocco-air-traffic-controllers-announce-a-15-day-strike\/","url":"https:\/\/www.afro-impact.com\/en\/morocco-air-traffic-controllers-announce-a-15-day-strike\/","name":"Morocco: Air traffic controllers announce a 15-day strike - Afro impact","isPartOf":{"@id":"https:\/\/www.afro-impact.com\/#website"},"primaryImageOfPage":{"@id":"https:\/\/www.afro-impact.com\/en\/morocco-air-traffic-controllers-announce-a-15-day-strike\/#primaryimage"},"image":{"@id":"https:\/\/www.afro-impact.com\/en\/morocco-air-traffic-controllers-announce-a-15-day-strike\/#primaryimage"},"thumbnailUrl":"https:\/\/www.afro-impact.com\/wp-content\/uploads\/2022\/10\/greve-controleurs-aeriens-maroc.jpg","datePublished":"2022-10-06T17:19:33+00:00","dateModified":"2023-06-22T15:32:11+00:00","description":"Launched on October 3, the call for this walkout movement of air traffic controllers aims to stop air traffic services in all airports in the kingdom. They will only provide \"minimum service\" in the entire Moroccan airspace.","breadcrumb":{"@id":"https:\/\/www.afro-impact.com\/en\/morocco-air-traffic-controllers-announce-a-15-day-strike\/#breadcrumb"},"inLanguage":"en-US","potentialAction":[{"@type":"ReadAction","target":["https:\/\/www.afro-impact.com\/en\/morocco-air-traffic-controllers-announce-a-15-day-strike\/"]}]},{"@type":"ImageObject","inLanguage":"en-US","@id":"https:\/\/www.afro-impact.com\/en\/morocco-air-traffic-controllers-announce-a-15-day-strike\/#primaryimage","url":"https:\/\/www.afro-impact.com\/wp-content\/uploads\/2022\/10\/greve-controleurs-aeriens-maroc.jpg","contentUrl":"https:\/\/www.afro-impact.com\/wp-content\/uploads\/2022\/10\/greve-controleurs-aeriens-maroc.jpg","width":780,"height":468,"caption":"Moroccan air traffic controllers announce 15-day strike Source photo: lematin"},{"@type":"BreadcrumbList","@id":"https:\/\/www.afro-impact.com\/en\/morocco-air-traffic-controllers-announce-a-15-day-strike\/#breadcrumb","itemListElement":[{"@type":"ListItem","position":1,"name":"News","item":"https:\/\/www.afro-impact.com\/"},{"@type":"ListItem","position":2,"name":"Soci\u00e9t\u00e9","item":"https:\/\/www.afro-impact.com\/societe\/"},{"@type":"ListItem","position":3,"name":"Morocco: Air traffic controllers announce a 15-day strike"}]},{"@type":"WebSite","@id":"https:\/\/www.afro-impact.com\/#website","url":"https:\/\/www.afro-impact.com\/","name":"Afro impact","description":"L&#039;Afrique vu autrement","publisher":{"@id":"https:\/\/www.afro-impact.com\/#organization"},"potentialAction":[{"@type":"SearchAction","target":{"@type":"EntryPoint","urlTemplate":"https:\/\/www.afro-impact.com\/?s={search_term_string}"},"query-input":{"@type":"PropertyValueSpecification","valueRequired":true,"valueName":"search_term_string"}}],"inLanguage":"en-US"},{"@type":["Organization","Place"],"@id":"https:\/\/www.afro-impact.com\/#organization","name":"Afro impact","alternateName":"carrecube","url":"https:\/\/www.afro-impact.com\/","logo":{"@id":"https:\/\/www.afro-impact.com\/en\/morocco-air-traffic-controllers-announce-a-15-day-strike\/#local-main-organization-logo"},"image":{"@id":"https:\/\/www.afro-impact.com\/en\/morocco-air-traffic-controllers-announce-a-15-day-strike\/#local-main-organization-logo"},"sameAs":["https:\/\/www.facebook.com\/AfroimpactMag","https:\/\/x.com\/AfroimpactMag","https:\/\/www.youtube.com\/channel\/UCJNIRcX4sVo487fhv0p5KDw"],"publishingPrinciples":"https:\/\/www.afro-impact.com\/a-propos-magazine-afro-impact\/","ownershipFundingInfo":"https:\/\/www.afro-impact.com\/mentions-legales\/","actionableFeedbackPolicy":"https:\/\/www.afro-impact.com\/conditions-generales\/","correctionsPolicy":"https:\/\/www.afro-impact.com\/dmca-retrait\/","address":{"@id":"https:\/\/www.afro-impact.com\/en\/morocco-air-traffic-controllers-announce-a-15-day-strike\/#local-main-place-address"},"geo":{"@type":"GeoCoordinates","latitude":"6.389282121878214","longitude":"2.3602318590634495"},"telephone":["+229 54900806"],"openingHoursSpecification":[{"@type":"OpeningHoursSpecification","dayOfWeek":["Monday","Tuesday","Wednesday","Thursday","Friday","Saturday","Sunday"],"opens":"00:00","closes":"23:59"}],"email":"redaction@afro-impact.com","vatID":"0 2022 1395 5557"},{"@type":"Person","@id":"https:\/\/www.afro-impact.com\/#\/schema\/person\/5c48f58a7d0cc36b8d96110a4feedf77","name":"Eliane Fatchina","image":{"@type":"ImageObject","inLanguage":"en-US","@id":"https:\/\/www.afro-impact.com\/#\/schema\/person\/image\/","url":"https:\/\/www.afro-impact.com\/wp-content\/litespeed\/avatar\/5f9f737261a53c0e086b34b0464cb9e1.jpg?ver=1777018517","contentUrl":"https:\/\/www.afro-impact.com\/wp-content\/litespeed\/avatar\/5f9f737261a53c0e086b34b0464cb9e1.jpg?ver=1777018517","caption":"Eliane Fatchina"},"description":"Eliane Yabo Omonlayo Fatchina est une journaliste reporter \u00e0 Afro impact. Titulaire d\u2019une licence professionnelle en journalisme \u00e0 l\u2019ENSTIC du B\u00e9nin, elle est une panafricaniste passionn\u00e9e de culture, des questions de soci\u00e9t\u00e9 et d\u2019environnement. Avec d\u00e9j\u00e0 sept ans d\u2019exp\u00e9riences, elle s\u2019emploie quotidiennement \u00e0 donner de la voix aux id\u00e9es \u00e0 travers l\u2019\u00e9criture.","sameAs":["https:\/\/facebook.com\/profile.php?id=100075035589093"],"url":"https:\/\/www.afro-impact.com\/en\/author\/omonlayo\/"},{"@type":"PostalAddress","@id":"https:\/\/www.afro-impact.com\/en\/morocco-air-traffic-controllers-announce-a-15-day-strike\/#local-main-place-address","streetAddress":"Carr\u00e9 2167 Kindonou, Cotonou, BENIN, 07 BP 1128 Cotonou, BENIN","addressLocality":"Cotonou","postalCode":"+229","addressRegion":"Littoral","addressCountry":"BJ"},{"@type":"ImageObject","inLanguage":"en-US","@id":"https:\/\/www.afro-impact.com\/en\/morocco-air-traffic-controllers-announce-a-15-day-strike\/#local-main-organization-logo","url":"https:\/\/www.afro-impact.com\/wp-content\/uploads\/2022\/01\/logo-afro-impact-share-social.png","contentUrl":"https:\/\/www.afro-impact.com\/wp-content\/uploads\/2022\/01\/logo-afro-impact-share-social.png","width":300,"height":300,"caption":"Afro impact"}]},"geo.placename":"Cotonou","geo.position":{"lat":"6.389282121878214","long":"2.3602318590634495"},"geo.region":"Benin"},"_links":{"self":[{"href":"https:\/\/www.afro-impact.com\/en\/wp-json\/wp\/v2\/posts\/12007","targetHints":{"allow":["GET"]}}],"collection":[{"href":"https:\/\/www.afro-impact.com\/en\/wp-json\/wp\/v2\/posts"}],"about":[{"href":"https:\/\/www.afro-impact.com\/en\/wp-json\/wp\/v2\/types\/post"}],"author":[{"embeddable":true,"href":"https:\/\/www.afro-impact.com\/en\/wp-json\/wp\/v2\/users\/2"}],"replies":[{"embeddable":true,"href":"https:\/\/www.afro-impact.com\/en\/wp-json\/wp\/v2\/comments?post=12007"}],"version-history":[{"count":0,"href":"https:\/\/www.afro-impact.com\/en\/wp-json\/wp\/v2\/posts\/12007\/revisions"}],"wp:featuredmedia":[{"embeddable":true,"href":"https:\/\/www.afro-impact.com\/en\/wp-json\/wp\/v2\/media\/11943"}],"wp:attachment":[{"href":"https:\/\/www.afro-impact.com\/en\/wp-json\/wp\/v2\/media?parent=12007"}],"wp:term":[{"taxonomy":"category","embeddable":true,"href":"https:\/\/www.afro-impact.com\/en\/wp-json\/wp\/v2\/categories?post=12007"},{"taxonomy":"post_tag","embeddable":true,"href":"https:\/\/www.afro-impact.com\/en\/wp-json\/wp\/v2\/tags?post=12007"}],"curies":[{"name":"wp","href":"https:\/\/api.w.org\/{rel}","templated":true}]}}