{"id":12433,"date":"2022-10-20T12:17:41","date_gmt":"2022-10-20T11:17:41","guid":{"rendered":"https:\/\/www.afro-impact.com\/un-on-the-situation-in-mali-antonio-guterres-highlights-progress-and-challenges\/"},"modified":"2023-06-19T12:10:45","modified_gmt":"2023-06-19T11:10:45","slug":"un-on-the-situation-in-mali-antonio-guterres-highlights-progress-and-challenges","status":"publish","type":"post","link":"https:\/\/www.afro-impact.com\/en\/un-on-the-situation-in-mali-antonio-guterres-highlights-progress-and-challenges\/","title":{"rendered":"UN: On the situation in Mali, Antonio Guterres highlights progress and challenges"},"content":{"rendered":"\n<p><strong>In the presence of the Malian Minister of Foreign Affairs and International Cooperation, Abdoulaye Diop, the head of Minusma, El-Ghassim Wane, presented the latest quarterly report of the UN Secretary General on the situation in Mali. This was on Tuesday 18 October 2022 at the Security Council meeting. The report under review covers the period from 3 June to 19 September 2022.<\/strong><\/p>\n\n<p>In this report, the UN Secretary General emphasises that the period under review was characterised by significant political progress in relation to the strategic priorities of UNMIS. For Antonio Guterres, the agreement between the Malian authorities and ECOWAS on the extension of the transition period has led to the partial lifting of the sanctions imposed on Mali and has revitalised the reform process.<\/p>\n\n<h2 class=\"wp-block-heading\"><strong>Peace process welcomed by the UN<\/strong><\/h2>\n\n<p>Since August, there have been encouraging developments in peace process, the UN Secretary-General noted. This refers to the holding of the high-level decision-making meeting which resulted in a consensus between the parties on the main outstanding aspects of the process. According to him, the Malian parties have agreed to integrate 26,000 ex-combatants into the Defence and Security Forces and the public administration. He also referred to the government&#8217;s adoption of the strategy for stabilising the central regions.<\/p>\n\n<h2 class=\"wp-block-heading\"><strong>Political transition on track<\/strong><\/h2>\n\n<p>Regarding the political transition, Guterres noted, among other advances, the timetable for the transition, the presidential decree creating a commission to draw up a preliminary draft constitution, the adoption of the electoral law and its dissemination with the support of Minusma in the 19 regions and the District of Bamako, and the meeting of the national consultation framework on electoral reforms and processes. But also the creation and launch of a Commission to monitor the timetable for political and institutional reforms, the holding of the 3rd meeting of the Transition Support and Monitoring Group on 6 September in Lom\u00e9, Togo.<\/p>\n\n<p>In addition, the UN boss recalled the adoption on 15 June of the Strategic Framework for Rebuilding the State and its action plan, the appointment on 22 August of Colonel Abdoulaye Ma\u00efga as interim Prime Minister. Speaking of the stabilisation and restoration of state authority in the Centre, he reported that on 31 August, the presence of governors, prefects and sub-prefects in their places of assignment in Mopti and S\u00e9gou had reached 26% (29 out of 110 civil servants), compared with 19% at the end of April 2022.<\/p>\n\n<h2 class=\"wp-block-heading\"><strong>Joint FAMa-MINUSMA patrols to combat insecurity<\/strong><\/h2>\n\n<p>On the security front, the Secretary General notes the increase in the activities of extremist groups. He said that insecurity continued to spread to the west and south of the country where unidentified groups carried out attacks. In response, he said, Minusma has conducted several operations with an emphasis on enhanced cooperation with the Malian Defence and Security Forces, including joint protection activities as well as capacity building and provision of fuel to the reconstituted battalions in Timbuktu, Gao, Kidal and Menaka.<\/p>\n\n<p>On 4 September, Guterres said, UN police conducted 175 joint patrols with Malian security forces, including 58 in the Mopti region.<\/p>\n\n<p>In the Centre, he believes that three major factors explain the volatility of the security situation. First, the rainy season and the resulting operational constraints have undermined the ability of Malian forces to maintain security in the aftermath of military operations to clear areas of extremist groups.<\/p>\n\n<p>According to Guterres, terrorist groups have exploited this loophole to impose survival pacts on communities, by which they enforce strict social and political norms, particularly in the northern Djenn\u00e9 Cercle, eastern Bandiagara, Bankass and Douentza.<\/p>\n\n<h2 class=\"wp-block-heading\" id=\"h-guterres-presente-un-sombre-tableau-sur-la-situation-des-droits-de-l-homme\"><strong>Guterres presents a bleak picture of the human rights situation<\/strong><\/h2>\n\n<p>In relation to the human rights situation, the UN boss states in his report that it continued to be characterised by allegations of abuses and violations of international humanitarian law perpetrated by extremist armed groups (297), self-defence militias (23), signatory armed groups (27) and unidentified armed elements (3).<\/p>\n","protected":false},"excerpt":{"rendered":"<p>In the presence of the Malian Minister of Foreign Affairs and International Cooperation, Abdoulaye Diop, the head of Minusma, El-Ghassim Wane, presented the latest quarterly report of the UN Secretary General on the situation in Mali. This was on Tuesday 18 October 2022 at the Security Council meeting. The report under review covers the period<\/p>\n","protected":false},"author":18,"featured_media":12296,"comment_status":"open","ping_status":"open","sticky":false,"template":"","format":"standard","meta":{"footnotes":""},"categories":[1476],"tags":[2541,2542],"class_list":{"0":"post-12433","1":"post","2":"type-post","3":"status-publish","4":"format-standard","5":"has-post-thumbnail","7":"category-politics","8":"tag-minusma-fama-en","9":"tag-un-mali"},"yoast_head":"<!-- This site is optimized with the Yoast SEO Premium plugin v25.5 (Yoast SEO v25.5) - https:\/\/yoast.com\/wordpress\/plugins\/seo\/ -->\n<title>UN: On the situation in Mali, Antonio Guterres highlights progress and challenges - Afro impact<\/title>\n<meta name=\"description\" content=\"In the presence of the Malian Minister of Foreign Affairs and International Cooperation, Abdoulaye Diop, the head of Minusma, El-Ghassim Wane, presented the latest quarterly report of the UN Secretary General on the situation in Mali. This was on Tuesday 18 October 2022 at the Security Council meeting. The report under review covers the period from 3 June to 19 September 2022.\" \/>\n<meta name=\"robots\" content=\"index, follow, max-snippet:-1, max-image-preview:large, max-video-preview:-1\" \/>\n<link rel=\"canonical\" href=\"https:\/\/www.afro-impact.com\/en\/un-on-the-situation-in-mali-antonio-guterres-highlights-progress-and-challenges\/\" \/>\n<meta property=\"og:locale\" content=\"en_US\" \/>\n<meta property=\"og:type\" content=\"article\" \/>\n<meta property=\"og:title\" content=\"UN: On the situation in Mali, Antonio Guterres highlights progress and challenges - Afro impact\" \/>\n<meta property=\"og:description\" content=\"In the presence of the Malian Minister of Foreign Affairs and International Cooperation, Abdoulaye Diop, the head of Minusma, El-Ghassim Wane, presented the latest quarterly report of the UN Secretary General on the situation in Mali. This was on Tuesday 18 October 2022 at the Security Council meeting. The report under review covers the period from 3 June to 19 September 2022.\" \/>\n<meta property=\"og:url\" content=\"https:\/\/www.afro-impact.com\/en\/un-on-the-situation-in-mali-antonio-guterres-highlights-progress-and-challenges\/\" \/>\n<meta property=\"og:site_name\" content=\"Afro impact\" \/>\n<meta property=\"article:publisher\" content=\"https:\/\/www.facebook.com\/AfroimpactMag\" \/>\n<meta property=\"article:author\" content=\"https:\/\/facebook.com\/gerard.dawa.7\" \/>\n<meta property=\"article:published_time\" content=\"2022-10-20T11:17:41+00:00\" \/>\n<meta property=\"article:modified_time\" content=\"2023-06-19T11:10:45+00:00\" \/>\n<meta property=\"og:image\" content=\"https:\/\/www.afro-impact.com\/wp-content\/uploads\/2022\/10\/Antonio-Guterres-Sahara.jpg\" \/>\n\t<meta property=\"og:image:width\" content=\"1024\" \/>\n\t<meta property=\"og:image:height\" content=\"716\" \/>\n\t<meta property=\"og:image:type\" content=\"image\/jpeg\" \/>\n<meta name=\"author\" content=\"G\u00e9rard Dawa\" \/>\n<meta name=\"twitter:card\" content=\"summary_large_image\" \/>\n<meta name=\"twitter:creator\" content=\"@AfroimpactMag\" \/>\n<meta name=\"twitter:site\" content=\"@AfroimpactMag\" \/>\n<meta name=\"twitter:label1\" content=\"Written by\" \/>\n\t<meta name=\"twitter:data1\" content=\"G\u00e9rard Dawa\" \/>\n\t<meta name=\"twitter:label2\" content=\"Est. reading time\" \/>\n\t<meta name=\"twitter:data2\" content=\"3 minutes\" \/>\n<script type=\"application\/ld+json\" class=\"yoast-schema-graph\">{\"@context\":\"https:\/\/schema.org\",\"@graph\":[{\"@type\":\"NewsArticle\",\"@id\":\"https:\/\/www.afro-impact.com\/en\/un-on-the-situation-in-mali-antonio-guterres-highlights-progress-and-challenges\/#article\",\"isPartOf\":{\"@id\":\"https:\/\/www.afro-impact.com\/en\/un-on-the-situation-in-mali-antonio-guterres-highlights-progress-and-challenges\/\"},\"author\":{\"name\":\"G\u00e9rard Dawa\",\"@id\":\"https:\/\/www.afro-impact.com\/#\/schema\/person\/9e1a68f2554579c3a7a1e5f991745ab3\"},\"headline\":\"UN: On the situation in Mali, Antonio Guterres highlights progress and challenges\",\"datePublished\":\"2022-10-20T11:17:41+00:00\",\"dateModified\":\"2023-06-19T11:10:45+00:00\",\"mainEntityOfPage\":{\"@id\":\"https:\/\/www.afro-impact.com\/en\/un-on-the-situation-in-mali-antonio-guterres-highlights-progress-and-challenges\/\"},\"wordCount\":641,\"commentCount\":0,\"publisher\":{\"@id\":\"https:\/\/www.afro-impact.com\/#organization\"},\"image\":{\"@id\":\"https:\/\/www.afro-impact.com\/en\/un-on-the-situation-in-mali-antonio-guterres-highlights-progress-and-challenges\/#primaryimage\"},\"thumbnailUrl\":\"https:\/\/www.afro-impact.com\/wp-content\/uploads\/2022\/10\/Antonio-Guterres-Sahara.jpg\",\"keywords\":[\"MINUSMA FAMa\",\"UN Mali\"],\"articleSection\":[\"Politics\"],\"inLanguage\":\"en-US\",\"potentialAction\":[{\"@type\":\"CommentAction\",\"name\":\"Comment\",\"target\":[\"https:\/\/www.afro-impact.com\/en\/un-on-the-situation-in-mali-antonio-guterres-highlights-progress-and-challenges\/#respond\"]}],\"copyrightYear\":\"2022\",\"copyrightHolder\":{\"@id\":\"https:\/\/www.afro-impact.com\/#organization\"}},{\"@type\":\"WebPage\",\"@id\":\"https:\/\/www.afro-impact.com\/en\/un-on-the-situation-in-mali-antonio-guterres-highlights-progress-and-challenges\/\",\"url\":\"https:\/\/www.afro-impact.com\/en\/un-on-the-situation-in-mali-antonio-guterres-highlights-progress-and-challenges\/\",\"name\":\"UN: On the situation in Mali, Antonio Guterres highlights progress and challenges - Afro impact\",\"isPartOf\":{\"@id\":\"https:\/\/www.afro-impact.com\/#website\"},\"primaryImageOfPage\":{\"@id\":\"https:\/\/www.afro-impact.com\/en\/un-on-the-situation-in-mali-antonio-guterres-highlights-progress-and-challenges\/#primaryimage\"},\"image\":{\"@id\":\"https:\/\/www.afro-impact.com\/en\/un-on-the-situation-in-mali-antonio-guterres-highlights-progress-and-challenges\/#primaryimage\"},\"thumbnailUrl\":\"https:\/\/www.afro-impact.com\/wp-content\/uploads\/2022\/10\/Antonio-Guterres-Sahara.jpg\",\"datePublished\":\"2022-10-20T11:17:41+00:00\",\"dateModified\":\"2023-06-19T11:10:45+00:00\",\"description\":\"In the presence of the Malian Minister of Foreign Affairs and International Cooperation, Abdoulaye Diop, the head of Minusma, El-Ghassim Wane, presented the latest quarterly report of the UN Secretary General on the situation in Mali. This was on Tuesday 18 October 2022 at the Security Council meeting. The report under review covers the period from 3 June to 19 September 2022.\",\"breadcrumb\":{\"@id\":\"https:\/\/www.afro-impact.com\/en\/un-on-the-situation-in-mali-antonio-guterres-highlights-progress-and-challenges\/#breadcrumb\"},\"inLanguage\":\"en-US\",\"potentialAction\":[{\"@type\":\"ReadAction\",\"target\":[\"https:\/\/www.afro-impact.com\/en\/un-on-the-situation-in-mali-antonio-guterres-highlights-progress-and-challenges\/\"]}]},{\"@type\":\"ImageObject\",\"inLanguage\":\"en-US\",\"@id\":\"https:\/\/www.afro-impact.com\/en\/un-on-the-situation-in-mali-antonio-guterres-highlights-progress-and-challenges\/#primaryimage\",\"url\":\"https:\/\/www.afro-impact.com\/wp-content\/uploads\/2022\/10\/Antonio-Guterres-Sahara.jpg\",\"contentUrl\":\"https:\/\/www.afro-impact.com\/wp-content\/uploads\/2022\/10\/Antonio-Guterres-Sahara.jpg\",\"width\":1024,\"height\":716,\"caption\":\"Antonio Guterres, Secretary General of the United Nations. Source photo: AlmghribAlarabi\"},{\"@type\":\"BreadcrumbList\",\"@id\":\"https:\/\/www.afro-impact.com\/en\/un-on-the-situation-in-mali-antonio-guterres-highlights-progress-and-challenges\/#breadcrumb\",\"itemListElement\":[{\"@type\":\"ListItem\",\"position\":1,\"name\":\"News\",\"item\":\"https:\/\/www.afro-impact.com\/\"},{\"@type\":\"ListItem\",\"position\":2,\"name\":\"Politique\",\"item\":\"https:\/\/www.afro-impact.com\/politique\/\"},{\"@type\":\"ListItem\",\"position\":3,\"name\":\"UN: On the situation in Mali, Antonio Guterres highlights progress and challenges\"}]},{\"@type\":\"WebSite\",\"@id\":\"https:\/\/www.afro-impact.com\/#website\",\"url\":\"https:\/\/www.afro-impact.com\/\",\"name\":\"Afro impact\",\"description\":\"L&#039;Afrique vu autrement\",\"publisher\":{\"@id\":\"https:\/\/www.afro-impact.com\/#organization\"},\"potentialAction\":[{\"@type\":\"SearchAction\",\"target\":{\"@type\":\"EntryPoint\",\"urlTemplate\":\"https:\/\/www.afro-impact.com\/?s={search_term_string}\"},\"query-input\":{\"@type\":\"PropertyValueSpecification\",\"valueRequired\":true,\"valueName\":\"search_term_string\"}}],\"inLanguage\":\"en-US\"},{\"@type\":[\"Organization\",\"Place\"],\"@id\":\"https:\/\/www.afro-impact.com\/#organization\",\"name\":\"Afro impact\",\"alternateName\":\"carrecube\",\"url\":\"https:\/\/www.afro-impact.com\/\",\"logo\":{\"@id\":\"https:\/\/www.afro-impact.com\/en\/un-on-the-situation-in-mali-antonio-guterres-highlights-progress-and-challenges\/#local-main-organization-logo\"},\"image\":{\"@id\":\"https:\/\/www.afro-impact.com\/en\/un-on-the-situation-in-mali-antonio-guterres-highlights-progress-and-challenges\/#local-main-organization-logo\"},\"sameAs\":[\"https:\/\/www.facebook.com\/AfroimpactMag\",\"https:\/\/x.com\/AfroimpactMag\",\"https:\/\/www.youtube.com\/channel\/UCJNIRcX4sVo487fhv0p5KDw\"],\"publishingPrinciples\":\"https:\/\/www.afro-impact.com\/a-propos-magazine-afro-impact\/\",\"ownershipFundingInfo\":\"https:\/\/www.afro-impact.com\/mentions-legales\/\",\"actionableFeedbackPolicy\":\"https:\/\/www.afro-impact.com\/conditions-generales\/\",\"correctionsPolicy\":\"https:\/\/www.afro-impact.com\/dmca-retrait\/\",\"address\":{\"@id\":\"https:\/\/www.afro-impact.com\/en\/un-on-the-situation-in-mali-antonio-guterres-highlights-progress-and-challenges\/#local-main-place-address\"},\"geo\":{\"@type\":\"GeoCoordinates\",\"latitude\":\"6.389282121878214\",\"longitude\":\"2.3602318590634495\"},\"telephone\":[\"+229 54900806\"],\"openingHoursSpecification\":[{\"@type\":\"OpeningHoursSpecification\",\"dayOfWeek\":[\"Monday\",\"Tuesday\",\"Wednesday\",\"Thursday\",\"Friday\",\"Saturday\",\"Sunday\"],\"opens\":\"00:00\",\"closes\":\"23:59\"}],\"email\":\"redaction@afro-impact.com\",\"vatID\":\"0 2022 1395 5557\"},{\"@type\":\"Person\",\"@id\":\"https:\/\/www.afro-impact.com\/#\/schema\/person\/9e1a68f2554579c3a7a1e5f991745ab3\",\"name\":\"G\u00e9rard Dawa\",\"image\":{\"@type\":\"ImageObject\",\"inLanguage\":\"en-US\",\"@id\":\"https:\/\/www.afro-impact.com\/#\/schema\/person\/image\/\",\"url\":\"https:\/\/www.afro-impact.com\/wp-content\/litespeed\/avatar\/583d018ae6f04b98bfc8484594fa52eb.jpg?ver=1777022315\",\"contentUrl\":\"https:\/\/www.afro-impact.com\/wp-content\/litespeed\/avatar\/583d018ae6f04b98bfc8484594fa52eb.jpg?ver=1777022315\",\"caption\":\"G\u00e9rard Dawa\"},\"description\":\"G\u00e9rard Dawa, journaliste reporter \u00e0 Afro impact. Titulaire d\u2019une Licence en journalisme obtenue \u00e0 l\u2019ENSTIC au B\u00e9nin, je suis passionn\u00e9 des questions de sant\u00e9, culture et sport. J\u2019ai fait \u00e9galement mes armes \u00e0 la radio et je suis membre actif de la PMS \\\"Plateforme M\u00e9dias et Sant\u00e9\\\" du B\u00e9nin. Je cumule \u00e0 ce jour 8 ans d\u2019exp\u00e9rience en journalisme.\",\"sameAs\":[\"https:\/\/facebook.com\/gerard.dawa.7\"],\"url\":\"https:\/\/www.afro-impact.com\/en\/author\/olaotan\/\"},{\"@type\":\"PostalAddress\",\"@id\":\"https:\/\/www.afro-impact.com\/en\/un-on-the-situation-in-mali-antonio-guterres-highlights-progress-and-challenges\/#local-main-place-address\",\"streetAddress\":\"Carr\u00e9 2167 Kindonou, Cotonou, BENIN, 07 BP 1128 Cotonou, BENIN\",\"addressLocality\":\"Cotonou\",\"postalCode\":\"+229\",\"addressRegion\":\"Littoral\",\"addressCountry\":\"BJ\"},{\"@type\":\"ImageObject\",\"inLanguage\":\"en-US\",\"@id\":\"https:\/\/www.afro-impact.com\/en\/un-on-the-situation-in-mali-antonio-guterres-highlights-progress-and-challenges\/#local-main-organization-logo\",\"url\":\"https:\/\/www.afro-impact.com\/wp-content\/uploads\/2022\/01\/logo-afro-impact-share-social.png\",\"contentUrl\":\"https:\/\/www.afro-impact.com\/wp-content\/uploads\/2022\/01\/logo-afro-impact-share-social.png\",\"width\":300,\"height\":300,\"caption\":\"Afro impact\"}]}<\/script>\n<meta name=\"geo.placename\" content=\"Cotonou\" \/>\n<meta name=\"geo.position\" content=\"6.389282121878214;2.3602318590634495\" \/>\n<meta name=\"geo.region\" content=\"Benin\" \/>\n<!-- \/ Yoast SEO Premium plugin. -->","yoast_head_json":{"title":"UN: On the situation in Mali, Antonio Guterres highlights progress and challenges - Afro impact","description":"In the presence of the Malian Minister of Foreign Affairs and International Cooperation, Abdoulaye Diop, the head of Minusma, El-Ghassim Wane, presented the latest quarterly report of the UN Secretary General on the situation in Mali. This was on Tuesday 18 October 2022 at the Security Council meeting. The report under review covers the period from 3 June to 19 September 2022.","robots":{"index":"index","follow":"follow","max-snippet":"max-snippet:-1","max-image-preview":"max-image-preview:large","max-video-preview":"max-video-preview:-1"},"canonical":"https:\/\/www.afro-impact.com\/en\/un-on-the-situation-in-mali-antonio-guterres-highlights-progress-and-challenges\/","og_locale":"en_US","og_type":"article","og_title":"UN: On the situation in Mali, Antonio Guterres highlights progress and challenges - Afro impact","og_description":"In the presence of the Malian Minister of Foreign Affairs and International Cooperation, Abdoulaye Diop, the head of Minusma, El-Ghassim Wane, presented the latest quarterly report of the UN Secretary General on the situation in Mali. This was on Tuesday 18 October 2022 at the Security Council meeting. The report under review covers the period from 3 June to 19 September 2022.","og_url":"https:\/\/www.afro-impact.com\/en\/un-on-the-situation-in-mali-antonio-guterres-highlights-progress-and-challenges\/","og_site_name":"Afro impact","article_publisher":"https:\/\/www.facebook.com\/AfroimpactMag","article_author":"https:\/\/facebook.com\/gerard.dawa.7","article_published_time":"2022-10-20T11:17:41+00:00","article_modified_time":"2023-06-19T11:10:45+00:00","og_image":[{"width":1024,"height":716,"url":"https:\/\/www.afro-impact.com\/wp-content\/uploads\/2022\/10\/Antonio-Guterres-Sahara.jpg","type":"image\/jpeg"}],"author":"G\u00e9rard Dawa","twitter_card":"summary_large_image","twitter_creator":"@AfroimpactMag","twitter_site":"@AfroimpactMag","twitter_misc":{"Written by":"G\u00e9rard Dawa","Est. reading time":"3 minutes"},"schema":{"@context":"https:\/\/schema.org","@graph":[{"@type":"NewsArticle","@id":"https:\/\/www.afro-impact.com\/en\/un-on-the-situation-in-mali-antonio-guterres-highlights-progress-and-challenges\/#article","isPartOf":{"@id":"https:\/\/www.afro-impact.com\/en\/un-on-the-situation-in-mali-antonio-guterres-highlights-progress-and-challenges\/"},"author":{"name":"G\u00e9rard Dawa","@id":"https:\/\/www.afro-impact.com\/#\/schema\/person\/9e1a68f2554579c3a7a1e5f991745ab3"},"headline":"UN: On the situation in Mali, Antonio Guterres highlights progress and challenges","datePublished":"2022-10-20T11:17:41+00:00","dateModified":"2023-06-19T11:10:45+00:00","mainEntityOfPage":{"@id":"https:\/\/www.afro-impact.com\/en\/un-on-the-situation-in-mali-antonio-guterres-highlights-progress-and-challenges\/"},"wordCount":641,"commentCount":0,"publisher":{"@id":"https:\/\/www.afro-impact.com\/#organization"},"image":{"@id":"https:\/\/www.afro-impact.com\/en\/un-on-the-situation-in-mali-antonio-guterres-highlights-progress-and-challenges\/#primaryimage"},"thumbnailUrl":"https:\/\/www.afro-impact.com\/wp-content\/uploads\/2022\/10\/Antonio-Guterres-Sahara.jpg","keywords":["MINUSMA FAMa","UN Mali"],"articleSection":["Politics"],"inLanguage":"en-US","potentialAction":[{"@type":"CommentAction","name":"Comment","target":["https:\/\/www.afro-impact.com\/en\/un-on-the-situation-in-mali-antonio-guterres-highlights-progress-and-challenges\/#respond"]}],"copyrightYear":"2022","copyrightHolder":{"@id":"https:\/\/www.afro-impact.com\/#organization"}},{"@type":"WebPage","@id":"https:\/\/www.afro-impact.com\/en\/un-on-the-situation-in-mali-antonio-guterres-highlights-progress-and-challenges\/","url":"https:\/\/www.afro-impact.com\/en\/un-on-the-situation-in-mali-antonio-guterres-highlights-progress-and-challenges\/","name":"UN: On the situation in Mali, Antonio Guterres highlights progress and challenges - Afro impact","isPartOf":{"@id":"https:\/\/www.afro-impact.com\/#website"},"primaryImageOfPage":{"@id":"https:\/\/www.afro-impact.com\/en\/un-on-the-situation-in-mali-antonio-guterres-highlights-progress-and-challenges\/#primaryimage"},"image":{"@id":"https:\/\/www.afro-impact.com\/en\/un-on-the-situation-in-mali-antonio-guterres-highlights-progress-and-challenges\/#primaryimage"},"thumbnailUrl":"https:\/\/www.afro-impact.com\/wp-content\/uploads\/2022\/10\/Antonio-Guterres-Sahara.jpg","datePublished":"2022-10-20T11:17:41+00:00","dateModified":"2023-06-19T11:10:45+00:00","description":"In the presence of the Malian Minister of Foreign Affairs and International Cooperation, Abdoulaye Diop, the head of Minusma, El-Ghassim Wane, presented the latest quarterly report of the UN Secretary General on the situation in Mali. This was on Tuesday 18 October 2022 at the Security Council meeting. The report under review covers the period from 3 June to 19 September 2022.","breadcrumb":{"@id":"https:\/\/www.afro-impact.com\/en\/un-on-the-situation-in-mali-antonio-guterres-highlights-progress-and-challenges\/#breadcrumb"},"inLanguage":"en-US","potentialAction":[{"@type":"ReadAction","target":["https:\/\/www.afro-impact.com\/en\/un-on-the-situation-in-mali-antonio-guterres-highlights-progress-and-challenges\/"]}]},{"@type":"ImageObject","inLanguage":"en-US","@id":"https:\/\/www.afro-impact.com\/en\/un-on-the-situation-in-mali-antonio-guterres-highlights-progress-and-challenges\/#primaryimage","url":"https:\/\/www.afro-impact.com\/wp-content\/uploads\/2022\/10\/Antonio-Guterres-Sahara.jpg","contentUrl":"https:\/\/www.afro-impact.com\/wp-content\/uploads\/2022\/10\/Antonio-Guterres-Sahara.jpg","width":1024,"height":716,"caption":"Antonio Guterres, Secretary General of the United Nations. Source photo: AlmghribAlarabi"},{"@type":"BreadcrumbList","@id":"https:\/\/www.afro-impact.com\/en\/un-on-the-situation-in-mali-antonio-guterres-highlights-progress-and-challenges\/#breadcrumb","itemListElement":[{"@type":"ListItem","position":1,"name":"News","item":"https:\/\/www.afro-impact.com\/"},{"@type":"ListItem","position":2,"name":"Politique","item":"https:\/\/www.afro-impact.com\/politique\/"},{"@type":"ListItem","position":3,"name":"UN: On the situation in Mali, Antonio Guterres highlights progress and challenges"}]},{"@type":"WebSite","@id":"https:\/\/www.afro-impact.com\/#website","url":"https:\/\/www.afro-impact.com\/","name":"Afro impact","description":"L&#039;Afrique vu autrement","publisher":{"@id":"https:\/\/www.afro-impact.com\/#organization"},"potentialAction":[{"@type":"SearchAction","target":{"@type":"EntryPoint","urlTemplate":"https:\/\/www.afro-impact.com\/?s={search_term_string}"},"query-input":{"@type":"PropertyValueSpecification","valueRequired":true,"valueName":"search_term_string"}}],"inLanguage":"en-US"},{"@type":["Organization","Place"],"@id":"https:\/\/www.afro-impact.com\/#organization","name":"Afro impact","alternateName":"carrecube","url":"https:\/\/www.afro-impact.com\/","logo":{"@id":"https:\/\/www.afro-impact.com\/en\/un-on-the-situation-in-mali-antonio-guterres-highlights-progress-and-challenges\/#local-main-organization-logo"},"image":{"@id":"https:\/\/www.afro-impact.com\/en\/un-on-the-situation-in-mali-antonio-guterres-highlights-progress-and-challenges\/#local-main-organization-logo"},"sameAs":["https:\/\/www.facebook.com\/AfroimpactMag","https:\/\/x.com\/AfroimpactMag","https:\/\/www.youtube.com\/channel\/UCJNIRcX4sVo487fhv0p5KDw"],"publishingPrinciples":"https:\/\/www.afro-impact.com\/a-propos-magazine-afro-impact\/","ownershipFundingInfo":"https:\/\/www.afro-impact.com\/mentions-legales\/","actionableFeedbackPolicy":"https:\/\/www.afro-impact.com\/conditions-generales\/","correctionsPolicy":"https:\/\/www.afro-impact.com\/dmca-retrait\/","address":{"@id":"https:\/\/www.afro-impact.com\/en\/un-on-the-situation-in-mali-antonio-guterres-highlights-progress-and-challenges\/#local-main-place-address"},"geo":{"@type":"GeoCoordinates","latitude":"6.389282121878214","longitude":"2.3602318590634495"},"telephone":["+229 54900806"],"openingHoursSpecification":[{"@type":"OpeningHoursSpecification","dayOfWeek":["Monday","Tuesday","Wednesday","Thursday","Friday","Saturday","Sunday"],"opens":"00:00","closes":"23:59"}],"email":"redaction@afro-impact.com","vatID":"0 2022 1395 5557"},{"@type":"Person","@id":"https:\/\/www.afro-impact.com\/#\/schema\/person\/9e1a68f2554579c3a7a1e5f991745ab3","name":"G\u00e9rard Dawa","image":{"@type":"ImageObject","inLanguage":"en-US","@id":"https:\/\/www.afro-impact.com\/#\/schema\/person\/image\/","url":"https:\/\/www.afro-impact.com\/wp-content\/litespeed\/avatar\/583d018ae6f04b98bfc8484594fa52eb.jpg?ver=1777022315","contentUrl":"https:\/\/www.afro-impact.com\/wp-content\/litespeed\/avatar\/583d018ae6f04b98bfc8484594fa52eb.jpg?ver=1777022315","caption":"G\u00e9rard Dawa"},"description":"G\u00e9rard Dawa, journaliste reporter \u00e0 Afro impact. Titulaire d\u2019une Licence en journalisme obtenue \u00e0 l\u2019ENSTIC au B\u00e9nin, je suis passionn\u00e9 des questions de sant\u00e9, culture et sport. J\u2019ai fait \u00e9galement mes armes \u00e0 la radio et je suis membre actif de la PMS \"Plateforme M\u00e9dias et Sant\u00e9\" du B\u00e9nin. Je cumule \u00e0 ce jour 8 ans d\u2019exp\u00e9rience en journalisme.","sameAs":["https:\/\/facebook.com\/gerard.dawa.7"],"url":"https:\/\/www.afro-impact.com\/en\/author\/olaotan\/"},{"@type":"PostalAddress","@id":"https:\/\/www.afro-impact.com\/en\/un-on-the-situation-in-mali-antonio-guterres-highlights-progress-and-challenges\/#local-main-place-address","streetAddress":"Carr\u00e9 2167 Kindonou, Cotonou, BENIN, 07 BP 1128 Cotonou, BENIN","addressLocality":"Cotonou","postalCode":"+229","addressRegion":"Littoral","addressCountry":"BJ"},{"@type":"ImageObject","inLanguage":"en-US","@id":"https:\/\/www.afro-impact.com\/en\/un-on-the-situation-in-mali-antonio-guterres-highlights-progress-and-challenges\/#local-main-organization-logo","url":"https:\/\/www.afro-impact.com\/wp-content\/uploads\/2022\/01\/logo-afro-impact-share-social.png","contentUrl":"https:\/\/www.afro-impact.com\/wp-content\/uploads\/2022\/01\/logo-afro-impact-share-social.png","width":300,"height":300,"caption":"Afro impact"}]},"geo.placename":"Cotonou","geo.position":{"lat":"6.389282121878214","long":"2.3602318590634495"},"geo.region":"Benin"},"_links":{"self":[{"href":"https:\/\/www.afro-impact.com\/en\/wp-json\/wp\/v2\/posts\/12433","targetHints":{"allow":["GET"]}}],"collection":[{"href":"https:\/\/www.afro-impact.com\/en\/wp-json\/wp\/v2\/posts"}],"about":[{"href":"https:\/\/www.afro-impact.com\/en\/wp-json\/wp\/v2\/types\/post"}],"author":[{"embeddable":true,"href":"https:\/\/www.afro-impact.com\/en\/wp-json\/wp\/v2\/users\/18"}],"replies":[{"embeddable":true,"href":"https:\/\/www.afro-impact.com\/en\/wp-json\/wp\/v2\/comments?post=12433"}],"version-history":[{"count":0,"href":"https:\/\/www.afro-impact.com\/en\/wp-json\/wp\/v2\/posts\/12433\/revisions"}],"wp:featuredmedia":[{"embeddable":true,"href":"https:\/\/www.afro-impact.com\/en\/wp-json\/wp\/v2\/media\/12296"}],"wp:attachment":[{"href":"https:\/\/www.afro-impact.com\/en\/wp-json\/wp\/v2\/media?parent=12433"}],"wp:term":[{"taxonomy":"category","embeddable":true,"href":"https:\/\/www.afro-impact.com\/en\/wp-json\/wp\/v2\/categories?post=12433"},{"taxonomy":"post_tag","embeddable":true,"href":"https:\/\/www.afro-impact.com\/en\/wp-json\/wp\/v2\/tags?post=12433"}],"curies":[{"name":"wp","href":"https:\/\/api.w.org\/{rel}","templated":true}]}}