{"id":12790,"date":"2022-10-28T13:12:26","date_gmt":"2022-10-28T12:12:26","guid":{"rendered":"https:\/\/www.afro-impact.com\/qatar-2022-world-cup-sadio-mane-reveals-the-favourites-for-the-competition-without-his-senegal\/"},"modified":"2023-06-19T11:58:00","modified_gmt":"2023-06-19T10:58:00","slug":"qatar-2022-world-cup-sadio-mane-reveals-the-favourites-for-the-competition-without-his-senegal","status":"publish","type":"post","link":"https:\/\/www.afro-impact.com\/en\/qatar-2022-world-cup-sadio-mane-reveals-the-favourites-for-the-competition-without-his-senegal\/","title":{"rendered":"Qatar 2022 World Cup: Sadio Man\u00e9 reveals the favourites for the competition without his Senegal"},"content":{"rendered":"\n<p><strong>Dans une interview apr\u00e8s match contre le FC Barcelone dont son \u00e9quipe le Bayern est vainqueur, l\u2019international s\u00e9n\u00e9galais Sadio Man\u00e9 s\u2019est exprim\u00e9 sur les favoris du mondial 2022. According to him, five countries can claim the trophy. Not too many dreams to sell for his Senegal on this list of favourites. Instead, Man\u00e9 talks about France, Brazil, Germany, Argentina and England.<\/strong><\/p>\n\n<p>Senegal&#8217;s star player, Sadio Man\u00e9, has revealed his favourites to win the 2022<a href=\"https:\/\/www.afrik-foot.com\/mondial\" target=\"_blank\" rel=\"noreferrer noopener\"><\/a>World Cup in Group A against Qatar, Ecuador and the Netherlands. &#8220;Argentina is one of the countries that can win the World Cup. I watched Messi play yesterday (Tuesday). He is incredible! I&#8217;m not sure if he&#8217;s going to win the World Cup or not,&#8221; said the Bayern Munich striker, who spoke to ESPN Argentina on the sidelines of Wednesday&#8217;s 3-0 win over Barcelona in the Champions League.<\/p>\n\n<h2 class=\"wp-block-heading\" id=\"h-sadio-mane-se-garde-de-citer-le-senegal\"><strong>Sadio Man\u00e9 refrains from naming Senegal<\/strong><\/h2>\n\n<p>Even if many observers see Senegal as capable of achieving a good result, the recent <a href=\"https:\/\/www.afro-impact.com\/en\/football-benzema-wins-golden-ball-2022-mane-ends-2nd\/\" target=\"_blank\" rel=\"noreferrer noopener\">Golden Ball 2<sup>nd<\/sup> and winner of the first Socrates Prize<\/a> for his social work in his country, was careful not to mention the Lions in the category of favourites.<\/p>\n\n<p>&#8221;<a href=\"https:\/\/www.afro-impact.com\/en\/world-cup-2022-i-dont-see-senegal-as-favourites-well-go-with-composure-says-sadio-mane\/\" target=\"_blank\" rel=\"noreferrer noopener\">I don&#8217;t see Senegal as favourites<\/a> because there are other nations far ahead like France, Spain&#8230; We will go there with composure and to try to do what we are used to doing,&#8221; the 2021 CAN winner recently told RMC.<\/p>\n\n<p>It should be noted that<a href=\"https:\/\/www.afro-impact.com\/en\/football-after-his-socrates-award-sadio-mane-in-the-running-for-the-globe-soccer-awards\/\" target=\"_blank\" rel=\"noreferrer noopener\">after his first Socrates Award, Sadio Man\u00e9 is in the running for the 12th edition of the Globe Soccer Awards<\/a>The European Club Association (ECA) and the European Players&#8217; Agents Association (EFAA) organise an annual awards event in Dubai.<\/p>\n","protected":false},"excerpt":{"rendered":"<p>Dans une interview apr\u00e8s match contre le FC Barcelone dont son \u00e9quipe le Bayern est vainqueur, l\u2019international s\u00e9n\u00e9galais Sadio Man\u00e9 s\u2019est exprim\u00e9 sur les favoris du mondial 2022. According to him, five countries can claim the trophy. Not too many dreams to sell for his Senegal on this list of favourites. Instead, Man\u00e9 talks about<\/p>\n","protected":false},"author":18,"featured_media":12780,"comment_status":"open","ping_status":"open","sticky":false,"template":"","format":"standard","meta":{"footnotes":""},"categories":[2128],"tags":[2627,2628,2629],"class_list":{"0":"post-12790","1":"post","2":"type-post","3":"status-publish","4":"format-standard","5":"has-post-thumbnail","7":"category-sports-en","8":"tag-favourites","9":"tag-qatar-2022-world-cup","10":"tag-sadio-mane-en"},"yoast_head":"<!-- This site is optimized with the Yoast SEO Premium plugin v25.5 (Yoast SEO v25.5) - https:\/\/yoast.com\/wordpress\/plugins\/seo\/ -->\n<title>Qatar 2022 World Cup: Sadio Man\u00e9 reveals the favourites for the competition without his Senegal - Afro impact<\/title>\n<meta name=\"description\" content=\"Dans une interview apr\u00e8s match contre le FC Barcelone dont son \u00e9quipe le Bayern est vainqueur, l\u2019international s\u00e9n\u00e9galais Sadio Man\u00e9 s\u2019est exprim\u00e9 sur les favoris du mondial 2022. According to him, five countries can claim the trophy. Not too many dreams to sell for his Senegal on this list of favourites. Instead, Man\u00e9 talks about France, Brazil, Germany, Argentina and England.\" \/>\n<meta name=\"robots\" content=\"index, follow, max-snippet:-1, max-image-preview:large, max-video-preview:-1\" \/>\n<link rel=\"canonical\" href=\"https:\/\/www.afro-impact.com\/en\/qatar-2022-world-cup-sadio-mane-reveals-the-favourites-for-the-competition-without-his-senegal\/\" \/>\n<meta property=\"og:locale\" content=\"en_US\" \/>\n<meta property=\"og:type\" content=\"article\" \/>\n<meta property=\"og:title\" content=\"Qatar 2022 World Cup: Sadio Man\u00e9 reveals the favourites for the competition without his Senegal - Afro impact\" \/>\n<meta property=\"og:description\" content=\"Dans une interview apr\u00e8s match contre le FC Barcelone dont son \u00e9quipe le Bayern est vainqueur, l\u2019international s\u00e9n\u00e9galais Sadio Man\u00e9 s\u2019est exprim\u00e9 sur les favoris du mondial 2022. According to him, five countries can claim the trophy. Not too many dreams to sell for his Senegal on this list of favourites. Instead, Man\u00e9 talks about France, Brazil, Germany, Argentina and England.\" \/>\n<meta property=\"og:url\" content=\"https:\/\/www.afro-impact.com\/en\/qatar-2022-world-cup-sadio-mane-reveals-the-favourites-for-the-competition-without-his-senegal\/\" \/>\n<meta property=\"og:site_name\" content=\"Afro impact\" \/>\n<meta property=\"article:publisher\" content=\"https:\/\/www.facebook.com\/AfroimpactMag\" \/>\n<meta property=\"article:author\" content=\"https:\/\/facebook.com\/gerard.dawa.7\" \/>\n<meta property=\"article:published_time\" content=\"2022-10-28T12:12:26+00:00\" \/>\n<meta property=\"article:modified_time\" content=\"2023-06-19T10:58:00+00:00\" \/>\n<meta property=\"og:image\" content=\"https:\/\/www.afro-impact.com\/wp-content\/uploads\/2022\/10\/mane-munich.jpg\" \/>\n\t<meta property=\"og:image:width\" content=\"1200\" \/>\n\t<meta property=\"og:image:height\" content=\"800\" \/>\n\t<meta property=\"og:image:type\" content=\"image\/jpeg\" \/>\n<meta name=\"author\" content=\"G\u00e9rard Dawa\" \/>\n<meta name=\"twitter:card\" content=\"summary_large_image\" \/>\n<meta name=\"twitter:creator\" content=\"@AfroimpactMag\" \/>\n<meta name=\"twitter:site\" content=\"@AfroimpactMag\" \/>\n<meta name=\"twitter:label1\" content=\"Written by\" \/>\n\t<meta name=\"twitter:data1\" content=\"G\u00e9rard Dawa\" \/>\n\t<meta name=\"twitter:label2\" content=\"Est. reading time\" \/>\n\t<meta name=\"twitter:data2\" content=\"1 minute\" \/>\n<script type=\"application\/ld+json\" class=\"yoast-schema-graph\">{\"@context\":\"https:\/\/schema.org\",\"@graph\":[{\"@type\":\"NewsArticle\",\"@id\":\"https:\/\/www.afro-impact.com\/en\/qatar-2022-world-cup-sadio-mane-reveals-the-favourites-for-the-competition-without-his-senegal\/#article\",\"isPartOf\":{\"@id\":\"https:\/\/www.afro-impact.com\/en\/qatar-2022-world-cup-sadio-mane-reveals-the-favourites-for-the-competition-without-his-senegal\/\"},\"author\":{\"name\":\"G\u00e9rard Dawa\",\"@id\":\"https:\/\/www.afro-impact.com\/#\/schema\/person\/9e1a68f2554579c3a7a1e5f991745ab3\"},\"headline\":\"Qatar 2022 World Cup: Sadio Man\u00e9 reveals the favourites for the competition without his Senegal\",\"datePublished\":\"2022-10-28T12:12:26+00:00\",\"dateModified\":\"2023-06-19T10:58:00+00:00\",\"mainEntityOfPage\":{\"@id\":\"https:\/\/www.afro-impact.com\/en\/qatar-2022-world-cup-sadio-mane-reveals-the-favourites-for-the-competition-without-his-senegal\/\"},\"wordCount\":295,\"commentCount\":0,\"publisher\":{\"@id\":\"https:\/\/www.afro-impact.com\/#organization\"},\"image\":{\"@id\":\"https:\/\/www.afro-impact.com\/en\/qatar-2022-world-cup-sadio-mane-reveals-the-favourites-for-the-competition-without-his-senegal\/#primaryimage\"},\"thumbnailUrl\":\"https:\/\/www.afro-impact.com\/wp-content\/uploads\/2022\/10\/mane-munich.jpg\",\"keywords\":[\"favourites\",\"Qatar 2022 World Cup\",\"Sadio Man\u00e9\"],\"articleSection\":[\"Sports\"],\"inLanguage\":\"en-US\",\"potentialAction\":[{\"@type\":\"CommentAction\",\"name\":\"Comment\",\"target\":[\"https:\/\/www.afro-impact.com\/en\/qatar-2022-world-cup-sadio-mane-reveals-the-favourites-for-the-competition-without-his-senegal\/#respond\"]}],\"copyrightYear\":\"2022\",\"copyrightHolder\":{\"@id\":\"https:\/\/www.afro-impact.com\/#organization\"}},{\"@type\":\"WebPage\",\"@id\":\"https:\/\/www.afro-impact.com\/en\/qatar-2022-world-cup-sadio-mane-reveals-the-favourites-for-the-competition-without-his-senegal\/\",\"url\":\"https:\/\/www.afro-impact.com\/en\/qatar-2022-world-cup-sadio-mane-reveals-the-favourites-for-the-competition-without-his-senegal\/\",\"name\":\"Qatar 2022 World Cup: Sadio Man\u00e9 reveals the favourites for the competition without his Senegal - Afro impact\",\"isPartOf\":{\"@id\":\"https:\/\/www.afro-impact.com\/#website\"},\"primaryImageOfPage\":{\"@id\":\"https:\/\/www.afro-impact.com\/en\/qatar-2022-world-cup-sadio-mane-reveals-the-favourites-for-the-competition-without-his-senegal\/#primaryimage\"},\"image\":{\"@id\":\"https:\/\/www.afro-impact.com\/en\/qatar-2022-world-cup-sadio-mane-reveals-the-favourites-for-the-competition-without-his-senegal\/#primaryimage\"},\"thumbnailUrl\":\"https:\/\/www.afro-impact.com\/wp-content\/uploads\/2022\/10\/mane-munich.jpg\",\"datePublished\":\"2022-10-28T12:12:26+00:00\",\"dateModified\":\"2023-06-19T10:58:00+00:00\",\"description\":\"Dans une interview apr\u00e8s match contre le FC Barcelone dont son \u00e9quipe le Bayern est vainqueur, l\u2019international s\u00e9n\u00e9galais Sadio Man\u00e9 s\u2019est exprim\u00e9 sur les favoris du mondial 2022. According to him, five countries can claim the trophy. Not too many dreams to sell for his Senegal on this list of favourites. Instead, Man\u00e9 talks about France, Brazil, Germany, Argentina and England.\",\"breadcrumb\":{\"@id\":\"https:\/\/www.afro-impact.com\/en\/qatar-2022-world-cup-sadio-mane-reveals-the-favourites-for-the-competition-without-his-senegal\/#breadcrumb\"},\"inLanguage\":\"en-US\",\"potentialAction\":[{\"@type\":\"ReadAction\",\"target\":[\"https:\/\/www.afro-impact.com\/en\/qatar-2022-world-cup-sadio-mane-reveals-the-favourites-for-the-competition-without-his-senegal\/\"]}]},{\"@type\":\"ImageObject\",\"inLanguage\":\"en-US\",\"@id\":\"https:\/\/www.afro-impact.com\/en\/qatar-2022-world-cup-sadio-mane-reveals-the-favourites-for-the-competition-without-his-senegal\/#primaryimage\",\"url\":\"https:\/\/www.afro-impact.com\/wp-content\/uploads\/2022\/10\/mane-munich.jpg\",\"contentUrl\":\"https:\/\/www.afro-impact.com\/wp-content\/uploads\/2022\/10\/mane-munich.jpg\",\"width\":1200,\"height\":800,\"caption\":\"Senegalese international Sadio Man\u00e9. Source photo: From Bavarian Football Works\"},{\"@type\":\"BreadcrumbList\",\"@id\":\"https:\/\/www.afro-impact.com\/en\/qatar-2022-world-cup-sadio-mane-reveals-the-favourites-for-the-competition-without-his-senegal\/#breadcrumb\",\"itemListElement\":[{\"@type\":\"ListItem\",\"position\":1,\"name\":\"News\",\"item\":\"https:\/\/www.afro-impact.com\/\"},{\"@type\":\"ListItem\",\"position\":2,\"name\":\"Sports\",\"item\":\"https:\/\/www.afro-impact.com\/sports\/\"},{\"@type\":\"ListItem\",\"position\":3,\"name\":\"Qatar 2022 World Cup: Sadio Man\u00e9 reveals the favourites for the competition without his Senegal\"}]},{\"@type\":\"WebSite\",\"@id\":\"https:\/\/www.afro-impact.com\/#website\",\"url\":\"https:\/\/www.afro-impact.com\/\",\"name\":\"Afro impact\",\"description\":\"L&#039;Afrique vu autrement\",\"publisher\":{\"@id\":\"https:\/\/www.afro-impact.com\/#organization\"},\"potentialAction\":[{\"@type\":\"SearchAction\",\"target\":{\"@type\":\"EntryPoint\",\"urlTemplate\":\"https:\/\/www.afro-impact.com\/?s={search_term_string}\"},\"query-input\":{\"@type\":\"PropertyValueSpecification\",\"valueRequired\":true,\"valueName\":\"search_term_string\"}}],\"inLanguage\":\"en-US\"},{\"@type\":[\"Organization\",\"Place\"],\"@id\":\"https:\/\/www.afro-impact.com\/#organization\",\"name\":\"Afro impact\",\"alternateName\":\"carrecube\",\"url\":\"https:\/\/www.afro-impact.com\/\",\"logo\":{\"@id\":\"https:\/\/www.afro-impact.com\/en\/qatar-2022-world-cup-sadio-mane-reveals-the-favourites-for-the-competition-without-his-senegal\/#local-main-organization-logo\"},\"image\":{\"@id\":\"https:\/\/www.afro-impact.com\/en\/qatar-2022-world-cup-sadio-mane-reveals-the-favourites-for-the-competition-without-his-senegal\/#local-main-organization-logo\"},\"sameAs\":[\"https:\/\/www.facebook.com\/AfroimpactMag\",\"https:\/\/x.com\/AfroimpactMag\",\"https:\/\/www.youtube.com\/channel\/UCJNIRcX4sVo487fhv0p5KDw\"],\"publishingPrinciples\":\"https:\/\/www.afro-impact.com\/a-propos-magazine-afro-impact\/\",\"ownershipFundingInfo\":\"https:\/\/www.afro-impact.com\/mentions-legales\/\",\"actionableFeedbackPolicy\":\"https:\/\/www.afro-impact.com\/conditions-generales\/\",\"correctionsPolicy\":\"https:\/\/www.afro-impact.com\/dmca-retrait\/\",\"address\":{\"@id\":\"https:\/\/www.afro-impact.com\/en\/qatar-2022-world-cup-sadio-mane-reveals-the-favourites-for-the-competition-without-his-senegal\/#local-main-place-address\"},\"geo\":{\"@type\":\"GeoCoordinates\",\"latitude\":\"6.389282121878214\",\"longitude\":\"2.3602318590634495\"},\"telephone\":[\"+229 54900806\"],\"openingHoursSpecification\":[{\"@type\":\"OpeningHoursSpecification\",\"dayOfWeek\":[\"Monday\",\"Tuesday\",\"Wednesday\",\"Thursday\",\"Friday\",\"Saturday\",\"Sunday\"],\"opens\":\"00:00\",\"closes\":\"23:59\"}],\"email\":\"redaction@afro-impact.com\",\"vatID\":\"0 2022 1395 5557\"},{\"@type\":\"Person\",\"@id\":\"https:\/\/www.afro-impact.com\/#\/schema\/person\/9e1a68f2554579c3a7a1e5f991745ab3\",\"name\":\"G\u00e9rard Dawa\",\"image\":{\"@type\":\"ImageObject\",\"inLanguage\":\"en-US\",\"@id\":\"https:\/\/www.afro-impact.com\/#\/schema\/person\/image\/\",\"url\":\"https:\/\/www.afro-impact.com\/wp-content\/litespeed\/avatar\/583d018ae6f04b98bfc8484594fa52eb.jpg?ver=1777022315\",\"contentUrl\":\"https:\/\/www.afro-impact.com\/wp-content\/litespeed\/avatar\/583d018ae6f04b98bfc8484594fa52eb.jpg?ver=1777022315\",\"caption\":\"G\u00e9rard Dawa\"},\"description\":\"G\u00e9rard Dawa, journaliste reporter \u00e0 Afro impact. Titulaire d\u2019une Licence en journalisme obtenue \u00e0 l\u2019ENSTIC au B\u00e9nin, je suis passionn\u00e9 des questions de sant\u00e9, culture et sport. J\u2019ai fait \u00e9galement mes armes \u00e0 la radio et je suis membre actif de la PMS \\\"Plateforme M\u00e9dias et Sant\u00e9\\\" du B\u00e9nin. Je cumule \u00e0 ce jour 8 ans d\u2019exp\u00e9rience en journalisme.\",\"sameAs\":[\"https:\/\/facebook.com\/gerard.dawa.7\"],\"url\":\"https:\/\/www.afro-impact.com\/en\/author\/olaotan\/\"},{\"@type\":\"PostalAddress\",\"@id\":\"https:\/\/www.afro-impact.com\/en\/qatar-2022-world-cup-sadio-mane-reveals-the-favourites-for-the-competition-without-his-senegal\/#local-main-place-address\",\"streetAddress\":\"Carr\u00e9 2167 Kindonou, Cotonou, BENIN, 07 BP 1128 Cotonou, BENIN\",\"addressLocality\":\"Cotonou\",\"postalCode\":\"+229\",\"addressRegion\":\"Littoral\",\"addressCountry\":\"BJ\"},{\"@type\":\"ImageObject\",\"inLanguage\":\"en-US\",\"@id\":\"https:\/\/www.afro-impact.com\/en\/qatar-2022-world-cup-sadio-mane-reveals-the-favourites-for-the-competition-without-his-senegal\/#local-main-organization-logo\",\"url\":\"https:\/\/www.afro-impact.com\/wp-content\/uploads\/2022\/01\/logo-afro-impact-share-social.png\",\"contentUrl\":\"https:\/\/www.afro-impact.com\/wp-content\/uploads\/2022\/01\/logo-afro-impact-share-social.png\",\"width\":300,\"height\":300,\"caption\":\"Afro impact\"}]}<\/script>\n<meta name=\"geo.placename\" content=\"Cotonou\" \/>\n<meta name=\"geo.position\" content=\"6.389282121878214;2.3602318590634495\" \/>\n<meta name=\"geo.region\" content=\"Benin\" \/>\n<!-- \/ Yoast SEO Premium plugin. -->","yoast_head_json":{"title":"Qatar 2022 World Cup: Sadio Man\u00e9 reveals the favourites for the competition without his Senegal - Afro impact","description":"Dans une interview apr\u00e8s match contre le FC Barcelone dont son \u00e9quipe le Bayern est vainqueur, l\u2019international s\u00e9n\u00e9galais Sadio Man\u00e9 s\u2019est exprim\u00e9 sur les favoris du mondial 2022. According to him, five countries can claim the trophy. Not too many dreams to sell for his Senegal on this list of favourites. Instead, Man\u00e9 talks about France, Brazil, Germany, Argentina and England.","robots":{"index":"index","follow":"follow","max-snippet":"max-snippet:-1","max-image-preview":"max-image-preview:large","max-video-preview":"max-video-preview:-1"},"canonical":"https:\/\/www.afro-impact.com\/en\/qatar-2022-world-cup-sadio-mane-reveals-the-favourites-for-the-competition-without-his-senegal\/","og_locale":"en_US","og_type":"article","og_title":"Qatar 2022 World Cup: Sadio Man\u00e9 reveals the favourites for the competition without his Senegal - Afro impact","og_description":"Dans une interview apr\u00e8s match contre le FC Barcelone dont son \u00e9quipe le Bayern est vainqueur, l\u2019international s\u00e9n\u00e9galais Sadio Man\u00e9 s\u2019est exprim\u00e9 sur les favoris du mondial 2022. According to him, five countries can claim the trophy. Not too many dreams to sell for his Senegal on this list of favourites. Instead, Man\u00e9 talks about France, Brazil, Germany, Argentina and England.","og_url":"https:\/\/www.afro-impact.com\/en\/qatar-2022-world-cup-sadio-mane-reveals-the-favourites-for-the-competition-without-his-senegal\/","og_site_name":"Afro impact","article_publisher":"https:\/\/www.facebook.com\/AfroimpactMag","article_author":"https:\/\/facebook.com\/gerard.dawa.7","article_published_time":"2022-10-28T12:12:26+00:00","article_modified_time":"2023-06-19T10:58:00+00:00","og_image":[{"width":1200,"height":800,"url":"https:\/\/www.afro-impact.com\/wp-content\/uploads\/2022\/10\/mane-munich.jpg","type":"image\/jpeg"}],"author":"G\u00e9rard Dawa","twitter_card":"summary_large_image","twitter_creator":"@AfroimpactMag","twitter_site":"@AfroimpactMag","twitter_misc":{"Written by":"G\u00e9rard Dawa","Est. reading time":"1 minute"},"schema":{"@context":"https:\/\/schema.org","@graph":[{"@type":"NewsArticle","@id":"https:\/\/www.afro-impact.com\/en\/qatar-2022-world-cup-sadio-mane-reveals-the-favourites-for-the-competition-without-his-senegal\/#article","isPartOf":{"@id":"https:\/\/www.afro-impact.com\/en\/qatar-2022-world-cup-sadio-mane-reveals-the-favourites-for-the-competition-without-his-senegal\/"},"author":{"name":"G\u00e9rard Dawa","@id":"https:\/\/www.afro-impact.com\/#\/schema\/person\/9e1a68f2554579c3a7a1e5f991745ab3"},"headline":"Qatar 2022 World Cup: Sadio Man\u00e9 reveals the favourites for the competition without his Senegal","datePublished":"2022-10-28T12:12:26+00:00","dateModified":"2023-06-19T10:58:00+00:00","mainEntityOfPage":{"@id":"https:\/\/www.afro-impact.com\/en\/qatar-2022-world-cup-sadio-mane-reveals-the-favourites-for-the-competition-without-his-senegal\/"},"wordCount":295,"commentCount":0,"publisher":{"@id":"https:\/\/www.afro-impact.com\/#organization"},"image":{"@id":"https:\/\/www.afro-impact.com\/en\/qatar-2022-world-cup-sadio-mane-reveals-the-favourites-for-the-competition-without-his-senegal\/#primaryimage"},"thumbnailUrl":"https:\/\/www.afro-impact.com\/wp-content\/uploads\/2022\/10\/mane-munich.jpg","keywords":["favourites","Qatar 2022 World Cup","Sadio Man\u00e9"],"articleSection":["Sports"],"inLanguage":"en-US","potentialAction":[{"@type":"CommentAction","name":"Comment","target":["https:\/\/www.afro-impact.com\/en\/qatar-2022-world-cup-sadio-mane-reveals-the-favourites-for-the-competition-without-his-senegal\/#respond"]}],"copyrightYear":"2022","copyrightHolder":{"@id":"https:\/\/www.afro-impact.com\/#organization"}},{"@type":"WebPage","@id":"https:\/\/www.afro-impact.com\/en\/qatar-2022-world-cup-sadio-mane-reveals-the-favourites-for-the-competition-without-his-senegal\/","url":"https:\/\/www.afro-impact.com\/en\/qatar-2022-world-cup-sadio-mane-reveals-the-favourites-for-the-competition-without-his-senegal\/","name":"Qatar 2022 World Cup: Sadio Man\u00e9 reveals the favourites for the competition without his Senegal - Afro impact","isPartOf":{"@id":"https:\/\/www.afro-impact.com\/#website"},"primaryImageOfPage":{"@id":"https:\/\/www.afro-impact.com\/en\/qatar-2022-world-cup-sadio-mane-reveals-the-favourites-for-the-competition-without-his-senegal\/#primaryimage"},"image":{"@id":"https:\/\/www.afro-impact.com\/en\/qatar-2022-world-cup-sadio-mane-reveals-the-favourites-for-the-competition-without-his-senegal\/#primaryimage"},"thumbnailUrl":"https:\/\/www.afro-impact.com\/wp-content\/uploads\/2022\/10\/mane-munich.jpg","datePublished":"2022-10-28T12:12:26+00:00","dateModified":"2023-06-19T10:58:00+00:00","description":"Dans une interview apr\u00e8s match contre le FC Barcelone dont son \u00e9quipe le Bayern est vainqueur, l\u2019international s\u00e9n\u00e9galais Sadio Man\u00e9 s\u2019est exprim\u00e9 sur les favoris du mondial 2022. According to him, five countries can claim the trophy. Not too many dreams to sell for his Senegal on this list of favourites. Instead, Man\u00e9 talks about France, Brazil, Germany, Argentina and England.","breadcrumb":{"@id":"https:\/\/www.afro-impact.com\/en\/qatar-2022-world-cup-sadio-mane-reveals-the-favourites-for-the-competition-without-his-senegal\/#breadcrumb"},"inLanguage":"en-US","potentialAction":[{"@type":"ReadAction","target":["https:\/\/www.afro-impact.com\/en\/qatar-2022-world-cup-sadio-mane-reveals-the-favourites-for-the-competition-without-his-senegal\/"]}]},{"@type":"ImageObject","inLanguage":"en-US","@id":"https:\/\/www.afro-impact.com\/en\/qatar-2022-world-cup-sadio-mane-reveals-the-favourites-for-the-competition-without-his-senegal\/#primaryimage","url":"https:\/\/www.afro-impact.com\/wp-content\/uploads\/2022\/10\/mane-munich.jpg","contentUrl":"https:\/\/www.afro-impact.com\/wp-content\/uploads\/2022\/10\/mane-munich.jpg","width":1200,"height":800,"caption":"Senegalese international Sadio Man\u00e9. Source photo: From Bavarian Football Works"},{"@type":"BreadcrumbList","@id":"https:\/\/www.afro-impact.com\/en\/qatar-2022-world-cup-sadio-mane-reveals-the-favourites-for-the-competition-without-his-senegal\/#breadcrumb","itemListElement":[{"@type":"ListItem","position":1,"name":"News","item":"https:\/\/www.afro-impact.com\/"},{"@type":"ListItem","position":2,"name":"Sports","item":"https:\/\/www.afro-impact.com\/sports\/"},{"@type":"ListItem","position":3,"name":"Qatar 2022 World Cup: Sadio Man\u00e9 reveals the favourites for the competition without his Senegal"}]},{"@type":"WebSite","@id":"https:\/\/www.afro-impact.com\/#website","url":"https:\/\/www.afro-impact.com\/","name":"Afro impact","description":"L&#039;Afrique vu autrement","publisher":{"@id":"https:\/\/www.afro-impact.com\/#organization"},"potentialAction":[{"@type":"SearchAction","target":{"@type":"EntryPoint","urlTemplate":"https:\/\/www.afro-impact.com\/?s={search_term_string}"},"query-input":{"@type":"PropertyValueSpecification","valueRequired":true,"valueName":"search_term_string"}}],"inLanguage":"en-US"},{"@type":["Organization","Place"],"@id":"https:\/\/www.afro-impact.com\/#organization","name":"Afro impact","alternateName":"carrecube","url":"https:\/\/www.afro-impact.com\/","logo":{"@id":"https:\/\/www.afro-impact.com\/en\/qatar-2022-world-cup-sadio-mane-reveals-the-favourites-for-the-competition-without-his-senegal\/#local-main-organization-logo"},"image":{"@id":"https:\/\/www.afro-impact.com\/en\/qatar-2022-world-cup-sadio-mane-reveals-the-favourites-for-the-competition-without-his-senegal\/#local-main-organization-logo"},"sameAs":["https:\/\/www.facebook.com\/AfroimpactMag","https:\/\/x.com\/AfroimpactMag","https:\/\/www.youtube.com\/channel\/UCJNIRcX4sVo487fhv0p5KDw"],"publishingPrinciples":"https:\/\/www.afro-impact.com\/a-propos-magazine-afro-impact\/","ownershipFundingInfo":"https:\/\/www.afro-impact.com\/mentions-legales\/","actionableFeedbackPolicy":"https:\/\/www.afro-impact.com\/conditions-generales\/","correctionsPolicy":"https:\/\/www.afro-impact.com\/dmca-retrait\/","address":{"@id":"https:\/\/www.afro-impact.com\/en\/qatar-2022-world-cup-sadio-mane-reveals-the-favourites-for-the-competition-without-his-senegal\/#local-main-place-address"},"geo":{"@type":"GeoCoordinates","latitude":"6.389282121878214","longitude":"2.3602318590634495"},"telephone":["+229 54900806"],"openingHoursSpecification":[{"@type":"OpeningHoursSpecification","dayOfWeek":["Monday","Tuesday","Wednesday","Thursday","Friday","Saturday","Sunday"],"opens":"00:00","closes":"23:59"}],"email":"redaction@afro-impact.com","vatID":"0 2022 1395 5557"},{"@type":"Person","@id":"https:\/\/www.afro-impact.com\/#\/schema\/person\/9e1a68f2554579c3a7a1e5f991745ab3","name":"G\u00e9rard Dawa","image":{"@type":"ImageObject","inLanguage":"en-US","@id":"https:\/\/www.afro-impact.com\/#\/schema\/person\/image\/","url":"https:\/\/www.afro-impact.com\/wp-content\/litespeed\/avatar\/583d018ae6f04b98bfc8484594fa52eb.jpg?ver=1777022315","contentUrl":"https:\/\/www.afro-impact.com\/wp-content\/litespeed\/avatar\/583d018ae6f04b98bfc8484594fa52eb.jpg?ver=1777022315","caption":"G\u00e9rard Dawa"},"description":"G\u00e9rard Dawa, journaliste reporter \u00e0 Afro impact. Titulaire d\u2019une Licence en journalisme obtenue \u00e0 l\u2019ENSTIC au B\u00e9nin, je suis passionn\u00e9 des questions de sant\u00e9, culture et sport. J\u2019ai fait \u00e9galement mes armes \u00e0 la radio et je suis membre actif de la PMS \"Plateforme M\u00e9dias et Sant\u00e9\" du B\u00e9nin. Je cumule \u00e0 ce jour 8 ans d\u2019exp\u00e9rience en journalisme.","sameAs":["https:\/\/facebook.com\/gerard.dawa.7"],"url":"https:\/\/www.afro-impact.com\/en\/author\/olaotan\/"},{"@type":"PostalAddress","@id":"https:\/\/www.afro-impact.com\/en\/qatar-2022-world-cup-sadio-mane-reveals-the-favourites-for-the-competition-without-his-senegal\/#local-main-place-address","streetAddress":"Carr\u00e9 2167 Kindonou, Cotonou, BENIN, 07 BP 1128 Cotonou, BENIN","addressLocality":"Cotonou","postalCode":"+229","addressRegion":"Littoral","addressCountry":"BJ"},{"@type":"ImageObject","inLanguage":"en-US","@id":"https:\/\/www.afro-impact.com\/en\/qatar-2022-world-cup-sadio-mane-reveals-the-favourites-for-the-competition-without-his-senegal\/#local-main-organization-logo","url":"https:\/\/www.afro-impact.com\/wp-content\/uploads\/2022\/01\/logo-afro-impact-share-social.png","contentUrl":"https:\/\/www.afro-impact.com\/wp-content\/uploads\/2022\/01\/logo-afro-impact-share-social.png","width":300,"height":300,"caption":"Afro impact"}]},"geo.placename":"Cotonou","geo.position":{"lat":"6.389282121878214","long":"2.3602318590634495"},"geo.region":"Benin"},"_links":{"self":[{"href":"https:\/\/www.afro-impact.com\/en\/wp-json\/wp\/v2\/posts\/12790","targetHints":{"allow":["GET"]}}],"collection":[{"href":"https:\/\/www.afro-impact.com\/en\/wp-json\/wp\/v2\/posts"}],"about":[{"href":"https:\/\/www.afro-impact.com\/en\/wp-json\/wp\/v2\/types\/post"}],"author":[{"embeddable":true,"href":"https:\/\/www.afro-impact.com\/en\/wp-json\/wp\/v2\/users\/18"}],"replies":[{"embeddable":true,"href":"https:\/\/www.afro-impact.com\/en\/wp-json\/wp\/v2\/comments?post=12790"}],"version-history":[{"count":0,"href":"https:\/\/www.afro-impact.com\/en\/wp-json\/wp\/v2\/posts\/12790\/revisions"}],"wp:featuredmedia":[{"embeddable":true,"href":"https:\/\/www.afro-impact.com\/en\/wp-json\/wp\/v2\/media\/12780"}],"wp:attachment":[{"href":"https:\/\/www.afro-impact.com\/en\/wp-json\/wp\/v2\/media?parent=12790"}],"wp:term":[{"taxonomy":"category","embeddable":true,"href":"https:\/\/www.afro-impact.com\/en\/wp-json\/wp\/v2\/categories?post=12790"},{"taxonomy":"post_tag","embeddable":true,"href":"https:\/\/www.afro-impact.com\/en\/wp-json\/wp\/v2\/tags?post=12790"}],"curies":[{"name":"wp","href":"https:\/\/api.w.org\/{rel}","templated":true}]}}