{"id":13052,"date":"2022-11-09T13:13:35","date_gmt":"2022-11-09T12:13:35","guid":{"rendered":"https:\/\/www.afro-impact.com\/qatar-2022-sadio-mane-withdrawn-from-the-world-cup\/"},"modified":"2023-06-19T11:50:46","modified_gmt":"2023-06-19T10:50:46","slug":"qatar-2022-sadio-mane-withdrawn-from-the-world-cup","status":"publish","type":"post","link":"https:\/\/www.afro-impact.com\/en\/qatar-2022-sadio-mane-withdrawn-from-the-world-cup\/","title":{"rendered":"Qatar 2022: Sadio Man\u00e9 withdrawn from the World Cup"},"content":{"rendered":"\n<p><strong>As the 2022 World Cup kicks off on 20 November in Qatar, Senegal has lost one of its key players. It is Sadio Man\u00e9, the child of Bambali who took his country to the roof of Africa for the first time by winning the CAN 2022 against Egypt. The Senegalese international will not be on Aliou Cisse&#8217;s list for the World Cup as he suffered a shin injury during the Bayern-Werder Bremen match on Tuesday 8 November.<\/strong><\/p>\n\n<p>It was a blow to the Senegalese national team when the news was announced. Sadio Man\u00e9 will not be in Aliou Ciss\u00e9&#8217;s squad for the 2022 World Cup in Qatar. Bayern Munich&#8217;s Sadio Man\u00e9 will miss the 2022 World Cup after suffering an injury on Tuesday against Werder Bremen, reports <strong>The team<\/strong> on Wednesday.<\/p>\n\n<h2 class=\"wp-block-heading\"><strong>Shin splint or tendon injury?<\/strong><\/h2>\n\n<p>&#8220;He took a blow to the shin. He&#8217;s going to have scans. I hope it&#8217;s nothing,&#8221; said coach Julian Nagelsmann after the match. This assurance was dismissed out of hand by the sports daily, which reported a tendon injury requiring several weeks&#8217; absence.<\/p>\n\n<p>The chances of seeing the current Bayern player on the green rectangle to defend the colours of his nation, Senegal, are diminishing. Sadio Man\u00e9 will probably not appear on the list of players selected by Aliou Ciss\u00e9 and which should be made official on Friday at 10am (local time).<\/p>\n\n<h2 class=\"wp-block-heading\" id=\"h-une-absence-regrettable\"><strong>Regrettable absence <\/strong> <\/h2>\n\n<p>With his participation in the 2022 World Cup, Man\u00e9 had every chance to give a new dimension to his professional career. Winner of the last CAN and crowned best player of the tournament, author of the decisive penalty in the final of the CAN and in the play-offs of the World Cup and above all <a href=\"https:\/\/www.afro-impact.com\/en\/football-benzema-wins-golden-ball-2022-mane-ends-2nd\/\" target=\"_blank\" rel=\"noreferrer noopener\">2<sup>nd<\/sup> of the last Ballon d&#8217;Or<\/a>, this injury comes to encroach on the dream of the 30 year old player. His absence could be detrimental to the Lions, who face the Netherlands, Qatar and Ecuador in Group A.<\/p>\n\n<p>A total of five African nations will be in Qatar for the 2022 World Cup. There are Senegal, Ghana, Tunisia, Morocco and Cameroon. The competition opens on Sunday 20 November and closes on 18 December 2022.<\/p>\n","protected":false},"excerpt":{"rendered":"<p>As the 2022 World Cup kicks off on 20 November in Qatar, Senegal has lost one of its key players. It is Sadio Man\u00e9, the child of Bambali who took his country to the roof of Africa for the first time by winning the CAN 2022 against Egypt. The Senegalese international will not be on<\/p>\n","protected":false},"author":18,"featured_media":13034,"comment_status":"open","ping_status":"open","sticky":false,"template":"","format":"standard","meta":{"footnotes":""},"categories":[2128],"tags":[],"class_list":{"0":"post-13052","1":"post","2":"type-post","3":"status-publish","4":"format-standard","5":"has-post-thumbnail","7":"category-sports-en"},"yoast_head":"<!-- This site is optimized with the Yoast SEO Premium plugin v25.5 (Yoast SEO v25.5) - https:\/\/yoast.com\/wordpress\/plugins\/seo\/ -->\n<title>Qatar 2022: Sadio Man\u00e9 withdrawn from the World Cup - Afro impact<\/title>\n<meta name=\"description\" content=\"As the 2022 World Cup kicks off on 20 November in Qatar, Senegal has lost one of its key players. It is Sadio Man\u00e9, the child of Bambali who took his country to the roof of Africa for the first time by winning the CAN 2022 against Egypt. The Senegalese international will not be on Aliou Cisse&#039;s list for the World Cup as he suffered a shin injury during the Bayern-Werder Bremen match on Tuesday 8 November.\" \/>\n<meta name=\"robots\" content=\"index, follow, max-snippet:-1, max-image-preview:large, max-video-preview:-1\" \/>\n<link rel=\"canonical\" href=\"https:\/\/www.afro-impact.com\/en\/qatar-2022-sadio-mane-withdrawn-from-the-world-cup\/\" \/>\n<meta property=\"og:locale\" content=\"en_US\" \/>\n<meta property=\"og:type\" content=\"article\" \/>\n<meta property=\"og:title\" content=\"Qatar 2022: Sadio Man\u00e9 withdrawn from the World Cup - Afro impact\" \/>\n<meta property=\"og:description\" content=\"As the 2022 World Cup kicks off on 20 November in Qatar, Senegal has lost one of its key players. It is Sadio Man\u00e9, the child of Bambali who took his country to the roof of Africa for the first time by winning the CAN 2022 against Egypt. The Senegalese international will not be on Aliou Cisse&#039;s list for the World Cup as he suffered a shin injury during the Bayern-Werder Bremen match on Tuesday 8 November.\" \/>\n<meta property=\"og:url\" content=\"https:\/\/www.afro-impact.com\/en\/qatar-2022-sadio-mane-withdrawn-from-the-world-cup\/\" \/>\n<meta property=\"og:site_name\" content=\"Afro impact\" \/>\n<meta property=\"article:publisher\" content=\"https:\/\/www.facebook.com\/AfroimpactMag\" \/>\n<meta property=\"article:author\" content=\"https:\/\/facebook.com\/gerard.dawa.7\" \/>\n<meta property=\"article:published_time\" content=\"2022-11-09T12:13:35+00:00\" \/>\n<meta property=\"article:modified_time\" content=\"2023-06-19T10:50:46+00:00\" \/>\n<meta property=\"og:image\" content=\"https:\/\/www.afro-impact.com\/wp-content\/uploads\/2022\/11\/mane-bayern-blessure.jpg\" \/>\n\t<meta property=\"og:image:width\" content=\"1200\" \/>\n\t<meta property=\"og:image:height\" content=\"675\" \/>\n\t<meta property=\"og:image:type\" content=\"image\/jpeg\" \/>\n<meta name=\"author\" content=\"G\u00e9rard Dawa\" \/>\n<meta name=\"twitter:card\" content=\"summary_large_image\" \/>\n<meta name=\"twitter:creator\" content=\"@AfroimpactMag\" \/>\n<meta name=\"twitter:site\" content=\"@AfroimpactMag\" \/>\n<meta name=\"twitter:label1\" content=\"Written by\" \/>\n\t<meta name=\"twitter:data1\" content=\"G\u00e9rard Dawa\" \/>\n\t<meta name=\"twitter:label2\" content=\"Est. reading time\" \/>\n\t<meta name=\"twitter:data2\" content=\"2 minutes\" \/>\n<script type=\"application\/ld+json\" class=\"yoast-schema-graph\">{\"@context\":\"https:\/\/schema.org\",\"@graph\":[{\"@type\":\"NewsArticle\",\"@id\":\"https:\/\/www.afro-impact.com\/en\/qatar-2022-sadio-mane-withdrawn-from-the-world-cup\/#article\",\"isPartOf\":{\"@id\":\"https:\/\/www.afro-impact.com\/en\/qatar-2022-sadio-mane-withdrawn-from-the-world-cup\/\"},\"author\":{\"name\":\"G\u00e9rard Dawa\",\"@id\":\"https:\/\/www.afro-impact.com\/#\/schema\/person\/9e1a68f2554579c3a7a1e5f991745ab3\"},\"headline\":\"Qatar 2022: Sadio Man\u00e9 withdrawn from the World Cup\",\"datePublished\":\"2022-11-09T12:13:35+00:00\",\"dateModified\":\"2023-06-19T10:50:46+00:00\",\"mainEntityOfPage\":{\"@id\":\"https:\/\/www.afro-impact.com\/en\/qatar-2022-sadio-mane-withdrawn-from-the-world-cup\/\"},\"wordCount\":361,\"commentCount\":0,\"publisher\":{\"@id\":\"https:\/\/www.afro-impact.com\/#organization\"},\"image\":{\"@id\":\"https:\/\/www.afro-impact.com\/en\/qatar-2022-sadio-mane-withdrawn-from-the-world-cup\/#primaryimage\"},\"thumbnailUrl\":\"https:\/\/www.afro-impact.com\/wp-content\/uploads\/2022\/11\/mane-bayern-blessure.jpg\",\"articleSection\":[\"Sports\"],\"inLanguage\":\"en-US\",\"potentialAction\":[{\"@type\":\"CommentAction\",\"name\":\"Comment\",\"target\":[\"https:\/\/www.afro-impact.com\/en\/qatar-2022-sadio-mane-withdrawn-from-the-world-cup\/#respond\"]}],\"copyrightYear\":\"2022\",\"copyrightHolder\":{\"@id\":\"https:\/\/www.afro-impact.com\/#organization\"}},{\"@type\":\"WebPage\",\"@id\":\"https:\/\/www.afro-impact.com\/en\/qatar-2022-sadio-mane-withdrawn-from-the-world-cup\/\",\"url\":\"https:\/\/www.afro-impact.com\/en\/qatar-2022-sadio-mane-withdrawn-from-the-world-cup\/\",\"name\":\"Qatar 2022: Sadio Man\u00e9 withdrawn from the World Cup - Afro impact\",\"isPartOf\":{\"@id\":\"https:\/\/www.afro-impact.com\/#website\"},\"primaryImageOfPage\":{\"@id\":\"https:\/\/www.afro-impact.com\/en\/qatar-2022-sadio-mane-withdrawn-from-the-world-cup\/#primaryimage\"},\"image\":{\"@id\":\"https:\/\/www.afro-impact.com\/en\/qatar-2022-sadio-mane-withdrawn-from-the-world-cup\/#primaryimage\"},\"thumbnailUrl\":\"https:\/\/www.afro-impact.com\/wp-content\/uploads\/2022\/11\/mane-bayern-blessure.jpg\",\"datePublished\":\"2022-11-09T12:13:35+00:00\",\"dateModified\":\"2023-06-19T10:50:46+00:00\",\"description\":\"As the 2022 World Cup kicks off on 20 November in Qatar, Senegal has lost one of its key players. It is Sadio Man\u00e9, the child of Bambali who took his country to the roof of Africa for the first time by winning the CAN 2022 against Egypt. The Senegalese international will not be on Aliou Cisse's list for the World Cup as he suffered a shin injury during the Bayern-Werder Bremen match on Tuesday 8 November.\",\"breadcrumb\":{\"@id\":\"https:\/\/www.afro-impact.com\/en\/qatar-2022-sadio-mane-withdrawn-from-the-world-cup\/#breadcrumb\"},\"inLanguage\":\"en-US\",\"potentialAction\":[{\"@type\":\"ReadAction\",\"target\":[\"https:\/\/www.afro-impact.com\/en\/qatar-2022-sadio-mane-withdrawn-from-the-world-cup\/\"]}]},{\"@type\":\"ImageObject\",\"inLanguage\":\"en-US\",\"@id\":\"https:\/\/www.afro-impact.com\/en\/qatar-2022-sadio-mane-withdrawn-from-the-world-cup\/#primaryimage\",\"url\":\"https:\/\/www.afro-impact.com\/wp-content\/uploads\/2022\/11\/mane-bayern-blessure.jpg\",\"contentUrl\":\"https:\/\/www.afro-impact.com\/wp-content\/uploads\/2022\/11\/mane-bayern-blessure.jpg\",\"width\":1200,\"height\":675,\"caption\":\"Sadio Man\u00e9 in a red Bayern shirt after his injury during the Bayern-Werder Bremen match. Photo source: Eurosport\"},{\"@type\":\"BreadcrumbList\",\"@id\":\"https:\/\/www.afro-impact.com\/en\/qatar-2022-sadio-mane-withdrawn-from-the-world-cup\/#breadcrumb\",\"itemListElement\":[{\"@type\":\"ListItem\",\"position\":1,\"name\":\"News\",\"item\":\"https:\/\/www.afro-impact.com\/\"},{\"@type\":\"ListItem\",\"position\":2,\"name\":\"Sports\",\"item\":\"https:\/\/www.afro-impact.com\/sports\/\"},{\"@type\":\"ListItem\",\"position\":3,\"name\":\"Qatar 2022: Sadio Man\u00e9 withdrawn from the World Cup\"}]},{\"@type\":\"WebSite\",\"@id\":\"https:\/\/www.afro-impact.com\/#website\",\"url\":\"https:\/\/www.afro-impact.com\/\",\"name\":\"Afro impact\",\"description\":\"L&#039;Afrique vu autrement\",\"publisher\":{\"@id\":\"https:\/\/www.afro-impact.com\/#organization\"},\"potentialAction\":[{\"@type\":\"SearchAction\",\"target\":{\"@type\":\"EntryPoint\",\"urlTemplate\":\"https:\/\/www.afro-impact.com\/?s={search_term_string}\"},\"query-input\":{\"@type\":\"PropertyValueSpecification\",\"valueRequired\":true,\"valueName\":\"search_term_string\"}}],\"inLanguage\":\"en-US\"},{\"@type\":[\"Organization\",\"Place\"],\"@id\":\"https:\/\/www.afro-impact.com\/#organization\",\"name\":\"Afro impact\",\"alternateName\":\"carrecube\",\"url\":\"https:\/\/www.afro-impact.com\/\",\"logo\":{\"@id\":\"https:\/\/www.afro-impact.com\/en\/qatar-2022-sadio-mane-withdrawn-from-the-world-cup\/#local-main-organization-logo\"},\"image\":{\"@id\":\"https:\/\/www.afro-impact.com\/en\/qatar-2022-sadio-mane-withdrawn-from-the-world-cup\/#local-main-organization-logo\"},\"sameAs\":[\"https:\/\/www.facebook.com\/AfroimpactMag\",\"https:\/\/x.com\/AfroimpactMag\",\"https:\/\/www.youtube.com\/channel\/UCJNIRcX4sVo487fhv0p5KDw\"],\"publishingPrinciples\":\"https:\/\/www.afro-impact.com\/a-propos-magazine-afro-impact\/\",\"ownershipFundingInfo\":\"https:\/\/www.afro-impact.com\/mentions-legales\/\",\"actionableFeedbackPolicy\":\"https:\/\/www.afro-impact.com\/conditions-generales\/\",\"correctionsPolicy\":\"https:\/\/www.afro-impact.com\/dmca-retrait\/\",\"address\":{\"@id\":\"https:\/\/www.afro-impact.com\/en\/qatar-2022-sadio-mane-withdrawn-from-the-world-cup\/#local-main-place-address\"},\"geo\":{\"@type\":\"GeoCoordinates\",\"latitude\":\"6.389282121878214\",\"longitude\":\"2.3602318590634495\"},\"telephone\":[\"+229 54900806\"],\"openingHoursSpecification\":[{\"@type\":\"OpeningHoursSpecification\",\"dayOfWeek\":[\"Monday\",\"Tuesday\",\"Wednesday\",\"Thursday\",\"Friday\",\"Saturday\",\"Sunday\"],\"opens\":\"00:00\",\"closes\":\"23:59\"}],\"email\":\"redaction@afro-impact.com\",\"vatID\":\"0 2022 1395 5557\"},{\"@type\":\"Person\",\"@id\":\"https:\/\/www.afro-impact.com\/#\/schema\/person\/9e1a68f2554579c3a7a1e5f991745ab3\",\"name\":\"G\u00e9rard Dawa\",\"image\":{\"@type\":\"ImageObject\",\"inLanguage\":\"en-US\",\"@id\":\"https:\/\/www.afro-impact.com\/#\/schema\/person\/image\/\",\"url\":\"https:\/\/www.afro-impact.com\/wp-content\/litespeed\/avatar\/583d018ae6f04b98bfc8484594fa52eb.jpg?ver=1777022315\",\"contentUrl\":\"https:\/\/www.afro-impact.com\/wp-content\/litespeed\/avatar\/583d018ae6f04b98bfc8484594fa52eb.jpg?ver=1777022315\",\"caption\":\"G\u00e9rard Dawa\"},\"description\":\"G\u00e9rard Dawa, journaliste reporter \u00e0 Afro impact. Titulaire d\u2019une Licence en journalisme obtenue \u00e0 l\u2019ENSTIC au B\u00e9nin, je suis passionn\u00e9 des questions de sant\u00e9, culture et sport. J\u2019ai fait \u00e9galement mes armes \u00e0 la radio et je suis membre actif de la PMS \\\"Plateforme M\u00e9dias et Sant\u00e9\\\" du B\u00e9nin. Je cumule \u00e0 ce jour 8 ans d\u2019exp\u00e9rience en journalisme.\",\"sameAs\":[\"https:\/\/facebook.com\/gerard.dawa.7\"],\"url\":\"https:\/\/www.afro-impact.com\/en\/author\/olaotan\/\"},{\"@type\":\"PostalAddress\",\"@id\":\"https:\/\/www.afro-impact.com\/en\/qatar-2022-sadio-mane-withdrawn-from-the-world-cup\/#local-main-place-address\",\"streetAddress\":\"Carr\u00e9 2167 Kindonou, Cotonou, BENIN, 07 BP 1128 Cotonou, BENIN\",\"addressLocality\":\"Cotonou\",\"postalCode\":\"+229\",\"addressRegion\":\"Littoral\",\"addressCountry\":\"BJ\"},{\"@type\":\"ImageObject\",\"inLanguage\":\"en-US\",\"@id\":\"https:\/\/www.afro-impact.com\/en\/qatar-2022-sadio-mane-withdrawn-from-the-world-cup\/#local-main-organization-logo\",\"url\":\"https:\/\/www.afro-impact.com\/wp-content\/uploads\/2022\/01\/logo-afro-impact-share-social.png\",\"contentUrl\":\"https:\/\/www.afro-impact.com\/wp-content\/uploads\/2022\/01\/logo-afro-impact-share-social.png\",\"width\":300,\"height\":300,\"caption\":\"Afro impact\"}]}<\/script>\n<meta name=\"geo.placename\" content=\"Cotonou\" \/>\n<meta name=\"geo.position\" content=\"6.389282121878214;2.3602318590634495\" \/>\n<meta name=\"geo.region\" content=\"Benin\" \/>\n<!-- \/ Yoast SEO Premium plugin. -->","yoast_head_json":{"title":"Qatar 2022: Sadio Man\u00e9 withdrawn from the World Cup - Afro impact","description":"As the 2022 World Cup kicks off on 20 November in Qatar, Senegal has lost one of its key players. It is Sadio Man\u00e9, the child of Bambali who took his country to the roof of Africa for the first time by winning the CAN 2022 against Egypt. The Senegalese international will not be on Aliou Cisse's list for the World Cup as he suffered a shin injury during the Bayern-Werder Bremen match on Tuesday 8 November.","robots":{"index":"index","follow":"follow","max-snippet":"max-snippet:-1","max-image-preview":"max-image-preview:large","max-video-preview":"max-video-preview:-1"},"canonical":"https:\/\/www.afro-impact.com\/en\/qatar-2022-sadio-mane-withdrawn-from-the-world-cup\/","og_locale":"en_US","og_type":"article","og_title":"Qatar 2022: Sadio Man\u00e9 withdrawn from the World Cup - Afro impact","og_description":"As the 2022 World Cup kicks off on 20 November in Qatar, Senegal has lost one of its key players. It is Sadio Man\u00e9, the child of Bambali who took his country to the roof of Africa for the first time by winning the CAN 2022 against Egypt. The Senegalese international will not be on Aliou Cisse's list for the World Cup as he suffered a shin injury during the Bayern-Werder Bremen match on Tuesday 8 November.","og_url":"https:\/\/www.afro-impact.com\/en\/qatar-2022-sadio-mane-withdrawn-from-the-world-cup\/","og_site_name":"Afro impact","article_publisher":"https:\/\/www.facebook.com\/AfroimpactMag","article_author":"https:\/\/facebook.com\/gerard.dawa.7","article_published_time":"2022-11-09T12:13:35+00:00","article_modified_time":"2023-06-19T10:50:46+00:00","og_image":[{"width":1200,"height":675,"url":"https:\/\/www.afro-impact.com\/wp-content\/uploads\/2022\/11\/mane-bayern-blessure.jpg","type":"image\/jpeg"}],"author":"G\u00e9rard Dawa","twitter_card":"summary_large_image","twitter_creator":"@AfroimpactMag","twitter_site":"@AfroimpactMag","twitter_misc":{"Written by":"G\u00e9rard Dawa","Est. reading time":"2 minutes"},"schema":{"@context":"https:\/\/schema.org","@graph":[{"@type":"NewsArticle","@id":"https:\/\/www.afro-impact.com\/en\/qatar-2022-sadio-mane-withdrawn-from-the-world-cup\/#article","isPartOf":{"@id":"https:\/\/www.afro-impact.com\/en\/qatar-2022-sadio-mane-withdrawn-from-the-world-cup\/"},"author":{"name":"G\u00e9rard Dawa","@id":"https:\/\/www.afro-impact.com\/#\/schema\/person\/9e1a68f2554579c3a7a1e5f991745ab3"},"headline":"Qatar 2022: Sadio Man\u00e9 withdrawn from the World Cup","datePublished":"2022-11-09T12:13:35+00:00","dateModified":"2023-06-19T10:50:46+00:00","mainEntityOfPage":{"@id":"https:\/\/www.afro-impact.com\/en\/qatar-2022-sadio-mane-withdrawn-from-the-world-cup\/"},"wordCount":361,"commentCount":0,"publisher":{"@id":"https:\/\/www.afro-impact.com\/#organization"},"image":{"@id":"https:\/\/www.afro-impact.com\/en\/qatar-2022-sadio-mane-withdrawn-from-the-world-cup\/#primaryimage"},"thumbnailUrl":"https:\/\/www.afro-impact.com\/wp-content\/uploads\/2022\/11\/mane-bayern-blessure.jpg","articleSection":["Sports"],"inLanguage":"en-US","potentialAction":[{"@type":"CommentAction","name":"Comment","target":["https:\/\/www.afro-impact.com\/en\/qatar-2022-sadio-mane-withdrawn-from-the-world-cup\/#respond"]}],"copyrightYear":"2022","copyrightHolder":{"@id":"https:\/\/www.afro-impact.com\/#organization"}},{"@type":"WebPage","@id":"https:\/\/www.afro-impact.com\/en\/qatar-2022-sadio-mane-withdrawn-from-the-world-cup\/","url":"https:\/\/www.afro-impact.com\/en\/qatar-2022-sadio-mane-withdrawn-from-the-world-cup\/","name":"Qatar 2022: Sadio Man\u00e9 withdrawn from the World Cup - Afro impact","isPartOf":{"@id":"https:\/\/www.afro-impact.com\/#website"},"primaryImageOfPage":{"@id":"https:\/\/www.afro-impact.com\/en\/qatar-2022-sadio-mane-withdrawn-from-the-world-cup\/#primaryimage"},"image":{"@id":"https:\/\/www.afro-impact.com\/en\/qatar-2022-sadio-mane-withdrawn-from-the-world-cup\/#primaryimage"},"thumbnailUrl":"https:\/\/www.afro-impact.com\/wp-content\/uploads\/2022\/11\/mane-bayern-blessure.jpg","datePublished":"2022-11-09T12:13:35+00:00","dateModified":"2023-06-19T10:50:46+00:00","description":"As the 2022 World Cup kicks off on 20 November in Qatar, Senegal has lost one of its key players. It is Sadio Man\u00e9, the child of Bambali who took his country to the roof of Africa for the first time by winning the CAN 2022 against Egypt. The Senegalese international will not be on Aliou Cisse's list for the World Cup as he suffered a shin injury during the Bayern-Werder Bremen match on Tuesday 8 November.","breadcrumb":{"@id":"https:\/\/www.afro-impact.com\/en\/qatar-2022-sadio-mane-withdrawn-from-the-world-cup\/#breadcrumb"},"inLanguage":"en-US","potentialAction":[{"@type":"ReadAction","target":["https:\/\/www.afro-impact.com\/en\/qatar-2022-sadio-mane-withdrawn-from-the-world-cup\/"]}]},{"@type":"ImageObject","inLanguage":"en-US","@id":"https:\/\/www.afro-impact.com\/en\/qatar-2022-sadio-mane-withdrawn-from-the-world-cup\/#primaryimage","url":"https:\/\/www.afro-impact.com\/wp-content\/uploads\/2022\/11\/mane-bayern-blessure.jpg","contentUrl":"https:\/\/www.afro-impact.com\/wp-content\/uploads\/2022\/11\/mane-bayern-blessure.jpg","width":1200,"height":675,"caption":"Sadio Man\u00e9 in a red Bayern shirt after his injury during the Bayern-Werder Bremen match. Photo source: Eurosport"},{"@type":"BreadcrumbList","@id":"https:\/\/www.afro-impact.com\/en\/qatar-2022-sadio-mane-withdrawn-from-the-world-cup\/#breadcrumb","itemListElement":[{"@type":"ListItem","position":1,"name":"News","item":"https:\/\/www.afro-impact.com\/"},{"@type":"ListItem","position":2,"name":"Sports","item":"https:\/\/www.afro-impact.com\/sports\/"},{"@type":"ListItem","position":3,"name":"Qatar 2022: Sadio Man\u00e9 withdrawn from the World Cup"}]},{"@type":"WebSite","@id":"https:\/\/www.afro-impact.com\/#website","url":"https:\/\/www.afro-impact.com\/","name":"Afro impact","description":"L&#039;Afrique vu autrement","publisher":{"@id":"https:\/\/www.afro-impact.com\/#organization"},"potentialAction":[{"@type":"SearchAction","target":{"@type":"EntryPoint","urlTemplate":"https:\/\/www.afro-impact.com\/?s={search_term_string}"},"query-input":{"@type":"PropertyValueSpecification","valueRequired":true,"valueName":"search_term_string"}}],"inLanguage":"en-US"},{"@type":["Organization","Place"],"@id":"https:\/\/www.afro-impact.com\/#organization","name":"Afro impact","alternateName":"carrecube","url":"https:\/\/www.afro-impact.com\/","logo":{"@id":"https:\/\/www.afro-impact.com\/en\/qatar-2022-sadio-mane-withdrawn-from-the-world-cup\/#local-main-organization-logo"},"image":{"@id":"https:\/\/www.afro-impact.com\/en\/qatar-2022-sadio-mane-withdrawn-from-the-world-cup\/#local-main-organization-logo"},"sameAs":["https:\/\/www.facebook.com\/AfroimpactMag","https:\/\/x.com\/AfroimpactMag","https:\/\/www.youtube.com\/channel\/UCJNIRcX4sVo487fhv0p5KDw"],"publishingPrinciples":"https:\/\/www.afro-impact.com\/a-propos-magazine-afro-impact\/","ownershipFundingInfo":"https:\/\/www.afro-impact.com\/mentions-legales\/","actionableFeedbackPolicy":"https:\/\/www.afro-impact.com\/conditions-generales\/","correctionsPolicy":"https:\/\/www.afro-impact.com\/dmca-retrait\/","address":{"@id":"https:\/\/www.afro-impact.com\/en\/qatar-2022-sadio-mane-withdrawn-from-the-world-cup\/#local-main-place-address"},"geo":{"@type":"GeoCoordinates","latitude":"6.389282121878214","longitude":"2.3602318590634495"},"telephone":["+229 54900806"],"openingHoursSpecification":[{"@type":"OpeningHoursSpecification","dayOfWeek":["Monday","Tuesday","Wednesday","Thursday","Friday","Saturday","Sunday"],"opens":"00:00","closes":"23:59"}],"email":"redaction@afro-impact.com","vatID":"0 2022 1395 5557"},{"@type":"Person","@id":"https:\/\/www.afro-impact.com\/#\/schema\/person\/9e1a68f2554579c3a7a1e5f991745ab3","name":"G\u00e9rard Dawa","image":{"@type":"ImageObject","inLanguage":"en-US","@id":"https:\/\/www.afro-impact.com\/#\/schema\/person\/image\/","url":"https:\/\/www.afro-impact.com\/wp-content\/litespeed\/avatar\/583d018ae6f04b98bfc8484594fa52eb.jpg?ver=1777022315","contentUrl":"https:\/\/www.afro-impact.com\/wp-content\/litespeed\/avatar\/583d018ae6f04b98bfc8484594fa52eb.jpg?ver=1777022315","caption":"G\u00e9rard Dawa"},"description":"G\u00e9rard Dawa, journaliste reporter \u00e0 Afro impact. Titulaire d\u2019une Licence en journalisme obtenue \u00e0 l\u2019ENSTIC au B\u00e9nin, je suis passionn\u00e9 des questions de sant\u00e9, culture et sport. J\u2019ai fait \u00e9galement mes armes \u00e0 la radio et je suis membre actif de la PMS \"Plateforme M\u00e9dias et Sant\u00e9\" du B\u00e9nin. Je cumule \u00e0 ce jour 8 ans d\u2019exp\u00e9rience en journalisme.","sameAs":["https:\/\/facebook.com\/gerard.dawa.7"],"url":"https:\/\/www.afro-impact.com\/en\/author\/olaotan\/"},{"@type":"PostalAddress","@id":"https:\/\/www.afro-impact.com\/en\/qatar-2022-sadio-mane-withdrawn-from-the-world-cup\/#local-main-place-address","streetAddress":"Carr\u00e9 2167 Kindonou, Cotonou, BENIN, 07 BP 1128 Cotonou, BENIN","addressLocality":"Cotonou","postalCode":"+229","addressRegion":"Littoral","addressCountry":"BJ"},{"@type":"ImageObject","inLanguage":"en-US","@id":"https:\/\/www.afro-impact.com\/en\/qatar-2022-sadio-mane-withdrawn-from-the-world-cup\/#local-main-organization-logo","url":"https:\/\/www.afro-impact.com\/wp-content\/uploads\/2022\/01\/logo-afro-impact-share-social.png","contentUrl":"https:\/\/www.afro-impact.com\/wp-content\/uploads\/2022\/01\/logo-afro-impact-share-social.png","width":300,"height":300,"caption":"Afro impact"}]},"geo.placename":"Cotonou","geo.position":{"lat":"6.389282121878214","long":"2.3602318590634495"},"geo.region":"Benin"},"_links":{"self":[{"href":"https:\/\/www.afro-impact.com\/en\/wp-json\/wp\/v2\/posts\/13052","targetHints":{"allow":["GET"]}}],"collection":[{"href":"https:\/\/www.afro-impact.com\/en\/wp-json\/wp\/v2\/posts"}],"about":[{"href":"https:\/\/www.afro-impact.com\/en\/wp-json\/wp\/v2\/types\/post"}],"author":[{"embeddable":true,"href":"https:\/\/www.afro-impact.com\/en\/wp-json\/wp\/v2\/users\/18"}],"replies":[{"embeddable":true,"href":"https:\/\/www.afro-impact.com\/en\/wp-json\/wp\/v2\/comments?post=13052"}],"version-history":[{"count":0,"href":"https:\/\/www.afro-impact.com\/en\/wp-json\/wp\/v2\/posts\/13052\/revisions"}],"wp:featuredmedia":[{"embeddable":true,"href":"https:\/\/www.afro-impact.com\/en\/wp-json\/wp\/v2\/media\/13034"}],"wp:attachment":[{"href":"https:\/\/www.afro-impact.com\/en\/wp-json\/wp\/v2\/media?parent=13052"}],"wp:term":[{"taxonomy":"category","embeddable":true,"href":"https:\/\/www.afro-impact.com\/en\/wp-json\/wp\/v2\/categories?post=13052"},{"taxonomy":"post_tag","embeddable":true,"href":"https:\/\/www.afro-impact.com\/en\/wp-json\/wp\/v2\/tags?post=13052"}],"curies":[{"name":"wp","href":"https:\/\/api.w.org\/{rel}","templated":true}]}}