{"id":13119,"date":"2022-11-15T15:43:36","date_gmt":"2022-11-15T14:43:36","guid":{"rendered":"https:\/\/www.afro-impact.com\/mali-ivory-coast-relations-ivory-coast-announces-the-withdrawal-of-its-soldiers-in-mali\/"},"modified":"2023-06-19T11:43:41","modified_gmt":"2023-06-19T10:43:41","slug":"mali-ivory-coast-relations-ivory-coast-announces-the-withdrawal-of-its-soldiers-in-mali","status":"publish","type":"post","link":"https:\/\/www.afro-impact.com\/en\/mali-ivory-coast-relations-ivory-coast-announces-the-withdrawal-of-its-soldiers-in-mali\/","title":{"rendered":"Mali-Ivory Coast relations: Ivory Coast announces the withdrawal of its soldiers in Mali"},"content":{"rendered":"\n<p><strong>The Ivorian government has announced the withdrawal of its soldiers deployed within the United Nations Multidimensional Integrated Stabilisation Mission in Mali (Minusma), to fight terrorism, in a note made public on Tuesday 15 November 2022.<\/strong><\/p>\n\n<p>After France, Sweden and the United Kingdom, Abidjan announced on Tuesday 15 November the withdrawal of its soldiers from Mali in order to contain the rise of terrorism. No reason was given for the withdrawal. But when we know that Bamako is still holding the 46 Ivorian soldiers described as mercenaries, we can imagine the reason behind this decision by the Ivorian state.<\/p>\n\n<p>&#8220;By order of the Government of the Republic of Ivory Coast, the Permanent Mission confirms the decision to progressively withdraw Ivorian military and police personnel deployed within the United Nations Multidimensional Integrated Stabilisation Mission in Mali-Ivory Coast (MINUSMA), as announced on 28 October 2022 by the Minister of State, L\u00e9on Kacou ADOM, during his meeting with the Under-Secretary General for Peace Operations, Mr. Jean-Pierre LACROIX,&#8221; the statement states.<\/p>\n\n<p>&#8220;As a consequence of the above, the rotation of the protection company based in Mopti as well as the deployment of staff officers (MSO) and police officers (IPO), scheduled for October and November 2022 respectively, can no longer be carried out,&#8221; the document continues.<\/p>\n\n<p>In addition, the text adds that &#8220;Ivory Coast does not envisage relieving, in August 2023, the military and other elements present in the UNMISSIM force, adding that the Ivorian government would therefore be grateful to the Department of Peace Operations (DPO) for the appropriate measures that it would be pleased to take in view of the immediate implementation of this decision.<\/p>\n\n<p>In addition, Ivory Coast is considering redeploying its men to other countries as part of UN peacekeeping operations. &#8220;The government is prepared to redeploy the troops withdrawn from Mali to other UN peacekeeping missions,&#8221; the note said.<\/p>\n","protected":false},"excerpt":{"rendered":"<p>The Ivorian government has announced the withdrawal of its soldiers deployed within the United Nations Multidimensional Integrated Stabilisation Mission in Mali (Minusma), to fight terrorism, in a note made public on Tuesday 15 November 2022. After France, Sweden and the United Kingdom, Abidjan announced on Tuesday 15 November the withdrawal of its soldiers from Mali<\/p>\n","protected":false},"author":2,"featured_media":13115,"comment_status":"open","ping_status":"open","sticky":false,"template":"","format":"standard","meta":{"footnotes":""},"categories":[1476],"tags":[],"class_list":{"0":"post-13119","1":"post","2":"type-post","3":"status-publish","4":"format-standard","5":"has-post-thumbnail","7":"category-politics"},"yoast_head":"<!-- This site is optimized with the Yoast SEO Premium plugin v25.5 (Yoast SEO v25.5) - https:\/\/yoast.com\/wordpress\/plugins\/seo\/ -->\n<title>Mali-Ivory Coast relations: Ivory Coast announces the withdrawal of its soldiers in Mali - Afro impact<\/title>\n<meta name=\"description\" content=\"The Ivorian government has announced the withdrawal of its soldiers deployed within the United Nations Multidimensional Integrated Stabilisation Mission in Mali (Minusma), to fight terrorism, in a note made public on Tuesday 15 November 2022.\" \/>\n<meta name=\"robots\" content=\"index, follow, max-snippet:-1, max-image-preview:large, max-video-preview:-1\" \/>\n<link rel=\"canonical\" href=\"https:\/\/www.afro-impact.com\/relation-mali-cote-divoire-la-cote-divoire-annonce-le-retrait-de-ses-troupes-en-mission-au-mali\/\" \/>\n<meta property=\"og:locale\" content=\"en_US\" \/>\n<meta property=\"og:type\" content=\"article\" \/>\n<meta property=\"og:title\" content=\"Mali-Ivory Coast relations: Ivory Coast announces the withdrawal of its soldiers in Mali - Afro impact\" \/>\n<meta property=\"og:description\" content=\"The Ivorian government has announced the withdrawal of its soldiers deployed within the United Nations Multidimensional Integrated Stabilisation Mission in Mali (Minusma), to fight terrorism, in a note made public on Tuesday 15 November 2022.\" \/>\n<meta property=\"og:url\" content=\"https:\/\/www.afro-impact.com\/relation-mali-cote-divoire-la-cote-divoire-annonce-le-retrait-de-ses-troupes-en-mission-au-mali\/\" \/>\n<meta property=\"og:site_name\" content=\"Afro impact\" \/>\n<meta property=\"article:publisher\" content=\"https:\/\/www.facebook.com\/AfroimpactMag\" \/>\n<meta property=\"article:author\" content=\"https:\/\/facebook.com\/profile.php?id=100075035589093\" \/>\n<meta property=\"article:published_time\" content=\"2022-11-15T14:43:36+00:00\" \/>\n<meta property=\"article:modified_time\" content=\"2023-06-19T10:43:41+00:00\" \/>\n<meta property=\"og:image\" content=\"https:\/\/www.afro-impact.com\/wp-content\/uploads\/2022\/11\/Casque-bleu-ivoirien-mali-minusma.jpg\" \/>\n\t<meta property=\"og:image:width\" content=\"640\" \/>\n\t<meta property=\"og:image:height\" content=\"290\" \/>\n\t<meta property=\"og:image:type\" content=\"image\/jpeg\" \/>\n<meta name=\"author\" content=\"Eliane Fatchina\" \/>\n<meta name=\"twitter:card\" content=\"summary_large_image\" \/>\n<meta name=\"twitter:creator\" content=\"@AfroimpactMag\" \/>\n<meta name=\"twitter:site\" content=\"@AfroimpactMag\" \/>\n<meta name=\"twitter:label1\" content=\"Written by\" \/>\n\t<meta name=\"twitter:data1\" content=\"Eliane Fatchina\" \/>\n\t<meta name=\"twitter:label2\" content=\"Est. reading time\" \/>\n\t<meta name=\"twitter:data2\" content=\"2 minutes\" \/>\n<script type=\"application\/ld+json\" class=\"yoast-schema-graph\">{\"@context\":\"https:\/\/schema.org\",\"@graph\":[{\"@type\":\"NewsArticle\",\"@id\":\"https:\/\/www.afro-impact.com\/relation-mali-cote-divoire-la-cote-divoire-annonce-le-retrait-de-ses-troupes-en-mission-au-mali\/#article\",\"isPartOf\":{\"@id\":\"https:\/\/www.afro-impact.com\/relation-mali-cote-divoire-la-cote-divoire-annonce-le-retrait-de-ses-troupes-en-mission-au-mali\/\"},\"author\":{\"name\":\"Eliane Fatchina\",\"@id\":\"https:\/\/www.afro-impact.com\/#\/schema\/person\/5c48f58a7d0cc36b8d96110a4feedf77\"},\"headline\":\"Mali-Ivory Coast relations: Ivory Coast announces the withdrawal of its soldiers in Mali\",\"datePublished\":\"2022-11-15T14:43:36+00:00\",\"dateModified\":\"2023-06-19T10:43:41+00:00\",\"mainEntityOfPage\":{\"@id\":\"https:\/\/www.afro-impact.com\/relation-mali-cote-divoire-la-cote-divoire-annonce-le-retrait-de-ses-troupes-en-mission-au-mali\/\"},\"wordCount\":314,\"commentCount\":0,\"publisher\":{\"@id\":\"https:\/\/www.afro-impact.com\/#organization\"},\"image\":{\"@id\":\"https:\/\/www.afro-impact.com\/relation-mali-cote-divoire-la-cote-divoire-annonce-le-retrait-de-ses-troupes-en-mission-au-mali\/#primaryimage\"},\"thumbnailUrl\":\"https:\/\/www.afro-impact.com\/wp-content\/uploads\/2022\/11\/Casque-bleu-ivoirien-mali-minusma.jpg\",\"articleSection\":[\"Politics\"],\"inLanguage\":\"en-US\",\"potentialAction\":[{\"@type\":\"CommentAction\",\"name\":\"Comment\",\"target\":[\"https:\/\/www.afro-impact.com\/relation-mali-cote-divoire-la-cote-divoire-annonce-le-retrait-de-ses-troupes-en-mission-au-mali\/#respond\"]}],\"copyrightYear\":\"2022\",\"copyrightHolder\":{\"@id\":\"https:\/\/www.afro-impact.com\/#organization\"}},{\"@type\":\"WebPage\",\"@id\":\"https:\/\/www.afro-impact.com\/relation-mali-cote-divoire-la-cote-divoire-annonce-le-retrait-de-ses-troupes-en-mission-au-mali\/\",\"url\":\"https:\/\/www.afro-impact.com\/relation-mali-cote-divoire-la-cote-divoire-annonce-le-retrait-de-ses-troupes-en-mission-au-mali\/\",\"name\":\"Mali-Ivory Coast relations: Ivory Coast announces the withdrawal of its soldiers in Mali - Afro impact\",\"isPartOf\":{\"@id\":\"https:\/\/www.afro-impact.com\/#website\"},\"primaryImageOfPage\":{\"@id\":\"https:\/\/www.afro-impact.com\/relation-mali-cote-divoire-la-cote-divoire-annonce-le-retrait-de-ses-troupes-en-mission-au-mali\/#primaryimage\"},\"image\":{\"@id\":\"https:\/\/www.afro-impact.com\/relation-mali-cote-divoire-la-cote-divoire-annonce-le-retrait-de-ses-troupes-en-mission-au-mali\/#primaryimage\"},\"thumbnailUrl\":\"https:\/\/www.afro-impact.com\/wp-content\/uploads\/2022\/11\/Casque-bleu-ivoirien-mali-minusma.jpg\",\"datePublished\":\"2022-11-15T14:43:36+00:00\",\"dateModified\":\"2023-06-19T10:43:41+00:00\",\"description\":\"The Ivorian government has announced the withdrawal of its soldiers deployed within the United Nations Multidimensional Integrated Stabilisation Mission in Mali (Minusma), to fight terrorism, in a note made public on Tuesday 15 November 2022.\",\"breadcrumb\":{\"@id\":\"https:\/\/www.afro-impact.com\/relation-mali-cote-divoire-la-cote-divoire-annonce-le-retrait-de-ses-troupes-en-mission-au-mali\/#breadcrumb\"},\"inLanguage\":\"en-US\",\"potentialAction\":[{\"@type\":\"ReadAction\",\"target\":[\"https:\/\/www.afro-impact.com\/relation-mali-cote-divoire-la-cote-divoire-annonce-le-retrait-de-ses-troupes-en-mission-au-mali\/\"]}]},{\"@type\":\"ImageObject\",\"inLanguage\":\"en-US\",\"@id\":\"https:\/\/www.afro-impact.com\/relation-mali-cote-divoire-la-cote-divoire-annonce-le-retrait-de-ses-troupes-en-mission-au-mali\/#primaryimage\",\"url\":\"https:\/\/www.afro-impact.com\/wp-content\/uploads\/2022\/11\/Casque-bleu-ivoirien-mali-minusma.jpg\",\"contentUrl\":\"https:\/\/www.afro-impact.com\/wp-content\/uploads\/2022\/11\/Casque-bleu-ivoirien-mali-minusma.jpg\",\"width\":640,\"height\":290,\"caption\":\"Source photo: wakatsera\"},{\"@type\":\"BreadcrumbList\",\"@id\":\"https:\/\/www.afro-impact.com\/relation-mali-cote-divoire-la-cote-divoire-annonce-le-retrait-de-ses-troupes-en-mission-au-mali\/#breadcrumb\",\"itemListElement\":[{\"@type\":\"ListItem\",\"position\":1,\"name\":\"News\",\"item\":\"https:\/\/www.afro-impact.com\/\"},{\"@type\":\"ListItem\",\"position\":2,\"name\":\"Politique\",\"item\":\"https:\/\/www.afro-impact.com\/politique\/\"},{\"@type\":\"ListItem\",\"position\":3,\"name\":\"Mali-Ivory Coast relations: Ivory Coast announces the withdrawal of its soldiers in Mali\"}]},{\"@type\":\"WebSite\",\"@id\":\"https:\/\/www.afro-impact.com\/#website\",\"url\":\"https:\/\/www.afro-impact.com\/\",\"name\":\"Afro impact\",\"description\":\"L&#039;Afrique vu autrement\",\"publisher\":{\"@id\":\"https:\/\/www.afro-impact.com\/#organization\"},\"potentialAction\":[{\"@type\":\"SearchAction\",\"target\":{\"@type\":\"EntryPoint\",\"urlTemplate\":\"https:\/\/www.afro-impact.com\/?s={search_term_string}\"},\"query-input\":{\"@type\":\"PropertyValueSpecification\",\"valueRequired\":true,\"valueName\":\"search_term_string\"}}],\"inLanguage\":\"en-US\"},{\"@type\":[\"Organization\",\"Place\"],\"@id\":\"https:\/\/www.afro-impact.com\/#organization\",\"name\":\"Afro impact\",\"alternateName\":\"carrecube\",\"url\":\"https:\/\/www.afro-impact.com\/\",\"logo\":{\"@id\":\"https:\/\/www.afro-impact.com\/relation-mali-cote-divoire-la-cote-divoire-annonce-le-retrait-de-ses-troupes-en-mission-au-mali\/#local-main-organization-logo\"},\"image\":{\"@id\":\"https:\/\/www.afro-impact.com\/relation-mali-cote-divoire-la-cote-divoire-annonce-le-retrait-de-ses-troupes-en-mission-au-mali\/#local-main-organization-logo\"},\"sameAs\":[\"https:\/\/www.facebook.com\/AfroimpactMag\",\"https:\/\/x.com\/AfroimpactMag\",\"https:\/\/www.youtube.com\/channel\/UCJNIRcX4sVo487fhv0p5KDw\"],\"publishingPrinciples\":\"https:\/\/www.afro-impact.com\/a-propos-magazine-afro-impact\/\",\"ownershipFundingInfo\":\"https:\/\/www.afro-impact.com\/mentions-legales\/\",\"actionableFeedbackPolicy\":\"https:\/\/www.afro-impact.com\/conditions-generales\/\",\"correctionsPolicy\":\"https:\/\/www.afro-impact.com\/dmca-retrait\/\",\"address\":{\"@id\":\"https:\/\/www.afro-impact.com\/relation-mali-cote-divoire-la-cote-divoire-annonce-le-retrait-de-ses-troupes-en-mission-au-mali\/#local-main-place-address\"},\"geo\":{\"@type\":\"GeoCoordinates\",\"latitude\":\"6.389282121878214\",\"longitude\":\"2.3602318590634495\"},\"telephone\":[\"+229 54900806\"],\"openingHoursSpecification\":[{\"@type\":\"OpeningHoursSpecification\",\"dayOfWeek\":[\"Monday\",\"Tuesday\",\"Wednesday\",\"Thursday\",\"Friday\",\"Saturday\",\"Sunday\"],\"opens\":\"00:00\",\"closes\":\"23:59\"}],\"email\":\"redaction@afro-impact.com\",\"vatID\":\"0 2022 1395 5557\"},{\"@type\":\"Person\",\"@id\":\"https:\/\/www.afro-impact.com\/#\/schema\/person\/5c48f58a7d0cc36b8d96110a4feedf77\",\"name\":\"Eliane Fatchina\",\"image\":{\"@type\":\"ImageObject\",\"inLanguage\":\"en-US\",\"@id\":\"https:\/\/www.afro-impact.com\/#\/schema\/person\/image\/\",\"url\":\"https:\/\/www.afro-impact.com\/wp-content\/litespeed\/avatar\/5f9f737261a53c0e086b34b0464cb9e1.jpg?ver=1777018517\",\"contentUrl\":\"https:\/\/www.afro-impact.com\/wp-content\/litespeed\/avatar\/5f9f737261a53c0e086b34b0464cb9e1.jpg?ver=1777018517\",\"caption\":\"Eliane Fatchina\"},\"description\":\"Eliane Yabo Omonlayo Fatchina est une journaliste reporter \u00e0 Afro impact. Titulaire d\u2019une licence professionnelle en journalisme \u00e0 l\u2019ENSTIC du B\u00e9nin, elle est une panafricaniste passionn\u00e9e de culture, des questions de soci\u00e9t\u00e9 et d\u2019environnement. Avec d\u00e9j\u00e0 sept ans d\u2019exp\u00e9riences, elle s\u2019emploie quotidiennement \u00e0 donner de la voix aux id\u00e9es \u00e0 travers l\u2019\u00e9criture.\",\"sameAs\":[\"https:\/\/facebook.com\/profile.php?id=100075035589093\"],\"url\":\"https:\/\/www.afro-impact.com\/en\/author\/omonlayo\/\"},{\"@type\":\"PostalAddress\",\"@id\":\"https:\/\/www.afro-impact.com\/relation-mali-cote-divoire-la-cote-divoire-annonce-le-retrait-de-ses-troupes-en-mission-au-mali\/#local-main-place-address\",\"streetAddress\":\"Carr\u00e9 2167 Kindonou, Cotonou, BENIN, 07 BP 1128 Cotonou, BENIN\",\"addressLocality\":\"Cotonou\",\"postalCode\":\"+229\",\"addressRegion\":\"Littoral\",\"addressCountry\":\"BJ\"},{\"@type\":\"ImageObject\",\"inLanguage\":\"en-US\",\"@id\":\"https:\/\/www.afro-impact.com\/relation-mali-cote-divoire-la-cote-divoire-annonce-le-retrait-de-ses-troupes-en-mission-au-mali\/#local-main-organization-logo\",\"url\":\"https:\/\/www.afro-impact.com\/wp-content\/uploads\/2022\/01\/logo-afro-impact-share-social.png\",\"contentUrl\":\"https:\/\/www.afro-impact.com\/wp-content\/uploads\/2022\/01\/logo-afro-impact-share-social.png\",\"width\":300,\"height\":300,\"caption\":\"Afro impact\"}]}<\/script>\n<meta name=\"geo.placename\" content=\"Cotonou\" \/>\n<meta name=\"geo.position\" content=\"6.389282121878214;2.3602318590634495\" \/>\n<meta name=\"geo.region\" content=\"Benin\" \/>\n<!-- \/ Yoast SEO Premium plugin. -->","yoast_head_json":{"title":"Mali-Ivory Coast relations: Ivory Coast announces the withdrawal of its soldiers in Mali - Afro impact","description":"The Ivorian government has announced the withdrawal of its soldiers deployed within the United Nations Multidimensional Integrated Stabilisation Mission in Mali (Minusma), to fight terrorism, in a note made public on Tuesday 15 November 2022.","robots":{"index":"index","follow":"follow","max-snippet":"max-snippet:-1","max-image-preview":"max-image-preview:large","max-video-preview":"max-video-preview:-1"},"canonical":"https:\/\/www.afro-impact.com\/relation-mali-cote-divoire-la-cote-divoire-annonce-le-retrait-de-ses-troupes-en-mission-au-mali\/","og_locale":"en_US","og_type":"article","og_title":"Mali-Ivory Coast relations: Ivory Coast announces the withdrawal of its soldiers in Mali - Afro impact","og_description":"The Ivorian government has announced the withdrawal of its soldiers deployed within the United Nations Multidimensional Integrated Stabilisation Mission in Mali (Minusma), to fight terrorism, in a note made public on Tuesday 15 November 2022.","og_url":"https:\/\/www.afro-impact.com\/relation-mali-cote-divoire-la-cote-divoire-annonce-le-retrait-de-ses-troupes-en-mission-au-mali\/","og_site_name":"Afro impact","article_publisher":"https:\/\/www.facebook.com\/AfroimpactMag","article_author":"https:\/\/facebook.com\/profile.php?id=100075035589093","article_published_time":"2022-11-15T14:43:36+00:00","article_modified_time":"2023-06-19T10:43:41+00:00","og_image":[{"width":640,"height":290,"url":"https:\/\/www.afro-impact.com\/wp-content\/uploads\/2022\/11\/Casque-bleu-ivoirien-mali-minusma.jpg","type":"image\/jpeg"}],"author":"Eliane Fatchina","twitter_card":"summary_large_image","twitter_creator":"@AfroimpactMag","twitter_site":"@AfroimpactMag","twitter_misc":{"Written by":"Eliane Fatchina","Est. reading time":"2 minutes"},"schema":{"@context":"https:\/\/schema.org","@graph":[{"@type":"NewsArticle","@id":"https:\/\/www.afro-impact.com\/relation-mali-cote-divoire-la-cote-divoire-annonce-le-retrait-de-ses-troupes-en-mission-au-mali\/#article","isPartOf":{"@id":"https:\/\/www.afro-impact.com\/relation-mali-cote-divoire-la-cote-divoire-annonce-le-retrait-de-ses-troupes-en-mission-au-mali\/"},"author":{"name":"Eliane Fatchina","@id":"https:\/\/www.afro-impact.com\/#\/schema\/person\/5c48f58a7d0cc36b8d96110a4feedf77"},"headline":"Mali-Ivory Coast relations: Ivory Coast announces the withdrawal of its soldiers in Mali","datePublished":"2022-11-15T14:43:36+00:00","dateModified":"2023-06-19T10:43:41+00:00","mainEntityOfPage":{"@id":"https:\/\/www.afro-impact.com\/relation-mali-cote-divoire-la-cote-divoire-annonce-le-retrait-de-ses-troupes-en-mission-au-mali\/"},"wordCount":314,"commentCount":0,"publisher":{"@id":"https:\/\/www.afro-impact.com\/#organization"},"image":{"@id":"https:\/\/www.afro-impact.com\/relation-mali-cote-divoire-la-cote-divoire-annonce-le-retrait-de-ses-troupes-en-mission-au-mali\/#primaryimage"},"thumbnailUrl":"https:\/\/www.afro-impact.com\/wp-content\/uploads\/2022\/11\/Casque-bleu-ivoirien-mali-minusma.jpg","articleSection":["Politics"],"inLanguage":"en-US","potentialAction":[{"@type":"CommentAction","name":"Comment","target":["https:\/\/www.afro-impact.com\/relation-mali-cote-divoire-la-cote-divoire-annonce-le-retrait-de-ses-troupes-en-mission-au-mali\/#respond"]}],"copyrightYear":"2022","copyrightHolder":{"@id":"https:\/\/www.afro-impact.com\/#organization"}},{"@type":"WebPage","@id":"https:\/\/www.afro-impact.com\/relation-mali-cote-divoire-la-cote-divoire-annonce-le-retrait-de-ses-troupes-en-mission-au-mali\/","url":"https:\/\/www.afro-impact.com\/relation-mali-cote-divoire-la-cote-divoire-annonce-le-retrait-de-ses-troupes-en-mission-au-mali\/","name":"Mali-Ivory Coast relations: Ivory Coast announces the withdrawal of its soldiers in Mali - Afro impact","isPartOf":{"@id":"https:\/\/www.afro-impact.com\/#website"},"primaryImageOfPage":{"@id":"https:\/\/www.afro-impact.com\/relation-mali-cote-divoire-la-cote-divoire-annonce-le-retrait-de-ses-troupes-en-mission-au-mali\/#primaryimage"},"image":{"@id":"https:\/\/www.afro-impact.com\/relation-mali-cote-divoire-la-cote-divoire-annonce-le-retrait-de-ses-troupes-en-mission-au-mali\/#primaryimage"},"thumbnailUrl":"https:\/\/www.afro-impact.com\/wp-content\/uploads\/2022\/11\/Casque-bleu-ivoirien-mali-minusma.jpg","datePublished":"2022-11-15T14:43:36+00:00","dateModified":"2023-06-19T10:43:41+00:00","description":"The Ivorian government has announced the withdrawal of its soldiers deployed within the United Nations Multidimensional Integrated Stabilisation Mission in Mali (Minusma), to fight terrorism, in a note made public on Tuesday 15 November 2022.","breadcrumb":{"@id":"https:\/\/www.afro-impact.com\/relation-mali-cote-divoire-la-cote-divoire-annonce-le-retrait-de-ses-troupes-en-mission-au-mali\/#breadcrumb"},"inLanguage":"en-US","potentialAction":[{"@type":"ReadAction","target":["https:\/\/www.afro-impact.com\/relation-mali-cote-divoire-la-cote-divoire-annonce-le-retrait-de-ses-troupes-en-mission-au-mali\/"]}]},{"@type":"ImageObject","inLanguage":"en-US","@id":"https:\/\/www.afro-impact.com\/relation-mali-cote-divoire-la-cote-divoire-annonce-le-retrait-de-ses-troupes-en-mission-au-mali\/#primaryimage","url":"https:\/\/www.afro-impact.com\/wp-content\/uploads\/2022\/11\/Casque-bleu-ivoirien-mali-minusma.jpg","contentUrl":"https:\/\/www.afro-impact.com\/wp-content\/uploads\/2022\/11\/Casque-bleu-ivoirien-mali-minusma.jpg","width":640,"height":290,"caption":"Source photo: wakatsera"},{"@type":"BreadcrumbList","@id":"https:\/\/www.afro-impact.com\/relation-mali-cote-divoire-la-cote-divoire-annonce-le-retrait-de-ses-troupes-en-mission-au-mali\/#breadcrumb","itemListElement":[{"@type":"ListItem","position":1,"name":"News","item":"https:\/\/www.afro-impact.com\/"},{"@type":"ListItem","position":2,"name":"Politique","item":"https:\/\/www.afro-impact.com\/politique\/"},{"@type":"ListItem","position":3,"name":"Mali-Ivory Coast relations: Ivory Coast announces the withdrawal of its soldiers in Mali"}]},{"@type":"WebSite","@id":"https:\/\/www.afro-impact.com\/#website","url":"https:\/\/www.afro-impact.com\/","name":"Afro impact","description":"L&#039;Afrique vu autrement","publisher":{"@id":"https:\/\/www.afro-impact.com\/#organization"},"potentialAction":[{"@type":"SearchAction","target":{"@type":"EntryPoint","urlTemplate":"https:\/\/www.afro-impact.com\/?s={search_term_string}"},"query-input":{"@type":"PropertyValueSpecification","valueRequired":true,"valueName":"search_term_string"}}],"inLanguage":"en-US"},{"@type":["Organization","Place"],"@id":"https:\/\/www.afro-impact.com\/#organization","name":"Afro impact","alternateName":"carrecube","url":"https:\/\/www.afro-impact.com\/","logo":{"@id":"https:\/\/www.afro-impact.com\/relation-mali-cote-divoire-la-cote-divoire-annonce-le-retrait-de-ses-troupes-en-mission-au-mali\/#local-main-organization-logo"},"image":{"@id":"https:\/\/www.afro-impact.com\/relation-mali-cote-divoire-la-cote-divoire-annonce-le-retrait-de-ses-troupes-en-mission-au-mali\/#local-main-organization-logo"},"sameAs":["https:\/\/www.facebook.com\/AfroimpactMag","https:\/\/x.com\/AfroimpactMag","https:\/\/www.youtube.com\/channel\/UCJNIRcX4sVo487fhv0p5KDw"],"publishingPrinciples":"https:\/\/www.afro-impact.com\/a-propos-magazine-afro-impact\/","ownershipFundingInfo":"https:\/\/www.afro-impact.com\/mentions-legales\/","actionableFeedbackPolicy":"https:\/\/www.afro-impact.com\/conditions-generales\/","correctionsPolicy":"https:\/\/www.afro-impact.com\/dmca-retrait\/","address":{"@id":"https:\/\/www.afro-impact.com\/relation-mali-cote-divoire-la-cote-divoire-annonce-le-retrait-de-ses-troupes-en-mission-au-mali\/#local-main-place-address"},"geo":{"@type":"GeoCoordinates","latitude":"6.389282121878214","longitude":"2.3602318590634495"},"telephone":["+229 54900806"],"openingHoursSpecification":[{"@type":"OpeningHoursSpecification","dayOfWeek":["Monday","Tuesday","Wednesday","Thursday","Friday","Saturday","Sunday"],"opens":"00:00","closes":"23:59"}],"email":"redaction@afro-impact.com","vatID":"0 2022 1395 5557"},{"@type":"Person","@id":"https:\/\/www.afro-impact.com\/#\/schema\/person\/5c48f58a7d0cc36b8d96110a4feedf77","name":"Eliane Fatchina","image":{"@type":"ImageObject","inLanguage":"en-US","@id":"https:\/\/www.afro-impact.com\/#\/schema\/person\/image\/","url":"https:\/\/www.afro-impact.com\/wp-content\/litespeed\/avatar\/5f9f737261a53c0e086b34b0464cb9e1.jpg?ver=1777018517","contentUrl":"https:\/\/www.afro-impact.com\/wp-content\/litespeed\/avatar\/5f9f737261a53c0e086b34b0464cb9e1.jpg?ver=1777018517","caption":"Eliane Fatchina"},"description":"Eliane Yabo Omonlayo Fatchina est une journaliste reporter \u00e0 Afro impact. Titulaire d\u2019une licence professionnelle en journalisme \u00e0 l\u2019ENSTIC du B\u00e9nin, elle est une panafricaniste passionn\u00e9e de culture, des questions de soci\u00e9t\u00e9 et d\u2019environnement. Avec d\u00e9j\u00e0 sept ans d\u2019exp\u00e9riences, elle s\u2019emploie quotidiennement \u00e0 donner de la voix aux id\u00e9es \u00e0 travers l\u2019\u00e9criture.","sameAs":["https:\/\/facebook.com\/profile.php?id=100075035589093"],"url":"https:\/\/www.afro-impact.com\/en\/author\/omonlayo\/"},{"@type":"PostalAddress","@id":"https:\/\/www.afro-impact.com\/relation-mali-cote-divoire-la-cote-divoire-annonce-le-retrait-de-ses-troupes-en-mission-au-mali\/#local-main-place-address","streetAddress":"Carr\u00e9 2167 Kindonou, Cotonou, BENIN, 07 BP 1128 Cotonou, BENIN","addressLocality":"Cotonou","postalCode":"+229","addressRegion":"Littoral","addressCountry":"BJ"},{"@type":"ImageObject","inLanguage":"en-US","@id":"https:\/\/www.afro-impact.com\/relation-mali-cote-divoire-la-cote-divoire-annonce-le-retrait-de-ses-troupes-en-mission-au-mali\/#local-main-organization-logo","url":"https:\/\/www.afro-impact.com\/wp-content\/uploads\/2022\/01\/logo-afro-impact-share-social.png","contentUrl":"https:\/\/www.afro-impact.com\/wp-content\/uploads\/2022\/01\/logo-afro-impact-share-social.png","width":300,"height":300,"caption":"Afro impact"}]},"geo.placename":"Cotonou","geo.position":{"lat":"6.389282121878214","long":"2.3602318590634495"},"geo.region":"Benin"},"_links":{"self":[{"href":"https:\/\/www.afro-impact.com\/en\/wp-json\/wp\/v2\/posts\/13119","targetHints":{"allow":["GET"]}}],"collection":[{"href":"https:\/\/www.afro-impact.com\/en\/wp-json\/wp\/v2\/posts"}],"about":[{"href":"https:\/\/www.afro-impact.com\/en\/wp-json\/wp\/v2\/types\/post"}],"author":[{"embeddable":true,"href":"https:\/\/www.afro-impact.com\/en\/wp-json\/wp\/v2\/users\/2"}],"replies":[{"embeddable":true,"href":"https:\/\/www.afro-impact.com\/en\/wp-json\/wp\/v2\/comments?post=13119"}],"version-history":[{"count":0,"href":"https:\/\/www.afro-impact.com\/en\/wp-json\/wp\/v2\/posts\/13119\/revisions"}],"wp:featuredmedia":[{"embeddable":true,"href":"https:\/\/www.afro-impact.com\/en\/wp-json\/wp\/v2\/media\/13115"}],"wp:attachment":[{"href":"https:\/\/www.afro-impact.com\/en\/wp-json\/wp\/v2\/media?parent=13119"}],"wp:term":[{"taxonomy":"category","embeddable":true,"href":"https:\/\/www.afro-impact.com\/en\/wp-json\/wp\/v2\/categories?post=13119"},{"taxonomy":"post_tag","embeddable":true,"href":"https:\/\/www.afro-impact.com\/en\/wp-json\/wp\/v2\/tags?post=13119"}],"curies":[{"name":"wp","href":"https:\/\/api.w.org\/{rel}","templated":true}]}}