{"id":13415,"date":"2022-12-02T16:39:40","date_gmt":"2022-12-02T15:39:40","guid":{"rendered":"https:\/\/www.afro-impact.com\/benin-unstim-the-2022-2023-academic-year-is-officially-launched\/"},"modified":"2023-06-19T11:30:54","modified_gmt":"2023-06-19T10:30:54","slug":"benin-unstim-the-2022-2023-academic-year-is-officially-launched","status":"publish","type":"post","link":"https:\/\/www.afro-impact.com\/en\/benin-unstim-the-2022-2023-academic-year-is-officially-launched\/","title":{"rendered":"Benin\/UNSTIM: The 2022-2023 academic year is officially launched"},"content":{"rendered":"\n<p><strong>The official launching of the 2022-2023 academic year of the National University of Science, Technology, Engineering and Mathematics (UNSTIM) Abomey took place on the university campus of Lokossa on Wednesday 30 November 2022. This was an opportunity for the rectoral team to hand over certificates and letters of congratulations to the teacher-researchers admitted on the various CAMES aptitude lists.<\/strong><\/p>\n\n<p>Following the launching of the official opening of the national universities of Benin on October 13 in K\u00e9tou, by the Minister of Higher Education and Scientific Research, it is the turn of UNSTIM to officially open the activities of the academic year 2022-2023. For this edition, the university centre of Lokossa was the setting for the ceremony. Clotilde Tognon Guidi, director of the Institut National Sup\u00e9rieur de Technologie Industrielle (INSTI) of Lokossa, is delighted: &#8220;Thank you to the entire rectoral team for choosing the university centre of Lokossa,&#8221; she declared. The start of the academic year marks the beginning of a new academic year. On the eve of this year, the director has already expressed her best wishes to all those involved in the chain. &#8220;I wish all the actors of the system a good and happy academic year 2023. I invite us to be assiduous throughout this academic year so that it will be crowned with success,&#8221; said Mrs. Clotilde Tognon Guidi.<\/p>\n\n<h2 class=\"wp-block-heading\"><strong>Rector&#8217;s assurance and exhortations<\/strong><\/h2>\n\n<p>Courageously committed since October 15, 2021, to make Unstim a reference university in the sub-region, the rector of Unstim, Professor Joachim Djimon Gb\u00e9nou reassured all actors. &#8220;We have a vision before we take over Unstim. Whatever the tremors and difficulties, we are going to complete our vision and we are going to complete our programme for which we have been selected,&#8221; he said.<\/p>\n\n<p>Addressing the students, the Rector of Unstim urged them to show more determination and self-sacrifice for a successful academic year. &#8220;Dear students, I urge you to work, work hard and you will succeed. Be courageous, diligent and insightful. Do not leave any place where intelligence does not come and go,&#8221; he urged.<\/p>\n\n<p>As for the teachers, after having whetted their appetite for research, Professor Joachim Djimon Gb\u00e9nou called on them to invest much more in the training of other doctors. &#8220;There is no point in being a general without troops. Pass on knowledge, work as a team,&#8221; he recommends.<\/p>\n\n<h2 class=\"wp-block-heading\" id=\"h-remise-d-attestations-et-de-lettres-de-felicitations\"><strong>Presentation of certificates and letters of congratulations<\/strong><\/h2>\n\n<figure class=\"wp-block-image size-large\"><img fetchpriority=\"high\" decoding=\"async\" width=\"1024\" height=\"683\" src=\"https:\/\/www.afro-impact.com\/wp-content\/uploads\/2022\/12\/remise-attestations-enseignants-unstim-1024x683.jpg\" alt=\"Presentation of certificates to research teachers admitted to CAMES \" class=\"wp-image-13402\" srcset=\"https:\/\/www.afro-impact.com\/wp-content\/uploads\/2022\/12\/remise-attestations-enseignants-unstim-1024x683.jpg 1024w, https:\/\/www.afro-impact.com\/wp-content\/uploads\/2022\/12\/remise-attestations-enseignants-unstim-300x200.jpg 300w, https:\/\/www.afro-impact.com\/wp-content\/uploads\/2022\/12\/remise-attestations-enseignants-unstim-768x512.jpg 768w, https:\/\/www.afro-impact.com\/wp-content\/uploads\/2022\/12\/remise-attestations-enseignants-unstim-150x100.jpg 150w, https:\/\/www.afro-impact.com\/wp-content\/uploads\/2022\/12\/remise-attestations-enseignants-unstim-450x300.jpg 450w, https:\/\/www.afro-impact.com\/wp-content\/uploads\/2022\/12\/remise-attestations-enseignants-unstim.jpg 1200w\" sizes=\"(max-width: 1024px) 100vw, 1024px\" \/><\/figure>\n\n<p>In addition, it should be noted that the ceremony was coupled with the presentation of parchments to Unstim students at the end of the cycle and also letters of congratulations and certificates to teachers-researchers registered on the various lists of aptitude for the functions of different CAMES grades in 2021 and 2022. A total of 55 teacher-researchers have been promoted to the various CAMES grades at Unstim for the two years, 24 in 2021 and 31 in 2022. These different results testify to the commitment not only of the rectoral authorities but also of the teachers to raise the torch of innovation in STEM.<\/p>\n\n<p>Created in 2016, UNSTIM is a thematic university that offers training in the field of science, technology, mathematics, engineering, processing industry, production and education. As an outstanding training institution and a major scientific and technological research centre, it will soon be putting its first doctors on the market. &#8220;By the end of January 2023, the first PhDs will defend their unique Unstim doctoral theses in various specialties. There are thirteen of them&#8221;, announced the rector Djimon Gb\u00e9nou before wishing a good academic year to all.<\/p>\n","protected":false},"excerpt":{"rendered":"<p>The official launching of the 2022-2023 academic year of the National University of Science, Technology, Engineering and Mathematics (UNSTIM) Abomey took place on the university campus of Lokossa on Wednesday 30 November 2022. This was an opportunity for the rectoral team to hand over certificates and letters of congratulations to the teacher-researchers admitted on the<\/p>\n","protected":false},"author":2,"featured_media":13400,"comment_status":"open","ping_status":"open","sticky":false,"template":"","format":"standard","meta":{"footnotes":""},"categories":[350],"tags":[213],"class_list":{"0":"post-13415","1":"post","2":"type-post","3":"status-publish","4":"format-standard","5":"has-post-thumbnail","7":"category-education-en","8":"tag-benin-en"},"yoast_head":"<!-- This site is optimized with the Yoast SEO Premium plugin v25.5 (Yoast SEO v25.5) - https:\/\/yoast.com\/wordpress\/plugins\/seo\/ -->\n<title>Benin\/UNSTIM: The 2022-2023 academic year is officially launched - Afro impact<\/title>\n<meta name=\"description\" content=\"The official launching of the 2022-2023 academic year of the National University of Science, Technology, Engineering and Mathematics (UNSTIM) Abomey took place on the university campus of Lokossa on Wednesday 30 November 2022. This was an opportunity for the rectoral team to hand over certificates and letters of congratulations to the teacher-researchers admitted on the various CAMES aptitude lists.\" \/>\n<meta name=\"robots\" content=\"index, follow, max-snippet:-1, max-image-preview:large, max-video-preview:-1\" \/>\n<link rel=\"canonical\" href=\"https:\/\/www.afro-impact.com\/en\/benin-unstim-the-2022-2023-academic-year-is-officially-launched\/\" \/>\n<meta property=\"og:locale\" content=\"en_US\" \/>\n<meta property=\"og:type\" content=\"article\" \/>\n<meta property=\"og:title\" content=\"Benin\/UNSTIM: The 2022-2023 academic year is officially launched - Afro impact\" \/>\n<meta property=\"og:description\" content=\"The official launching of the 2022-2023 academic year of the National University of Science, Technology, Engineering and Mathematics (UNSTIM) Abomey took place on the university campus of Lokossa on Wednesday 30 November 2022. This was an opportunity for the rectoral team to hand over certificates and letters of congratulations to the teacher-researchers admitted on the various CAMES aptitude lists.\" \/>\n<meta property=\"og:url\" content=\"https:\/\/www.afro-impact.com\/en\/benin-unstim-the-2022-2023-academic-year-is-officially-launched\/\" \/>\n<meta property=\"og:site_name\" content=\"Afro impact\" \/>\n<meta property=\"article:publisher\" content=\"https:\/\/www.facebook.com\/AfroimpactMag\" \/>\n<meta property=\"article:author\" content=\"https:\/\/facebook.com\/profile.php?id=100075035589093\" \/>\n<meta property=\"article:published_time\" content=\"2022-12-02T15:39:40+00:00\" \/>\n<meta property=\"article:modified_time\" content=\"2023-06-19T10:30:54+00:00\" \/>\n<meta property=\"og:image\" content=\"https:\/\/www.afro-impact.com\/wp-content\/uploads\/2022\/12\/rentree-universitaire-unstim-benin-lokossa.jpg\" \/>\n\t<meta property=\"og:image:width\" content=\"1200\" \/>\n\t<meta property=\"og:image:height\" content=\"576\" \/>\n\t<meta property=\"og:image:type\" content=\"image\/jpeg\" \/>\n<meta name=\"author\" content=\"Eliane Fatchina\" \/>\n<meta name=\"twitter:card\" content=\"summary_large_image\" \/>\n<meta name=\"twitter:creator\" content=\"@AfroimpactMag\" \/>\n<meta name=\"twitter:site\" content=\"@AfroimpactMag\" \/>\n<meta name=\"twitter:label1\" content=\"Written by\" \/>\n\t<meta name=\"twitter:data1\" content=\"Eliane Fatchina\" \/>\n\t<meta name=\"twitter:label2\" content=\"Est. reading time\" \/>\n\t<meta name=\"twitter:data2\" content=\"3 minutes\" \/>\n<script type=\"application\/ld+json\" class=\"yoast-schema-graph\">{\"@context\":\"https:\/\/schema.org\",\"@graph\":[{\"@type\":\"NewsArticle\",\"@id\":\"https:\/\/www.afro-impact.com\/en\/benin-unstim-the-2022-2023-academic-year-is-officially-launched\/#article\",\"isPartOf\":{\"@id\":\"https:\/\/www.afro-impact.com\/en\/benin-unstim-the-2022-2023-academic-year-is-officially-launched\/\"},\"author\":{\"name\":\"Eliane Fatchina\",\"@id\":\"https:\/\/www.afro-impact.com\/#\/schema\/person\/5c48f58a7d0cc36b8d96110a4feedf77\"},\"headline\":\"Benin\/UNSTIM: The 2022-2023 academic year is officially launched\",\"datePublished\":\"2022-12-02T15:39:40+00:00\",\"dateModified\":\"2023-06-19T10:30:54+00:00\",\"mainEntityOfPage\":{\"@id\":\"https:\/\/www.afro-impact.com\/en\/benin-unstim-the-2022-2023-academic-year-is-officially-launched\/\"},\"wordCount\":584,\"commentCount\":0,\"publisher\":{\"@id\":\"https:\/\/www.afro-impact.com\/#organization\"},\"image\":{\"@id\":\"https:\/\/www.afro-impact.com\/en\/benin-unstim-the-2022-2023-academic-year-is-officially-launched\/#primaryimage\"},\"thumbnailUrl\":\"https:\/\/www.afro-impact.com\/wp-content\/uploads\/2022\/12\/rentree-universitaire-unstim-benin-lokossa.jpg\",\"keywords\":[\"Benin\"],\"articleSection\":[\"Education\"],\"inLanguage\":\"en-US\",\"potentialAction\":[{\"@type\":\"CommentAction\",\"name\":\"Comment\",\"target\":[\"https:\/\/www.afro-impact.com\/en\/benin-unstim-the-2022-2023-academic-year-is-officially-launched\/#respond\"]}],\"copyrightYear\":\"2022\",\"copyrightHolder\":{\"@id\":\"https:\/\/www.afro-impact.com\/#organization\"}},{\"@type\":\"WebPage\",\"@id\":\"https:\/\/www.afro-impact.com\/en\/benin-unstim-the-2022-2023-academic-year-is-officially-launched\/\",\"url\":\"https:\/\/www.afro-impact.com\/en\/benin-unstim-the-2022-2023-academic-year-is-officially-launched\/\",\"name\":\"Benin\/UNSTIM: The 2022-2023 academic year is officially launched - Afro impact\",\"isPartOf\":{\"@id\":\"https:\/\/www.afro-impact.com\/#website\"},\"primaryImageOfPage\":{\"@id\":\"https:\/\/www.afro-impact.com\/en\/benin-unstim-the-2022-2023-academic-year-is-officially-launched\/#primaryimage\"},\"image\":{\"@id\":\"https:\/\/www.afro-impact.com\/en\/benin-unstim-the-2022-2023-academic-year-is-officially-launched\/#primaryimage\"},\"thumbnailUrl\":\"https:\/\/www.afro-impact.com\/wp-content\/uploads\/2022\/12\/rentree-universitaire-unstim-benin-lokossa.jpg\",\"datePublished\":\"2022-12-02T15:39:40+00:00\",\"dateModified\":\"2023-06-19T10:30:54+00:00\",\"description\":\"The official launching of the 2022-2023 academic year of the National University of Science, Technology, Engineering and Mathematics (UNSTIM) Abomey took place on the university campus of Lokossa on Wednesday 30 November 2022. This was an opportunity for the rectoral team to hand over certificates and letters of congratulations to the teacher-researchers admitted on the various CAMES aptitude lists.\",\"breadcrumb\":{\"@id\":\"https:\/\/www.afro-impact.com\/en\/benin-unstim-the-2022-2023-academic-year-is-officially-launched\/#breadcrumb\"},\"inLanguage\":\"en-US\",\"potentialAction\":[{\"@type\":\"ReadAction\",\"target\":[\"https:\/\/www.afro-impact.com\/en\/benin-unstim-the-2022-2023-academic-year-is-officially-launched\/\"]}]},{\"@type\":\"ImageObject\",\"inLanguage\":\"en-US\",\"@id\":\"https:\/\/www.afro-impact.com\/en\/benin-unstim-the-2022-2023-academic-year-is-officially-launched\/#primaryimage\",\"url\":\"https:\/\/www.afro-impact.com\/wp-content\/uploads\/2022\/12\/rentree-universitaire-unstim-benin-lokossa.jpg\",\"contentUrl\":\"https:\/\/www.afro-impact.com\/wp-content\/uploads\/2022\/12\/rentree-universitaire-unstim-benin-lokossa.jpg\",\"width\":1200,\"height\":576,\"caption\":\"UNSTIM officially launches the 2022-2023 academic year\"},{\"@type\":\"BreadcrumbList\",\"@id\":\"https:\/\/www.afro-impact.com\/en\/benin-unstim-the-2022-2023-academic-year-is-officially-launched\/#breadcrumb\",\"itemListElement\":[{\"@type\":\"ListItem\",\"position\":1,\"name\":\"News\",\"item\":\"https:\/\/www.afro-impact.com\/\"},{\"@type\":\"ListItem\",\"position\":2,\"name\":\"Education\",\"item\":\"https:\/\/www.afro-impact.com\/education\/\"},{\"@type\":\"ListItem\",\"position\":3,\"name\":\"Benin\/UNSTIM: The 2022-2023 academic year is officially launched\"}]},{\"@type\":\"WebSite\",\"@id\":\"https:\/\/www.afro-impact.com\/#website\",\"url\":\"https:\/\/www.afro-impact.com\/\",\"name\":\"Afro impact\",\"description\":\"L&#039;Afrique vu autrement\",\"publisher\":{\"@id\":\"https:\/\/www.afro-impact.com\/#organization\"},\"potentialAction\":[{\"@type\":\"SearchAction\",\"target\":{\"@type\":\"EntryPoint\",\"urlTemplate\":\"https:\/\/www.afro-impact.com\/?s={search_term_string}\"},\"query-input\":{\"@type\":\"PropertyValueSpecification\",\"valueRequired\":true,\"valueName\":\"search_term_string\"}}],\"inLanguage\":\"en-US\"},{\"@type\":[\"Organization\",\"Place\"],\"@id\":\"https:\/\/www.afro-impact.com\/#organization\",\"name\":\"Afro impact\",\"alternateName\":\"carrecube\",\"url\":\"https:\/\/www.afro-impact.com\/\",\"logo\":{\"@id\":\"https:\/\/www.afro-impact.com\/en\/benin-unstim-the-2022-2023-academic-year-is-officially-launched\/#local-main-organization-logo\"},\"image\":{\"@id\":\"https:\/\/www.afro-impact.com\/en\/benin-unstim-the-2022-2023-academic-year-is-officially-launched\/#local-main-organization-logo\"},\"sameAs\":[\"https:\/\/www.facebook.com\/AfroimpactMag\",\"https:\/\/x.com\/AfroimpactMag\",\"https:\/\/www.youtube.com\/channel\/UCJNIRcX4sVo487fhv0p5KDw\"],\"publishingPrinciples\":\"https:\/\/www.afro-impact.com\/a-propos-magazine-afro-impact\/\",\"ownershipFundingInfo\":\"https:\/\/www.afro-impact.com\/mentions-legales\/\",\"actionableFeedbackPolicy\":\"https:\/\/www.afro-impact.com\/conditions-generales\/\",\"correctionsPolicy\":\"https:\/\/www.afro-impact.com\/dmca-retrait\/\",\"address\":{\"@id\":\"https:\/\/www.afro-impact.com\/en\/benin-unstim-the-2022-2023-academic-year-is-officially-launched\/#local-main-place-address\"},\"geo\":{\"@type\":\"GeoCoordinates\",\"latitude\":\"6.389282121878214\",\"longitude\":\"2.3602318590634495\"},\"telephone\":[\"+229 54900806\"],\"openingHoursSpecification\":[{\"@type\":\"OpeningHoursSpecification\",\"dayOfWeek\":[\"Monday\",\"Tuesday\",\"Wednesday\",\"Thursday\",\"Friday\",\"Saturday\",\"Sunday\"],\"opens\":\"00:00\",\"closes\":\"23:59\"}],\"email\":\"redaction@afro-impact.com\",\"vatID\":\"0 2022 1395 5557\"},{\"@type\":\"Person\",\"@id\":\"https:\/\/www.afro-impact.com\/#\/schema\/person\/5c48f58a7d0cc36b8d96110a4feedf77\",\"name\":\"Eliane Fatchina\",\"image\":{\"@type\":\"ImageObject\",\"inLanguage\":\"en-US\",\"@id\":\"https:\/\/www.afro-impact.com\/#\/schema\/person\/image\/\",\"url\":\"https:\/\/www.afro-impact.com\/wp-content\/litespeed\/avatar\/5f9f737261a53c0e086b34b0464cb9e1.jpg?ver=1777018517\",\"contentUrl\":\"https:\/\/www.afro-impact.com\/wp-content\/litespeed\/avatar\/5f9f737261a53c0e086b34b0464cb9e1.jpg?ver=1777018517\",\"caption\":\"Eliane Fatchina\"},\"description\":\"Eliane Yabo Omonlayo Fatchina est une journaliste reporter \u00e0 Afro impact. Titulaire d\u2019une licence professionnelle en journalisme \u00e0 l\u2019ENSTIC du B\u00e9nin, elle est une panafricaniste passionn\u00e9e de culture, des questions de soci\u00e9t\u00e9 et d\u2019environnement. Avec d\u00e9j\u00e0 sept ans d\u2019exp\u00e9riences, elle s\u2019emploie quotidiennement \u00e0 donner de la voix aux id\u00e9es \u00e0 travers l\u2019\u00e9criture.\",\"sameAs\":[\"https:\/\/facebook.com\/profile.php?id=100075035589093\"],\"url\":\"https:\/\/www.afro-impact.com\/en\/author\/omonlayo\/\"},{\"@type\":\"PostalAddress\",\"@id\":\"https:\/\/www.afro-impact.com\/en\/benin-unstim-the-2022-2023-academic-year-is-officially-launched\/#local-main-place-address\",\"streetAddress\":\"Carr\u00e9 2167 Kindonou, Cotonou, BENIN, 07 BP 1128 Cotonou, BENIN\",\"addressLocality\":\"Cotonou\",\"postalCode\":\"+229\",\"addressRegion\":\"Littoral\",\"addressCountry\":\"BJ\"},{\"@type\":\"ImageObject\",\"inLanguage\":\"en-US\",\"@id\":\"https:\/\/www.afro-impact.com\/en\/benin-unstim-the-2022-2023-academic-year-is-officially-launched\/#local-main-organization-logo\",\"url\":\"https:\/\/www.afro-impact.com\/wp-content\/uploads\/2022\/01\/logo-afro-impact-share-social.png\",\"contentUrl\":\"https:\/\/www.afro-impact.com\/wp-content\/uploads\/2022\/01\/logo-afro-impact-share-social.png\",\"width\":300,\"height\":300,\"caption\":\"Afro impact\"}]}<\/script>\n<meta name=\"geo.placename\" content=\"Cotonou\" \/>\n<meta name=\"geo.position\" content=\"6.389282121878214;2.3602318590634495\" \/>\n<meta name=\"geo.region\" content=\"Benin\" \/>\n<!-- \/ Yoast SEO Premium plugin. -->","yoast_head_json":{"title":"Benin\/UNSTIM: The 2022-2023 academic year is officially launched - Afro impact","description":"The official launching of the 2022-2023 academic year of the National University of Science, Technology, Engineering and Mathematics (UNSTIM) Abomey took place on the university campus of Lokossa on Wednesday 30 November 2022. This was an opportunity for the rectoral team to hand over certificates and letters of congratulations to the teacher-researchers admitted on the various CAMES aptitude lists.","robots":{"index":"index","follow":"follow","max-snippet":"max-snippet:-1","max-image-preview":"max-image-preview:large","max-video-preview":"max-video-preview:-1"},"canonical":"https:\/\/www.afro-impact.com\/en\/benin-unstim-the-2022-2023-academic-year-is-officially-launched\/","og_locale":"en_US","og_type":"article","og_title":"Benin\/UNSTIM: The 2022-2023 academic year is officially launched - Afro impact","og_description":"The official launching of the 2022-2023 academic year of the National University of Science, Technology, Engineering and Mathematics (UNSTIM) Abomey took place on the university campus of Lokossa on Wednesday 30 November 2022. This was an opportunity for the rectoral team to hand over certificates and letters of congratulations to the teacher-researchers admitted on the various CAMES aptitude lists.","og_url":"https:\/\/www.afro-impact.com\/en\/benin-unstim-the-2022-2023-academic-year-is-officially-launched\/","og_site_name":"Afro impact","article_publisher":"https:\/\/www.facebook.com\/AfroimpactMag","article_author":"https:\/\/facebook.com\/profile.php?id=100075035589093","article_published_time":"2022-12-02T15:39:40+00:00","article_modified_time":"2023-06-19T10:30:54+00:00","og_image":[{"width":1200,"height":576,"url":"https:\/\/www.afro-impact.com\/wp-content\/uploads\/2022\/12\/rentree-universitaire-unstim-benin-lokossa.jpg","type":"image\/jpeg"}],"author":"Eliane Fatchina","twitter_card":"summary_large_image","twitter_creator":"@AfroimpactMag","twitter_site":"@AfroimpactMag","twitter_misc":{"Written by":"Eliane Fatchina","Est. reading time":"3 minutes"},"schema":{"@context":"https:\/\/schema.org","@graph":[{"@type":"NewsArticle","@id":"https:\/\/www.afro-impact.com\/en\/benin-unstim-the-2022-2023-academic-year-is-officially-launched\/#article","isPartOf":{"@id":"https:\/\/www.afro-impact.com\/en\/benin-unstim-the-2022-2023-academic-year-is-officially-launched\/"},"author":{"name":"Eliane Fatchina","@id":"https:\/\/www.afro-impact.com\/#\/schema\/person\/5c48f58a7d0cc36b8d96110a4feedf77"},"headline":"Benin\/UNSTIM: The 2022-2023 academic year is officially launched","datePublished":"2022-12-02T15:39:40+00:00","dateModified":"2023-06-19T10:30:54+00:00","mainEntityOfPage":{"@id":"https:\/\/www.afro-impact.com\/en\/benin-unstim-the-2022-2023-academic-year-is-officially-launched\/"},"wordCount":584,"commentCount":0,"publisher":{"@id":"https:\/\/www.afro-impact.com\/#organization"},"image":{"@id":"https:\/\/www.afro-impact.com\/en\/benin-unstim-the-2022-2023-academic-year-is-officially-launched\/#primaryimage"},"thumbnailUrl":"https:\/\/www.afro-impact.com\/wp-content\/uploads\/2022\/12\/rentree-universitaire-unstim-benin-lokossa.jpg","keywords":["Benin"],"articleSection":["Education"],"inLanguage":"en-US","potentialAction":[{"@type":"CommentAction","name":"Comment","target":["https:\/\/www.afro-impact.com\/en\/benin-unstim-the-2022-2023-academic-year-is-officially-launched\/#respond"]}],"copyrightYear":"2022","copyrightHolder":{"@id":"https:\/\/www.afro-impact.com\/#organization"}},{"@type":"WebPage","@id":"https:\/\/www.afro-impact.com\/en\/benin-unstim-the-2022-2023-academic-year-is-officially-launched\/","url":"https:\/\/www.afro-impact.com\/en\/benin-unstim-the-2022-2023-academic-year-is-officially-launched\/","name":"Benin\/UNSTIM: The 2022-2023 academic year is officially launched - Afro impact","isPartOf":{"@id":"https:\/\/www.afro-impact.com\/#website"},"primaryImageOfPage":{"@id":"https:\/\/www.afro-impact.com\/en\/benin-unstim-the-2022-2023-academic-year-is-officially-launched\/#primaryimage"},"image":{"@id":"https:\/\/www.afro-impact.com\/en\/benin-unstim-the-2022-2023-academic-year-is-officially-launched\/#primaryimage"},"thumbnailUrl":"https:\/\/www.afro-impact.com\/wp-content\/uploads\/2022\/12\/rentree-universitaire-unstim-benin-lokossa.jpg","datePublished":"2022-12-02T15:39:40+00:00","dateModified":"2023-06-19T10:30:54+00:00","description":"The official launching of the 2022-2023 academic year of the National University of Science, Technology, Engineering and Mathematics (UNSTIM) Abomey took place on the university campus of Lokossa on Wednesday 30 November 2022. This was an opportunity for the rectoral team to hand over certificates and letters of congratulations to the teacher-researchers admitted on the various CAMES aptitude lists.","breadcrumb":{"@id":"https:\/\/www.afro-impact.com\/en\/benin-unstim-the-2022-2023-academic-year-is-officially-launched\/#breadcrumb"},"inLanguage":"en-US","potentialAction":[{"@type":"ReadAction","target":["https:\/\/www.afro-impact.com\/en\/benin-unstim-the-2022-2023-academic-year-is-officially-launched\/"]}]},{"@type":"ImageObject","inLanguage":"en-US","@id":"https:\/\/www.afro-impact.com\/en\/benin-unstim-the-2022-2023-academic-year-is-officially-launched\/#primaryimage","url":"https:\/\/www.afro-impact.com\/wp-content\/uploads\/2022\/12\/rentree-universitaire-unstim-benin-lokossa.jpg","contentUrl":"https:\/\/www.afro-impact.com\/wp-content\/uploads\/2022\/12\/rentree-universitaire-unstim-benin-lokossa.jpg","width":1200,"height":576,"caption":"UNSTIM officially launches the 2022-2023 academic year"},{"@type":"BreadcrumbList","@id":"https:\/\/www.afro-impact.com\/en\/benin-unstim-the-2022-2023-academic-year-is-officially-launched\/#breadcrumb","itemListElement":[{"@type":"ListItem","position":1,"name":"News","item":"https:\/\/www.afro-impact.com\/"},{"@type":"ListItem","position":2,"name":"Education","item":"https:\/\/www.afro-impact.com\/education\/"},{"@type":"ListItem","position":3,"name":"Benin\/UNSTIM: The 2022-2023 academic year is officially launched"}]},{"@type":"WebSite","@id":"https:\/\/www.afro-impact.com\/#website","url":"https:\/\/www.afro-impact.com\/","name":"Afro impact","description":"L&#039;Afrique vu autrement","publisher":{"@id":"https:\/\/www.afro-impact.com\/#organization"},"potentialAction":[{"@type":"SearchAction","target":{"@type":"EntryPoint","urlTemplate":"https:\/\/www.afro-impact.com\/?s={search_term_string}"},"query-input":{"@type":"PropertyValueSpecification","valueRequired":true,"valueName":"search_term_string"}}],"inLanguage":"en-US"},{"@type":["Organization","Place"],"@id":"https:\/\/www.afro-impact.com\/#organization","name":"Afro impact","alternateName":"carrecube","url":"https:\/\/www.afro-impact.com\/","logo":{"@id":"https:\/\/www.afro-impact.com\/en\/benin-unstim-the-2022-2023-academic-year-is-officially-launched\/#local-main-organization-logo"},"image":{"@id":"https:\/\/www.afro-impact.com\/en\/benin-unstim-the-2022-2023-academic-year-is-officially-launched\/#local-main-organization-logo"},"sameAs":["https:\/\/www.facebook.com\/AfroimpactMag","https:\/\/x.com\/AfroimpactMag","https:\/\/www.youtube.com\/channel\/UCJNIRcX4sVo487fhv0p5KDw"],"publishingPrinciples":"https:\/\/www.afro-impact.com\/a-propos-magazine-afro-impact\/","ownershipFundingInfo":"https:\/\/www.afro-impact.com\/mentions-legales\/","actionableFeedbackPolicy":"https:\/\/www.afro-impact.com\/conditions-generales\/","correctionsPolicy":"https:\/\/www.afro-impact.com\/dmca-retrait\/","address":{"@id":"https:\/\/www.afro-impact.com\/en\/benin-unstim-the-2022-2023-academic-year-is-officially-launched\/#local-main-place-address"},"geo":{"@type":"GeoCoordinates","latitude":"6.389282121878214","longitude":"2.3602318590634495"},"telephone":["+229 54900806"],"openingHoursSpecification":[{"@type":"OpeningHoursSpecification","dayOfWeek":["Monday","Tuesday","Wednesday","Thursday","Friday","Saturday","Sunday"],"opens":"00:00","closes":"23:59"}],"email":"redaction@afro-impact.com","vatID":"0 2022 1395 5557"},{"@type":"Person","@id":"https:\/\/www.afro-impact.com\/#\/schema\/person\/5c48f58a7d0cc36b8d96110a4feedf77","name":"Eliane Fatchina","image":{"@type":"ImageObject","inLanguage":"en-US","@id":"https:\/\/www.afro-impact.com\/#\/schema\/person\/image\/","url":"https:\/\/www.afro-impact.com\/wp-content\/litespeed\/avatar\/5f9f737261a53c0e086b34b0464cb9e1.jpg?ver=1777018517","contentUrl":"https:\/\/www.afro-impact.com\/wp-content\/litespeed\/avatar\/5f9f737261a53c0e086b34b0464cb9e1.jpg?ver=1777018517","caption":"Eliane Fatchina"},"description":"Eliane Yabo Omonlayo Fatchina est une journaliste reporter \u00e0 Afro impact. Titulaire d\u2019une licence professionnelle en journalisme \u00e0 l\u2019ENSTIC du B\u00e9nin, elle est une panafricaniste passionn\u00e9e de culture, des questions de soci\u00e9t\u00e9 et d\u2019environnement. Avec d\u00e9j\u00e0 sept ans d\u2019exp\u00e9riences, elle s\u2019emploie quotidiennement \u00e0 donner de la voix aux id\u00e9es \u00e0 travers l\u2019\u00e9criture.","sameAs":["https:\/\/facebook.com\/profile.php?id=100075035589093"],"url":"https:\/\/www.afro-impact.com\/en\/author\/omonlayo\/"},{"@type":"PostalAddress","@id":"https:\/\/www.afro-impact.com\/en\/benin-unstim-the-2022-2023-academic-year-is-officially-launched\/#local-main-place-address","streetAddress":"Carr\u00e9 2167 Kindonou, Cotonou, BENIN, 07 BP 1128 Cotonou, BENIN","addressLocality":"Cotonou","postalCode":"+229","addressRegion":"Littoral","addressCountry":"BJ"},{"@type":"ImageObject","inLanguage":"en-US","@id":"https:\/\/www.afro-impact.com\/en\/benin-unstim-the-2022-2023-academic-year-is-officially-launched\/#local-main-organization-logo","url":"https:\/\/www.afro-impact.com\/wp-content\/uploads\/2022\/01\/logo-afro-impact-share-social.png","contentUrl":"https:\/\/www.afro-impact.com\/wp-content\/uploads\/2022\/01\/logo-afro-impact-share-social.png","width":300,"height":300,"caption":"Afro impact"}]},"geo.placename":"Cotonou","geo.position":{"lat":"6.389282121878214","long":"2.3602318590634495"},"geo.region":"Benin"},"_links":{"self":[{"href":"https:\/\/www.afro-impact.com\/en\/wp-json\/wp\/v2\/posts\/13415","targetHints":{"allow":["GET"]}}],"collection":[{"href":"https:\/\/www.afro-impact.com\/en\/wp-json\/wp\/v2\/posts"}],"about":[{"href":"https:\/\/www.afro-impact.com\/en\/wp-json\/wp\/v2\/types\/post"}],"author":[{"embeddable":true,"href":"https:\/\/www.afro-impact.com\/en\/wp-json\/wp\/v2\/users\/2"}],"replies":[{"embeddable":true,"href":"https:\/\/www.afro-impact.com\/en\/wp-json\/wp\/v2\/comments?post=13415"}],"version-history":[{"count":0,"href":"https:\/\/www.afro-impact.com\/en\/wp-json\/wp\/v2\/posts\/13415\/revisions"}],"wp:featuredmedia":[{"embeddable":true,"href":"https:\/\/www.afro-impact.com\/en\/wp-json\/wp\/v2\/media\/13400"}],"wp:attachment":[{"href":"https:\/\/www.afro-impact.com\/en\/wp-json\/wp\/v2\/media?parent=13415"}],"wp:term":[{"taxonomy":"category","embeddable":true,"href":"https:\/\/www.afro-impact.com\/en\/wp-json\/wp\/v2\/categories?post=13415"},{"taxonomy":"post_tag","embeddable":true,"href":"https:\/\/www.afro-impact.com\/en\/wp-json\/wp\/v2\/tags?post=13415"}],"curies":[{"name":"wp","href":"https:\/\/api.w.org\/{rel}","templated":true}]}}