{"id":13440,"date":"2022-12-05T09:37:25","date_gmt":"2022-12-05T08:37:25","guid":{"rendered":"https:\/\/www.afro-impact.com\/burkina-faso-the-government-suspends-the-broadcasting-of-the-programmes-of-rfi\/"},"modified":"2023-06-19T11:29:44","modified_gmt":"2023-06-19T10:29:44","slug":"burkina-faso-the-government-suspends-the-broadcasting-of-the-programmes-of-rfi","status":"publish","type":"post","link":"https:\/\/www.afro-impact.com\/en\/burkina-faso-the-government-suspends-the-broadcasting-of-the-programmes-of-rfi\/","title":{"rendered":"Burkina Faso: The government suspends the broadcasting of the programmes of RFI"},"content":{"rendered":"\n<p><strong>Burkina Faso: The government suspends the broadcasting of the programs of RFI The junta denounced &#8220;shortcomings&#8221; in the work of the French media in Burkina Faso.<\/strong><\/p>\n\n<p>Eight months ago, Bamako took a similar decision. In turn, Burkina Faso decided to suspend the broadcasting of the programs in the country. Emmanuel Ou\u00e9draogo, Minister of Communication and spokesperson for the Burkinabe government, justified this decision by the broadcast on 3 December by RFI journalists of &#8220;a message of intimidation of the population attributed to a terrorist leader&#8221;.<\/p>\n\n<p>&#8220;This media is thus contributing to a desperate attempt by terrorist groups to dissuade the thousands of Burkinab\u00e8 mobilised for the defence of the homeland, rowing against the current of actions underway to restore the integrity of our territory,&#8221; he defended.<\/p>\n\n<p>The Minister of Communication also added that earlier on 2 December, RFI journalists had broadcast in the press review, &#8220;a misleading information, indicating that the president of the transition, Captain Ibrahim Traor\u00e9, asserts that an attempted coup d&#8217;\u00e9tat has targeted his power. Since 3 November, the Burkinabe government had already expressed its &#8220;indignation at the tendentious attitude of the journalists of this media and their propensity to discredit the struggle in which the Burkinabe people are engaged for more freedom and dignity&#8221;, he said.<\/p>\n\n<p>Furthermore, the Burkinabe government wishes &#8220;to reaffirm to national and international opinion its commitment to press freedom and freedom of opinion, but also to the public&#8217;s right to information&#8221; and invites, however, the respect of the rules and principles enacted in this area in Burkina Faso, the government spokesman concluded.<\/p>\n\n<h2 class=\"wp-block-heading\" id=\"h-reactions-des-journalistes-de-rfi\"><strong>RFI journalists&#8217; reactions<\/strong><\/h2>\n\n<p>In a statement published on the RFI website on Saturday 3 December, &#8220;RFI&#8217;s management strongly deplores this decision and protests against the totally unfounded accusations that call into question the professionalism of its stations&#8221;.<\/p>\n\n<p>At the same time, the RFI journalists&#8217; society condemned the suspension &#8220;based on an erroneous reading of the work of our journalists&#8221;. &#8220;We feel it is important to recall that RFI&#8217;s priorities are, and have always been, the plurality of points of view and of the people to whom it gives a voice, as well as faithful and scrupulous fieldwork and an unfailing attachment to the freedom to inform,&#8221; they said. <\/p>\n\n<p>This is why &#8220;the group France M\u00e9dias Monde will explore all avenues to restore RFI&#8217;s broadcasting, and recalls its unfailing attachment to the freedom to inform and to the professional work of its journalists&#8221;, it reads.<\/p>\n\n<p>Burkina Faso is the second West African country to suspend the broadcasting of the programs on its territory after Mali, another country ruled by military putschists. In March 2022, the latter had accused RFI of broadcasting &#8220;false allegations&#8221; of exactions committed by the Malian army.<\/p>\n","protected":false},"excerpt":{"rendered":"<p>Burkina Faso: The government suspends the broadcasting of the programs of RFI The junta denounced &#8220;shortcomings&#8221; in the work of the French media in Burkina Faso. Eight months ago, Bamako took a similar decision. In turn, Burkina Faso decided to suspend the broadcasting of the programs in the country. Emmanuel Ou\u00e9draogo, Minister of Communication and<\/p>\n","protected":false},"author":2,"featured_media":13435,"comment_status":"open","ping_status":"open","sticky":false,"template":"","format":"standard","meta":{"footnotes":""},"categories":[198],"tags":[],"class_list":{"0":"post-13440","1":"post","2":"type-post","3":"status-publish","4":"format-standard","5":"has-post-thumbnail","7":"category-society"},"yoast_head":"<!-- This site is optimized with the Yoast SEO Premium plugin v25.5 (Yoast SEO v25.5) - https:\/\/yoast.com\/wordpress\/plugins\/seo\/ -->\n<title>Burkina Faso: The government suspends the broadcasting of the programmes of RFI - Afro impact<\/title>\n<meta name=\"description\" content=\"According to a press release from the Burkinabe government, Captain Ibrahim Traor\u00e9 and his entourage decided on Saturday 3 December to &quot;suspend immediately and until further notice&quot; the broadcasting of the International Radio France (RFI) programs throughout the country. The junta denounced &quot;shortcomings&quot; in the work of the French media in Burkina Faso.\" \/>\n<meta name=\"robots\" content=\"index, follow, max-snippet:-1, max-image-preview:large, max-video-preview:-1\" \/>\n<link rel=\"canonical\" href=\"https:\/\/www.afro-impact.com\/en\/burkina-faso-the-government-suspends-the-broadcasting-of-the-programmes-of-rfi\/\" \/>\n<meta property=\"og:locale\" content=\"en_US\" \/>\n<meta property=\"og:type\" content=\"article\" \/>\n<meta property=\"og:title\" content=\"Burkina Faso: The government suspends the broadcasting of the programmes of RFI - Afro impact\" \/>\n<meta property=\"og:description\" content=\"According to a press release from the Burkinabe government, Captain Ibrahim Traor\u00e9 and his entourage decided on Saturday 3 December to &quot;suspend immediately and until further notice&quot; the broadcasting of the International Radio France (RFI) programs throughout the country. The junta denounced &quot;shortcomings&quot; in the work of the French media in Burkina Faso.\" \/>\n<meta property=\"og:url\" content=\"https:\/\/www.afro-impact.com\/en\/burkina-faso-the-government-suspends-the-broadcasting-of-the-programmes-of-rfi\/\" \/>\n<meta property=\"og:site_name\" content=\"Afro impact\" \/>\n<meta property=\"article:publisher\" content=\"https:\/\/www.facebook.com\/AfroimpactMag\" \/>\n<meta property=\"article:author\" content=\"https:\/\/facebook.com\/profile.php?id=100075035589093\" \/>\n<meta property=\"article:published_time\" content=\"2022-12-05T08:37:25+00:00\" \/>\n<meta property=\"article:modified_time\" content=\"2023-06-19T10:29:44+00:00\" \/>\n<meta property=\"og:image\" content=\"https:\/\/www.afro-impact.com\/wp-content\/uploads\/2022\/12\/rfi-suspendu-burkina-faso.webp\" \/>\n\t<meta property=\"og:image:width\" content=\"1024\" \/>\n\t<meta property=\"og:image:height\" content=\"576\" \/>\n\t<meta property=\"og:image:type\" content=\"image\/webp\" \/>\n<meta name=\"author\" content=\"Eliane Fatchina\" \/>\n<meta name=\"twitter:card\" content=\"summary_large_image\" \/>\n<meta name=\"twitter:creator\" content=\"@AfroimpactMag\" \/>\n<meta name=\"twitter:site\" content=\"@AfroimpactMag\" \/>\n<meta name=\"twitter:label1\" content=\"Written by\" \/>\n\t<meta name=\"twitter:data1\" content=\"Eliane Fatchina\" \/>\n\t<meta name=\"twitter:label2\" content=\"Est. reading time\" \/>\n\t<meta name=\"twitter:data2\" content=\"2 minutes\" \/>\n<script type=\"application\/ld+json\" class=\"yoast-schema-graph\">{\"@context\":\"https:\/\/schema.org\",\"@graph\":[{\"@type\":\"NewsArticle\",\"@id\":\"https:\/\/www.afro-impact.com\/en\/burkina-faso-the-government-suspends-the-broadcasting-of-the-programmes-of-rfi\/#article\",\"isPartOf\":{\"@id\":\"https:\/\/www.afro-impact.com\/en\/burkina-faso-the-government-suspends-the-broadcasting-of-the-programmes-of-rfi\/\"},\"author\":{\"name\":\"Eliane Fatchina\",\"@id\":\"https:\/\/www.afro-impact.com\/#\/schema\/person\/5c48f58a7d0cc36b8d96110a4feedf77\"},\"headline\":\"Burkina Faso: The government suspends the broadcasting of the programmes of RFI\",\"datePublished\":\"2022-12-05T08:37:25+00:00\",\"dateModified\":\"2023-06-19T10:29:44+00:00\",\"mainEntityOfPage\":{\"@id\":\"https:\/\/www.afro-impact.com\/en\/burkina-faso-the-government-suspends-the-broadcasting-of-the-programmes-of-rfi\/\"},\"wordCount\":463,\"commentCount\":0,\"publisher\":{\"@id\":\"https:\/\/www.afro-impact.com\/#organization\"},\"image\":{\"@id\":\"https:\/\/www.afro-impact.com\/en\/burkina-faso-the-government-suspends-the-broadcasting-of-the-programmes-of-rfi\/#primaryimage\"},\"thumbnailUrl\":\"https:\/\/www.afro-impact.com\/wp-content\/uploads\/2022\/12\/rfi-suspendu-burkina-faso.webp\",\"articleSection\":[\"Society\"],\"inLanguage\":\"en-US\",\"potentialAction\":[{\"@type\":\"CommentAction\",\"name\":\"Comment\",\"target\":[\"https:\/\/www.afro-impact.com\/en\/burkina-faso-the-government-suspends-the-broadcasting-of-the-programmes-of-rfi\/#respond\"]}],\"copyrightYear\":\"2022\",\"copyrightHolder\":{\"@id\":\"https:\/\/www.afro-impact.com\/#organization\"}},{\"@type\":\"WebPage\",\"@id\":\"https:\/\/www.afro-impact.com\/en\/burkina-faso-the-government-suspends-the-broadcasting-of-the-programmes-of-rfi\/\",\"url\":\"https:\/\/www.afro-impact.com\/en\/burkina-faso-the-government-suspends-the-broadcasting-of-the-programmes-of-rfi\/\",\"name\":\"Burkina Faso: The government suspends the broadcasting of the programmes of RFI - Afro impact\",\"isPartOf\":{\"@id\":\"https:\/\/www.afro-impact.com\/#website\"},\"primaryImageOfPage\":{\"@id\":\"https:\/\/www.afro-impact.com\/en\/burkina-faso-the-government-suspends-the-broadcasting-of-the-programmes-of-rfi\/#primaryimage\"},\"image\":{\"@id\":\"https:\/\/www.afro-impact.com\/en\/burkina-faso-the-government-suspends-the-broadcasting-of-the-programmes-of-rfi\/#primaryimage\"},\"thumbnailUrl\":\"https:\/\/www.afro-impact.com\/wp-content\/uploads\/2022\/12\/rfi-suspendu-burkina-faso.webp\",\"datePublished\":\"2022-12-05T08:37:25+00:00\",\"dateModified\":\"2023-06-19T10:29:44+00:00\",\"description\":\"According to a press release from the Burkinabe government, Captain Ibrahim Traor\u00e9 and his entourage decided on Saturday 3 December to \\\"suspend immediately and until further notice\\\" the broadcasting of the International Radio France (RFI) programs throughout the country. The junta denounced \\\"shortcomings\\\" in the work of the French media in Burkina Faso.\",\"breadcrumb\":{\"@id\":\"https:\/\/www.afro-impact.com\/en\/burkina-faso-the-government-suspends-the-broadcasting-of-the-programmes-of-rfi\/#breadcrumb\"},\"inLanguage\":\"en-US\",\"potentialAction\":[{\"@type\":\"ReadAction\",\"target\":[\"https:\/\/www.afro-impact.com\/en\/burkina-faso-the-government-suspends-the-broadcasting-of-the-programmes-of-rfi\/\"]}]},{\"@type\":\"ImageObject\",\"inLanguage\":\"en-US\",\"@id\":\"https:\/\/www.afro-impact.com\/en\/burkina-faso-the-government-suspends-the-broadcasting-of-the-programmes-of-rfi\/#primaryimage\",\"url\":\"https:\/\/www.afro-impact.com\/wp-content\/uploads\/2022\/12\/rfi-suspendu-burkina-faso.webp\",\"contentUrl\":\"https:\/\/www.afro-impact.com\/wp-content\/uploads\/2022\/12\/rfi-suspendu-burkina-faso.webp\",\"width\":1024,\"height\":576,\"caption\":\"Source photo: RFI\"},{\"@type\":\"BreadcrumbList\",\"@id\":\"https:\/\/www.afro-impact.com\/en\/burkina-faso-the-government-suspends-the-broadcasting-of-the-programmes-of-rfi\/#breadcrumb\",\"itemListElement\":[{\"@type\":\"ListItem\",\"position\":1,\"name\":\"News\",\"item\":\"https:\/\/www.afro-impact.com\/\"},{\"@type\":\"ListItem\",\"position\":2,\"name\":\"Soci\u00e9t\u00e9\",\"item\":\"https:\/\/www.afro-impact.com\/societe\/\"},{\"@type\":\"ListItem\",\"position\":3,\"name\":\"Burkina Faso: The government suspends the broadcasting of the programmes of RFI\"}]},{\"@type\":\"WebSite\",\"@id\":\"https:\/\/www.afro-impact.com\/#website\",\"url\":\"https:\/\/www.afro-impact.com\/\",\"name\":\"Afro impact\",\"description\":\"L&#039;Afrique vu autrement\",\"publisher\":{\"@id\":\"https:\/\/www.afro-impact.com\/#organization\"},\"potentialAction\":[{\"@type\":\"SearchAction\",\"target\":{\"@type\":\"EntryPoint\",\"urlTemplate\":\"https:\/\/www.afro-impact.com\/?s={search_term_string}\"},\"query-input\":{\"@type\":\"PropertyValueSpecification\",\"valueRequired\":true,\"valueName\":\"search_term_string\"}}],\"inLanguage\":\"en-US\"},{\"@type\":[\"Organization\",\"Place\"],\"@id\":\"https:\/\/www.afro-impact.com\/#organization\",\"name\":\"Afro impact\",\"alternateName\":\"carrecube\",\"url\":\"https:\/\/www.afro-impact.com\/\",\"logo\":{\"@id\":\"https:\/\/www.afro-impact.com\/en\/burkina-faso-the-government-suspends-the-broadcasting-of-the-programmes-of-rfi\/#local-main-organization-logo\"},\"image\":{\"@id\":\"https:\/\/www.afro-impact.com\/en\/burkina-faso-the-government-suspends-the-broadcasting-of-the-programmes-of-rfi\/#local-main-organization-logo\"},\"sameAs\":[\"https:\/\/www.facebook.com\/AfroimpactMag\",\"https:\/\/x.com\/AfroimpactMag\",\"https:\/\/www.youtube.com\/channel\/UCJNIRcX4sVo487fhv0p5KDw\"],\"publishingPrinciples\":\"https:\/\/www.afro-impact.com\/a-propos-magazine-afro-impact\/\",\"ownershipFundingInfo\":\"https:\/\/www.afro-impact.com\/mentions-legales\/\",\"actionableFeedbackPolicy\":\"https:\/\/www.afro-impact.com\/conditions-generales\/\",\"correctionsPolicy\":\"https:\/\/www.afro-impact.com\/dmca-retrait\/\",\"address\":{\"@id\":\"https:\/\/www.afro-impact.com\/en\/burkina-faso-the-government-suspends-the-broadcasting-of-the-programmes-of-rfi\/#local-main-place-address\"},\"geo\":{\"@type\":\"GeoCoordinates\",\"latitude\":\"6.389282121878214\",\"longitude\":\"2.3602318590634495\"},\"telephone\":[\"+229 54900806\"],\"openingHoursSpecification\":[{\"@type\":\"OpeningHoursSpecification\",\"dayOfWeek\":[\"Monday\",\"Tuesday\",\"Wednesday\",\"Thursday\",\"Friday\",\"Saturday\",\"Sunday\"],\"opens\":\"00:00\",\"closes\":\"23:59\"}],\"email\":\"redaction@afro-impact.com\",\"vatID\":\"0 2022 1395 5557\"},{\"@type\":\"Person\",\"@id\":\"https:\/\/www.afro-impact.com\/#\/schema\/person\/5c48f58a7d0cc36b8d96110a4feedf77\",\"name\":\"Eliane Fatchina\",\"image\":{\"@type\":\"ImageObject\",\"inLanguage\":\"en-US\",\"@id\":\"https:\/\/www.afro-impact.com\/#\/schema\/person\/image\/\",\"url\":\"https:\/\/www.afro-impact.com\/wp-content\/litespeed\/avatar\/5f9f737261a53c0e086b34b0464cb9e1.jpg?ver=1777018517\",\"contentUrl\":\"https:\/\/www.afro-impact.com\/wp-content\/litespeed\/avatar\/5f9f737261a53c0e086b34b0464cb9e1.jpg?ver=1777018517\",\"caption\":\"Eliane Fatchina\"},\"description\":\"Eliane Yabo Omonlayo Fatchina est une journaliste reporter \u00e0 Afro impact. Titulaire d\u2019une licence professionnelle en journalisme \u00e0 l\u2019ENSTIC du B\u00e9nin, elle est une panafricaniste passionn\u00e9e de culture, des questions de soci\u00e9t\u00e9 et d\u2019environnement. Avec d\u00e9j\u00e0 sept ans d\u2019exp\u00e9riences, elle s\u2019emploie quotidiennement \u00e0 donner de la voix aux id\u00e9es \u00e0 travers l\u2019\u00e9criture.\",\"sameAs\":[\"https:\/\/facebook.com\/profile.php?id=100075035589093\"],\"url\":\"https:\/\/www.afro-impact.com\/en\/author\/omonlayo\/\"},{\"@type\":\"PostalAddress\",\"@id\":\"https:\/\/www.afro-impact.com\/en\/burkina-faso-the-government-suspends-the-broadcasting-of-the-programmes-of-rfi\/#local-main-place-address\",\"streetAddress\":\"Carr\u00e9 2167 Kindonou, Cotonou, BENIN, 07 BP 1128 Cotonou, BENIN\",\"addressLocality\":\"Cotonou\",\"postalCode\":\"+229\",\"addressRegion\":\"Littoral\",\"addressCountry\":\"BJ\"},{\"@type\":\"ImageObject\",\"inLanguage\":\"en-US\",\"@id\":\"https:\/\/www.afro-impact.com\/en\/burkina-faso-the-government-suspends-the-broadcasting-of-the-programmes-of-rfi\/#local-main-organization-logo\",\"url\":\"https:\/\/www.afro-impact.com\/wp-content\/uploads\/2022\/01\/logo-afro-impact-share-social.png\",\"contentUrl\":\"https:\/\/www.afro-impact.com\/wp-content\/uploads\/2022\/01\/logo-afro-impact-share-social.png\",\"width\":300,\"height\":300,\"caption\":\"Afro impact\"}]}<\/script>\n<meta name=\"geo.placename\" content=\"Cotonou\" \/>\n<meta name=\"geo.position\" content=\"6.389282121878214;2.3602318590634495\" \/>\n<meta name=\"geo.region\" content=\"Benin\" \/>\n<!-- \/ Yoast SEO Premium plugin. -->","yoast_head_json":{"title":"Burkina Faso: The government suspends the broadcasting of the programmes of RFI - Afro impact","description":"According to a press release from the Burkinabe government, Captain Ibrahim Traor\u00e9 and his entourage decided on Saturday 3 December to \"suspend immediately and until further notice\" the broadcasting of the International Radio France (RFI) programs throughout the country. The junta denounced \"shortcomings\" in the work of the French media in Burkina Faso.","robots":{"index":"index","follow":"follow","max-snippet":"max-snippet:-1","max-image-preview":"max-image-preview:large","max-video-preview":"max-video-preview:-1"},"canonical":"https:\/\/www.afro-impact.com\/en\/burkina-faso-the-government-suspends-the-broadcasting-of-the-programmes-of-rfi\/","og_locale":"en_US","og_type":"article","og_title":"Burkina Faso: The government suspends the broadcasting of the programmes of RFI - Afro impact","og_description":"According to a press release from the Burkinabe government, Captain Ibrahim Traor\u00e9 and his entourage decided on Saturday 3 December to \"suspend immediately and until further notice\" the broadcasting of the International Radio France (RFI) programs throughout the country. The junta denounced \"shortcomings\" in the work of the French media in Burkina Faso.","og_url":"https:\/\/www.afro-impact.com\/en\/burkina-faso-the-government-suspends-the-broadcasting-of-the-programmes-of-rfi\/","og_site_name":"Afro impact","article_publisher":"https:\/\/www.facebook.com\/AfroimpactMag","article_author":"https:\/\/facebook.com\/profile.php?id=100075035589093","article_published_time":"2022-12-05T08:37:25+00:00","article_modified_time":"2023-06-19T10:29:44+00:00","og_image":[{"width":1024,"height":576,"url":"https:\/\/www.afro-impact.com\/wp-content\/uploads\/2022\/12\/rfi-suspendu-burkina-faso.webp","type":"image\/webp"}],"author":"Eliane Fatchina","twitter_card":"summary_large_image","twitter_creator":"@AfroimpactMag","twitter_site":"@AfroimpactMag","twitter_misc":{"Written by":"Eliane Fatchina","Est. reading time":"2 minutes"},"schema":{"@context":"https:\/\/schema.org","@graph":[{"@type":"NewsArticle","@id":"https:\/\/www.afro-impact.com\/en\/burkina-faso-the-government-suspends-the-broadcasting-of-the-programmes-of-rfi\/#article","isPartOf":{"@id":"https:\/\/www.afro-impact.com\/en\/burkina-faso-the-government-suspends-the-broadcasting-of-the-programmes-of-rfi\/"},"author":{"name":"Eliane Fatchina","@id":"https:\/\/www.afro-impact.com\/#\/schema\/person\/5c48f58a7d0cc36b8d96110a4feedf77"},"headline":"Burkina Faso: The government suspends the broadcasting of the programmes of RFI","datePublished":"2022-12-05T08:37:25+00:00","dateModified":"2023-06-19T10:29:44+00:00","mainEntityOfPage":{"@id":"https:\/\/www.afro-impact.com\/en\/burkina-faso-the-government-suspends-the-broadcasting-of-the-programmes-of-rfi\/"},"wordCount":463,"commentCount":0,"publisher":{"@id":"https:\/\/www.afro-impact.com\/#organization"},"image":{"@id":"https:\/\/www.afro-impact.com\/en\/burkina-faso-the-government-suspends-the-broadcasting-of-the-programmes-of-rfi\/#primaryimage"},"thumbnailUrl":"https:\/\/www.afro-impact.com\/wp-content\/uploads\/2022\/12\/rfi-suspendu-burkina-faso.webp","articleSection":["Society"],"inLanguage":"en-US","potentialAction":[{"@type":"CommentAction","name":"Comment","target":["https:\/\/www.afro-impact.com\/en\/burkina-faso-the-government-suspends-the-broadcasting-of-the-programmes-of-rfi\/#respond"]}],"copyrightYear":"2022","copyrightHolder":{"@id":"https:\/\/www.afro-impact.com\/#organization"}},{"@type":"WebPage","@id":"https:\/\/www.afro-impact.com\/en\/burkina-faso-the-government-suspends-the-broadcasting-of-the-programmes-of-rfi\/","url":"https:\/\/www.afro-impact.com\/en\/burkina-faso-the-government-suspends-the-broadcasting-of-the-programmes-of-rfi\/","name":"Burkina Faso: The government suspends the broadcasting of the programmes of RFI - Afro impact","isPartOf":{"@id":"https:\/\/www.afro-impact.com\/#website"},"primaryImageOfPage":{"@id":"https:\/\/www.afro-impact.com\/en\/burkina-faso-the-government-suspends-the-broadcasting-of-the-programmes-of-rfi\/#primaryimage"},"image":{"@id":"https:\/\/www.afro-impact.com\/en\/burkina-faso-the-government-suspends-the-broadcasting-of-the-programmes-of-rfi\/#primaryimage"},"thumbnailUrl":"https:\/\/www.afro-impact.com\/wp-content\/uploads\/2022\/12\/rfi-suspendu-burkina-faso.webp","datePublished":"2022-12-05T08:37:25+00:00","dateModified":"2023-06-19T10:29:44+00:00","description":"According to a press release from the Burkinabe government, Captain Ibrahim Traor\u00e9 and his entourage decided on Saturday 3 December to \"suspend immediately and until further notice\" the broadcasting of the International Radio France (RFI) programs throughout the country. The junta denounced \"shortcomings\" in the work of the French media in Burkina Faso.","breadcrumb":{"@id":"https:\/\/www.afro-impact.com\/en\/burkina-faso-the-government-suspends-the-broadcasting-of-the-programmes-of-rfi\/#breadcrumb"},"inLanguage":"en-US","potentialAction":[{"@type":"ReadAction","target":["https:\/\/www.afro-impact.com\/en\/burkina-faso-the-government-suspends-the-broadcasting-of-the-programmes-of-rfi\/"]}]},{"@type":"ImageObject","inLanguage":"en-US","@id":"https:\/\/www.afro-impact.com\/en\/burkina-faso-the-government-suspends-the-broadcasting-of-the-programmes-of-rfi\/#primaryimage","url":"https:\/\/www.afro-impact.com\/wp-content\/uploads\/2022\/12\/rfi-suspendu-burkina-faso.webp","contentUrl":"https:\/\/www.afro-impact.com\/wp-content\/uploads\/2022\/12\/rfi-suspendu-burkina-faso.webp","width":1024,"height":576,"caption":"Source photo: RFI"},{"@type":"BreadcrumbList","@id":"https:\/\/www.afro-impact.com\/en\/burkina-faso-the-government-suspends-the-broadcasting-of-the-programmes-of-rfi\/#breadcrumb","itemListElement":[{"@type":"ListItem","position":1,"name":"News","item":"https:\/\/www.afro-impact.com\/"},{"@type":"ListItem","position":2,"name":"Soci\u00e9t\u00e9","item":"https:\/\/www.afro-impact.com\/societe\/"},{"@type":"ListItem","position":3,"name":"Burkina Faso: The government suspends the broadcasting of the programmes of RFI"}]},{"@type":"WebSite","@id":"https:\/\/www.afro-impact.com\/#website","url":"https:\/\/www.afro-impact.com\/","name":"Afro impact","description":"L&#039;Afrique vu autrement","publisher":{"@id":"https:\/\/www.afro-impact.com\/#organization"},"potentialAction":[{"@type":"SearchAction","target":{"@type":"EntryPoint","urlTemplate":"https:\/\/www.afro-impact.com\/?s={search_term_string}"},"query-input":{"@type":"PropertyValueSpecification","valueRequired":true,"valueName":"search_term_string"}}],"inLanguage":"en-US"},{"@type":["Organization","Place"],"@id":"https:\/\/www.afro-impact.com\/#organization","name":"Afro impact","alternateName":"carrecube","url":"https:\/\/www.afro-impact.com\/","logo":{"@id":"https:\/\/www.afro-impact.com\/en\/burkina-faso-the-government-suspends-the-broadcasting-of-the-programmes-of-rfi\/#local-main-organization-logo"},"image":{"@id":"https:\/\/www.afro-impact.com\/en\/burkina-faso-the-government-suspends-the-broadcasting-of-the-programmes-of-rfi\/#local-main-organization-logo"},"sameAs":["https:\/\/www.facebook.com\/AfroimpactMag","https:\/\/x.com\/AfroimpactMag","https:\/\/www.youtube.com\/channel\/UCJNIRcX4sVo487fhv0p5KDw"],"publishingPrinciples":"https:\/\/www.afro-impact.com\/a-propos-magazine-afro-impact\/","ownershipFundingInfo":"https:\/\/www.afro-impact.com\/mentions-legales\/","actionableFeedbackPolicy":"https:\/\/www.afro-impact.com\/conditions-generales\/","correctionsPolicy":"https:\/\/www.afro-impact.com\/dmca-retrait\/","address":{"@id":"https:\/\/www.afro-impact.com\/en\/burkina-faso-the-government-suspends-the-broadcasting-of-the-programmes-of-rfi\/#local-main-place-address"},"geo":{"@type":"GeoCoordinates","latitude":"6.389282121878214","longitude":"2.3602318590634495"},"telephone":["+229 54900806"],"openingHoursSpecification":[{"@type":"OpeningHoursSpecification","dayOfWeek":["Monday","Tuesday","Wednesday","Thursday","Friday","Saturday","Sunday"],"opens":"00:00","closes":"23:59"}],"email":"redaction@afro-impact.com","vatID":"0 2022 1395 5557"},{"@type":"Person","@id":"https:\/\/www.afro-impact.com\/#\/schema\/person\/5c48f58a7d0cc36b8d96110a4feedf77","name":"Eliane Fatchina","image":{"@type":"ImageObject","inLanguage":"en-US","@id":"https:\/\/www.afro-impact.com\/#\/schema\/person\/image\/","url":"https:\/\/www.afro-impact.com\/wp-content\/litespeed\/avatar\/5f9f737261a53c0e086b34b0464cb9e1.jpg?ver=1777018517","contentUrl":"https:\/\/www.afro-impact.com\/wp-content\/litespeed\/avatar\/5f9f737261a53c0e086b34b0464cb9e1.jpg?ver=1777018517","caption":"Eliane Fatchina"},"description":"Eliane Yabo Omonlayo Fatchina est une journaliste reporter \u00e0 Afro impact. Titulaire d\u2019une licence professionnelle en journalisme \u00e0 l\u2019ENSTIC du B\u00e9nin, elle est une panafricaniste passionn\u00e9e de culture, des questions de soci\u00e9t\u00e9 et d\u2019environnement. Avec d\u00e9j\u00e0 sept ans d\u2019exp\u00e9riences, elle s\u2019emploie quotidiennement \u00e0 donner de la voix aux id\u00e9es \u00e0 travers l\u2019\u00e9criture.","sameAs":["https:\/\/facebook.com\/profile.php?id=100075035589093"],"url":"https:\/\/www.afro-impact.com\/en\/author\/omonlayo\/"},{"@type":"PostalAddress","@id":"https:\/\/www.afro-impact.com\/en\/burkina-faso-the-government-suspends-the-broadcasting-of-the-programmes-of-rfi\/#local-main-place-address","streetAddress":"Carr\u00e9 2167 Kindonou, Cotonou, BENIN, 07 BP 1128 Cotonou, BENIN","addressLocality":"Cotonou","postalCode":"+229","addressRegion":"Littoral","addressCountry":"BJ"},{"@type":"ImageObject","inLanguage":"en-US","@id":"https:\/\/www.afro-impact.com\/en\/burkina-faso-the-government-suspends-the-broadcasting-of-the-programmes-of-rfi\/#local-main-organization-logo","url":"https:\/\/www.afro-impact.com\/wp-content\/uploads\/2022\/01\/logo-afro-impact-share-social.png","contentUrl":"https:\/\/www.afro-impact.com\/wp-content\/uploads\/2022\/01\/logo-afro-impact-share-social.png","width":300,"height":300,"caption":"Afro impact"}]},"geo.placename":"Cotonou","geo.position":{"lat":"6.389282121878214","long":"2.3602318590634495"},"geo.region":"Benin"},"_links":{"self":[{"href":"https:\/\/www.afro-impact.com\/en\/wp-json\/wp\/v2\/posts\/13440","targetHints":{"allow":["GET"]}}],"collection":[{"href":"https:\/\/www.afro-impact.com\/en\/wp-json\/wp\/v2\/posts"}],"about":[{"href":"https:\/\/www.afro-impact.com\/en\/wp-json\/wp\/v2\/types\/post"}],"author":[{"embeddable":true,"href":"https:\/\/www.afro-impact.com\/en\/wp-json\/wp\/v2\/users\/2"}],"replies":[{"embeddable":true,"href":"https:\/\/www.afro-impact.com\/en\/wp-json\/wp\/v2\/comments?post=13440"}],"version-history":[{"count":0,"href":"https:\/\/www.afro-impact.com\/en\/wp-json\/wp\/v2\/posts\/13440\/revisions"}],"wp:featuredmedia":[{"embeddable":true,"href":"https:\/\/www.afro-impact.com\/en\/wp-json\/wp\/v2\/media\/13435"}],"wp:attachment":[{"href":"https:\/\/www.afro-impact.com\/en\/wp-json\/wp\/v2\/media?parent=13440"}],"wp:term":[{"taxonomy":"category","embeddable":true,"href":"https:\/\/www.afro-impact.com\/en\/wp-json\/wp\/v2\/categories?post=13440"},{"taxonomy":"post_tag","embeddable":true,"href":"https:\/\/www.afro-impact.com\/en\/wp-json\/wp\/v2\/tags?post=13440"}],"curies":[{"name":"wp","href":"https:\/\/api.w.org\/{rel}","templated":true}]}}