{"id":14235,"date":"2023-01-04T15:24:16","date_gmt":"2023-01-04T14:24:16","guid":{"rendered":"https:\/\/www.afro-impact.com\/burkina-faso-calls-for-the-replacement-of-the-french-ambassador\/"},"modified":"2023-06-19T11:11:31","modified_gmt":"2023-06-19T10:11:31","slug":"burkina-faso-calls-for-the-replacement-of-the-french-ambassador","status":"publish","type":"post","link":"https:\/\/www.afro-impact.com\/en\/burkina-faso-calls-for-the-replacement-of-the-french-ambassador\/","title":{"rendered":"Burkina Faso calls for the replacement of the French ambassador"},"content":{"rendered":"\n<p><strong>The Burkinabe authorities have asked the French authorities to replace Luc Hallade, the current French ambassador in Ouagadougou. This is what emerges from the official letter sent by the Burkinabe Minister of Foreign Affairs, Olivia Rouamba, to the Quai d&#8217;Orsay at the end of December, according to Jeune Afrique.<\/strong><\/p>\n\n<p>The transitional authorities of Burkina Faso have requested the departure of the French ambassador Luc Hallade from the country. This request comes in a context of deep tensions between France and Burkina Faso. &#8220;It is a crisis of confidence. It is not the end of the diplomatic relationship but it is the interlocutor that we are simply asking to change,&#8221; a source close to the case told the Agence d&#8217;Informations du Burkina Faso.<\/p>\n\n<p>For the time being, the reasons behind the Burkinabe authorities&#8217; request are not known. But for several analysts, this diplomatic row is linked to a letter sent by Luc Hallade to French nationals in Koudougou on 12 December 2022. In this letter, Luc Hallade asked French nationals living in the town of Koudougou (about 100 km west of Ouagadougou) to leave the town for security reasons.<\/p>\n\n<h2 class=\"wp-block-heading\" id=\"h-une-brouille-diplomatique-de-longue-date\"><strong>A long-standing diplomatic row<\/strong><\/h2>\n\n<p>In addition, during a meeting with the France-West Africa Friendship Group in the French Senate last July, Luc Hallade described the security situation in Burkina Faso as a civil war, minimising the efforts of the Burkina Faso Defence and Security Forces in the fight against terrorism. What the Burkinabe did not like.<\/p>\n\n<p>Moreover, Luc Hallade&#8217;s expulsion comes less than two weeks (23 December 2022) after the UN Resident and Humanitarian Coordinator in Burkina Faso, Barbara Manzi, was also declared persona non grata. On 18 December, two French citizens were arrested and expelled from Burkina Faso for spying on the defence and security forces.<\/p>\n\n<p>Furthermore, according to an official statement dated 3 December 2022, the Burkinabe government has decided to suspend until further notice the broadcasting of Radio France Internationale (RFI) programs throughout the country, arguing that there are &#8220;shortcomings&#8221; in the work of the French media.<\/p>\n\n<p>Recently, a growing anti-French sentiment has been expressed in the streets of Burkina Faso&#8217;s cities. Having surfed on this anti-French wave and these pro-Russian movements to succeed in his putsch on 30 September 2022, Captain Ibrahim Traor\u00e9 is more inspired by Colonel Assimi Go\u00efta.<\/p>\n\n<p>After the Central African Republic and Mali, the French presence has become an embarrassment in Burkina Faso. At the rate events are unfolding, the former colonial power will be pushed out; it smells of a rupture.<\/p>\n","protected":false},"excerpt":{"rendered":"<p>The Burkinabe authorities have asked the French authorities to replace Luc Hallade, the current French ambassador in Ouagadougou. This is what emerges from the official letter sent by the Burkinabe Minister of Foreign Affairs, Olivia Rouamba, to the Quai d&#8217;Orsay at the end of December, according to Jeune Afrique. The transitional authorities of Burkina Faso<\/p>\n","protected":false},"author":2,"featured_media":14185,"comment_status":"open","ping_status":"open","sticky":false,"template":"","format":"standard","meta":{"footnotes":""},"categories":[1476],"tags":[],"class_list":{"0":"post-14235","1":"post","2":"type-post","3":"status-publish","4":"format-standard","5":"has-post-thumbnail","7":"category-politics"},"yoast_head":"<!-- This site is optimized with the Yoast SEO Premium plugin v25.5 (Yoast SEO v25.5) - https:\/\/yoast.com\/wordpress\/plugins\/seo\/ -->\n<title>Burkina Faso calls for the replacement of the French ambassador - Afro impact<\/title>\n<meta name=\"description\" content=\"The Burkinabe authorities have asked the French authorities to replace Luc Hallade, the current French ambassador in Ouagadougou. This is what emerges from the official letter sent by the Burkinabe Minister of Foreign Affairs, Olivia Rouamba, to the Quai d&#039;Orsay at the end of December, according to Jeune Afrique.\" \/>\n<meta name=\"robots\" content=\"index, follow, max-snippet:-1, max-image-preview:large, max-video-preview:-1\" \/>\n<link rel=\"canonical\" href=\"https:\/\/www.afro-impact.com\/en\/burkina-faso-calls-for-the-replacement-of-the-french-ambassador\/\" \/>\n<meta property=\"og:locale\" content=\"en_US\" \/>\n<meta property=\"og:type\" content=\"article\" \/>\n<meta property=\"og:title\" content=\"Burkina Faso calls for the replacement of the French ambassador - Afro impact\" \/>\n<meta property=\"og:description\" content=\"The Burkinabe authorities have asked the French authorities to replace Luc Hallade, the current French ambassador in Ouagadougou. This is what emerges from the official letter sent by the Burkinabe Minister of Foreign Affairs, Olivia Rouamba, to the Quai d&#039;Orsay at the end of December, according to Jeune Afrique.\" \/>\n<meta property=\"og:url\" content=\"https:\/\/www.afro-impact.com\/en\/burkina-faso-calls-for-the-replacement-of-the-french-ambassador\/\" \/>\n<meta property=\"og:site_name\" content=\"Afro impact\" \/>\n<meta property=\"article:publisher\" content=\"https:\/\/www.facebook.com\/AfroimpactMag\" \/>\n<meta property=\"article:author\" content=\"https:\/\/facebook.com\/profile.php?id=100075035589093\" \/>\n<meta property=\"article:published_time\" content=\"2023-01-04T14:24:16+00:00\" \/>\n<meta property=\"article:modified_time\" content=\"2023-06-19T10:11:31+00:00\" \/>\n<meta property=\"og:image\" content=\"https:\/\/www.afro-impact.com\/wp-content\/uploads\/2023\/01\/luc-hallade-ambassadeur-francais-burkina-faso.jpg\" \/>\n\t<meta property=\"og:image:width\" content=\"1500\" \/>\n\t<meta property=\"og:image:height\" content=\"1000\" \/>\n\t<meta property=\"og:image:type\" content=\"image\/jpeg\" \/>\n<meta name=\"author\" content=\"Eliane Fatchina\" \/>\n<meta name=\"twitter:card\" content=\"summary_large_image\" \/>\n<meta name=\"twitter:creator\" content=\"@AfroimpactMag\" \/>\n<meta name=\"twitter:site\" content=\"@AfroimpactMag\" \/>\n<meta name=\"twitter:label1\" content=\"Written by\" \/>\n\t<meta name=\"twitter:data1\" content=\"Eliane Fatchina\" \/>\n\t<meta name=\"twitter:label2\" content=\"Est. reading time\" \/>\n\t<meta name=\"twitter:data2\" content=\"2 minutes\" \/>\n<script type=\"application\/ld+json\" class=\"yoast-schema-graph\">{\"@context\":\"https:\/\/schema.org\",\"@graph\":[{\"@type\":\"NewsArticle\",\"@id\":\"https:\/\/www.afro-impact.com\/en\/burkina-faso-calls-for-the-replacement-of-the-french-ambassador\/#article\",\"isPartOf\":{\"@id\":\"https:\/\/www.afro-impact.com\/en\/burkina-faso-calls-for-the-replacement-of-the-french-ambassador\/\"},\"author\":{\"name\":\"Eliane Fatchina\",\"@id\":\"https:\/\/www.afro-impact.com\/#\/schema\/person\/5c48f58a7d0cc36b8d96110a4feedf77\"},\"headline\":\"Burkina Faso calls for the replacement of the French ambassador\",\"datePublished\":\"2023-01-04T14:24:16+00:00\",\"dateModified\":\"2023-06-19T10:11:31+00:00\",\"mainEntityOfPage\":{\"@id\":\"https:\/\/www.afro-impact.com\/en\/burkina-faso-calls-for-the-replacement-of-the-french-ambassador\/\"},\"wordCount\":423,\"commentCount\":0,\"publisher\":{\"@id\":\"https:\/\/www.afro-impact.com\/#organization\"},\"image\":{\"@id\":\"https:\/\/www.afro-impact.com\/en\/burkina-faso-calls-for-the-replacement-of-the-french-ambassador\/#primaryimage\"},\"thumbnailUrl\":\"https:\/\/www.afro-impact.com\/wp-content\/uploads\/2023\/01\/luc-hallade-ambassadeur-francais-burkina-faso.jpg\",\"articleSection\":[\"Politics\"],\"inLanguage\":\"en-US\",\"potentialAction\":[{\"@type\":\"CommentAction\",\"name\":\"Comment\",\"target\":[\"https:\/\/www.afro-impact.com\/en\/burkina-faso-calls-for-the-replacement-of-the-french-ambassador\/#respond\"]}],\"copyrightYear\":\"2023\",\"copyrightHolder\":{\"@id\":\"https:\/\/www.afro-impact.com\/#organization\"}},{\"@type\":\"WebPage\",\"@id\":\"https:\/\/www.afro-impact.com\/en\/burkina-faso-calls-for-the-replacement-of-the-french-ambassador\/\",\"url\":\"https:\/\/www.afro-impact.com\/en\/burkina-faso-calls-for-the-replacement-of-the-french-ambassador\/\",\"name\":\"Burkina Faso calls for the replacement of the French ambassador - Afro impact\",\"isPartOf\":{\"@id\":\"https:\/\/www.afro-impact.com\/#website\"},\"primaryImageOfPage\":{\"@id\":\"https:\/\/www.afro-impact.com\/en\/burkina-faso-calls-for-the-replacement-of-the-french-ambassador\/#primaryimage\"},\"image\":{\"@id\":\"https:\/\/www.afro-impact.com\/en\/burkina-faso-calls-for-the-replacement-of-the-french-ambassador\/#primaryimage\"},\"thumbnailUrl\":\"https:\/\/www.afro-impact.com\/wp-content\/uploads\/2023\/01\/luc-hallade-ambassadeur-francais-burkina-faso.jpg\",\"datePublished\":\"2023-01-04T14:24:16+00:00\",\"dateModified\":\"2023-06-19T10:11:31+00:00\",\"description\":\"The Burkinabe authorities have asked the French authorities to replace Luc Hallade, the current French ambassador in Ouagadougou. This is what emerges from the official letter sent by the Burkinabe Minister of Foreign Affairs, Olivia Rouamba, to the Quai d'Orsay at the end of December, according to Jeune Afrique.\",\"breadcrumb\":{\"@id\":\"https:\/\/www.afro-impact.com\/en\/burkina-faso-calls-for-the-replacement-of-the-french-ambassador\/#breadcrumb\"},\"inLanguage\":\"en-US\",\"potentialAction\":[{\"@type\":\"ReadAction\",\"target\":[\"https:\/\/www.afro-impact.com\/en\/burkina-faso-calls-for-the-replacement-of-the-french-ambassador\/\"]}]},{\"@type\":\"ImageObject\",\"inLanguage\":\"en-US\",\"@id\":\"https:\/\/www.afro-impact.com\/en\/burkina-faso-calls-for-the-replacement-of-the-french-ambassador\/#primaryimage\",\"url\":\"https:\/\/www.afro-impact.com\/wp-content\/uploads\/2023\/01\/luc-hallade-ambassadeur-francais-burkina-faso.jpg\",\"contentUrl\":\"https:\/\/www.afro-impact.com\/wp-content\/uploads\/2023\/01\/luc-hallade-ambassadeur-francais-burkina-faso.jpg\",\"width\":1500,\"height\":1000,\"caption\":\"French Ambassador Luc Hallade in Burkina Faso. Source photo: bf ambafrance\"},{\"@type\":\"BreadcrumbList\",\"@id\":\"https:\/\/www.afro-impact.com\/en\/burkina-faso-calls-for-the-replacement-of-the-french-ambassador\/#breadcrumb\",\"itemListElement\":[{\"@type\":\"ListItem\",\"position\":1,\"name\":\"News\",\"item\":\"https:\/\/www.afro-impact.com\/\"},{\"@type\":\"ListItem\",\"position\":2,\"name\":\"Politique\",\"item\":\"https:\/\/www.afro-impact.com\/politique\/\"},{\"@type\":\"ListItem\",\"position\":3,\"name\":\"Burkina Faso calls for the replacement of the French ambassador\"}]},{\"@type\":\"WebSite\",\"@id\":\"https:\/\/www.afro-impact.com\/#website\",\"url\":\"https:\/\/www.afro-impact.com\/\",\"name\":\"Afro impact\",\"description\":\"L&#039;Afrique vu autrement\",\"publisher\":{\"@id\":\"https:\/\/www.afro-impact.com\/#organization\"},\"potentialAction\":[{\"@type\":\"SearchAction\",\"target\":{\"@type\":\"EntryPoint\",\"urlTemplate\":\"https:\/\/www.afro-impact.com\/?s={search_term_string}\"},\"query-input\":{\"@type\":\"PropertyValueSpecification\",\"valueRequired\":true,\"valueName\":\"search_term_string\"}}],\"inLanguage\":\"en-US\"},{\"@type\":[\"Organization\",\"Place\"],\"@id\":\"https:\/\/www.afro-impact.com\/#organization\",\"name\":\"Afro impact\",\"alternateName\":\"carrecube\",\"url\":\"https:\/\/www.afro-impact.com\/\",\"logo\":{\"@id\":\"https:\/\/www.afro-impact.com\/en\/burkina-faso-calls-for-the-replacement-of-the-french-ambassador\/#local-main-organization-logo\"},\"image\":{\"@id\":\"https:\/\/www.afro-impact.com\/en\/burkina-faso-calls-for-the-replacement-of-the-french-ambassador\/#local-main-organization-logo\"},\"sameAs\":[\"https:\/\/www.facebook.com\/AfroimpactMag\",\"https:\/\/x.com\/AfroimpactMag\",\"https:\/\/www.youtube.com\/channel\/UCJNIRcX4sVo487fhv0p5KDw\"],\"publishingPrinciples\":\"https:\/\/www.afro-impact.com\/a-propos-magazine-afro-impact\/\",\"ownershipFundingInfo\":\"https:\/\/www.afro-impact.com\/mentions-legales\/\",\"actionableFeedbackPolicy\":\"https:\/\/www.afro-impact.com\/conditions-generales\/\",\"correctionsPolicy\":\"https:\/\/www.afro-impact.com\/dmca-retrait\/\",\"address\":{\"@id\":\"https:\/\/www.afro-impact.com\/en\/burkina-faso-calls-for-the-replacement-of-the-french-ambassador\/#local-main-place-address\"},\"geo\":{\"@type\":\"GeoCoordinates\",\"latitude\":\"6.389282121878214\",\"longitude\":\"2.3602318590634495\"},\"telephone\":[\"+229 54900806\"],\"openingHoursSpecification\":[{\"@type\":\"OpeningHoursSpecification\",\"dayOfWeek\":[\"Monday\",\"Tuesday\",\"Wednesday\",\"Thursday\",\"Friday\",\"Saturday\",\"Sunday\"],\"opens\":\"00:00\",\"closes\":\"23:59\"}],\"email\":\"redaction@afro-impact.com\",\"vatID\":\"0 2022 1395 5557\"},{\"@type\":\"Person\",\"@id\":\"https:\/\/www.afro-impact.com\/#\/schema\/person\/5c48f58a7d0cc36b8d96110a4feedf77\",\"name\":\"Eliane Fatchina\",\"image\":{\"@type\":\"ImageObject\",\"inLanguage\":\"en-US\",\"@id\":\"https:\/\/www.afro-impact.com\/#\/schema\/person\/image\/\",\"url\":\"https:\/\/www.afro-impact.com\/wp-content\/litespeed\/avatar\/5f9f737261a53c0e086b34b0464cb9e1.jpg?ver=1777018517\",\"contentUrl\":\"https:\/\/www.afro-impact.com\/wp-content\/litespeed\/avatar\/5f9f737261a53c0e086b34b0464cb9e1.jpg?ver=1777018517\",\"caption\":\"Eliane Fatchina\"},\"description\":\"Eliane Yabo Omonlayo Fatchina est une journaliste reporter \u00e0 Afro impact. Titulaire d\u2019une licence professionnelle en journalisme \u00e0 l\u2019ENSTIC du B\u00e9nin, elle est une panafricaniste passionn\u00e9e de culture, des questions de soci\u00e9t\u00e9 et d\u2019environnement. Avec d\u00e9j\u00e0 sept ans d\u2019exp\u00e9riences, elle s\u2019emploie quotidiennement \u00e0 donner de la voix aux id\u00e9es \u00e0 travers l\u2019\u00e9criture.\",\"sameAs\":[\"https:\/\/facebook.com\/profile.php?id=100075035589093\"],\"url\":\"https:\/\/www.afro-impact.com\/en\/author\/omonlayo\/\"},{\"@type\":\"PostalAddress\",\"@id\":\"https:\/\/www.afro-impact.com\/en\/burkina-faso-calls-for-the-replacement-of-the-french-ambassador\/#local-main-place-address\",\"streetAddress\":\"Carr\u00e9 2167 Kindonou, Cotonou, BENIN, 07 BP 1128 Cotonou, BENIN\",\"addressLocality\":\"Cotonou\",\"postalCode\":\"+229\",\"addressRegion\":\"Littoral\",\"addressCountry\":\"BJ\"},{\"@type\":\"ImageObject\",\"inLanguage\":\"en-US\",\"@id\":\"https:\/\/www.afro-impact.com\/en\/burkina-faso-calls-for-the-replacement-of-the-french-ambassador\/#local-main-organization-logo\",\"url\":\"https:\/\/www.afro-impact.com\/wp-content\/uploads\/2022\/01\/logo-afro-impact-share-social.png\",\"contentUrl\":\"https:\/\/www.afro-impact.com\/wp-content\/uploads\/2022\/01\/logo-afro-impact-share-social.png\",\"width\":300,\"height\":300,\"caption\":\"Afro impact\"}]}<\/script>\n<meta name=\"geo.placename\" content=\"Cotonou\" \/>\n<meta name=\"geo.position\" content=\"6.389282121878214;2.3602318590634495\" \/>\n<meta name=\"geo.region\" content=\"Benin\" \/>\n<!-- \/ Yoast SEO Premium plugin. -->","yoast_head_json":{"title":"Burkina Faso calls for the replacement of the French ambassador - Afro impact","description":"The Burkinabe authorities have asked the French authorities to replace Luc Hallade, the current French ambassador in Ouagadougou. This is what emerges from the official letter sent by the Burkinabe Minister of Foreign Affairs, Olivia Rouamba, to the Quai d'Orsay at the end of December, according to Jeune Afrique.","robots":{"index":"index","follow":"follow","max-snippet":"max-snippet:-1","max-image-preview":"max-image-preview:large","max-video-preview":"max-video-preview:-1"},"canonical":"https:\/\/www.afro-impact.com\/en\/burkina-faso-calls-for-the-replacement-of-the-french-ambassador\/","og_locale":"en_US","og_type":"article","og_title":"Burkina Faso calls for the replacement of the French ambassador - Afro impact","og_description":"The Burkinabe authorities have asked the French authorities to replace Luc Hallade, the current French ambassador in Ouagadougou. This is what emerges from the official letter sent by the Burkinabe Minister of Foreign Affairs, Olivia Rouamba, to the Quai d'Orsay at the end of December, according to Jeune Afrique.","og_url":"https:\/\/www.afro-impact.com\/en\/burkina-faso-calls-for-the-replacement-of-the-french-ambassador\/","og_site_name":"Afro impact","article_publisher":"https:\/\/www.facebook.com\/AfroimpactMag","article_author":"https:\/\/facebook.com\/profile.php?id=100075035589093","article_published_time":"2023-01-04T14:24:16+00:00","article_modified_time":"2023-06-19T10:11:31+00:00","og_image":[{"width":1500,"height":1000,"url":"https:\/\/www.afro-impact.com\/wp-content\/uploads\/2023\/01\/luc-hallade-ambassadeur-francais-burkina-faso.jpg","type":"image\/jpeg"}],"author":"Eliane Fatchina","twitter_card":"summary_large_image","twitter_creator":"@AfroimpactMag","twitter_site":"@AfroimpactMag","twitter_misc":{"Written by":"Eliane Fatchina","Est. reading time":"2 minutes"},"schema":{"@context":"https:\/\/schema.org","@graph":[{"@type":"NewsArticle","@id":"https:\/\/www.afro-impact.com\/en\/burkina-faso-calls-for-the-replacement-of-the-french-ambassador\/#article","isPartOf":{"@id":"https:\/\/www.afro-impact.com\/en\/burkina-faso-calls-for-the-replacement-of-the-french-ambassador\/"},"author":{"name":"Eliane Fatchina","@id":"https:\/\/www.afro-impact.com\/#\/schema\/person\/5c48f58a7d0cc36b8d96110a4feedf77"},"headline":"Burkina Faso calls for the replacement of the French ambassador","datePublished":"2023-01-04T14:24:16+00:00","dateModified":"2023-06-19T10:11:31+00:00","mainEntityOfPage":{"@id":"https:\/\/www.afro-impact.com\/en\/burkina-faso-calls-for-the-replacement-of-the-french-ambassador\/"},"wordCount":423,"commentCount":0,"publisher":{"@id":"https:\/\/www.afro-impact.com\/#organization"},"image":{"@id":"https:\/\/www.afro-impact.com\/en\/burkina-faso-calls-for-the-replacement-of-the-french-ambassador\/#primaryimage"},"thumbnailUrl":"https:\/\/www.afro-impact.com\/wp-content\/uploads\/2023\/01\/luc-hallade-ambassadeur-francais-burkina-faso.jpg","articleSection":["Politics"],"inLanguage":"en-US","potentialAction":[{"@type":"CommentAction","name":"Comment","target":["https:\/\/www.afro-impact.com\/en\/burkina-faso-calls-for-the-replacement-of-the-french-ambassador\/#respond"]}],"copyrightYear":"2023","copyrightHolder":{"@id":"https:\/\/www.afro-impact.com\/#organization"}},{"@type":"WebPage","@id":"https:\/\/www.afro-impact.com\/en\/burkina-faso-calls-for-the-replacement-of-the-french-ambassador\/","url":"https:\/\/www.afro-impact.com\/en\/burkina-faso-calls-for-the-replacement-of-the-french-ambassador\/","name":"Burkina Faso calls for the replacement of the French ambassador - Afro impact","isPartOf":{"@id":"https:\/\/www.afro-impact.com\/#website"},"primaryImageOfPage":{"@id":"https:\/\/www.afro-impact.com\/en\/burkina-faso-calls-for-the-replacement-of-the-french-ambassador\/#primaryimage"},"image":{"@id":"https:\/\/www.afro-impact.com\/en\/burkina-faso-calls-for-the-replacement-of-the-french-ambassador\/#primaryimage"},"thumbnailUrl":"https:\/\/www.afro-impact.com\/wp-content\/uploads\/2023\/01\/luc-hallade-ambassadeur-francais-burkina-faso.jpg","datePublished":"2023-01-04T14:24:16+00:00","dateModified":"2023-06-19T10:11:31+00:00","description":"The Burkinabe authorities have asked the French authorities to replace Luc Hallade, the current French ambassador in Ouagadougou. This is what emerges from the official letter sent by the Burkinabe Minister of Foreign Affairs, Olivia Rouamba, to the Quai d'Orsay at the end of December, according to Jeune Afrique.","breadcrumb":{"@id":"https:\/\/www.afro-impact.com\/en\/burkina-faso-calls-for-the-replacement-of-the-french-ambassador\/#breadcrumb"},"inLanguage":"en-US","potentialAction":[{"@type":"ReadAction","target":["https:\/\/www.afro-impact.com\/en\/burkina-faso-calls-for-the-replacement-of-the-french-ambassador\/"]}]},{"@type":"ImageObject","inLanguage":"en-US","@id":"https:\/\/www.afro-impact.com\/en\/burkina-faso-calls-for-the-replacement-of-the-french-ambassador\/#primaryimage","url":"https:\/\/www.afro-impact.com\/wp-content\/uploads\/2023\/01\/luc-hallade-ambassadeur-francais-burkina-faso.jpg","contentUrl":"https:\/\/www.afro-impact.com\/wp-content\/uploads\/2023\/01\/luc-hallade-ambassadeur-francais-burkina-faso.jpg","width":1500,"height":1000,"caption":"French Ambassador Luc Hallade in Burkina Faso. Source photo: bf ambafrance"},{"@type":"BreadcrumbList","@id":"https:\/\/www.afro-impact.com\/en\/burkina-faso-calls-for-the-replacement-of-the-french-ambassador\/#breadcrumb","itemListElement":[{"@type":"ListItem","position":1,"name":"News","item":"https:\/\/www.afro-impact.com\/"},{"@type":"ListItem","position":2,"name":"Politique","item":"https:\/\/www.afro-impact.com\/politique\/"},{"@type":"ListItem","position":3,"name":"Burkina Faso calls for the replacement of the French ambassador"}]},{"@type":"WebSite","@id":"https:\/\/www.afro-impact.com\/#website","url":"https:\/\/www.afro-impact.com\/","name":"Afro impact","description":"L&#039;Afrique vu autrement","publisher":{"@id":"https:\/\/www.afro-impact.com\/#organization"},"potentialAction":[{"@type":"SearchAction","target":{"@type":"EntryPoint","urlTemplate":"https:\/\/www.afro-impact.com\/?s={search_term_string}"},"query-input":{"@type":"PropertyValueSpecification","valueRequired":true,"valueName":"search_term_string"}}],"inLanguage":"en-US"},{"@type":["Organization","Place"],"@id":"https:\/\/www.afro-impact.com\/#organization","name":"Afro impact","alternateName":"carrecube","url":"https:\/\/www.afro-impact.com\/","logo":{"@id":"https:\/\/www.afro-impact.com\/en\/burkina-faso-calls-for-the-replacement-of-the-french-ambassador\/#local-main-organization-logo"},"image":{"@id":"https:\/\/www.afro-impact.com\/en\/burkina-faso-calls-for-the-replacement-of-the-french-ambassador\/#local-main-organization-logo"},"sameAs":["https:\/\/www.facebook.com\/AfroimpactMag","https:\/\/x.com\/AfroimpactMag","https:\/\/www.youtube.com\/channel\/UCJNIRcX4sVo487fhv0p5KDw"],"publishingPrinciples":"https:\/\/www.afro-impact.com\/a-propos-magazine-afro-impact\/","ownershipFundingInfo":"https:\/\/www.afro-impact.com\/mentions-legales\/","actionableFeedbackPolicy":"https:\/\/www.afro-impact.com\/conditions-generales\/","correctionsPolicy":"https:\/\/www.afro-impact.com\/dmca-retrait\/","address":{"@id":"https:\/\/www.afro-impact.com\/en\/burkina-faso-calls-for-the-replacement-of-the-french-ambassador\/#local-main-place-address"},"geo":{"@type":"GeoCoordinates","latitude":"6.389282121878214","longitude":"2.3602318590634495"},"telephone":["+229 54900806"],"openingHoursSpecification":[{"@type":"OpeningHoursSpecification","dayOfWeek":["Monday","Tuesday","Wednesday","Thursday","Friday","Saturday","Sunday"],"opens":"00:00","closes":"23:59"}],"email":"redaction@afro-impact.com","vatID":"0 2022 1395 5557"},{"@type":"Person","@id":"https:\/\/www.afro-impact.com\/#\/schema\/person\/5c48f58a7d0cc36b8d96110a4feedf77","name":"Eliane Fatchina","image":{"@type":"ImageObject","inLanguage":"en-US","@id":"https:\/\/www.afro-impact.com\/#\/schema\/person\/image\/","url":"https:\/\/www.afro-impact.com\/wp-content\/litespeed\/avatar\/5f9f737261a53c0e086b34b0464cb9e1.jpg?ver=1777018517","contentUrl":"https:\/\/www.afro-impact.com\/wp-content\/litespeed\/avatar\/5f9f737261a53c0e086b34b0464cb9e1.jpg?ver=1777018517","caption":"Eliane Fatchina"},"description":"Eliane Yabo Omonlayo Fatchina est une journaliste reporter \u00e0 Afro impact. Titulaire d\u2019une licence professionnelle en journalisme \u00e0 l\u2019ENSTIC du B\u00e9nin, elle est une panafricaniste passionn\u00e9e de culture, des questions de soci\u00e9t\u00e9 et d\u2019environnement. Avec d\u00e9j\u00e0 sept ans d\u2019exp\u00e9riences, elle s\u2019emploie quotidiennement \u00e0 donner de la voix aux id\u00e9es \u00e0 travers l\u2019\u00e9criture.","sameAs":["https:\/\/facebook.com\/profile.php?id=100075035589093"],"url":"https:\/\/www.afro-impact.com\/en\/author\/omonlayo\/"},{"@type":"PostalAddress","@id":"https:\/\/www.afro-impact.com\/en\/burkina-faso-calls-for-the-replacement-of-the-french-ambassador\/#local-main-place-address","streetAddress":"Carr\u00e9 2167 Kindonou, Cotonou, BENIN, 07 BP 1128 Cotonou, BENIN","addressLocality":"Cotonou","postalCode":"+229","addressRegion":"Littoral","addressCountry":"BJ"},{"@type":"ImageObject","inLanguage":"en-US","@id":"https:\/\/www.afro-impact.com\/en\/burkina-faso-calls-for-the-replacement-of-the-french-ambassador\/#local-main-organization-logo","url":"https:\/\/www.afro-impact.com\/wp-content\/uploads\/2022\/01\/logo-afro-impact-share-social.png","contentUrl":"https:\/\/www.afro-impact.com\/wp-content\/uploads\/2022\/01\/logo-afro-impact-share-social.png","width":300,"height":300,"caption":"Afro impact"}]},"geo.placename":"Cotonou","geo.position":{"lat":"6.389282121878214","long":"2.3602318590634495"},"geo.region":"Benin"},"_links":{"self":[{"href":"https:\/\/www.afro-impact.com\/en\/wp-json\/wp\/v2\/posts\/14235","targetHints":{"allow":["GET"]}}],"collection":[{"href":"https:\/\/www.afro-impact.com\/en\/wp-json\/wp\/v2\/posts"}],"about":[{"href":"https:\/\/www.afro-impact.com\/en\/wp-json\/wp\/v2\/types\/post"}],"author":[{"embeddable":true,"href":"https:\/\/www.afro-impact.com\/en\/wp-json\/wp\/v2\/users\/2"}],"replies":[{"embeddable":true,"href":"https:\/\/www.afro-impact.com\/en\/wp-json\/wp\/v2\/comments?post=14235"}],"version-history":[{"count":0,"href":"https:\/\/www.afro-impact.com\/en\/wp-json\/wp\/v2\/posts\/14235\/revisions"}],"wp:featuredmedia":[{"embeddable":true,"href":"https:\/\/www.afro-impact.com\/en\/wp-json\/wp\/v2\/media\/14185"}],"wp:attachment":[{"href":"https:\/\/www.afro-impact.com\/en\/wp-json\/wp\/v2\/media?parent=14235"}],"wp:term":[{"taxonomy":"category","embeddable":true,"href":"https:\/\/www.afro-impact.com\/en\/wp-json\/wp\/v2\/categories?post=14235"},{"taxonomy":"post_tag","embeddable":true,"href":"https:\/\/www.afro-impact.com\/en\/wp-json\/wp\/v2\/tags?post=14235"}],"curies":[{"name":"wp","href":"https:\/\/api.w.org\/{rel}","templated":true}]}}