{"id":14890,"date":"2023-02-07T13:40:20","date_gmt":"2023-02-07T12:40:20","guid":{"rendered":"https:\/\/www.afro-impact.com\/fibre-optics-are-finally-in-the-central-african-republic\/"},"modified":"2023-06-19T10:29:18","modified_gmt":"2023-06-19T09:29:18","slug":"fibre-optics-are-finally-in-the-central-african-republic","status":"publish","type":"post","link":"https:\/\/www.afro-impact.com\/en\/fibre-optics-are-finally-in-the-central-african-republic\/","title":{"rendered":"Fibre optics are finally in the Central African Republic"},"content":{"rendered":"\n<p><strong>Launched in 2019, the Dorsal-Fibre Optic Project in the Central African Republic is entering its active phase. The government officially handed over the infrastructures on Monday 6 February in the presence of several partners.<\/strong><\/p>\n\n<p>Co-financed by the African Development Bank (13.216 million units of account) and the European Union (16.6 million euros), the objective of this project is to contribute to the diversification of the Central African economy. Specifically, it will increase tax revenues and reduce the cost of economic and social transactions, and open up rural areas to digital technology. The facilities extend over 935 km and are coupled with regional integration through a fibre optic access infrastructure to neighbouring countries such as Cameroon and Congo-Brazzaville. For its operation, 11 relay sites are built in Bangui and in strategic towns in the northwest of the country. <\/p>\n\n<p> &#8220;We have just tested it with the Head of State. He called directly and saw the quality and reliability of the network. I say to the Central Africans, in a short time, we will start marketing. In September, we will have an operator who will be there, the government will enter into a public-private partnership with another operator who will manage the infrastructure. It will sell the capacity to telephone operators such as Orange, Telecel and Socatel,&#8221; Fran\u00e7ois-Xavier D\u00e9copo, coordinator of the project, told RFI.<\/p>\n\n<p>This high-speed internet connection project will allow Central Africans to have easy access to reliable and affordable telecommunication services through mobile phone companies. &#8220;We need the whole country to be connected [&#8230;] We are a continental country. It takes work, trenches to get here. Now that it is done, we must optimise to reduce the handicap of isolation,&#8221; says Faustin Archange Touad\u00e9ra, the President of the Republic. <\/p>\n","protected":false},"excerpt":{"rendered":"<p>Launched in 2019, the Dorsal-Fibre Optic Project in the Central African Republic is entering its active phase. The government officially handed over the infrastructures on Monday 6 February in the presence of several partners. Co-financed by the African Development Bank (13.216 million units of account) and the European Union (16.6 million euros), the objective of<\/p>\n","protected":false},"author":2,"featured_media":14869,"comment_status":"open","ping_status":"open","sticky":false,"template":"","format":"standard","meta":{"footnotes":""},"categories":[199],"tags":[1021],"class_list":{"0":"post-14890","1":"post","2":"type-post","3":"status-publish","4":"format-standard","5":"has-post-thumbnail","7":"category-technology","8":"tag-central-africa-en"},"yoast_head":"<!-- This site is optimized with the Yoast SEO Premium plugin v25.5 (Yoast SEO v25.5) - https:\/\/yoast.com\/wordpress\/plugins\/seo\/ -->\n<title>Fibre optics are finally in the Central African Republic - Afro impact<\/title>\n<meta name=\"description\" content=\"Launched in 2019, the Dorsal-Fibre Optic Project in the Central African Republic is entering its active phase. The government officially handed over the infrastructures on Monday 6 February in the presence of several partners.\" \/>\n<meta name=\"robots\" content=\"index, follow, max-snippet:-1, max-image-preview:large, max-video-preview:-1\" \/>\n<link rel=\"canonical\" href=\"https:\/\/www.afro-impact.com\/en\/fibre-optics-are-finally-in-the-central-african-republic\/\" \/>\n<meta property=\"og:locale\" content=\"en_US\" \/>\n<meta property=\"og:type\" content=\"article\" \/>\n<meta property=\"og:title\" content=\"Fibre optics are finally in the Central African Republic - Afro impact\" \/>\n<meta property=\"og:description\" content=\"Launched in 2019, the Dorsal-Fibre Optic Project in the Central African Republic is entering its active phase. The government officially handed over the infrastructures on Monday 6 February in the presence of several partners.\" \/>\n<meta property=\"og:url\" content=\"https:\/\/www.afro-impact.com\/en\/fibre-optics-are-finally-in-the-central-african-republic\/\" \/>\n<meta property=\"og:site_name\" content=\"Afro impact\" \/>\n<meta property=\"article:publisher\" content=\"https:\/\/www.facebook.com\/AfroimpactMag\" \/>\n<meta property=\"article:author\" content=\"https:\/\/facebook.com\/profile.php?id=100075035589093\" \/>\n<meta property=\"article:published_time\" content=\"2023-02-07T12:40:20+00:00\" \/>\n<meta property=\"article:modified_time\" content=\"2023-06-19T09:29:18+00:00\" \/>\n<meta property=\"og:image\" content=\"https:\/\/www.afro-impact.com\/wp-content\/uploads\/2023\/02\/fibre_optique-centrafrique.jpg\" \/>\n\t<meta property=\"og:image:width\" content=\"1024\" \/>\n\t<meta property=\"og:image:height\" content=\"683\" \/>\n\t<meta property=\"og:image:type\" content=\"image\/jpeg\" \/>\n<meta name=\"author\" content=\"Eliane Fatchina\" \/>\n<meta name=\"twitter:card\" content=\"summary_large_image\" \/>\n<meta name=\"twitter:creator\" content=\"@AfroimpactMag\" \/>\n<meta name=\"twitter:site\" content=\"@AfroimpactMag\" \/>\n<meta name=\"twitter:label1\" content=\"Written by\" \/>\n\t<meta name=\"twitter:data1\" content=\"Eliane Fatchina\" \/>\n\t<meta name=\"twitter:label2\" content=\"Est. reading time\" \/>\n\t<meta name=\"twitter:data2\" content=\"1 minute\" \/>\n<script type=\"application\/ld+json\" class=\"yoast-schema-graph\">{\"@context\":\"https:\/\/schema.org\",\"@graph\":[{\"@type\":\"NewsArticle\",\"@id\":\"https:\/\/www.afro-impact.com\/en\/fibre-optics-are-finally-in-the-central-african-republic\/#article\",\"isPartOf\":{\"@id\":\"https:\/\/www.afro-impact.com\/en\/fibre-optics-are-finally-in-the-central-african-republic\/\"},\"author\":{\"name\":\"Eliane Fatchina\",\"@id\":\"https:\/\/www.afro-impact.com\/#\/schema\/person\/5c48f58a7d0cc36b8d96110a4feedf77\"},\"headline\":\"Fibre optics are finally in the Central African Republic\",\"datePublished\":\"2023-02-07T12:40:20+00:00\",\"dateModified\":\"2023-06-19T09:29:18+00:00\",\"mainEntityOfPage\":{\"@id\":\"https:\/\/www.afro-impact.com\/en\/fibre-optics-are-finally-in-the-central-african-republic\/\"},\"wordCount\":294,\"commentCount\":0,\"publisher\":{\"@id\":\"https:\/\/www.afro-impact.com\/#organization\"},\"image\":{\"@id\":\"https:\/\/www.afro-impact.com\/en\/fibre-optics-are-finally-in-the-central-african-republic\/#primaryimage\"},\"thumbnailUrl\":\"https:\/\/www.afro-impact.com\/wp-content\/uploads\/2023\/02\/fibre_optique-centrafrique.jpg\",\"keywords\":[\"Central Africa\"],\"articleSection\":[\"Technology\"],\"inLanguage\":\"en-US\",\"potentialAction\":[{\"@type\":\"CommentAction\",\"name\":\"Comment\",\"target\":[\"https:\/\/www.afro-impact.com\/en\/fibre-optics-are-finally-in-the-central-african-republic\/#respond\"]}],\"copyrightYear\":\"2023\",\"copyrightHolder\":{\"@id\":\"https:\/\/www.afro-impact.com\/#organization\"}},{\"@type\":\"WebPage\",\"@id\":\"https:\/\/www.afro-impact.com\/en\/fibre-optics-are-finally-in-the-central-african-republic\/\",\"url\":\"https:\/\/www.afro-impact.com\/en\/fibre-optics-are-finally-in-the-central-african-republic\/\",\"name\":\"Fibre optics are finally in the Central African Republic - Afro impact\",\"isPartOf\":{\"@id\":\"https:\/\/www.afro-impact.com\/#website\"},\"primaryImageOfPage\":{\"@id\":\"https:\/\/www.afro-impact.com\/en\/fibre-optics-are-finally-in-the-central-african-republic\/#primaryimage\"},\"image\":{\"@id\":\"https:\/\/www.afro-impact.com\/en\/fibre-optics-are-finally-in-the-central-african-republic\/#primaryimage\"},\"thumbnailUrl\":\"https:\/\/www.afro-impact.com\/wp-content\/uploads\/2023\/02\/fibre_optique-centrafrique.jpg\",\"datePublished\":\"2023-02-07T12:40:20+00:00\",\"dateModified\":\"2023-06-19T09:29:18+00:00\",\"description\":\"Launched in 2019, the Dorsal-Fibre Optic Project in the Central African Republic is entering its active phase. The government officially handed over the infrastructures on Monday 6 February in the presence of several partners.\",\"breadcrumb\":{\"@id\":\"https:\/\/www.afro-impact.com\/en\/fibre-optics-are-finally-in-the-central-african-republic\/#breadcrumb\"},\"inLanguage\":\"en-US\",\"potentialAction\":[{\"@type\":\"ReadAction\",\"target\":[\"https:\/\/www.afro-impact.com\/en\/fibre-optics-are-finally-in-the-central-african-republic\/\"]}]},{\"@type\":\"ImageObject\",\"inLanguage\":\"en-US\",\"@id\":\"https:\/\/www.afro-impact.com\/en\/fibre-optics-are-finally-in-the-central-african-republic\/#primaryimage\",\"url\":\"https:\/\/www.afro-impact.com\/wp-content\/uploads\/2023\/02\/fibre_optique-centrafrique.jpg\",\"contentUrl\":\"https:\/\/www.afro-impact.com\/wp-content\/uploads\/2023\/02\/fibre_optique-centrafrique.jpg\",\"width\":1024,\"height\":683,\"caption\":\"Source photo: Central African government website\"},{\"@type\":\"BreadcrumbList\",\"@id\":\"https:\/\/www.afro-impact.com\/en\/fibre-optics-are-finally-in-the-central-african-republic\/#breadcrumb\",\"itemListElement\":[{\"@type\":\"ListItem\",\"position\":1,\"name\":\"News\",\"item\":\"https:\/\/www.afro-impact.com\/\"},{\"@type\":\"ListItem\",\"position\":2,\"name\":\"Technology\",\"item\":\"https:\/\/www.afro-impact.com\/en\/technology\/\"},{\"@type\":\"ListItem\",\"position\":3,\"name\":\"Fibre optics are finally in the Central African Republic\"}]},{\"@type\":\"WebSite\",\"@id\":\"https:\/\/www.afro-impact.com\/#website\",\"url\":\"https:\/\/www.afro-impact.com\/\",\"name\":\"Afro impact\",\"description\":\"L&#039;Afrique vu autrement\",\"publisher\":{\"@id\":\"https:\/\/www.afro-impact.com\/#organization\"},\"potentialAction\":[{\"@type\":\"SearchAction\",\"target\":{\"@type\":\"EntryPoint\",\"urlTemplate\":\"https:\/\/www.afro-impact.com\/?s={search_term_string}\"},\"query-input\":{\"@type\":\"PropertyValueSpecification\",\"valueRequired\":true,\"valueName\":\"search_term_string\"}}],\"inLanguage\":\"en-US\"},{\"@type\":[\"Organization\",\"Place\"],\"@id\":\"https:\/\/www.afro-impact.com\/#organization\",\"name\":\"Afro impact\",\"alternateName\":\"carrecube\",\"url\":\"https:\/\/www.afro-impact.com\/\",\"logo\":{\"@id\":\"https:\/\/www.afro-impact.com\/en\/fibre-optics-are-finally-in-the-central-african-republic\/#local-main-organization-logo\"},\"image\":{\"@id\":\"https:\/\/www.afro-impact.com\/en\/fibre-optics-are-finally-in-the-central-african-republic\/#local-main-organization-logo\"},\"sameAs\":[\"https:\/\/www.facebook.com\/AfroimpactMag\",\"https:\/\/x.com\/AfroimpactMag\",\"https:\/\/www.youtube.com\/channel\/UCJNIRcX4sVo487fhv0p5KDw\"],\"publishingPrinciples\":\"https:\/\/www.afro-impact.com\/a-propos-magazine-afro-impact\/\",\"ownershipFundingInfo\":\"https:\/\/www.afro-impact.com\/mentions-legales\/\",\"actionableFeedbackPolicy\":\"https:\/\/www.afro-impact.com\/conditions-generales\/\",\"correctionsPolicy\":\"https:\/\/www.afro-impact.com\/dmca-retrait\/\",\"address\":{\"@id\":\"https:\/\/www.afro-impact.com\/en\/fibre-optics-are-finally-in-the-central-african-republic\/#local-main-place-address\"},\"geo\":{\"@type\":\"GeoCoordinates\",\"latitude\":\"6.389282121878214\",\"longitude\":\"2.3602318590634495\"},\"telephone\":[\"+229 54900806\"],\"openingHoursSpecification\":[{\"@type\":\"OpeningHoursSpecification\",\"dayOfWeek\":[\"Monday\",\"Tuesday\",\"Wednesday\",\"Thursday\",\"Friday\",\"Saturday\",\"Sunday\"],\"opens\":\"00:00\",\"closes\":\"23:59\"}],\"email\":\"redaction@afro-impact.com\",\"vatID\":\"0 2022 1395 5557\"},{\"@type\":\"Person\",\"@id\":\"https:\/\/www.afro-impact.com\/#\/schema\/person\/5c48f58a7d0cc36b8d96110a4feedf77\",\"name\":\"Eliane Fatchina\",\"image\":{\"@type\":\"ImageObject\",\"inLanguage\":\"en-US\",\"@id\":\"https:\/\/www.afro-impact.com\/#\/schema\/person\/image\/\",\"url\":\"https:\/\/www.afro-impact.com\/wp-content\/litespeed\/avatar\/5f9f737261a53c0e086b34b0464cb9e1.jpg?ver=1777018517\",\"contentUrl\":\"https:\/\/www.afro-impact.com\/wp-content\/litespeed\/avatar\/5f9f737261a53c0e086b34b0464cb9e1.jpg?ver=1777018517\",\"caption\":\"Eliane Fatchina\"},\"description\":\"Eliane Yabo Omonlayo Fatchina est une journaliste reporter \u00e0 Afro impact. Titulaire d\u2019une licence professionnelle en journalisme \u00e0 l\u2019ENSTIC du B\u00e9nin, elle est une panafricaniste passionn\u00e9e de culture, des questions de soci\u00e9t\u00e9 et d\u2019environnement. Avec d\u00e9j\u00e0 sept ans d\u2019exp\u00e9riences, elle s\u2019emploie quotidiennement \u00e0 donner de la voix aux id\u00e9es \u00e0 travers l\u2019\u00e9criture.\",\"sameAs\":[\"https:\/\/facebook.com\/profile.php?id=100075035589093\"],\"url\":\"https:\/\/www.afro-impact.com\/en\/author\/omonlayo\/\"},{\"@type\":\"PostalAddress\",\"@id\":\"https:\/\/www.afro-impact.com\/en\/fibre-optics-are-finally-in-the-central-african-republic\/#local-main-place-address\",\"streetAddress\":\"Carr\u00e9 2167 Kindonou, Cotonou, BENIN, 07 BP 1128 Cotonou, BENIN\",\"addressLocality\":\"Cotonou\",\"postalCode\":\"+229\",\"addressRegion\":\"Littoral\",\"addressCountry\":\"BJ\"},{\"@type\":\"ImageObject\",\"inLanguage\":\"en-US\",\"@id\":\"https:\/\/www.afro-impact.com\/en\/fibre-optics-are-finally-in-the-central-african-republic\/#local-main-organization-logo\",\"url\":\"https:\/\/www.afro-impact.com\/wp-content\/uploads\/2022\/01\/logo-afro-impact-share-social.png\",\"contentUrl\":\"https:\/\/www.afro-impact.com\/wp-content\/uploads\/2022\/01\/logo-afro-impact-share-social.png\",\"width\":300,\"height\":300,\"caption\":\"Afro impact\"}]}<\/script>\n<meta name=\"geo.placename\" content=\"Cotonou\" \/>\n<meta name=\"geo.position\" content=\"6.389282121878214;2.3602318590634495\" \/>\n<meta name=\"geo.region\" content=\"Benin\" \/>\n<!-- \/ Yoast SEO Premium plugin. -->","yoast_head_json":{"title":"Fibre optics are finally in the Central African Republic - Afro impact","description":"Launched in 2019, the Dorsal-Fibre Optic Project in the Central African Republic is entering its active phase. The government officially handed over the infrastructures on Monday 6 February in the presence of several partners.","robots":{"index":"index","follow":"follow","max-snippet":"max-snippet:-1","max-image-preview":"max-image-preview:large","max-video-preview":"max-video-preview:-1"},"canonical":"https:\/\/www.afro-impact.com\/en\/fibre-optics-are-finally-in-the-central-african-republic\/","og_locale":"en_US","og_type":"article","og_title":"Fibre optics are finally in the Central African Republic - Afro impact","og_description":"Launched in 2019, the Dorsal-Fibre Optic Project in the Central African Republic is entering its active phase. The government officially handed over the infrastructures on Monday 6 February in the presence of several partners.","og_url":"https:\/\/www.afro-impact.com\/en\/fibre-optics-are-finally-in-the-central-african-republic\/","og_site_name":"Afro impact","article_publisher":"https:\/\/www.facebook.com\/AfroimpactMag","article_author":"https:\/\/facebook.com\/profile.php?id=100075035589093","article_published_time":"2023-02-07T12:40:20+00:00","article_modified_time":"2023-06-19T09:29:18+00:00","og_image":[{"width":1024,"height":683,"url":"https:\/\/www.afro-impact.com\/wp-content\/uploads\/2023\/02\/fibre_optique-centrafrique.jpg","type":"image\/jpeg"}],"author":"Eliane Fatchina","twitter_card":"summary_large_image","twitter_creator":"@AfroimpactMag","twitter_site":"@AfroimpactMag","twitter_misc":{"Written by":"Eliane Fatchina","Est. reading time":"1 minute"},"schema":{"@context":"https:\/\/schema.org","@graph":[{"@type":"NewsArticle","@id":"https:\/\/www.afro-impact.com\/en\/fibre-optics-are-finally-in-the-central-african-republic\/#article","isPartOf":{"@id":"https:\/\/www.afro-impact.com\/en\/fibre-optics-are-finally-in-the-central-african-republic\/"},"author":{"name":"Eliane Fatchina","@id":"https:\/\/www.afro-impact.com\/#\/schema\/person\/5c48f58a7d0cc36b8d96110a4feedf77"},"headline":"Fibre optics are finally in the Central African Republic","datePublished":"2023-02-07T12:40:20+00:00","dateModified":"2023-06-19T09:29:18+00:00","mainEntityOfPage":{"@id":"https:\/\/www.afro-impact.com\/en\/fibre-optics-are-finally-in-the-central-african-republic\/"},"wordCount":294,"commentCount":0,"publisher":{"@id":"https:\/\/www.afro-impact.com\/#organization"},"image":{"@id":"https:\/\/www.afro-impact.com\/en\/fibre-optics-are-finally-in-the-central-african-republic\/#primaryimage"},"thumbnailUrl":"https:\/\/www.afro-impact.com\/wp-content\/uploads\/2023\/02\/fibre_optique-centrafrique.jpg","keywords":["Central Africa"],"articleSection":["Technology"],"inLanguage":"en-US","potentialAction":[{"@type":"CommentAction","name":"Comment","target":["https:\/\/www.afro-impact.com\/en\/fibre-optics-are-finally-in-the-central-african-republic\/#respond"]}],"copyrightYear":"2023","copyrightHolder":{"@id":"https:\/\/www.afro-impact.com\/#organization"}},{"@type":"WebPage","@id":"https:\/\/www.afro-impact.com\/en\/fibre-optics-are-finally-in-the-central-african-republic\/","url":"https:\/\/www.afro-impact.com\/en\/fibre-optics-are-finally-in-the-central-african-republic\/","name":"Fibre optics are finally in the Central African Republic - Afro impact","isPartOf":{"@id":"https:\/\/www.afro-impact.com\/#website"},"primaryImageOfPage":{"@id":"https:\/\/www.afro-impact.com\/en\/fibre-optics-are-finally-in-the-central-african-republic\/#primaryimage"},"image":{"@id":"https:\/\/www.afro-impact.com\/en\/fibre-optics-are-finally-in-the-central-african-republic\/#primaryimage"},"thumbnailUrl":"https:\/\/www.afro-impact.com\/wp-content\/uploads\/2023\/02\/fibre_optique-centrafrique.jpg","datePublished":"2023-02-07T12:40:20+00:00","dateModified":"2023-06-19T09:29:18+00:00","description":"Launched in 2019, the Dorsal-Fibre Optic Project in the Central African Republic is entering its active phase. The government officially handed over the infrastructures on Monday 6 February in the presence of several partners.","breadcrumb":{"@id":"https:\/\/www.afro-impact.com\/en\/fibre-optics-are-finally-in-the-central-african-republic\/#breadcrumb"},"inLanguage":"en-US","potentialAction":[{"@type":"ReadAction","target":["https:\/\/www.afro-impact.com\/en\/fibre-optics-are-finally-in-the-central-african-republic\/"]}]},{"@type":"ImageObject","inLanguage":"en-US","@id":"https:\/\/www.afro-impact.com\/en\/fibre-optics-are-finally-in-the-central-african-republic\/#primaryimage","url":"https:\/\/www.afro-impact.com\/wp-content\/uploads\/2023\/02\/fibre_optique-centrafrique.jpg","contentUrl":"https:\/\/www.afro-impact.com\/wp-content\/uploads\/2023\/02\/fibre_optique-centrafrique.jpg","width":1024,"height":683,"caption":"Source photo: Central African government website"},{"@type":"BreadcrumbList","@id":"https:\/\/www.afro-impact.com\/en\/fibre-optics-are-finally-in-the-central-african-republic\/#breadcrumb","itemListElement":[{"@type":"ListItem","position":1,"name":"News","item":"https:\/\/www.afro-impact.com\/"},{"@type":"ListItem","position":2,"name":"Technology","item":"https:\/\/www.afro-impact.com\/en\/technology\/"},{"@type":"ListItem","position":3,"name":"Fibre optics are finally in the Central African Republic"}]},{"@type":"WebSite","@id":"https:\/\/www.afro-impact.com\/#website","url":"https:\/\/www.afro-impact.com\/","name":"Afro impact","description":"L&#039;Afrique vu autrement","publisher":{"@id":"https:\/\/www.afro-impact.com\/#organization"},"potentialAction":[{"@type":"SearchAction","target":{"@type":"EntryPoint","urlTemplate":"https:\/\/www.afro-impact.com\/?s={search_term_string}"},"query-input":{"@type":"PropertyValueSpecification","valueRequired":true,"valueName":"search_term_string"}}],"inLanguage":"en-US"},{"@type":["Organization","Place"],"@id":"https:\/\/www.afro-impact.com\/#organization","name":"Afro impact","alternateName":"carrecube","url":"https:\/\/www.afro-impact.com\/","logo":{"@id":"https:\/\/www.afro-impact.com\/en\/fibre-optics-are-finally-in-the-central-african-republic\/#local-main-organization-logo"},"image":{"@id":"https:\/\/www.afro-impact.com\/en\/fibre-optics-are-finally-in-the-central-african-republic\/#local-main-organization-logo"},"sameAs":["https:\/\/www.facebook.com\/AfroimpactMag","https:\/\/x.com\/AfroimpactMag","https:\/\/www.youtube.com\/channel\/UCJNIRcX4sVo487fhv0p5KDw"],"publishingPrinciples":"https:\/\/www.afro-impact.com\/a-propos-magazine-afro-impact\/","ownershipFundingInfo":"https:\/\/www.afro-impact.com\/mentions-legales\/","actionableFeedbackPolicy":"https:\/\/www.afro-impact.com\/conditions-generales\/","correctionsPolicy":"https:\/\/www.afro-impact.com\/dmca-retrait\/","address":{"@id":"https:\/\/www.afro-impact.com\/en\/fibre-optics-are-finally-in-the-central-african-republic\/#local-main-place-address"},"geo":{"@type":"GeoCoordinates","latitude":"6.389282121878214","longitude":"2.3602318590634495"},"telephone":["+229 54900806"],"openingHoursSpecification":[{"@type":"OpeningHoursSpecification","dayOfWeek":["Monday","Tuesday","Wednesday","Thursday","Friday","Saturday","Sunday"],"opens":"00:00","closes":"23:59"}],"email":"redaction@afro-impact.com","vatID":"0 2022 1395 5557"},{"@type":"Person","@id":"https:\/\/www.afro-impact.com\/#\/schema\/person\/5c48f58a7d0cc36b8d96110a4feedf77","name":"Eliane Fatchina","image":{"@type":"ImageObject","inLanguage":"en-US","@id":"https:\/\/www.afro-impact.com\/#\/schema\/person\/image\/","url":"https:\/\/www.afro-impact.com\/wp-content\/litespeed\/avatar\/5f9f737261a53c0e086b34b0464cb9e1.jpg?ver=1777018517","contentUrl":"https:\/\/www.afro-impact.com\/wp-content\/litespeed\/avatar\/5f9f737261a53c0e086b34b0464cb9e1.jpg?ver=1777018517","caption":"Eliane Fatchina"},"description":"Eliane Yabo Omonlayo Fatchina est une journaliste reporter \u00e0 Afro impact. Titulaire d\u2019une licence professionnelle en journalisme \u00e0 l\u2019ENSTIC du B\u00e9nin, elle est une panafricaniste passionn\u00e9e de culture, des questions de soci\u00e9t\u00e9 et d\u2019environnement. Avec d\u00e9j\u00e0 sept ans d\u2019exp\u00e9riences, elle s\u2019emploie quotidiennement \u00e0 donner de la voix aux id\u00e9es \u00e0 travers l\u2019\u00e9criture.","sameAs":["https:\/\/facebook.com\/profile.php?id=100075035589093"],"url":"https:\/\/www.afro-impact.com\/en\/author\/omonlayo\/"},{"@type":"PostalAddress","@id":"https:\/\/www.afro-impact.com\/en\/fibre-optics-are-finally-in-the-central-african-republic\/#local-main-place-address","streetAddress":"Carr\u00e9 2167 Kindonou, Cotonou, BENIN, 07 BP 1128 Cotonou, BENIN","addressLocality":"Cotonou","postalCode":"+229","addressRegion":"Littoral","addressCountry":"BJ"},{"@type":"ImageObject","inLanguage":"en-US","@id":"https:\/\/www.afro-impact.com\/en\/fibre-optics-are-finally-in-the-central-african-republic\/#local-main-organization-logo","url":"https:\/\/www.afro-impact.com\/wp-content\/uploads\/2022\/01\/logo-afro-impact-share-social.png","contentUrl":"https:\/\/www.afro-impact.com\/wp-content\/uploads\/2022\/01\/logo-afro-impact-share-social.png","width":300,"height":300,"caption":"Afro impact"}]},"geo.placename":"Cotonou","geo.position":{"lat":"6.389282121878214","long":"2.3602318590634495"},"geo.region":"Benin"},"_links":{"self":[{"href":"https:\/\/www.afro-impact.com\/en\/wp-json\/wp\/v2\/posts\/14890","targetHints":{"allow":["GET"]}}],"collection":[{"href":"https:\/\/www.afro-impact.com\/en\/wp-json\/wp\/v2\/posts"}],"about":[{"href":"https:\/\/www.afro-impact.com\/en\/wp-json\/wp\/v2\/types\/post"}],"author":[{"embeddable":true,"href":"https:\/\/www.afro-impact.com\/en\/wp-json\/wp\/v2\/users\/2"}],"replies":[{"embeddable":true,"href":"https:\/\/www.afro-impact.com\/en\/wp-json\/wp\/v2\/comments?post=14890"}],"version-history":[{"count":0,"href":"https:\/\/www.afro-impact.com\/en\/wp-json\/wp\/v2\/posts\/14890\/revisions"}],"wp:featuredmedia":[{"embeddable":true,"href":"https:\/\/www.afro-impact.com\/en\/wp-json\/wp\/v2\/media\/14869"}],"wp:attachment":[{"href":"https:\/\/www.afro-impact.com\/en\/wp-json\/wp\/v2\/media?parent=14890"}],"wp:term":[{"taxonomy":"category","embeddable":true,"href":"https:\/\/www.afro-impact.com\/en\/wp-json\/wp\/v2\/categories?post=14890"},{"taxonomy":"post_tag","embeddable":true,"href":"https:\/\/www.afro-impact.com\/en\/wp-json\/wp\/v2\/tags?post=14890"}],"curies":[{"name":"wp","href":"https:\/\/api.w.org\/{rel}","templated":true}]}}