{"id":14964,"date":"2023-02-13T10:08:43","date_gmt":"2023-02-13T09:08:43","guid":{"rendered":"https:\/\/www.afro-impact.com\/benin-the-109-deputies-of-the-9th-legislature-invested-in-their-functions\/"},"modified":"2023-06-19T10:29:18","modified_gmt":"2023-06-19T09:29:18","slug":"benin-the-109-deputies-of-the-9th-legislature-invested-in-their-functions","status":"publish","type":"post","link":"https:\/\/www.afro-impact.com\/en\/benin-the-109-deputies-of-the-9th-legislature-invested-in-their-functions\/","title":{"rendered":"Benin: The 109 deputies of the 9th legislature invested in their functions"},"content":{"rendered":"\n<p><strong>In Benin, the 109 deputies of the 9th legislature were officially installed in their functions on Sunday 12 February 2023 at the Governors&#8217; Palace in Porto-Novo. The inauguration ceremony was presided over by the oldest member, Cossi Barth\u00e9l\u00e9my Vidjinnagni, assisted by the two youngest members, Adjayi Titilayo and Mounifa Tidjani.<\/strong><\/p>\n\n<p>The <a href=\"https:\/\/www.afro-impact.com\/en\/list-of-the-109-mps-elected-according-to-the-provisional-results-legislative-in-benin\/\">deputies elected at the end of the 8 January legislative elections<\/a> officially took office on Sunday. Minute of silence in memory of the victims of the Dassa tragedy, reading of various provisions of the Rules of Procedure of the National Assembly, reading of the decisions of the Constitutional Court, declaration of constitution of the parliamentary group The Democrats, election of the members of the Board of the National Assembly. These were the highlights of the installation ceremony of the 109 deputies of this 9th legislature on Sunday.<\/p>\n\n<p>Thus, the oldest member, Cossi Barth\u00e9l\u00e9my Vidjinnagni, who led the ceremony, in his speech, invited the representatives of the people to have a clear vision of the problems of the populations collected during the election campaign. The expectations of the Beninese must be the &#8220;compass&#8221; of the deputies, he said. He also called on his peers to turn the page on the 8 January elections and to get down to work for the well-being of the populations of which they are ambassadors.<\/p>\n\n<p>It should be noted that five ministers of Patrice Talon&#8217;s government who were elected deputies during the elections have resigned from parliament. They are Ministers Abdoulaye Bio Tchan\u00e9 of planning and coordination, Salimane Karimou of nursery and primary education, Seidou Adambi of water and mines, Herv\u00e9 H\u00eahomey of infrastructure and transport and Jean Michel Abimbola of tourism, culture and arts. On the other hand, Joseph Djogb\u00e9nou, national president of the Union Progressiste le Renouveau party also notified the president of the National Assembly of his resignation.<\/p>\n\n<p>A new era is thus opening up for Beninese democracy. Indeed, this 9th legislature closes a dark page in the history of democracy in Benin with the entry of the opposition party The Democrats into parliament. Secondly, this legislative mandate will be the shortest possible since the advent of the Conference of the Vital Forces of the Nation in 1990. It runs for three years (03 years) before general elections are held in 2026.<\/p>\n","protected":false},"excerpt":{"rendered":"<p>In Benin, the 109 deputies of the 9th legislature were officially installed in their functions on Sunday 12 February 2023 at the Governors&#8217; Palace in Porto-Novo. The inauguration ceremony was presided over by the oldest member, Cossi Barth\u00e9l\u00e9my Vidjinnagni, assisted by the two youngest members, Adjayi Titilayo and Mounifa Tidjani. The deputies elected at the<\/p>\n","protected":false},"author":2,"featured_media":14947,"comment_status":"open","ping_status":"open","sticky":false,"template":"","format":"standard","meta":{"footnotes":""},"categories":[1476],"tags":[],"class_list":{"0":"post-14964","1":"post","2":"type-post","3":"status-publish","4":"format-standard","5":"has-post-thumbnail","7":"category-politics"},"yoast_head":"<!-- This site is optimized with the Yoast SEO Premium plugin v25.5 (Yoast SEO v25.5) - https:\/\/yoast.com\/wordpress\/plugins\/seo\/ -->\n<title>Benin: The 109 deputies of the 9th legislature invested in their functions - Afro impact<\/title>\n<meta name=\"description\" content=\"In Benin, the 109 deputies of the 9th legislature were officially installed in their functions on Sunday 12 February 2023 at the Governors&#039; Palace in Porto-Novo. The inauguration ceremony was presided over by the oldest member, Cossi Barth\u00e9l\u00e9my Vidjinnagni, assisted by the two youngest members, Adjayi Titilayo and Mounifa Tidjani.\" \/>\n<meta name=\"robots\" content=\"index, follow, max-snippet:-1, max-image-preview:large, max-video-preview:-1\" \/>\n<link rel=\"canonical\" href=\"https:\/\/www.afro-impact.com\/benin-les-109-deputes-de-la-9e-legislature-investis-dans-leurs-fonctions\/\" \/>\n<meta property=\"og:locale\" content=\"en_US\" \/>\n<meta property=\"og:type\" content=\"article\" \/>\n<meta property=\"og:title\" content=\"Benin: The 109 deputies of the 9th legislature invested in their functions - Afro impact\" \/>\n<meta property=\"og:description\" content=\"In Benin, the 109 deputies of the 9th legislature were officially installed in their functions on Sunday 12 February 2023 at the Governors&#039; Palace in Porto-Novo. The inauguration ceremony was presided over by the oldest member, Cossi Barth\u00e9l\u00e9my Vidjinnagni, assisted by the two youngest members, Adjayi Titilayo and Mounifa Tidjani.\" \/>\n<meta property=\"og:url\" content=\"https:\/\/www.afro-impact.com\/benin-les-109-deputes-de-la-9e-legislature-investis-dans-leurs-fonctions\/\" \/>\n<meta property=\"og:site_name\" content=\"Afro impact\" \/>\n<meta property=\"article:publisher\" content=\"https:\/\/www.facebook.com\/AfroimpactMag\" \/>\n<meta property=\"article:author\" content=\"https:\/\/facebook.com\/profile.php?id=100075035589093\" \/>\n<meta property=\"article:published_time\" content=\"2023-02-13T09:08:43+00:00\" \/>\n<meta property=\"article:modified_time\" content=\"2023-06-19T09:29:18+00:00\" \/>\n<meta property=\"og:image\" content=\"https:\/\/www.afro-impact.com\/wp-content\/uploads\/2023\/02\/deputes-neuvieme-legislature-installes-benin.jpg\" \/>\n\t<meta property=\"og:image:width\" content=\"1920\" \/>\n\t<meta property=\"og:image:height\" content=\"1080\" \/>\n\t<meta property=\"og:image:type\" content=\"image\/jpeg\" \/>\n<meta name=\"author\" content=\"Eliane Fatchina\" \/>\n<meta name=\"twitter:card\" content=\"summary_large_image\" \/>\n<meta name=\"twitter:creator\" content=\"@AfroimpactMag\" \/>\n<meta name=\"twitter:site\" content=\"@AfroimpactMag\" \/>\n<meta name=\"twitter:label1\" content=\"Written by\" \/>\n\t<meta name=\"twitter:data1\" content=\"Eliane Fatchina\" \/>\n\t<meta name=\"twitter:label2\" content=\"Est. reading time\" \/>\n\t<meta name=\"twitter:data2\" content=\"2 minutes\" \/>\n<script type=\"application\/ld+json\" class=\"yoast-schema-graph\">{\"@context\":\"https:\/\/schema.org\",\"@graph\":[{\"@type\":\"NewsArticle\",\"@id\":\"https:\/\/www.afro-impact.com\/benin-les-109-deputes-de-la-9e-legislature-investis-dans-leurs-fonctions\/#article\",\"isPartOf\":{\"@id\":\"https:\/\/www.afro-impact.com\/benin-les-109-deputes-de-la-9e-legislature-investis-dans-leurs-fonctions\/\"},\"author\":{\"name\":\"Eliane Fatchina\",\"@id\":\"https:\/\/www.afro-impact.com\/#\/schema\/person\/5c48f58a7d0cc36b8d96110a4feedf77\"},\"headline\":\"Benin: The 109 deputies of the 9th legislature invested in their functions\",\"datePublished\":\"2023-02-13T09:08:43+00:00\",\"dateModified\":\"2023-06-19T09:29:18+00:00\",\"mainEntityOfPage\":{\"@id\":\"https:\/\/www.afro-impact.com\/benin-les-109-deputes-de-la-9e-legislature-investis-dans-leurs-fonctions\/\"},\"wordCount\":389,\"commentCount\":0,\"publisher\":{\"@id\":\"https:\/\/www.afro-impact.com\/#organization\"},\"image\":{\"@id\":\"https:\/\/www.afro-impact.com\/benin-les-109-deputes-de-la-9e-legislature-investis-dans-leurs-fonctions\/#primaryimage\"},\"thumbnailUrl\":\"https:\/\/www.afro-impact.com\/wp-content\/uploads\/2023\/02\/deputes-neuvieme-legislature-installes-benin.jpg\",\"articleSection\":[\"Politics\"],\"inLanguage\":\"en-US\",\"potentialAction\":[{\"@type\":\"CommentAction\",\"name\":\"Comment\",\"target\":[\"https:\/\/www.afro-impact.com\/benin-les-109-deputes-de-la-9e-legislature-investis-dans-leurs-fonctions\/#respond\"]}],\"copyrightYear\":\"2023\",\"copyrightHolder\":{\"@id\":\"https:\/\/www.afro-impact.com\/#organization\"}},{\"@type\":\"WebPage\",\"@id\":\"https:\/\/www.afro-impact.com\/benin-les-109-deputes-de-la-9e-legislature-investis-dans-leurs-fonctions\/\",\"url\":\"https:\/\/www.afro-impact.com\/benin-les-109-deputes-de-la-9e-legislature-investis-dans-leurs-fonctions\/\",\"name\":\"Benin: The 109 deputies of the 9th legislature invested in their functions - Afro impact\",\"isPartOf\":{\"@id\":\"https:\/\/www.afro-impact.com\/#website\"},\"primaryImageOfPage\":{\"@id\":\"https:\/\/www.afro-impact.com\/benin-les-109-deputes-de-la-9e-legislature-investis-dans-leurs-fonctions\/#primaryimage\"},\"image\":{\"@id\":\"https:\/\/www.afro-impact.com\/benin-les-109-deputes-de-la-9e-legislature-investis-dans-leurs-fonctions\/#primaryimage\"},\"thumbnailUrl\":\"https:\/\/www.afro-impact.com\/wp-content\/uploads\/2023\/02\/deputes-neuvieme-legislature-installes-benin.jpg\",\"datePublished\":\"2023-02-13T09:08:43+00:00\",\"dateModified\":\"2023-06-19T09:29:18+00:00\",\"description\":\"In Benin, the 109 deputies of the 9th legislature were officially installed in their functions on Sunday 12 February 2023 at the Governors' Palace in Porto-Novo. The inauguration ceremony was presided over by the oldest member, Cossi Barth\u00e9l\u00e9my Vidjinnagni, assisted by the two youngest members, Adjayi Titilayo and Mounifa Tidjani.\",\"breadcrumb\":{\"@id\":\"https:\/\/www.afro-impact.com\/benin-les-109-deputes-de-la-9e-legislature-investis-dans-leurs-fonctions\/#breadcrumb\"},\"inLanguage\":\"en-US\",\"potentialAction\":[{\"@type\":\"ReadAction\",\"target\":[\"https:\/\/www.afro-impact.com\/benin-les-109-deputes-de-la-9e-legislature-investis-dans-leurs-fonctions\/\"]}]},{\"@type\":\"ImageObject\",\"inLanguage\":\"en-US\",\"@id\":\"https:\/\/www.afro-impact.com\/benin-les-109-deputes-de-la-9e-legislature-investis-dans-leurs-fonctions\/#primaryimage\",\"url\":\"https:\/\/www.afro-impact.com\/wp-content\/uploads\/2023\/02\/deputes-neuvieme-legislature-installes-benin.jpg\",\"contentUrl\":\"https:\/\/www.afro-impact.com\/wp-content\/uploads\/2023\/02\/deputes-neuvieme-legislature-installes-benin.jpg\",\"width\":1920,\"height\":1080,\"caption\":\"Installation this Sunday 12 February 2023 of the 109 deputies of the 9th legislature. Source photo: ortb\"},{\"@type\":\"BreadcrumbList\",\"@id\":\"https:\/\/www.afro-impact.com\/benin-les-109-deputes-de-la-9e-legislature-investis-dans-leurs-fonctions\/#breadcrumb\",\"itemListElement\":[{\"@type\":\"ListItem\",\"position\":1,\"name\":\"News\",\"item\":\"https:\/\/www.afro-impact.com\/\"},{\"@type\":\"ListItem\",\"position\":2,\"name\":\"Politique\",\"item\":\"https:\/\/www.afro-impact.com\/politique\/\"},{\"@type\":\"ListItem\",\"position\":3,\"name\":\"Benin: The 109 deputies of the 9th legislature invested in their functions\"}]},{\"@type\":\"WebSite\",\"@id\":\"https:\/\/www.afro-impact.com\/#website\",\"url\":\"https:\/\/www.afro-impact.com\/\",\"name\":\"Afro impact\",\"description\":\"L&#039;Afrique vu autrement\",\"publisher\":{\"@id\":\"https:\/\/www.afro-impact.com\/#organization\"},\"potentialAction\":[{\"@type\":\"SearchAction\",\"target\":{\"@type\":\"EntryPoint\",\"urlTemplate\":\"https:\/\/www.afro-impact.com\/?s={search_term_string}\"},\"query-input\":{\"@type\":\"PropertyValueSpecification\",\"valueRequired\":true,\"valueName\":\"search_term_string\"}}],\"inLanguage\":\"en-US\"},{\"@type\":[\"Organization\",\"Place\"],\"@id\":\"https:\/\/www.afro-impact.com\/#organization\",\"name\":\"Afro impact\",\"alternateName\":\"carrecube\",\"url\":\"https:\/\/www.afro-impact.com\/\",\"logo\":{\"@id\":\"https:\/\/www.afro-impact.com\/benin-les-109-deputes-de-la-9e-legislature-investis-dans-leurs-fonctions\/#local-main-organization-logo\"},\"image\":{\"@id\":\"https:\/\/www.afro-impact.com\/benin-les-109-deputes-de-la-9e-legislature-investis-dans-leurs-fonctions\/#local-main-organization-logo\"},\"sameAs\":[\"https:\/\/www.facebook.com\/AfroimpactMag\",\"https:\/\/x.com\/AfroimpactMag\",\"https:\/\/www.youtube.com\/channel\/UCJNIRcX4sVo487fhv0p5KDw\"],\"publishingPrinciples\":\"https:\/\/www.afro-impact.com\/a-propos-magazine-afro-impact\/\",\"ownershipFundingInfo\":\"https:\/\/www.afro-impact.com\/mentions-legales\/\",\"actionableFeedbackPolicy\":\"https:\/\/www.afro-impact.com\/conditions-generales\/\",\"correctionsPolicy\":\"https:\/\/www.afro-impact.com\/dmca-retrait\/\",\"address\":{\"@id\":\"https:\/\/www.afro-impact.com\/benin-les-109-deputes-de-la-9e-legislature-investis-dans-leurs-fonctions\/#local-main-place-address\"},\"geo\":{\"@type\":\"GeoCoordinates\",\"latitude\":\"6.389282121878214\",\"longitude\":\"2.3602318590634495\"},\"telephone\":[\"+229 54900806\"],\"openingHoursSpecification\":[{\"@type\":\"OpeningHoursSpecification\",\"dayOfWeek\":[\"Monday\",\"Tuesday\",\"Wednesday\",\"Thursday\",\"Friday\",\"Saturday\",\"Sunday\"],\"opens\":\"00:00\",\"closes\":\"23:59\"}],\"email\":\"redaction@afro-impact.com\",\"vatID\":\"0 2022 1395 5557\"},{\"@type\":\"Person\",\"@id\":\"https:\/\/www.afro-impact.com\/#\/schema\/person\/5c48f58a7d0cc36b8d96110a4feedf77\",\"name\":\"Eliane Fatchina\",\"image\":{\"@type\":\"ImageObject\",\"inLanguage\":\"en-US\",\"@id\":\"https:\/\/www.afro-impact.com\/#\/schema\/person\/image\/\",\"url\":\"https:\/\/www.afro-impact.com\/wp-content\/litespeed\/avatar\/5f9f737261a53c0e086b34b0464cb9e1.jpg?ver=1777018517\",\"contentUrl\":\"https:\/\/www.afro-impact.com\/wp-content\/litespeed\/avatar\/5f9f737261a53c0e086b34b0464cb9e1.jpg?ver=1777018517\",\"caption\":\"Eliane Fatchina\"},\"description\":\"Eliane Yabo Omonlayo Fatchina est une journaliste reporter \u00e0 Afro impact. Titulaire d\u2019une licence professionnelle en journalisme \u00e0 l\u2019ENSTIC du B\u00e9nin, elle est une panafricaniste passionn\u00e9e de culture, des questions de soci\u00e9t\u00e9 et d\u2019environnement. Avec d\u00e9j\u00e0 sept ans d\u2019exp\u00e9riences, elle s\u2019emploie quotidiennement \u00e0 donner de la voix aux id\u00e9es \u00e0 travers l\u2019\u00e9criture.\",\"sameAs\":[\"https:\/\/facebook.com\/profile.php?id=100075035589093\"],\"url\":\"https:\/\/www.afro-impact.com\/en\/author\/omonlayo\/\"},{\"@type\":\"PostalAddress\",\"@id\":\"https:\/\/www.afro-impact.com\/benin-les-109-deputes-de-la-9e-legislature-investis-dans-leurs-fonctions\/#local-main-place-address\",\"streetAddress\":\"Carr\u00e9 2167 Kindonou, Cotonou, BENIN, 07 BP 1128 Cotonou, BENIN\",\"addressLocality\":\"Cotonou\",\"postalCode\":\"+229\",\"addressRegion\":\"Littoral\",\"addressCountry\":\"BJ\"},{\"@type\":\"ImageObject\",\"inLanguage\":\"en-US\",\"@id\":\"https:\/\/www.afro-impact.com\/benin-les-109-deputes-de-la-9e-legislature-investis-dans-leurs-fonctions\/#local-main-organization-logo\",\"url\":\"https:\/\/www.afro-impact.com\/wp-content\/uploads\/2022\/01\/logo-afro-impact-share-social.png\",\"contentUrl\":\"https:\/\/www.afro-impact.com\/wp-content\/uploads\/2022\/01\/logo-afro-impact-share-social.png\",\"width\":300,\"height\":300,\"caption\":\"Afro impact\"}]}<\/script>\n<meta name=\"geo.placename\" content=\"Cotonou\" \/>\n<meta name=\"geo.position\" content=\"6.389282121878214;2.3602318590634495\" \/>\n<meta name=\"geo.region\" content=\"Benin\" \/>\n<!-- \/ Yoast SEO Premium plugin. -->","yoast_head_json":{"title":"Benin: The 109 deputies of the 9th legislature invested in their functions - Afro impact","description":"In Benin, the 109 deputies of the 9th legislature were officially installed in their functions on Sunday 12 February 2023 at the Governors' Palace in Porto-Novo. The inauguration ceremony was presided over by the oldest member, Cossi Barth\u00e9l\u00e9my Vidjinnagni, assisted by the two youngest members, Adjayi Titilayo and Mounifa Tidjani.","robots":{"index":"index","follow":"follow","max-snippet":"max-snippet:-1","max-image-preview":"max-image-preview:large","max-video-preview":"max-video-preview:-1"},"canonical":"https:\/\/www.afro-impact.com\/benin-les-109-deputes-de-la-9e-legislature-investis-dans-leurs-fonctions\/","og_locale":"en_US","og_type":"article","og_title":"Benin: The 109 deputies of the 9th legislature invested in their functions - Afro impact","og_description":"In Benin, the 109 deputies of the 9th legislature were officially installed in their functions on Sunday 12 February 2023 at the Governors' Palace in Porto-Novo. The inauguration ceremony was presided over by the oldest member, Cossi Barth\u00e9l\u00e9my Vidjinnagni, assisted by the two youngest members, Adjayi Titilayo and Mounifa Tidjani.","og_url":"https:\/\/www.afro-impact.com\/benin-les-109-deputes-de-la-9e-legislature-investis-dans-leurs-fonctions\/","og_site_name":"Afro impact","article_publisher":"https:\/\/www.facebook.com\/AfroimpactMag","article_author":"https:\/\/facebook.com\/profile.php?id=100075035589093","article_published_time":"2023-02-13T09:08:43+00:00","article_modified_time":"2023-06-19T09:29:18+00:00","og_image":[{"width":1920,"height":1080,"url":"https:\/\/www.afro-impact.com\/wp-content\/uploads\/2023\/02\/deputes-neuvieme-legislature-installes-benin.jpg","type":"image\/jpeg"}],"author":"Eliane Fatchina","twitter_card":"summary_large_image","twitter_creator":"@AfroimpactMag","twitter_site":"@AfroimpactMag","twitter_misc":{"Written by":"Eliane Fatchina","Est. reading time":"2 minutes"},"schema":{"@context":"https:\/\/schema.org","@graph":[{"@type":"NewsArticle","@id":"https:\/\/www.afro-impact.com\/benin-les-109-deputes-de-la-9e-legislature-investis-dans-leurs-fonctions\/#article","isPartOf":{"@id":"https:\/\/www.afro-impact.com\/benin-les-109-deputes-de-la-9e-legislature-investis-dans-leurs-fonctions\/"},"author":{"name":"Eliane Fatchina","@id":"https:\/\/www.afro-impact.com\/#\/schema\/person\/5c48f58a7d0cc36b8d96110a4feedf77"},"headline":"Benin: The 109 deputies of the 9th legislature invested in their functions","datePublished":"2023-02-13T09:08:43+00:00","dateModified":"2023-06-19T09:29:18+00:00","mainEntityOfPage":{"@id":"https:\/\/www.afro-impact.com\/benin-les-109-deputes-de-la-9e-legislature-investis-dans-leurs-fonctions\/"},"wordCount":389,"commentCount":0,"publisher":{"@id":"https:\/\/www.afro-impact.com\/#organization"},"image":{"@id":"https:\/\/www.afro-impact.com\/benin-les-109-deputes-de-la-9e-legislature-investis-dans-leurs-fonctions\/#primaryimage"},"thumbnailUrl":"https:\/\/www.afro-impact.com\/wp-content\/uploads\/2023\/02\/deputes-neuvieme-legislature-installes-benin.jpg","articleSection":["Politics"],"inLanguage":"en-US","potentialAction":[{"@type":"CommentAction","name":"Comment","target":["https:\/\/www.afro-impact.com\/benin-les-109-deputes-de-la-9e-legislature-investis-dans-leurs-fonctions\/#respond"]}],"copyrightYear":"2023","copyrightHolder":{"@id":"https:\/\/www.afro-impact.com\/#organization"}},{"@type":"WebPage","@id":"https:\/\/www.afro-impact.com\/benin-les-109-deputes-de-la-9e-legislature-investis-dans-leurs-fonctions\/","url":"https:\/\/www.afro-impact.com\/benin-les-109-deputes-de-la-9e-legislature-investis-dans-leurs-fonctions\/","name":"Benin: The 109 deputies of the 9th legislature invested in their functions - Afro impact","isPartOf":{"@id":"https:\/\/www.afro-impact.com\/#website"},"primaryImageOfPage":{"@id":"https:\/\/www.afro-impact.com\/benin-les-109-deputes-de-la-9e-legislature-investis-dans-leurs-fonctions\/#primaryimage"},"image":{"@id":"https:\/\/www.afro-impact.com\/benin-les-109-deputes-de-la-9e-legislature-investis-dans-leurs-fonctions\/#primaryimage"},"thumbnailUrl":"https:\/\/www.afro-impact.com\/wp-content\/uploads\/2023\/02\/deputes-neuvieme-legislature-installes-benin.jpg","datePublished":"2023-02-13T09:08:43+00:00","dateModified":"2023-06-19T09:29:18+00:00","description":"In Benin, the 109 deputies of the 9th legislature were officially installed in their functions on Sunday 12 February 2023 at the Governors' Palace in Porto-Novo. The inauguration ceremony was presided over by the oldest member, Cossi Barth\u00e9l\u00e9my Vidjinnagni, assisted by the two youngest members, Adjayi Titilayo and Mounifa Tidjani.","breadcrumb":{"@id":"https:\/\/www.afro-impact.com\/benin-les-109-deputes-de-la-9e-legislature-investis-dans-leurs-fonctions\/#breadcrumb"},"inLanguage":"en-US","potentialAction":[{"@type":"ReadAction","target":["https:\/\/www.afro-impact.com\/benin-les-109-deputes-de-la-9e-legislature-investis-dans-leurs-fonctions\/"]}]},{"@type":"ImageObject","inLanguage":"en-US","@id":"https:\/\/www.afro-impact.com\/benin-les-109-deputes-de-la-9e-legislature-investis-dans-leurs-fonctions\/#primaryimage","url":"https:\/\/www.afro-impact.com\/wp-content\/uploads\/2023\/02\/deputes-neuvieme-legislature-installes-benin.jpg","contentUrl":"https:\/\/www.afro-impact.com\/wp-content\/uploads\/2023\/02\/deputes-neuvieme-legislature-installes-benin.jpg","width":1920,"height":1080,"caption":"Installation this Sunday 12 February 2023 of the 109 deputies of the 9th legislature. Source photo: ortb"},{"@type":"BreadcrumbList","@id":"https:\/\/www.afro-impact.com\/benin-les-109-deputes-de-la-9e-legislature-investis-dans-leurs-fonctions\/#breadcrumb","itemListElement":[{"@type":"ListItem","position":1,"name":"News","item":"https:\/\/www.afro-impact.com\/"},{"@type":"ListItem","position":2,"name":"Politique","item":"https:\/\/www.afro-impact.com\/politique\/"},{"@type":"ListItem","position":3,"name":"Benin: The 109 deputies of the 9th legislature invested in their functions"}]},{"@type":"WebSite","@id":"https:\/\/www.afro-impact.com\/#website","url":"https:\/\/www.afro-impact.com\/","name":"Afro impact","description":"L&#039;Afrique vu autrement","publisher":{"@id":"https:\/\/www.afro-impact.com\/#organization"},"potentialAction":[{"@type":"SearchAction","target":{"@type":"EntryPoint","urlTemplate":"https:\/\/www.afro-impact.com\/?s={search_term_string}"},"query-input":{"@type":"PropertyValueSpecification","valueRequired":true,"valueName":"search_term_string"}}],"inLanguage":"en-US"},{"@type":["Organization","Place"],"@id":"https:\/\/www.afro-impact.com\/#organization","name":"Afro impact","alternateName":"carrecube","url":"https:\/\/www.afro-impact.com\/","logo":{"@id":"https:\/\/www.afro-impact.com\/benin-les-109-deputes-de-la-9e-legislature-investis-dans-leurs-fonctions\/#local-main-organization-logo"},"image":{"@id":"https:\/\/www.afro-impact.com\/benin-les-109-deputes-de-la-9e-legislature-investis-dans-leurs-fonctions\/#local-main-organization-logo"},"sameAs":["https:\/\/www.facebook.com\/AfroimpactMag","https:\/\/x.com\/AfroimpactMag","https:\/\/www.youtube.com\/channel\/UCJNIRcX4sVo487fhv0p5KDw"],"publishingPrinciples":"https:\/\/www.afro-impact.com\/a-propos-magazine-afro-impact\/","ownershipFundingInfo":"https:\/\/www.afro-impact.com\/mentions-legales\/","actionableFeedbackPolicy":"https:\/\/www.afro-impact.com\/conditions-generales\/","correctionsPolicy":"https:\/\/www.afro-impact.com\/dmca-retrait\/","address":{"@id":"https:\/\/www.afro-impact.com\/benin-les-109-deputes-de-la-9e-legislature-investis-dans-leurs-fonctions\/#local-main-place-address"},"geo":{"@type":"GeoCoordinates","latitude":"6.389282121878214","longitude":"2.3602318590634495"},"telephone":["+229 54900806"],"openingHoursSpecification":[{"@type":"OpeningHoursSpecification","dayOfWeek":["Monday","Tuesday","Wednesday","Thursday","Friday","Saturday","Sunday"],"opens":"00:00","closes":"23:59"}],"email":"redaction@afro-impact.com","vatID":"0 2022 1395 5557"},{"@type":"Person","@id":"https:\/\/www.afro-impact.com\/#\/schema\/person\/5c48f58a7d0cc36b8d96110a4feedf77","name":"Eliane Fatchina","image":{"@type":"ImageObject","inLanguage":"en-US","@id":"https:\/\/www.afro-impact.com\/#\/schema\/person\/image\/","url":"https:\/\/www.afro-impact.com\/wp-content\/litespeed\/avatar\/5f9f737261a53c0e086b34b0464cb9e1.jpg?ver=1777018517","contentUrl":"https:\/\/www.afro-impact.com\/wp-content\/litespeed\/avatar\/5f9f737261a53c0e086b34b0464cb9e1.jpg?ver=1777018517","caption":"Eliane Fatchina"},"description":"Eliane Yabo Omonlayo Fatchina est une journaliste reporter \u00e0 Afro impact. Titulaire d\u2019une licence professionnelle en journalisme \u00e0 l\u2019ENSTIC du B\u00e9nin, elle est une panafricaniste passionn\u00e9e de culture, des questions de soci\u00e9t\u00e9 et d\u2019environnement. Avec d\u00e9j\u00e0 sept ans d\u2019exp\u00e9riences, elle s\u2019emploie quotidiennement \u00e0 donner de la voix aux id\u00e9es \u00e0 travers l\u2019\u00e9criture.","sameAs":["https:\/\/facebook.com\/profile.php?id=100075035589093"],"url":"https:\/\/www.afro-impact.com\/en\/author\/omonlayo\/"},{"@type":"PostalAddress","@id":"https:\/\/www.afro-impact.com\/benin-les-109-deputes-de-la-9e-legislature-investis-dans-leurs-fonctions\/#local-main-place-address","streetAddress":"Carr\u00e9 2167 Kindonou, Cotonou, BENIN, 07 BP 1128 Cotonou, BENIN","addressLocality":"Cotonou","postalCode":"+229","addressRegion":"Littoral","addressCountry":"BJ"},{"@type":"ImageObject","inLanguage":"en-US","@id":"https:\/\/www.afro-impact.com\/benin-les-109-deputes-de-la-9e-legislature-investis-dans-leurs-fonctions\/#local-main-organization-logo","url":"https:\/\/www.afro-impact.com\/wp-content\/uploads\/2022\/01\/logo-afro-impact-share-social.png","contentUrl":"https:\/\/www.afro-impact.com\/wp-content\/uploads\/2022\/01\/logo-afro-impact-share-social.png","width":300,"height":300,"caption":"Afro impact"}]},"geo.placename":"Cotonou","geo.position":{"lat":"6.389282121878214","long":"2.3602318590634495"},"geo.region":"Benin"},"_links":{"self":[{"href":"https:\/\/www.afro-impact.com\/en\/wp-json\/wp\/v2\/posts\/14964","targetHints":{"allow":["GET"]}}],"collection":[{"href":"https:\/\/www.afro-impact.com\/en\/wp-json\/wp\/v2\/posts"}],"about":[{"href":"https:\/\/www.afro-impact.com\/en\/wp-json\/wp\/v2\/types\/post"}],"author":[{"embeddable":true,"href":"https:\/\/www.afro-impact.com\/en\/wp-json\/wp\/v2\/users\/2"}],"replies":[{"embeddable":true,"href":"https:\/\/www.afro-impact.com\/en\/wp-json\/wp\/v2\/comments?post=14964"}],"version-history":[{"count":0,"href":"https:\/\/www.afro-impact.com\/en\/wp-json\/wp\/v2\/posts\/14964\/revisions"}],"wp:featuredmedia":[{"embeddable":true,"href":"https:\/\/www.afro-impact.com\/en\/wp-json\/wp\/v2\/media\/14947"}],"wp:attachment":[{"href":"https:\/\/www.afro-impact.com\/en\/wp-json\/wp\/v2\/media?parent=14964"}],"wp:term":[{"taxonomy":"category","embeddable":true,"href":"https:\/\/www.afro-impact.com\/en\/wp-json\/wp\/v2\/categories?post=14964"},{"taxonomy":"post_tag","embeddable":true,"href":"https:\/\/www.afro-impact.com\/en\/wp-json\/wp\/v2\/tags?post=14964"}],"curies":[{"name":"wp","href":"https:\/\/api.w.org\/{rel}","templated":true}]}}