{"id":15229,"date":"2023-02-27T08:46:00","date_gmt":"2023-02-27T07:46:00","guid":{"rendered":"https:\/\/www.afro-impact.com\/fespaco-2023-opened-in-burkina-faso-with-170-films-in-the-running\/"},"modified":"2023-06-19T09:57:30","modified_gmt":"2023-06-19T08:57:30","slug":"fespaco-2023-opened-in-burkina-faso-with-170-films-in-the-running","status":"publish","type":"post","link":"https:\/\/www.afro-impact.com\/en\/fespaco-2023-opened-in-burkina-faso-with-170-films-in-the-running\/","title":{"rendered":"Fespaco 2023 opened in Burkina Faso with 170 films in the running"},"content":{"rendered":"\n<p><strong>The 28th edition of FESPACO (Pan-African Film and Television Festival of Ouagadougou) opened on Saturday 25 February at the Palais des Sports in Ouaga 2000 in the Burkinabe capital. Placed under the theme: &#8220;Cinemas of Africa and Culture of Peace&#8221;, this edition brings together thousands of film actors from various backgrounds.<\/strong><\/p>\n\n<p>This 28th edition was launched by the Prime Ministers of Burkina Faso, Apollinaire Joachimson Kyelem de Tamb\u00e8la, and Mali, Choguel Kokalla Ma\u00efga. Mali is the guest of honour at FESPACO 2023.<\/p>\n\n<p>&#8220;This is a great mark of friendship and a testimony of the honour done to Mali,&#8221; said the Malian Prime Minister, adding that &#8220;Mali and Burkina Faso are two brotherly countries linked by history, geography and culture.<\/p>\n\n<p>As for the head of the Burkinabe government, he drew attention to the fact that cinema should &#8220;raise awareness of the tragedies of the African people, but also to give a glimmer of hope to nations in crisis&#8221;.<\/p>\n\n<p>The festival, which runs from 25 February to 4 March, takes place in a context marked by a security crisis in the Sahel in general and in Burkina Faso and Mali in particular. Several films therefore focus on jihadist violence, such as <em>L&#8217;Envoy\u00e9e de Dieu<\/em> by Nigerian director Amina Abdoulaye Mamani, <em>\u00c9pines du Sahel<\/em> by Burkinab\u00e8 director Boubakar Diallo, and <em>Sira<\/em> by Burkinab\u00e8 director Apolline Traor\u00e9. All these achievements address the issue of the fight against terrorism in the Sahel.<\/p>\n\n<p>This is why the Malian statesman confided that his country&#8217;s participation is a matter of solidarity with Burkina Faso; both countries are facing terrorism. &#8220;Our fight for dignity remains the priority of both Presidents. Our armed and security forces must be the backbone. No other army will do this fight instead of the national forces,&#8221; he said.<\/p>\n\n<p>A total of <strong>170 films will be screened in the competition<\/strong>, divided into eleven categories, compared to the 1,200 films that were initially submitted to the organisers. In this batch, fifteen feature films are competing for the prestigious &#8220;Etalon d&#8217;Or de Yennenga&#8221; prize, which is rewarded with a trophy and a prize of 20 million CFA francs (30 000 euros).<\/p>\n\n<p> The second prize of the competition is the &#8220;Etalon d&#8217;Argent de Yennenga&#8221;, awarded with a trophy and a prize of 10 million CFA francs (15 299,39 Euro). And the third prize, the &#8220;Etalon de Bronze de Yennenga&#8221; is awarded with a trophy and 5 million CFA francs (7,649.78 Euro).<\/p>\n","protected":false},"excerpt":{"rendered":"<p>The 28th edition of FESPACO (Pan-African Film and Television Festival of Ouagadougou) opened on Saturday 25 February at the Palais des Sports in Ouaga 2000 in the Burkinabe capital. Placed under the theme: &#8220;Cinemas of Africa and Culture of Peace&#8221;, this edition brings together thousands of film actors from various backgrounds. This 28th edition was<\/p>\n","protected":false},"author":2,"featured_media":15223,"comment_status":"open","ping_status":"open","sticky":false,"template":"","format":"standard","meta":{"footnotes":""},"categories":[192],"tags":[],"class_list":{"0":"post-15229","1":"post","2":"type-post","3":"status-publish","4":"format-standard","5":"has-post-thumbnail","7":"category-culture-en"},"yoast_head":"<!-- This site is optimized with the Yoast SEO Premium plugin v25.5 (Yoast SEO v25.5) - https:\/\/yoast.com\/wordpress\/plugins\/seo\/ -->\n<title>Fespaco 2023 opened in Burkina Faso with 170 films in the running - Afro impact<\/title>\n<meta name=\"description\" content=\"The 28th edition of FESPACO (Pan-African Film and Television Festival of Ouagadougou) opened on Saturday 25 February at the Palais des Sports in Ouaga 2000 in the Burkinabe capital. Placed under the theme: &quot;Cinemas of Africa and Culture of Peace&quot;, this edition brings together thousands of film actors from various backgrounds.\" \/>\n<meta name=\"robots\" content=\"index, follow, max-snippet:-1, max-image-preview:large, max-video-preview:-1\" \/>\n<link rel=\"canonical\" href=\"https:\/\/www.afro-impact.com\/en\/fespaco-2023-opened-in-burkina-faso-with-170-films-in-the-running\/\" \/>\n<meta property=\"og:locale\" content=\"en_US\" \/>\n<meta property=\"og:type\" content=\"article\" \/>\n<meta property=\"og:title\" content=\"Fespaco 2023 opened in Burkina Faso with 170 films in the running - Afro impact\" \/>\n<meta property=\"og:description\" content=\"The 28th edition of FESPACO (Pan-African Film and Television Festival of Ouagadougou) opened on Saturday 25 February at the Palais des Sports in Ouaga 2000 in the Burkinabe capital. Placed under the theme: &quot;Cinemas of Africa and Culture of Peace&quot;, this edition brings together thousands of film actors from various backgrounds.\" \/>\n<meta property=\"og:url\" content=\"https:\/\/www.afro-impact.com\/en\/fespaco-2023-opened-in-burkina-faso-with-170-films-in-the-running\/\" \/>\n<meta property=\"og:site_name\" content=\"Afro impact\" \/>\n<meta property=\"article:publisher\" content=\"https:\/\/www.facebook.com\/AfroimpactMag\" \/>\n<meta property=\"article:author\" content=\"https:\/\/facebook.com\/profile.php?id=100075035589093\" \/>\n<meta property=\"article:published_time\" content=\"2023-02-27T07:46:00+00:00\" \/>\n<meta property=\"article:modified_time\" content=\"2023-06-19T08:57:30+00:00\" \/>\n<meta property=\"og:image\" content=\"https:\/\/www.afro-impact.com\/wp-content\/uploads\/2023\/02\/fespaco-2023-burkina-faso-cinema.jpg\" \/>\n\t<meta property=\"og:image:width\" content=\"1500\" \/>\n\t<meta property=\"og:image:height\" content=\"844\" \/>\n\t<meta property=\"og:image:type\" content=\"image\/jpeg\" \/>\n<meta name=\"author\" content=\"Eliane Fatchina\" \/>\n<meta name=\"twitter:card\" content=\"summary_large_image\" \/>\n<meta name=\"twitter:creator\" content=\"@AfroimpactMag\" \/>\n<meta name=\"twitter:site\" content=\"@AfroimpactMag\" \/>\n<meta name=\"twitter:label1\" content=\"Written by\" \/>\n\t<meta name=\"twitter:data1\" content=\"Eliane Fatchina\" \/>\n\t<meta name=\"twitter:label2\" content=\"Est. reading time\" \/>\n\t<meta name=\"twitter:data2\" content=\"2 minutes\" \/>\n<script type=\"application\/ld+json\" class=\"yoast-schema-graph\">{\"@context\":\"https:\/\/schema.org\",\"@graph\":[{\"@type\":\"NewsArticle\",\"@id\":\"https:\/\/www.afro-impact.com\/en\/fespaco-2023-opened-in-burkina-faso-with-170-films-in-the-running\/#article\",\"isPartOf\":{\"@id\":\"https:\/\/www.afro-impact.com\/en\/fespaco-2023-opened-in-burkina-faso-with-170-films-in-the-running\/\"},\"author\":{\"name\":\"Eliane Fatchina\",\"@id\":\"https:\/\/www.afro-impact.com\/#\/schema\/person\/5c48f58a7d0cc36b8d96110a4feedf77\"},\"headline\":\"Fespaco 2023 opened in Burkina Faso with 170 films in the running\",\"datePublished\":\"2023-02-27T07:46:00+00:00\",\"dateModified\":\"2023-06-19T08:57:30+00:00\",\"mainEntityOfPage\":{\"@id\":\"https:\/\/www.afro-impact.com\/en\/fespaco-2023-opened-in-burkina-faso-with-170-films-in-the-running\/\"},\"wordCount\":405,\"commentCount\":0,\"publisher\":{\"@id\":\"https:\/\/www.afro-impact.com\/#organization\"},\"image\":{\"@id\":\"https:\/\/www.afro-impact.com\/en\/fespaco-2023-opened-in-burkina-faso-with-170-films-in-the-running\/#primaryimage\"},\"thumbnailUrl\":\"https:\/\/www.afro-impact.com\/wp-content\/uploads\/2023\/02\/fespaco-2023-burkina-faso-cinema.jpg\",\"articleSection\":[\"Culture\"],\"inLanguage\":\"en-US\",\"potentialAction\":[{\"@type\":\"CommentAction\",\"name\":\"Comment\",\"target\":[\"https:\/\/www.afro-impact.com\/en\/fespaco-2023-opened-in-burkina-faso-with-170-films-in-the-running\/#respond\"]}],\"copyrightYear\":\"2023\",\"copyrightHolder\":{\"@id\":\"https:\/\/www.afro-impact.com\/#organization\"}},{\"@type\":\"WebPage\",\"@id\":\"https:\/\/www.afro-impact.com\/en\/fespaco-2023-opened-in-burkina-faso-with-170-films-in-the-running\/\",\"url\":\"https:\/\/www.afro-impact.com\/en\/fespaco-2023-opened-in-burkina-faso-with-170-films-in-the-running\/\",\"name\":\"Fespaco 2023 opened in Burkina Faso with 170 films in the running - Afro impact\",\"isPartOf\":{\"@id\":\"https:\/\/www.afro-impact.com\/#website\"},\"primaryImageOfPage\":{\"@id\":\"https:\/\/www.afro-impact.com\/en\/fespaco-2023-opened-in-burkina-faso-with-170-films-in-the-running\/#primaryimage\"},\"image\":{\"@id\":\"https:\/\/www.afro-impact.com\/en\/fespaco-2023-opened-in-burkina-faso-with-170-films-in-the-running\/#primaryimage\"},\"thumbnailUrl\":\"https:\/\/www.afro-impact.com\/wp-content\/uploads\/2023\/02\/fespaco-2023-burkina-faso-cinema.jpg\",\"datePublished\":\"2023-02-27T07:46:00+00:00\",\"dateModified\":\"2023-06-19T08:57:30+00:00\",\"description\":\"The 28th edition of FESPACO (Pan-African Film and Television Festival of Ouagadougou) opened on Saturday 25 February at the Palais des Sports in Ouaga 2000 in the Burkinabe capital. Placed under the theme: \\\"Cinemas of Africa and Culture of Peace\\\", this edition brings together thousands of film actors from various backgrounds.\",\"breadcrumb\":{\"@id\":\"https:\/\/www.afro-impact.com\/en\/fespaco-2023-opened-in-burkina-faso-with-170-films-in-the-running\/#breadcrumb\"},\"inLanguage\":\"en-US\",\"potentialAction\":[{\"@type\":\"ReadAction\",\"target\":[\"https:\/\/www.afro-impact.com\/en\/fespaco-2023-opened-in-burkina-faso-with-170-films-in-the-running\/\"]}]},{\"@type\":\"ImageObject\",\"inLanguage\":\"en-US\",\"@id\":\"https:\/\/www.afro-impact.com\/en\/fespaco-2023-opened-in-burkina-faso-with-170-films-in-the-running\/#primaryimage\",\"url\":\"https:\/\/www.afro-impact.com\/wp-content\/uploads\/2023\/02\/fespaco-2023-burkina-faso-cinema.jpg\",\"contentUrl\":\"https:\/\/www.afro-impact.com\/wp-content\/uploads\/2023\/02\/fespaco-2023-burkina-faso-cinema.jpg\",\"width\":1500,\"height\":844,\"caption\":\"The Fespaco 2023 opened on Saturday 25 February 2023 in Burkina Faso in the presence of thousands of actors from the film world Photo credit: aazmuth\"},{\"@type\":\"BreadcrumbList\",\"@id\":\"https:\/\/www.afro-impact.com\/en\/fespaco-2023-opened-in-burkina-faso-with-170-films-in-the-running\/#breadcrumb\",\"itemListElement\":[{\"@type\":\"ListItem\",\"position\":1,\"name\":\"News\",\"item\":\"https:\/\/www.afro-impact.com\/\"},{\"@type\":\"ListItem\",\"position\":2,\"name\":\"Culture\",\"item\":\"https:\/\/www.afro-impact.com\/culture\/\"},{\"@type\":\"ListItem\",\"position\":3,\"name\":\"Fespaco 2023 opened in Burkina Faso with 170 films in the running\"}]},{\"@type\":\"WebSite\",\"@id\":\"https:\/\/www.afro-impact.com\/#website\",\"url\":\"https:\/\/www.afro-impact.com\/\",\"name\":\"Afro impact\",\"description\":\"L&#039;Afrique vu autrement\",\"publisher\":{\"@id\":\"https:\/\/www.afro-impact.com\/#organization\"},\"potentialAction\":[{\"@type\":\"SearchAction\",\"target\":{\"@type\":\"EntryPoint\",\"urlTemplate\":\"https:\/\/www.afro-impact.com\/?s={search_term_string}\"},\"query-input\":{\"@type\":\"PropertyValueSpecification\",\"valueRequired\":true,\"valueName\":\"search_term_string\"}}],\"inLanguage\":\"en-US\"},{\"@type\":[\"Organization\",\"Place\"],\"@id\":\"https:\/\/www.afro-impact.com\/#organization\",\"name\":\"Afro impact\",\"alternateName\":\"carrecube\",\"url\":\"https:\/\/www.afro-impact.com\/\",\"logo\":{\"@id\":\"https:\/\/www.afro-impact.com\/en\/fespaco-2023-opened-in-burkina-faso-with-170-films-in-the-running\/#local-main-organization-logo\"},\"image\":{\"@id\":\"https:\/\/www.afro-impact.com\/en\/fespaco-2023-opened-in-burkina-faso-with-170-films-in-the-running\/#local-main-organization-logo\"},\"sameAs\":[\"https:\/\/www.facebook.com\/AfroimpactMag\",\"https:\/\/x.com\/AfroimpactMag\",\"https:\/\/www.youtube.com\/channel\/UCJNIRcX4sVo487fhv0p5KDw\"],\"publishingPrinciples\":\"https:\/\/www.afro-impact.com\/a-propos-magazine-afro-impact\/\",\"ownershipFundingInfo\":\"https:\/\/www.afro-impact.com\/mentions-legales\/\",\"actionableFeedbackPolicy\":\"https:\/\/www.afro-impact.com\/conditions-generales\/\",\"correctionsPolicy\":\"https:\/\/www.afro-impact.com\/dmca-retrait\/\",\"address\":{\"@id\":\"https:\/\/www.afro-impact.com\/en\/fespaco-2023-opened-in-burkina-faso-with-170-films-in-the-running\/#local-main-place-address\"},\"geo\":{\"@type\":\"GeoCoordinates\",\"latitude\":\"6.389282121878214\",\"longitude\":\"2.3602318590634495\"},\"telephone\":[\"+229 54900806\"],\"openingHoursSpecification\":[{\"@type\":\"OpeningHoursSpecification\",\"dayOfWeek\":[\"Monday\",\"Tuesday\",\"Wednesday\",\"Thursday\",\"Friday\",\"Saturday\",\"Sunday\"],\"opens\":\"00:00\",\"closes\":\"23:59\"}],\"email\":\"redaction@afro-impact.com\",\"vatID\":\"0 2022 1395 5557\"},{\"@type\":\"Person\",\"@id\":\"https:\/\/www.afro-impact.com\/#\/schema\/person\/5c48f58a7d0cc36b8d96110a4feedf77\",\"name\":\"Eliane Fatchina\",\"image\":{\"@type\":\"ImageObject\",\"inLanguage\":\"en-US\",\"@id\":\"https:\/\/www.afro-impact.com\/#\/schema\/person\/image\/\",\"url\":\"https:\/\/www.afro-impact.com\/wp-content\/litespeed\/avatar\/5f9f737261a53c0e086b34b0464cb9e1.jpg?ver=1777018517\",\"contentUrl\":\"https:\/\/www.afro-impact.com\/wp-content\/litespeed\/avatar\/5f9f737261a53c0e086b34b0464cb9e1.jpg?ver=1777018517\",\"caption\":\"Eliane Fatchina\"},\"description\":\"Eliane Yabo Omonlayo Fatchina est une journaliste reporter \u00e0 Afro impact. Titulaire d\u2019une licence professionnelle en journalisme \u00e0 l\u2019ENSTIC du B\u00e9nin, elle est une panafricaniste passionn\u00e9e de culture, des questions de soci\u00e9t\u00e9 et d\u2019environnement. Avec d\u00e9j\u00e0 sept ans d\u2019exp\u00e9riences, elle s\u2019emploie quotidiennement \u00e0 donner de la voix aux id\u00e9es \u00e0 travers l\u2019\u00e9criture.\",\"sameAs\":[\"https:\/\/facebook.com\/profile.php?id=100075035589093\"],\"url\":\"https:\/\/www.afro-impact.com\/en\/author\/omonlayo\/\"},{\"@type\":\"PostalAddress\",\"@id\":\"https:\/\/www.afro-impact.com\/en\/fespaco-2023-opened-in-burkina-faso-with-170-films-in-the-running\/#local-main-place-address\",\"streetAddress\":\"Carr\u00e9 2167 Kindonou, Cotonou, BENIN, 07 BP 1128 Cotonou, BENIN\",\"addressLocality\":\"Cotonou\",\"postalCode\":\"+229\",\"addressRegion\":\"Littoral\",\"addressCountry\":\"BJ\"},{\"@type\":\"ImageObject\",\"inLanguage\":\"en-US\",\"@id\":\"https:\/\/www.afro-impact.com\/en\/fespaco-2023-opened-in-burkina-faso-with-170-films-in-the-running\/#local-main-organization-logo\",\"url\":\"https:\/\/www.afro-impact.com\/wp-content\/uploads\/2022\/01\/logo-afro-impact-share-social.png\",\"contentUrl\":\"https:\/\/www.afro-impact.com\/wp-content\/uploads\/2022\/01\/logo-afro-impact-share-social.png\",\"width\":300,\"height\":300,\"caption\":\"Afro impact\"}]}<\/script>\n<meta name=\"geo.placename\" content=\"Cotonou\" \/>\n<meta name=\"geo.position\" content=\"6.389282121878214;2.3602318590634495\" \/>\n<meta name=\"geo.region\" content=\"Benin\" \/>\n<!-- \/ Yoast SEO Premium plugin. -->","yoast_head_json":{"title":"Fespaco 2023 opened in Burkina Faso with 170 films in the running - Afro impact","description":"The 28th edition of FESPACO (Pan-African Film and Television Festival of Ouagadougou) opened on Saturday 25 February at the Palais des Sports in Ouaga 2000 in the Burkinabe capital. Placed under the theme: \"Cinemas of Africa and Culture of Peace\", this edition brings together thousands of film actors from various backgrounds.","robots":{"index":"index","follow":"follow","max-snippet":"max-snippet:-1","max-image-preview":"max-image-preview:large","max-video-preview":"max-video-preview:-1"},"canonical":"https:\/\/www.afro-impact.com\/en\/fespaco-2023-opened-in-burkina-faso-with-170-films-in-the-running\/","og_locale":"en_US","og_type":"article","og_title":"Fespaco 2023 opened in Burkina Faso with 170 films in the running - Afro impact","og_description":"The 28th edition of FESPACO (Pan-African Film and Television Festival of Ouagadougou) opened on Saturday 25 February at the Palais des Sports in Ouaga 2000 in the Burkinabe capital. Placed under the theme: \"Cinemas of Africa and Culture of Peace\", this edition brings together thousands of film actors from various backgrounds.","og_url":"https:\/\/www.afro-impact.com\/en\/fespaco-2023-opened-in-burkina-faso-with-170-films-in-the-running\/","og_site_name":"Afro impact","article_publisher":"https:\/\/www.facebook.com\/AfroimpactMag","article_author":"https:\/\/facebook.com\/profile.php?id=100075035589093","article_published_time":"2023-02-27T07:46:00+00:00","article_modified_time":"2023-06-19T08:57:30+00:00","og_image":[{"width":1500,"height":844,"url":"https:\/\/www.afro-impact.com\/wp-content\/uploads\/2023\/02\/fespaco-2023-burkina-faso-cinema.jpg","type":"image\/jpeg"}],"author":"Eliane Fatchina","twitter_card":"summary_large_image","twitter_creator":"@AfroimpactMag","twitter_site":"@AfroimpactMag","twitter_misc":{"Written by":"Eliane Fatchina","Est. reading time":"2 minutes"},"schema":{"@context":"https:\/\/schema.org","@graph":[{"@type":"NewsArticle","@id":"https:\/\/www.afro-impact.com\/en\/fespaco-2023-opened-in-burkina-faso-with-170-films-in-the-running\/#article","isPartOf":{"@id":"https:\/\/www.afro-impact.com\/en\/fespaco-2023-opened-in-burkina-faso-with-170-films-in-the-running\/"},"author":{"name":"Eliane Fatchina","@id":"https:\/\/www.afro-impact.com\/#\/schema\/person\/5c48f58a7d0cc36b8d96110a4feedf77"},"headline":"Fespaco 2023 opened in Burkina Faso with 170 films in the running","datePublished":"2023-02-27T07:46:00+00:00","dateModified":"2023-06-19T08:57:30+00:00","mainEntityOfPage":{"@id":"https:\/\/www.afro-impact.com\/en\/fespaco-2023-opened-in-burkina-faso-with-170-films-in-the-running\/"},"wordCount":405,"commentCount":0,"publisher":{"@id":"https:\/\/www.afro-impact.com\/#organization"},"image":{"@id":"https:\/\/www.afro-impact.com\/en\/fespaco-2023-opened-in-burkina-faso-with-170-films-in-the-running\/#primaryimage"},"thumbnailUrl":"https:\/\/www.afro-impact.com\/wp-content\/uploads\/2023\/02\/fespaco-2023-burkina-faso-cinema.jpg","articleSection":["Culture"],"inLanguage":"en-US","potentialAction":[{"@type":"CommentAction","name":"Comment","target":["https:\/\/www.afro-impact.com\/en\/fespaco-2023-opened-in-burkina-faso-with-170-films-in-the-running\/#respond"]}],"copyrightYear":"2023","copyrightHolder":{"@id":"https:\/\/www.afro-impact.com\/#organization"}},{"@type":"WebPage","@id":"https:\/\/www.afro-impact.com\/en\/fespaco-2023-opened-in-burkina-faso-with-170-films-in-the-running\/","url":"https:\/\/www.afro-impact.com\/en\/fespaco-2023-opened-in-burkina-faso-with-170-films-in-the-running\/","name":"Fespaco 2023 opened in Burkina Faso with 170 films in the running - Afro impact","isPartOf":{"@id":"https:\/\/www.afro-impact.com\/#website"},"primaryImageOfPage":{"@id":"https:\/\/www.afro-impact.com\/en\/fespaco-2023-opened-in-burkina-faso-with-170-films-in-the-running\/#primaryimage"},"image":{"@id":"https:\/\/www.afro-impact.com\/en\/fespaco-2023-opened-in-burkina-faso-with-170-films-in-the-running\/#primaryimage"},"thumbnailUrl":"https:\/\/www.afro-impact.com\/wp-content\/uploads\/2023\/02\/fespaco-2023-burkina-faso-cinema.jpg","datePublished":"2023-02-27T07:46:00+00:00","dateModified":"2023-06-19T08:57:30+00:00","description":"The 28th edition of FESPACO (Pan-African Film and Television Festival of Ouagadougou) opened on Saturday 25 February at the Palais des Sports in Ouaga 2000 in the Burkinabe capital. Placed under the theme: \"Cinemas of Africa and Culture of Peace\", this edition brings together thousands of film actors from various backgrounds.","breadcrumb":{"@id":"https:\/\/www.afro-impact.com\/en\/fespaco-2023-opened-in-burkina-faso-with-170-films-in-the-running\/#breadcrumb"},"inLanguage":"en-US","potentialAction":[{"@type":"ReadAction","target":["https:\/\/www.afro-impact.com\/en\/fespaco-2023-opened-in-burkina-faso-with-170-films-in-the-running\/"]}]},{"@type":"ImageObject","inLanguage":"en-US","@id":"https:\/\/www.afro-impact.com\/en\/fespaco-2023-opened-in-burkina-faso-with-170-films-in-the-running\/#primaryimage","url":"https:\/\/www.afro-impact.com\/wp-content\/uploads\/2023\/02\/fespaco-2023-burkina-faso-cinema.jpg","contentUrl":"https:\/\/www.afro-impact.com\/wp-content\/uploads\/2023\/02\/fespaco-2023-burkina-faso-cinema.jpg","width":1500,"height":844,"caption":"The Fespaco 2023 opened on Saturday 25 February 2023 in Burkina Faso in the presence of thousands of actors from the film world Photo credit: aazmuth"},{"@type":"BreadcrumbList","@id":"https:\/\/www.afro-impact.com\/en\/fespaco-2023-opened-in-burkina-faso-with-170-films-in-the-running\/#breadcrumb","itemListElement":[{"@type":"ListItem","position":1,"name":"News","item":"https:\/\/www.afro-impact.com\/"},{"@type":"ListItem","position":2,"name":"Culture","item":"https:\/\/www.afro-impact.com\/culture\/"},{"@type":"ListItem","position":3,"name":"Fespaco 2023 opened in Burkina Faso with 170 films in the running"}]},{"@type":"WebSite","@id":"https:\/\/www.afro-impact.com\/#website","url":"https:\/\/www.afro-impact.com\/","name":"Afro impact","description":"L&#039;Afrique vu autrement","publisher":{"@id":"https:\/\/www.afro-impact.com\/#organization"},"potentialAction":[{"@type":"SearchAction","target":{"@type":"EntryPoint","urlTemplate":"https:\/\/www.afro-impact.com\/?s={search_term_string}"},"query-input":{"@type":"PropertyValueSpecification","valueRequired":true,"valueName":"search_term_string"}}],"inLanguage":"en-US"},{"@type":["Organization","Place"],"@id":"https:\/\/www.afro-impact.com\/#organization","name":"Afro impact","alternateName":"carrecube","url":"https:\/\/www.afro-impact.com\/","logo":{"@id":"https:\/\/www.afro-impact.com\/en\/fespaco-2023-opened-in-burkina-faso-with-170-films-in-the-running\/#local-main-organization-logo"},"image":{"@id":"https:\/\/www.afro-impact.com\/en\/fespaco-2023-opened-in-burkina-faso-with-170-films-in-the-running\/#local-main-organization-logo"},"sameAs":["https:\/\/www.facebook.com\/AfroimpactMag","https:\/\/x.com\/AfroimpactMag","https:\/\/www.youtube.com\/channel\/UCJNIRcX4sVo487fhv0p5KDw"],"publishingPrinciples":"https:\/\/www.afro-impact.com\/a-propos-magazine-afro-impact\/","ownershipFundingInfo":"https:\/\/www.afro-impact.com\/mentions-legales\/","actionableFeedbackPolicy":"https:\/\/www.afro-impact.com\/conditions-generales\/","correctionsPolicy":"https:\/\/www.afro-impact.com\/dmca-retrait\/","address":{"@id":"https:\/\/www.afro-impact.com\/en\/fespaco-2023-opened-in-burkina-faso-with-170-films-in-the-running\/#local-main-place-address"},"geo":{"@type":"GeoCoordinates","latitude":"6.389282121878214","longitude":"2.3602318590634495"},"telephone":["+229 54900806"],"openingHoursSpecification":[{"@type":"OpeningHoursSpecification","dayOfWeek":["Monday","Tuesday","Wednesday","Thursday","Friday","Saturday","Sunday"],"opens":"00:00","closes":"23:59"}],"email":"redaction@afro-impact.com","vatID":"0 2022 1395 5557"},{"@type":"Person","@id":"https:\/\/www.afro-impact.com\/#\/schema\/person\/5c48f58a7d0cc36b8d96110a4feedf77","name":"Eliane Fatchina","image":{"@type":"ImageObject","inLanguage":"en-US","@id":"https:\/\/www.afro-impact.com\/#\/schema\/person\/image\/","url":"https:\/\/www.afro-impact.com\/wp-content\/litespeed\/avatar\/5f9f737261a53c0e086b34b0464cb9e1.jpg?ver=1777018517","contentUrl":"https:\/\/www.afro-impact.com\/wp-content\/litespeed\/avatar\/5f9f737261a53c0e086b34b0464cb9e1.jpg?ver=1777018517","caption":"Eliane Fatchina"},"description":"Eliane Yabo Omonlayo Fatchina est une journaliste reporter \u00e0 Afro impact. Titulaire d\u2019une licence professionnelle en journalisme \u00e0 l\u2019ENSTIC du B\u00e9nin, elle est une panafricaniste passionn\u00e9e de culture, des questions de soci\u00e9t\u00e9 et d\u2019environnement. Avec d\u00e9j\u00e0 sept ans d\u2019exp\u00e9riences, elle s\u2019emploie quotidiennement \u00e0 donner de la voix aux id\u00e9es \u00e0 travers l\u2019\u00e9criture.","sameAs":["https:\/\/facebook.com\/profile.php?id=100075035589093"],"url":"https:\/\/www.afro-impact.com\/en\/author\/omonlayo\/"},{"@type":"PostalAddress","@id":"https:\/\/www.afro-impact.com\/en\/fespaco-2023-opened-in-burkina-faso-with-170-films-in-the-running\/#local-main-place-address","streetAddress":"Carr\u00e9 2167 Kindonou, Cotonou, BENIN, 07 BP 1128 Cotonou, BENIN","addressLocality":"Cotonou","postalCode":"+229","addressRegion":"Littoral","addressCountry":"BJ"},{"@type":"ImageObject","inLanguage":"en-US","@id":"https:\/\/www.afro-impact.com\/en\/fespaco-2023-opened-in-burkina-faso-with-170-films-in-the-running\/#local-main-organization-logo","url":"https:\/\/www.afro-impact.com\/wp-content\/uploads\/2022\/01\/logo-afro-impact-share-social.png","contentUrl":"https:\/\/www.afro-impact.com\/wp-content\/uploads\/2022\/01\/logo-afro-impact-share-social.png","width":300,"height":300,"caption":"Afro impact"}]},"geo.placename":"Cotonou","geo.position":{"lat":"6.389282121878214","long":"2.3602318590634495"},"geo.region":"Benin"},"_links":{"self":[{"href":"https:\/\/www.afro-impact.com\/en\/wp-json\/wp\/v2\/posts\/15229","targetHints":{"allow":["GET"]}}],"collection":[{"href":"https:\/\/www.afro-impact.com\/en\/wp-json\/wp\/v2\/posts"}],"about":[{"href":"https:\/\/www.afro-impact.com\/en\/wp-json\/wp\/v2\/types\/post"}],"author":[{"embeddable":true,"href":"https:\/\/www.afro-impact.com\/en\/wp-json\/wp\/v2\/users\/2"}],"replies":[{"embeddable":true,"href":"https:\/\/www.afro-impact.com\/en\/wp-json\/wp\/v2\/comments?post=15229"}],"version-history":[{"count":0,"href":"https:\/\/www.afro-impact.com\/en\/wp-json\/wp\/v2\/posts\/15229\/revisions"}],"wp:featuredmedia":[{"embeddable":true,"href":"https:\/\/www.afro-impact.com\/en\/wp-json\/wp\/v2\/media\/15223"}],"wp:attachment":[{"href":"https:\/\/www.afro-impact.com\/en\/wp-json\/wp\/v2\/media?parent=15229"}],"wp:term":[{"taxonomy":"category","embeddable":true,"href":"https:\/\/www.afro-impact.com\/en\/wp-json\/wp\/v2\/categories?post=15229"},{"taxonomy":"post_tag","embeddable":true,"href":"https:\/\/www.afro-impact.com\/en\/wp-json\/wp\/v2\/tags?post=15229"}],"curies":[{"name":"wp","href":"https:\/\/api.w.org\/{rel}","templated":true}]}}