{"id":15398,"date":"2023-03-02T17:03:56","date_gmt":"2023-03-02T16:03:56","guid":{"rendered":"https:\/\/www.afro-impact.com\/emmanuel-macron-in-gabon-the-age-of-francafrique-is-over\/"},"modified":"2023-06-19T09:57:24","modified_gmt":"2023-06-19T08:57:24","slug":"emmanuel-macron-in-gabon-the-age-of-francafrique-is-over","status":"publish","type":"post","link":"https:\/\/www.afro-impact.com\/en\/emmanuel-macron-in-gabon-the-age-of-francafrique-is-over\/","title":{"rendered":"<strong>Emmanuel Macron in Gabon: &#8220;The age of Fran\u00e7afrique is over<\/strong>"},"content":{"rendered":"\n<p><strong>French President Emmanuel Macron arrived in Gabon on Wednesday 1 March as part of a four-day visit to Central Africa where he will take part in the One Forest Summit on the protection of tropical forests in Libreville on Thursday.<\/strong><\/p>\n\n<p>Addressing the French community in Gabon in Libreville, the French Head of State said that his country is now a &#8220;neutral interlocutor&#8221; on the African continent. On Monday 27 February, from the Elys\u00e9e Pal<strong><a href=\"https:\/\/www.afro-impact.com\/en\/emmanuel-macron-has-outlined-frances-new-policy-in-africa\/\" target=\"_blank\" rel=\"noreferrer noopener\">ace, President Macron presented the new diplomatic and military strategy of the Hexagon in Africa<\/a><\/strong>.<\/p>\n\n<p><strong> &#8220;This age of Fran\u00e7afrique is well past and I sometimes have the feeling that mentalities are not evolving at the same pace as us when I read, I hear, I see that people still attribute to France intentions that it does not have, that it no longer has,&#8221; he said before the French community. <\/strong><\/p>\n\n<p>&#8220;It also seems to be expected to take positions that it refuses to take, and I fully accept this. In Gabon as elsewhere, France is a neutral interlocutor who speaks to everyone and whose role is not to interfere in domestic political exchanges,&#8221; he added.<\/p>\n\n<p>Addressing the issue of supporting Gabonese President Ali Bongo Ondimba as he prepares to run for another term, Emmanuel Macron is very clear. &#8220;I have not come to invest anyone,&#8221; he said, insisting that his visit to Gabon is about his friendship and consideration &#8220;for a brotherly country and people.<\/p>\n\n<p>On the question of the French military presence in Africa, Mr Macron argued that it will now be a reorganisation and that it is &#8220;neither a withdrawal nor a disengagement&#8221;. However, it aims to &#8220;adapt a system&#8221;, redefining the needs of partner countries and offering &#8220;more cooperation and training&#8221;.<\/p>\n\n<p>France is a co-organiser of the <strong><a href=\"https:\/\/www.afro-impact.com\/en\/the-one-forest-summit-brings-together-several-stakeholders-in-gabon-to-discuss-ecosystem-protection\/\" target=\"_blank\" rel=\"noreferrer noopener\">One Forest Summi<\/a><\/strong>t which ends today, Thursday 2 March 2023 in Libreville, Gabon. The summit aims to protect ecosystems (primary forests, peatlands, mangroves, etc.) that are vital reserves of carbon and biodiversity in the context of climate change. To this end, the French president reiterated his ambition to &#8220;build a balanced partnership&#8221; and to &#8220;take up common causes&#8221; with the countries of the continent, for the climate and biodiversity. He said that &#8220;helping to preserve (forests) is absolutely crucial for the fight against global warming and for biodiversity&#8221;.<\/p>\n\n<p>It should be noted that the French President&#8217;s visit to Africa continues until 5 March. Emmanuel Macron is also due to visit Angola, Congo Brazzaville and the Democratic Republic of Congo (DRC).<\/p>\n","protected":false},"excerpt":{"rendered":"<p>French President Emmanuel Macron arrived in Gabon on Wednesday 1 March as part of a four-day visit to Central Africa where he will take part in the One Forest Summit on the protection of tropical forests in Libreville on Thursday. Addressing the French community in Gabon in Libreville, the French Head of State said that<\/p>\n","protected":false},"author":2,"featured_media":15366,"comment_status":"open","ping_status":"open","sticky":false,"template":"","format":"standard","meta":{"footnotes":""},"categories":[1476],"tags":[],"class_list":{"0":"post-15398","1":"post","2":"type-post","3":"status-publish","4":"format-standard","5":"has-post-thumbnail","7":"category-politics"},"yoast_head":"<!-- This site is optimized with the Yoast SEO Premium plugin v25.5 (Yoast SEO v25.5) - https:\/\/yoast.com\/wordpress\/plugins\/seo\/ -->\n<title>Emmanuel Macron in Gabon: &quot;The age of Fran\u00e7afrique is over - Afro impact<\/title>\n<meta name=\"description\" content=\"&quot;This age of Fran\u00e7afrique is well past and I sometimes have the feeling that mentalities are not evolving at the same pace as us when I read, I hear, I see that people still attribute to France intentions that it does not have, that it no longer has,&quot; he said before the French community.\" \/>\n<meta name=\"robots\" content=\"index, follow, max-snippet:-1, max-image-preview:large, max-video-preview:-1\" \/>\n<link rel=\"canonical\" href=\"https:\/\/www.afro-impact.com\/en\/emmanuel-macron-in-gabon-the-age-of-francafrique-is-over\/\" \/>\n<meta property=\"og:locale\" content=\"en_US\" \/>\n<meta property=\"og:type\" content=\"article\" \/>\n<meta property=\"og:title\" content=\"Emmanuel Macron in Gabon: &quot;The age of Fran\u00e7afrique is over - Afro impact\" \/>\n<meta property=\"og:description\" content=\"&quot;This age of Fran\u00e7afrique is well past and I sometimes have the feeling that mentalities are not evolving at the same pace as us when I read, I hear, I see that people still attribute to France intentions that it does not have, that it no longer has,&quot; he said before the French community.\" \/>\n<meta property=\"og:url\" content=\"https:\/\/www.afro-impact.com\/en\/emmanuel-macron-in-gabon-the-age-of-francafrique-is-over\/\" \/>\n<meta property=\"og:site_name\" content=\"Afro impact\" \/>\n<meta property=\"article:publisher\" content=\"https:\/\/www.facebook.com\/AfroimpactMag\" \/>\n<meta property=\"article:author\" content=\"https:\/\/facebook.com\/profile.php?id=100075035589093\" \/>\n<meta property=\"article:published_time\" content=\"2023-03-02T16:03:56+00:00\" \/>\n<meta property=\"article:modified_time\" content=\"2023-06-19T08:57:24+00:00\" \/>\n<meta property=\"og:image\" content=\"https:\/\/www.afro-impact.com\/wp-content\/uploads\/2023\/03\/Emmanuel-Macron-au-Gabon-avec-Ali-Bongo-odimba.jpg\" \/>\n\t<meta property=\"og:image:width\" content=\"2048\" \/>\n\t<meta property=\"og:image:height\" content=\"1152\" \/>\n\t<meta property=\"og:image:type\" content=\"image\/jpeg\" \/>\n<meta name=\"author\" content=\"Eliane Fatchina\" \/>\n<meta name=\"twitter:card\" content=\"summary_large_image\" \/>\n<meta name=\"twitter:creator\" content=\"@AfroimpactMag\" \/>\n<meta name=\"twitter:site\" content=\"@AfroimpactMag\" \/>\n<meta name=\"twitter:label1\" content=\"Written by\" \/>\n\t<meta name=\"twitter:data1\" content=\"Eliane Fatchina\" \/>\n\t<meta name=\"twitter:label2\" content=\"Est. reading time\" \/>\n\t<meta name=\"twitter:data2\" content=\"2 minutes\" \/>\n<script type=\"application\/ld+json\" class=\"yoast-schema-graph\">{\"@context\":\"https:\/\/schema.org\",\"@graph\":[{\"@type\":\"NewsArticle\",\"@id\":\"https:\/\/www.afro-impact.com\/en\/emmanuel-macron-in-gabon-the-age-of-francafrique-is-over\/#article\",\"isPartOf\":{\"@id\":\"https:\/\/www.afro-impact.com\/en\/emmanuel-macron-in-gabon-the-age-of-francafrique-is-over\/\"},\"author\":{\"name\":\"Eliane Fatchina\",\"@id\":\"https:\/\/www.afro-impact.com\/#\/schema\/person\/5c48f58a7d0cc36b8d96110a4feedf77\"},\"headline\":\"Emmanuel Macron in Gabon: &#8220;The age of Fran\u00e7afrique is over\",\"datePublished\":\"2023-03-02T16:03:56+00:00\",\"dateModified\":\"2023-06-19T08:57:24+00:00\",\"mainEntityOfPage\":{\"@id\":\"https:\/\/www.afro-impact.com\/en\/emmanuel-macron-in-gabon-the-age-of-francafrique-is-over\/\"},\"wordCount\":423,\"commentCount\":0,\"publisher\":{\"@id\":\"https:\/\/www.afro-impact.com\/#organization\"},\"image\":{\"@id\":\"https:\/\/www.afro-impact.com\/en\/emmanuel-macron-in-gabon-the-age-of-francafrique-is-over\/#primaryimage\"},\"thumbnailUrl\":\"https:\/\/www.afro-impact.com\/wp-content\/uploads\/2023\/03\/Emmanuel-Macron-au-Gabon-avec-Ali-Bongo-odimba.jpg\",\"articleSection\":[\"Politics\"],\"inLanguage\":\"en-US\",\"potentialAction\":[{\"@type\":\"CommentAction\",\"name\":\"Comment\",\"target\":[\"https:\/\/www.afro-impact.com\/en\/emmanuel-macron-in-gabon-the-age-of-francafrique-is-over\/#respond\"]}],\"copyrightYear\":\"2023\",\"copyrightHolder\":{\"@id\":\"https:\/\/www.afro-impact.com\/#organization\"}},{\"@type\":\"WebPage\",\"@id\":\"https:\/\/www.afro-impact.com\/en\/emmanuel-macron-in-gabon-the-age-of-francafrique-is-over\/\",\"url\":\"https:\/\/www.afro-impact.com\/en\/emmanuel-macron-in-gabon-the-age-of-francafrique-is-over\/\",\"name\":\"Emmanuel Macron in Gabon: \\\"The age of Fran\u00e7afrique is over - Afro impact\",\"isPartOf\":{\"@id\":\"https:\/\/www.afro-impact.com\/#website\"},\"primaryImageOfPage\":{\"@id\":\"https:\/\/www.afro-impact.com\/en\/emmanuel-macron-in-gabon-the-age-of-francafrique-is-over\/#primaryimage\"},\"image\":{\"@id\":\"https:\/\/www.afro-impact.com\/en\/emmanuel-macron-in-gabon-the-age-of-francafrique-is-over\/#primaryimage\"},\"thumbnailUrl\":\"https:\/\/www.afro-impact.com\/wp-content\/uploads\/2023\/03\/Emmanuel-Macron-au-Gabon-avec-Ali-Bongo-odimba.jpg\",\"datePublished\":\"2023-03-02T16:03:56+00:00\",\"dateModified\":\"2023-06-19T08:57:24+00:00\",\"description\":\"\\\"This age of Fran\u00e7afrique is well past and I sometimes have the feeling that mentalities are not evolving at the same pace as us when I read, I hear, I see that people still attribute to France intentions that it does not have, that it no longer has,\\\" he said before the French community.\",\"breadcrumb\":{\"@id\":\"https:\/\/www.afro-impact.com\/en\/emmanuel-macron-in-gabon-the-age-of-francafrique-is-over\/#breadcrumb\"},\"inLanguage\":\"en-US\",\"potentialAction\":[{\"@type\":\"ReadAction\",\"target\":[\"https:\/\/www.afro-impact.com\/en\/emmanuel-macron-in-gabon-the-age-of-francafrique-is-over\/\"]}]},{\"@type\":\"ImageObject\",\"inLanguage\":\"en-US\",\"@id\":\"https:\/\/www.afro-impact.com\/en\/emmanuel-macron-in-gabon-the-age-of-francafrique-is-over\/#primaryimage\",\"url\":\"https:\/\/www.afro-impact.com\/wp-content\/uploads\/2023\/03\/Emmanuel-Macron-au-Gabon-avec-Ali-Bongo-odimba.jpg\",\"contentUrl\":\"https:\/\/www.afro-impact.com\/wp-content\/uploads\/2023\/03\/Emmanuel-Macron-au-Gabon-avec-Ali-Bongo-odimba.jpg\",\"width\":2048,\"height\":1152,\"caption\":\"French President Emmanuel Macron (L) with his Gabonese counterpart Ali Bongo Odimba at the presidential palace in Gabon on 1 March 2023\"},{\"@type\":\"BreadcrumbList\",\"@id\":\"https:\/\/www.afro-impact.com\/en\/emmanuel-macron-in-gabon-the-age-of-francafrique-is-over\/#breadcrumb\",\"itemListElement\":[{\"@type\":\"ListItem\",\"position\":1,\"name\":\"News\",\"item\":\"https:\/\/www.afro-impact.com\/\"},{\"@type\":\"ListItem\",\"position\":2,\"name\":\"Politique\",\"item\":\"https:\/\/www.afro-impact.com\/politique\/\"},{\"@type\":\"ListItem\",\"position\":3,\"name\":\"Emmanuel Macron in Gabon: &#8220;The age of Fran\u00e7afrique is over\"}]},{\"@type\":\"WebSite\",\"@id\":\"https:\/\/www.afro-impact.com\/#website\",\"url\":\"https:\/\/www.afro-impact.com\/\",\"name\":\"Afro impact\",\"description\":\"L&#039;Afrique vu autrement\",\"publisher\":{\"@id\":\"https:\/\/www.afro-impact.com\/#organization\"},\"potentialAction\":[{\"@type\":\"SearchAction\",\"target\":{\"@type\":\"EntryPoint\",\"urlTemplate\":\"https:\/\/www.afro-impact.com\/?s={search_term_string}\"},\"query-input\":{\"@type\":\"PropertyValueSpecification\",\"valueRequired\":true,\"valueName\":\"search_term_string\"}}],\"inLanguage\":\"en-US\"},{\"@type\":[\"Organization\",\"Place\"],\"@id\":\"https:\/\/www.afro-impact.com\/#organization\",\"name\":\"Afro impact\",\"alternateName\":\"carrecube\",\"url\":\"https:\/\/www.afro-impact.com\/\",\"logo\":{\"@id\":\"https:\/\/www.afro-impact.com\/en\/emmanuel-macron-in-gabon-the-age-of-francafrique-is-over\/#local-main-organization-logo\"},\"image\":{\"@id\":\"https:\/\/www.afro-impact.com\/en\/emmanuel-macron-in-gabon-the-age-of-francafrique-is-over\/#local-main-organization-logo\"},\"sameAs\":[\"https:\/\/www.facebook.com\/AfroimpactMag\",\"https:\/\/x.com\/AfroimpactMag\",\"https:\/\/www.youtube.com\/channel\/UCJNIRcX4sVo487fhv0p5KDw\"],\"publishingPrinciples\":\"https:\/\/www.afro-impact.com\/a-propos-magazine-afro-impact\/\",\"ownershipFundingInfo\":\"https:\/\/www.afro-impact.com\/mentions-legales\/\",\"actionableFeedbackPolicy\":\"https:\/\/www.afro-impact.com\/conditions-generales\/\",\"correctionsPolicy\":\"https:\/\/www.afro-impact.com\/dmca-retrait\/\",\"address\":{\"@id\":\"https:\/\/www.afro-impact.com\/en\/emmanuel-macron-in-gabon-the-age-of-francafrique-is-over\/#local-main-place-address\"},\"geo\":{\"@type\":\"GeoCoordinates\",\"latitude\":\"6.389282121878214\",\"longitude\":\"2.3602318590634495\"},\"telephone\":[\"+229 54900806\"],\"openingHoursSpecification\":[{\"@type\":\"OpeningHoursSpecification\",\"dayOfWeek\":[\"Monday\",\"Tuesday\",\"Wednesday\",\"Thursday\",\"Friday\",\"Saturday\",\"Sunday\"],\"opens\":\"00:00\",\"closes\":\"23:59\"}],\"email\":\"redaction@afro-impact.com\",\"vatID\":\"0 2022 1395 5557\"},{\"@type\":\"Person\",\"@id\":\"https:\/\/www.afro-impact.com\/#\/schema\/person\/5c48f58a7d0cc36b8d96110a4feedf77\",\"name\":\"Eliane Fatchina\",\"image\":{\"@type\":\"ImageObject\",\"inLanguage\":\"en-US\",\"@id\":\"https:\/\/www.afro-impact.com\/#\/schema\/person\/image\/\",\"url\":\"https:\/\/www.afro-impact.com\/wp-content\/litespeed\/avatar\/5f9f737261a53c0e086b34b0464cb9e1.jpg?ver=1777018517\",\"contentUrl\":\"https:\/\/www.afro-impact.com\/wp-content\/litespeed\/avatar\/5f9f737261a53c0e086b34b0464cb9e1.jpg?ver=1777018517\",\"caption\":\"Eliane Fatchina\"},\"description\":\"Eliane Yabo Omonlayo Fatchina est une journaliste reporter \u00e0 Afro impact. Titulaire d\u2019une licence professionnelle en journalisme \u00e0 l\u2019ENSTIC du B\u00e9nin, elle est une panafricaniste passionn\u00e9e de culture, des questions de soci\u00e9t\u00e9 et d\u2019environnement. Avec d\u00e9j\u00e0 sept ans d\u2019exp\u00e9riences, elle s\u2019emploie quotidiennement \u00e0 donner de la voix aux id\u00e9es \u00e0 travers l\u2019\u00e9criture.\",\"sameAs\":[\"https:\/\/facebook.com\/profile.php?id=100075035589093\"],\"url\":\"https:\/\/www.afro-impact.com\/en\/author\/omonlayo\/\"},{\"@type\":\"PostalAddress\",\"@id\":\"https:\/\/www.afro-impact.com\/en\/emmanuel-macron-in-gabon-the-age-of-francafrique-is-over\/#local-main-place-address\",\"streetAddress\":\"Carr\u00e9 2167 Kindonou, Cotonou, BENIN, 07 BP 1128 Cotonou, BENIN\",\"addressLocality\":\"Cotonou\",\"postalCode\":\"+229\",\"addressRegion\":\"Littoral\",\"addressCountry\":\"BJ\"},{\"@type\":\"ImageObject\",\"inLanguage\":\"en-US\",\"@id\":\"https:\/\/www.afro-impact.com\/en\/emmanuel-macron-in-gabon-the-age-of-francafrique-is-over\/#local-main-organization-logo\",\"url\":\"https:\/\/www.afro-impact.com\/wp-content\/uploads\/2022\/01\/logo-afro-impact-share-social.png\",\"contentUrl\":\"https:\/\/www.afro-impact.com\/wp-content\/uploads\/2022\/01\/logo-afro-impact-share-social.png\",\"width\":300,\"height\":300,\"caption\":\"Afro impact\"}]}<\/script>\n<meta name=\"geo.placename\" content=\"Cotonou\" \/>\n<meta name=\"geo.position\" content=\"6.389282121878214;2.3602318590634495\" \/>\n<meta name=\"geo.region\" content=\"Benin\" \/>\n<!-- \/ Yoast SEO Premium plugin. -->","yoast_head_json":{"title":"Emmanuel Macron in Gabon: \"The age of Fran\u00e7afrique is over - Afro impact","description":"\"This age of Fran\u00e7afrique is well past and I sometimes have the feeling that mentalities are not evolving at the same pace as us when I read, I hear, I see that people still attribute to France intentions that it does not have, that it no longer has,\" he said before the French community.","robots":{"index":"index","follow":"follow","max-snippet":"max-snippet:-1","max-image-preview":"max-image-preview:large","max-video-preview":"max-video-preview:-1"},"canonical":"https:\/\/www.afro-impact.com\/en\/emmanuel-macron-in-gabon-the-age-of-francafrique-is-over\/","og_locale":"en_US","og_type":"article","og_title":"Emmanuel Macron in Gabon: \"The age of Fran\u00e7afrique is over - Afro impact","og_description":"\"This age of Fran\u00e7afrique is well past and I sometimes have the feeling that mentalities are not evolving at the same pace as us when I read, I hear, I see that people still attribute to France intentions that it does not have, that it no longer has,\" he said before the French community.","og_url":"https:\/\/www.afro-impact.com\/en\/emmanuel-macron-in-gabon-the-age-of-francafrique-is-over\/","og_site_name":"Afro impact","article_publisher":"https:\/\/www.facebook.com\/AfroimpactMag","article_author":"https:\/\/facebook.com\/profile.php?id=100075035589093","article_published_time":"2023-03-02T16:03:56+00:00","article_modified_time":"2023-06-19T08:57:24+00:00","og_image":[{"width":2048,"height":1152,"url":"https:\/\/www.afro-impact.com\/wp-content\/uploads\/2023\/03\/Emmanuel-Macron-au-Gabon-avec-Ali-Bongo-odimba.jpg","type":"image\/jpeg"}],"author":"Eliane Fatchina","twitter_card":"summary_large_image","twitter_creator":"@AfroimpactMag","twitter_site":"@AfroimpactMag","twitter_misc":{"Written by":"Eliane Fatchina","Est. reading time":"2 minutes"},"schema":{"@context":"https:\/\/schema.org","@graph":[{"@type":"NewsArticle","@id":"https:\/\/www.afro-impact.com\/en\/emmanuel-macron-in-gabon-the-age-of-francafrique-is-over\/#article","isPartOf":{"@id":"https:\/\/www.afro-impact.com\/en\/emmanuel-macron-in-gabon-the-age-of-francafrique-is-over\/"},"author":{"name":"Eliane Fatchina","@id":"https:\/\/www.afro-impact.com\/#\/schema\/person\/5c48f58a7d0cc36b8d96110a4feedf77"},"headline":"Emmanuel Macron in Gabon: &#8220;The age of Fran\u00e7afrique is over","datePublished":"2023-03-02T16:03:56+00:00","dateModified":"2023-06-19T08:57:24+00:00","mainEntityOfPage":{"@id":"https:\/\/www.afro-impact.com\/en\/emmanuel-macron-in-gabon-the-age-of-francafrique-is-over\/"},"wordCount":423,"commentCount":0,"publisher":{"@id":"https:\/\/www.afro-impact.com\/#organization"},"image":{"@id":"https:\/\/www.afro-impact.com\/en\/emmanuel-macron-in-gabon-the-age-of-francafrique-is-over\/#primaryimage"},"thumbnailUrl":"https:\/\/www.afro-impact.com\/wp-content\/uploads\/2023\/03\/Emmanuel-Macron-au-Gabon-avec-Ali-Bongo-odimba.jpg","articleSection":["Politics"],"inLanguage":"en-US","potentialAction":[{"@type":"CommentAction","name":"Comment","target":["https:\/\/www.afro-impact.com\/en\/emmanuel-macron-in-gabon-the-age-of-francafrique-is-over\/#respond"]}],"copyrightYear":"2023","copyrightHolder":{"@id":"https:\/\/www.afro-impact.com\/#organization"}},{"@type":"WebPage","@id":"https:\/\/www.afro-impact.com\/en\/emmanuel-macron-in-gabon-the-age-of-francafrique-is-over\/","url":"https:\/\/www.afro-impact.com\/en\/emmanuel-macron-in-gabon-the-age-of-francafrique-is-over\/","name":"Emmanuel Macron in Gabon: \"The age of Fran\u00e7afrique is over - Afro impact","isPartOf":{"@id":"https:\/\/www.afro-impact.com\/#website"},"primaryImageOfPage":{"@id":"https:\/\/www.afro-impact.com\/en\/emmanuel-macron-in-gabon-the-age-of-francafrique-is-over\/#primaryimage"},"image":{"@id":"https:\/\/www.afro-impact.com\/en\/emmanuel-macron-in-gabon-the-age-of-francafrique-is-over\/#primaryimage"},"thumbnailUrl":"https:\/\/www.afro-impact.com\/wp-content\/uploads\/2023\/03\/Emmanuel-Macron-au-Gabon-avec-Ali-Bongo-odimba.jpg","datePublished":"2023-03-02T16:03:56+00:00","dateModified":"2023-06-19T08:57:24+00:00","description":"\"This age of Fran\u00e7afrique is well past and I sometimes have the feeling that mentalities are not evolving at the same pace as us when I read, I hear, I see that people still attribute to France intentions that it does not have, that it no longer has,\" he said before the French community.","breadcrumb":{"@id":"https:\/\/www.afro-impact.com\/en\/emmanuel-macron-in-gabon-the-age-of-francafrique-is-over\/#breadcrumb"},"inLanguage":"en-US","potentialAction":[{"@type":"ReadAction","target":["https:\/\/www.afro-impact.com\/en\/emmanuel-macron-in-gabon-the-age-of-francafrique-is-over\/"]}]},{"@type":"ImageObject","inLanguage":"en-US","@id":"https:\/\/www.afro-impact.com\/en\/emmanuel-macron-in-gabon-the-age-of-francafrique-is-over\/#primaryimage","url":"https:\/\/www.afro-impact.com\/wp-content\/uploads\/2023\/03\/Emmanuel-Macron-au-Gabon-avec-Ali-Bongo-odimba.jpg","contentUrl":"https:\/\/www.afro-impact.com\/wp-content\/uploads\/2023\/03\/Emmanuel-Macron-au-Gabon-avec-Ali-Bongo-odimba.jpg","width":2048,"height":1152,"caption":"French President Emmanuel Macron (L) with his Gabonese counterpart Ali Bongo Odimba at the presidential palace in Gabon on 1 March 2023"},{"@type":"BreadcrumbList","@id":"https:\/\/www.afro-impact.com\/en\/emmanuel-macron-in-gabon-the-age-of-francafrique-is-over\/#breadcrumb","itemListElement":[{"@type":"ListItem","position":1,"name":"News","item":"https:\/\/www.afro-impact.com\/"},{"@type":"ListItem","position":2,"name":"Politique","item":"https:\/\/www.afro-impact.com\/politique\/"},{"@type":"ListItem","position":3,"name":"Emmanuel Macron in Gabon: &#8220;The age of Fran\u00e7afrique is over"}]},{"@type":"WebSite","@id":"https:\/\/www.afro-impact.com\/#website","url":"https:\/\/www.afro-impact.com\/","name":"Afro impact","description":"L&#039;Afrique vu autrement","publisher":{"@id":"https:\/\/www.afro-impact.com\/#organization"},"potentialAction":[{"@type":"SearchAction","target":{"@type":"EntryPoint","urlTemplate":"https:\/\/www.afro-impact.com\/?s={search_term_string}"},"query-input":{"@type":"PropertyValueSpecification","valueRequired":true,"valueName":"search_term_string"}}],"inLanguage":"en-US"},{"@type":["Organization","Place"],"@id":"https:\/\/www.afro-impact.com\/#organization","name":"Afro impact","alternateName":"carrecube","url":"https:\/\/www.afro-impact.com\/","logo":{"@id":"https:\/\/www.afro-impact.com\/en\/emmanuel-macron-in-gabon-the-age-of-francafrique-is-over\/#local-main-organization-logo"},"image":{"@id":"https:\/\/www.afro-impact.com\/en\/emmanuel-macron-in-gabon-the-age-of-francafrique-is-over\/#local-main-organization-logo"},"sameAs":["https:\/\/www.facebook.com\/AfroimpactMag","https:\/\/x.com\/AfroimpactMag","https:\/\/www.youtube.com\/channel\/UCJNIRcX4sVo487fhv0p5KDw"],"publishingPrinciples":"https:\/\/www.afro-impact.com\/a-propos-magazine-afro-impact\/","ownershipFundingInfo":"https:\/\/www.afro-impact.com\/mentions-legales\/","actionableFeedbackPolicy":"https:\/\/www.afro-impact.com\/conditions-generales\/","correctionsPolicy":"https:\/\/www.afro-impact.com\/dmca-retrait\/","address":{"@id":"https:\/\/www.afro-impact.com\/en\/emmanuel-macron-in-gabon-the-age-of-francafrique-is-over\/#local-main-place-address"},"geo":{"@type":"GeoCoordinates","latitude":"6.389282121878214","longitude":"2.3602318590634495"},"telephone":["+229 54900806"],"openingHoursSpecification":[{"@type":"OpeningHoursSpecification","dayOfWeek":["Monday","Tuesday","Wednesday","Thursday","Friday","Saturday","Sunday"],"opens":"00:00","closes":"23:59"}],"email":"redaction@afro-impact.com","vatID":"0 2022 1395 5557"},{"@type":"Person","@id":"https:\/\/www.afro-impact.com\/#\/schema\/person\/5c48f58a7d0cc36b8d96110a4feedf77","name":"Eliane Fatchina","image":{"@type":"ImageObject","inLanguage":"en-US","@id":"https:\/\/www.afro-impact.com\/#\/schema\/person\/image\/","url":"https:\/\/www.afro-impact.com\/wp-content\/litespeed\/avatar\/5f9f737261a53c0e086b34b0464cb9e1.jpg?ver=1777018517","contentUrl":"https:\/\/www.afro-impact.com\/wp-content\/litespeed\/avatar\/5f9f737261a53c0e086b34b0464cb9e1.jpg?ver=1777018517","caption":"Eliane Fatchina"},"description":"Eliane Yabo Omonlayo Fatchina est une journaliste reporter \u00e0 Afro impact. Titulaire d\u2019une licence professionnelle en journalisme \u00e0 l\u2019ENSTIC du B\u00e9nin, elle est une panafricaniste passionn\u00e9e de culture, des questions de soci\u00e9t\u00e9 et d\u2019environnement. Avec d\u00e9j\u00e0 sept ans d\u2019exp\u00e9riences, elle s\u2019emploie quotidiennement \u00e0 donner de la voix aux id\u00e9es \u00e0 travers l\u2019\u00e9criture.","sameAs":["https:\/\/facebook.com\/profile.php?id=100075035589093"],"url":"https:\/\/www.afro-impact.com\/en\/author\/omonlayo\/"},{"@type":"PostalAddress","@id":"https:\/\/www.afro-impact.com\/en\/emmanuel-macron-in-gabon-the-age-of-francafrique-is-over\/#local-main-place-address","streetAddress":"Carr\u00e9 2167 Kindonou, Cotonou, BENIN, 07 BP 1128 Cotonou, BENIN","addressLocality":"Cotonou","postalCode":"+229","addressRegion":"Littoral","addressCountry":"BJ"},{"@type":"ImageObject","inLanguage":"en-US","@id":"https:\/\/www.afro-impact.com\/en\/emmanuel-macron-in-gabon-the-age-of-francafrique-is-over\/#local-main-organization-logo","url":"https:\/\/www.afro-impact.com\/wp-content\/uploads\/2022\/01\/logo-afro-impact-share-social.png","contentUrl":"https:\/\/www.afro-impact.com\/wp-content\/uploads\/2022\/01\/logo-afro-impact-share-social.png","width":300,"height":300,"caption":"Afro impact"}]},"geo.placename":"Cotonou","geo.position":{"lat":"6.389282121878214","long":"2.3602318590634495"},"geo.region":"Benin"},"_links":{"self":[{"href":"https:\/\/www.afro-impact.com\/en\/wp-json\/wp\/v2\/posts\/15398","targetHints":{"allow":["GET"]}}],"collection":[{"href":"https:\/\/www.afro-impact.com\/en\/wp-json\/wp\/v2\/posts"}],"about":[{"href":"https:\/\/www.afro-impact.com\/en\/wp-json\/wp\/v2\/types\/post"}],"author":[{"embeddable":true,"href":"https:\/\/www.afro-impact.com\/en\/wp-json\/wp\/v2\/users\/2"}],"replies":[{"embeddable":true,"href":"https:\/\/www.afro-impact.com\/en\/wp-json\/wp\/v2\/comments?post=15398"}],"version-history":[{"count":0,"href":"https:\/\/www.afro-impact.com\/en\/wp-json\/wp\/v2\/posts\/15398\/revisions"}],"wp:featuredmedia":[{"embeddable":true,"href":"https:\/\/www.afro-impact.com\/en\/wp-json\/wp\/v2\/media\/15366"}],"wp:attachment":[{"href":"https:\/\/www.afro-impact.com\/en\/wp-json\/wp\/v2\/media?parent=15398"}],"wp:term":[{"taxonomy":"category","embeddable":true,"href":"https:\/\/www.afro-impact.com\/en\/wp-json\/wp\/v2\/categories?post=15398"},{"taxonomy":"post_tag","embeddable":true,"href":"https:\/\/www.afro-impact.com\/en\/wp-json\/wp\/v2\/tags?post=15398"}],"curies":[{"name":"wp","href":"https:\/\/api.w.org\/{rel}","templated":true}]}}