{"id":15453,"date":"2023-03-03T22:18:17","date_gmt":"2023-03-03T21:18:17","guid":{"rendered":"https:\/\/www.afro-impact.com\/sub-saharan-migrants-in-tunisia-african-governments-repatriate-their-nationals\/"},"modified":"2023-06-19T09:46:54","modified_gmt":"2023-06-19T08:46:54","slug":"sub-saharan-migrants-in-tunisia-african-governments-repatriate-their-nationals","status":"publish","type":"post","link":"https:\/\/www.afro-impact.com\/en\/sub-saharan-migrants-in-tunisia-african-governments-repatriate-their-nationals\/","title":{"rendered":"<strong> Sub-Saharan migrants in Tunisia: African governments repatriate their nationals<\/strong>"},"content":{"rendered":"\n<p><strong>In the aftermath of the Tunisian president&#8217;s speech, which was deemed racist against sub-Saharan migrants, several African capitals rushed to the aid of their nationals who had now been attacked in Tunisia with a view to their repatriation.<\/strong><\/p>\n\n<p>This is the case of the authorities in Conakry who welcomed, on Wednesday 1 March, some 49 Guinean compatriots who decided to leave Tunisia after statements by Tunisian President Ka\u00efs Sa\u00efed deemed &#8220;hostile&#8221; to the presence of sub-Saharan nationals. This is the first repatriation flight to Guinea. And an air bridge between Conakry and Tunis has been set up by the Guinean authorities for the return of other volunteers.<\/p>\n\n<p>&#8220;We are setting up an airlift. That was the first convo and there will be more convoys until all Guineans come home. We have applied exactly the doctrine of the Head of State: a Guinean abroad is equal to all the people of Guinea,&#8221; said Foreign Minister Morissanda Kouyate who made the trip with the returnees.<\/p>\n\n<p>In addition, in Abidjan, the Council of Ministers on Wednesday 1 March 2023, decided on an operation to repatriate 500 Ivorians currently living in Tunisia. In addition, in Abidjan, the Council of Ministers on Wednesday 1 March 2023, decided on an operation to repatriate 500 Ivorians currently living in Tunisia. Thus, out of a total of 725 Ivorians registered by the Ivory Coast embassy in Tunisia, 500 have indicated their desire to return home. Air Ivory Coast has been commissioned to carry out these returns, and the first plane is scheduled to depart in the early hours of Saturday 4 March.<\/p>\n\n<p>In Bamako, the authorities have also chartered a plane to transport 150 Malian nationals. The plane will also leave Tunis early on Saturday. These are the first repatriation flights to Ivory Coast and Mali since the Tunisian president&#8217;s speech.<\/p>\n\n<p>These are the first repatriation flights to Ivory Coast and Mali since the Tunisian president&#8217;s speech.<\/p>\n","protected":false},"excerpt":{"rendered":"<p>In the aftermath of the Tunisian president&#8217;s speech, which was deemed racist against sub-Saharan migrants, several African capitals rushed to the aid of their nationals who had now been attacked in Tunisia with a view to their repatriation. This is the case of the authorities in Conakry who welcomed, on Wednesday 1 March, some 49<\/p>\n","protected":false},"author":2,"featured_media":15415,"comment_status":"open","ping_status":"open","sticky":false,"template":"","format":"standard","meta":{"footnotes":""},"categories":[348],"tags":[],"class_list":{"0":"post-15453","1":"post","2":"type-post","3":"status-publish","4":"format-standard","5":"has-post-thumbnail","7":"category-other-news"},"yoast_head":"<!-- This site is optimized with the Yoast SEO Premium plugin v25.5 (Yoast SEO v25.5) - https:\/\/yoast.com\/wordpress\/plugins\/seo\/ -->\n<title>Sub-Saharan migrants in Tunisia: African governments repatriate their nationals - Afro impact<\/title>\n<meta name=\"description\" content=\"In the aftermath of the Tunisian president&#039;s speech, which was deemed racist against sub-Saharan migrants, several African capitals rushed to the aid of their nationals who had now been attacked in Tunisia with a view to their repatriation.\" \/>\n<meta name=\"robots\" content=\"index, follow, max-snippet:-1, max-image-preview:large, max-video-preview:-1\" \/>\n<link rel=\"canonical\" href=\"https:\/\/www.afro-impact.com\/migrants-subsahariens-en-tunisie-des-gouvernements-africains-rapatrient-leurs-ressortissants\/\" \/>\n<meta property=\"og:locale\" content=\"en_US\" \/>\n<meta property=\"og:type\" content=\"article\" \/>\n<meta property=\"og:title\" content=\"Sub-Saharan migrants in Tunisia: African governments repatriate their nationals - Afro impact\" \/>\n<meta property=\"og:description\" content=\"In the aftermath of the Tunisian president&#039;s speech, which was deemed racist against sub-Saharan migrants, several African capitals rushed to the aid of their nationals who had now been attacked in Tunisia with a view to their repatriation.\" \/>\n<meta property=\"og:url\" content=\"https:\/\/www.afro-impact.com\/migrants-subsahariens-en-tunisie-des-gouvernements-africains-rapatrient-leurs-ressortissants\/\" \/>\n<meta property=\"og:site_name\" content=\"Afro impact\" \/>\n<meta property=\"article:publisher\" content=\"https:\/\/www.facebook.com\/AfroimpactMag\" \/>\n<meta property=\"article:author\" content=\"https:\/\/facebook.com\/profile.php?id=100075035589093\" \/>\n<meta property=\"article:published_time\" content=\"2023-03-03T21:18:17+00:00\" \/>\n<meta property=\"article:modified_time\" content=\"2023-06-19T08:46:54+00:00\" \/>\n<meta property=\"og:image\" content=\"https:\/\/www.afro-impact.com\/wp-content\/uploads\/2023\/03\/Tunisie-rapatriement-migrants-subsahariens-gouvernements-1024x683.jpg\" \/>\n<meta name=\"author\" content=\"Eliane Fatchina\" \/>\n<meta name=\"twitter:card\" content=\"summary_large_image\" \/>\n<meta name=\"twitter:creator\" content=\"@AfroimpactMag\" \/>\n<meta name=\"twitter:site\" content=\"@AfroimpactMag\" \/>\n<meta name=\"twitter:label1\" content=\"Written by\" \/>\n\t<meta name=\"twitter:data1\" content=\"Eliane Fatchina\" \/>\n\t<meta name=\"twitter:label2\" content=\"Est. reading time\" \/>\n\t<meta name=\"twitter:data2\" content=\"2 minutes\" \/>\n<script type=\"application\/ld+json\" class=\"yoast-schema-graph\">{\"@context\":\"https:\/\/schema.org\",\"@graph\":[{\"@type\":\"NewsArticle\",\"@id\":\"https:\/\/www.afro-impact.com\/migrants-subsahariens-en-tunisie-des-gouvernements-africains-rapatrient-leurs-ressortissants\/#article\",\"isPartOf\":{\"@id\":\"https:\/\/www.afro-impact.com\/migrants-subsahariens-en-tunisie-des-gouvernements-africains-rapatrient-leurs-ressortissants\/\"},\"author\":{\"name\":\"Eliane Fatchina\",\"@id\":\"https:\/\/www.afro-impact.com\/#\/schema\/person\/5c48f58a7d0cc36b8d96110a4feedf77\"},\"headline\":\"Sub-Saharan migrants in Tunisia: African governments repatriate their nationals\",\"datePublished\":\"2023-03-03T21:18:17+00:00\",\"dateModified\":\"2023-06-19T08:46:54+00:00\",\"mainEntityOfPage\":{\"@id\":\"https:\/\/www.afro-impact.com\/migrants-subsahariens-en-tunisie-des-gouvernements-africains-rapatrient-leurs-ressortissants\/\"},\"wordCount\":321,\"commentCount\":0,\"publisher\":{\"@id\":\"https:\/\/www.afro-impact.com\/#organization\"},\"image\":{\"@id\":\"https:\/\/www.afro-impact.com\/migrants-subsahariens-en-tunisie-des-gouvernements-africains-rapatrient-leurs-ressortissants\/#primaryimage\"},\"thumbnailUrl\":\"https:\/\/www.afro-impact.com\/wp-content\/uploads\/2023\/03\/Tunisie-rapatriement-migrants-subsahariens-gouvernements.jpg\",\"articleSection\":[\"Other\"],\"inLanguage\":\"en-US\",\"potentialAction\":[{\"@type\":\"CommentAction\",\"name\":\"Comment\",\"target\":[\"https:\/\/www.afro-impact.com\/migrants-subsahariens-en-tunisie-des-gouvernements-africains-rapatrient-leurs-ressortissants\/#respond\"]}],\"copyrightYear\":\"2023\",\"copyrightHolder\":{\"@id\":\"https:\/\/www.afro-impact.com\/#organization\"}},{\"@type\":\"WebPage\",\"@id\":\"https:\/\/www.afro-impact.com\/migrants-subsahariens-en-tunisie-des-gouvernements-africains-rapatrient-leurs-ressortissants\/\",\"url\":\"https:\/\/www.afro-impact.com\/migrants-subsahariens-en-tunisie-des-gouvernements-africains-rapatrient-leurs-ressortissants\/\",\"name\":\"Sub-Saharan migrants in Tunisia: African governments repatriate their nationals - Afro impact\",\"isPartOf\":{\"@id\":\"https:\/\/www.afro-impact.com\/#website\"},\"primaryImageOfPage\":{\"@id\":\"https:\/\/www.afro-impact.com\/migrants-subsahariens-en-tunisie-des-gouvernements-africains-rapatrient-leurs-ressortissants\/#primaryimage\"},\"image\":{\"@id\":\"https:\/\/www.afro-impact.com\/migrants-subsahariens-en-tunisie-des-gouvernements-africains-rapatrient-leurs-ressortissants\/#primaryimage\"},\"thumbnailUrl\":\"https:\/\/www.afro-impact.com\/wp-content\/uploads\/2023\/03\/Tunisie-rapatriement-migrants-subsahariens-gouvernements.jpg\",\"datePublished\":\"2023-03-03T21:18:17+00:00\",\"dateModified\":\"2023-06-19T08:46:54+00:00\",\"description\":\"In the aftermath of the Tunisian president's speech, which was deemed racist against sub-Saharan migrants, several African capitals rushed to the aid of their nationals who had now been attacked in Tunisia with a view to their repatriation.\",\"breadcrumb\":{\"@id\":\"https:\/\/www.afro-impact.com\/migrants-subsahariens-en-tunisie-des-gouvernements-africains-rapatrient-leurs-ressortissants\/#breadcrumb\"},\"inLanguage\":\"en-US\",\"potentialAction\":[{\"@type\":\"ReadAction\",\"target\":[\"https:\/\/www.afro-impact.com\/migrants-subsahariens-en-tunisie-des-gouvernements-africains-rapatrient-leurs-ressortissants\/\"]}]},{\"@type\":\"ImageObject\",\"inLanguage\":\"en-US\",\"@id\":\"https:\/\/www.afro-impact.com\/migrants-subsahariens-en-tunisie-des-gouvernements-africains-rapatrient-leurs-ressortissants\/#primaryimage\",\"url\":\"https:\/\/www.afro-impact.com\/wp-content\/uploads\/2023\/03\/Tunisie-rapatriement-migrants-subsahariens-gouvernements.jpg\",\"contentUrl\":\"https:\/\/www.afro-impact.com\/wp-content\/uploads\/2023\/03\/Tunisie-rapatriement-migrants-subsahariens-gouvernements.jpg\",\"width\":1200,\"height\":800,\"caption\":\"Archive of African migrants crossing the Egyptian border in Sallum in 2011. Source photo: studiotamani\"},{\"@type\":\"BreadcrumbList\",\"@id\":\"https:\/\/www.afro-impact.com\/migrants-subsahariens-en-tunisie-des-gouvernements-africains-rapatrient-leurs-ressortissants\/#breadcrumb\",\"itemListElement\":[{\"@type\":\"ListItem\",\"position\":1,\"name\":\"News\",\"item\":\"https:\/\/www.afro-impact.com\/\"},{\"@type\":\"ListItem\",\"position\":2,\"name\":\"Autres\",\"item\":\"https:\/\/www.afro-impact.com\/autres-infos\/\"},{\"@type\":\"ListItem\",\"position\":3,\"name\":\"Sub-Saharan migrants in Tunisia: African governments repatriate their nationals\"}]},{\"@type\":\"WebSite\",\"@id\":\"https:\/\/www.afro-impact.com\/#website\",\"url\":\"https:\/\/www.afro-impact.com\/\",\"name\":\"Afro impact\",\"description\":\"L&#039;Afrique vu autrement\",\"publisher\":{\"@id\":\"https:\/\/www.afro-impact.com\/#organization\"},\"potentialAction\":[{\"@type\":\"SearchAction\",\"target\":{\"@type\":\"EntryPoint\",\"urlTemplate\":\"https:\/\/www.afro-impact.com\/?s={search_term_string}\"},\"query-input\":{\"@type\":\"PropertyValueSpecification\",\"valueRequired\":true,\"valueName\":\"search_term_string\"}}],\"inLanguage\":\"en-US\"},{\"@type\":[\"Organization\",\"Place\"],\"@id\":\"https:\/\/www.afro-impact.com\/#organization\",\"name\":\"Afro impact\",\"alternateName\":\"carrecube\",\"url\":\"https:\/\/www.afro-impact.com\/\",\"logo\":{\"@id\":\"https:\/\/www.afro-impact.com\/migrants-subsahariens-en-tunisie-des-gouvernements-africains-rapatrient-leurs-ressortissants\/#local-main-organization-logo\"},\"image\":{\"@id\":\"https:\/\/www.afro-impact.com\/migrants-subsahariens-en-tunisie-des-gouvernements-africains-rapatrient-leurs-ressortissants\/#local-main-organization-logo\"},\"sameAs\":[\"https:\/\/www.facebook.com\/AfroimpactMag\",\"https:\/\/x.com\/AfroimpactMag\",\"https:\/\/www.youtube.com\/channel\/UCJNIRcX4sVo487fhv0p5KDw\"],\"publishingPrinciples\":\"https:\/\/www.afro-impact.com\/a-propos-magazine-afro-impact\/\",\"ownershipFundingInfo\":\"https:\/\/www.afro-impact.com\/mentions-legales\/\",\"actionableFeedbackPolicy\":\"https:\/\/www.afro-impact.com\/conditions-generales\/\",\"correctionsPolicy\":\"https:\/\/www.afro-impact.com\/dmca-retrait\/\",\"address\":{\"@id\":\"https:\/\/www.afro-impact.com\/migrants-subsahariens-en-tunisie-des-gouvernements-africains-rapatrient-leurs-ressortissants\/#local-main-place-address\"},\"geo\":{\"@type\":\"GeoCoordinates\",\"latitude\":\"6.389282121878214\",\"longitude\":\"2.3602318590634495\"},\"telephone\":[\"+229 54900806\"],\"openingHoursSpecification\":[{\"@type\":\"OpeningHoursSpecification\",\"dayOfWeek\":[\"Monday\",\"Tuesday\",\"Wednesday\",\"Thursday\",\"Friday\",\"Saturday\",\"Sunday\"],\"opens\":\"00:00\",\"closes\":\"23:59\"}],\"email\":\"redaction@afro-impact.com\",\"vatID\":\"0 2022 1395 5557\"},{\"@type\":\"Person\",\"@id\":\"https:\/\/www.afro-impact.com\/#\/schema\/person\/5c48f58a7d0cc36b8d96110a4feedf77\",\"name\":\"Eliane Fatchina\",\"image\":{\"@type\":\"ImageObject\",\"inLanguage\":\"en-US\",\"@id\":\"https:\/\/www.afro-impact.com\/#\/schema\/person\/image\/\",\"url\":\"https:\/\/www.afro-impact.com\/wp-content\/litespeed\/avatar\/5f9f737261a53c0e086b34b0464cb9e1.jpg?ver=1777623498\",\"contentUrl\":\"https:\/\/www.afro-impact.com\/wp-content\/litespeed\/avatar\/5f9f737261a53c0e086b34b0464cb9e1.jpg?ver=1777623498\",\"caption\":\"Eliane Fatchina\"},\"description\":\"Eliane Yabo Omonlayo Fatchina est une journaliste reporter \u00e0 Afro impact. Titulaire d\u2019une licence professionnelle en journalisme \u00e0 l\u2019ENSTIC du B\u00e9nin, elle est une panafricaniste passionn\u00e9e de culture, des questions de soci\u00e9t\u00e9 et d\u2019environnement. Avec d\u00e9j\u00e0 sept ans d\u2019exp\u00e9riences, elle s\u2019emploie quotidiennement \u00e0 donner de la voix aux id\u00e9es \u00e0 travers l\u2019\u00e9criture.\",\"sameAs\":[\"https:\/\/facebook.com\/profile.php?id=100075035589093\"],\"url\":\"https:\/\/www.afro-impact.com\/en\/author\/omonlayo\/\"},{\"@type\":\"PostalAddress\",\"@id\":\"https:\/\/www.afro-impact.com\/migrants-subsahariens-en-tunisie-des-gouvernements-africains-rapatrient-leurs-ressortissants\/#local-main-place-address\",\"streetAddress\":\"Carr\u00e9 2167 Kindonou, Cotonou, BENIN, 07 BP 1128 Cotonou, BENIN\",\"addressLocality\":\"Cotonou\",\"postalCode\":\"+229\",\"addressRegion\":\"Littoral\",\"addressCountry\":\"BJ\"},{\"@type\":\"ImageObject\",\"inLanguage\":\"en-US\",\"@id\":\"https:\/\/www.afro-impact.com\/migrants-subsahariens-en-tunisie-des-gouvernements-africains-rapatrient-leurs-ressortissants\/#local-main-organization-logo\",\"url\":\"https:\/\/www.afro-impact.com\/wp-content\/uploads\/2022\/01\/logo-afro-impact-share-social.png\",\"contentUrl\":\"https:\/\/www.afro-impact.com\/wp-content\/uploads\/2022\/01\/logo-afro-impact-share-social.png\",\"width\":300,\"height\":300,\"caption\":\"Afro impact\"}]}<\/script>\n<meta name=\"geo.placename\" content=\"Cotonou\" \/>\n<meta name=\"geo.position\" content=\"6.389282121878214;2.3602318590634495\" \/>\n<meta name=\"geo.region\" content=\"Benin\" \/>\n<!-- \/ Yoast SEO Premium plugin. -->","yoast_head_json":{"title":"Sub-Saharan migrants in Tunisia: African governments repatriate their nationals - Afro impact","description":"In the aftermath of the Tunisian president's speech, which was deemed racist against sub-Saharan migrants, several African capitals rushed to the aid of their nationals who had now been attacked in Tunisia with a view to their repatriation.","robots":{"index":"index","follow":"follow","max-snippet":"max-snippet:-1","max-image-preview":"max-image-preview:large","max-video-preview":"max-video-preview:-1"},"canonical":"https:\/\/www.afro-impact.com\/migrants-subsahariens-en-tunisie-des-gouvernements-africains-rapatrient-leurs-ressortissants\/","og_locale":"en_US","og_type":"article","og_title":"Sub-Saharan migrants in Tunisia: African governments repatriate their nationals - Afro impact","og_description":"In the aftermath of the Tunisian president's speech, which was deemed racist against sub-Saharan migrants, several African capitals rushed to the aid of their nationals who had now been attacked in Tunisia with a view to their repatriation.","og_url":"https:\/\/www.afro-impact.com\/migrants-subsahariens-en-tunisie-des-gouvernements-africains-rapatrient-leurs-ressortissants\/","og_site_name":"Afro impact","article_publisher":"https:\/\/www.facebook.com\/AfroimpactMag","article_author":"https:\/\/facebook.com\/profile.php?id=100075035589093","article_published_time":"2023-03-03T21:18:17+00:00","article_modified_time":"2023-06-19T08:46:54+00:00","og_image":[{"url":"https:\/\/www.afro-impact.com\/wp-content\/uploads\/2023\/03\/Tunisie-rapatriement-migrants-subsahariens-gouvernements-1024x683.jpg","type":"","width":"","height":""}],"author":"Eliane Fatchina","twitter_card":"summary_large_image","twitter_creator":"@AfroimpactMag","twitter_site":"@AfroimpactMag","twitter_misc":{"Written by":"Eliane Fatchina","Est. reading time":"2 minutes"},"schema":{"@context":"https:\/\/schema.org","@graph":[{"@type":"NewsArticle","@id":"https:\/\/www.afro-impact.com\/migrants-subsahariens-en-tunisie-des-gouvernements-africains-rapatrient-leurs-ressortissants\/#article","isPartOf":{"@id":"https:\/\/www.afro-impact.com\/migrants-subsahariens-en-tunisie-des-gouvernements-africains-rapatrient-leurs-ressortissants\/"},"author":{"name":"Eliane Fatchina","@id":"https:\/\/www.afro-impact.com\/#\/schema\/person\/5c48f58a7d0cc36b8d96110a4feedf77"},"headline":"Sub-Saharan migrants in Tunisia: African governments repatriate their nationals","datePublished":"2023-03-03T21:18:17+00:00","dateModified":"2023-06-19T08:46:54+00:00","mainEntityOfPage":{"@id":"https:\/\/www.afro-impact.com\/migrants-subsahariens-en-tunisie-des-gouvernements-africains-rapatrient-leurs-ressortissants\/"},"wordCount":321,"commentCount":0,"publisher":{"@id":"https:\/\/www.afro-impact.com\/#organization"},"image":{"@id":"https:\/\/www.afro-impact.com\/migrants-subsahariens-en-tunisie-des-gouvernements-africains-rapatrient-leurs-ressortissants\/#primaryimage"},"thumbnailUrl":"https:\/\/www.afro-impact.com\/wp-content\/uploads\/2023\/03\/Tunisie-rapatriement-migrants-subsahariens-gouvernements.jpg","articleSection":["Other"],"inLanguage":"en-US","potentialAction":[{"@type":"CommentAction","name":"Comment","target":["https:\/\/www.afro-impact.com\/migrants-subsahariens-en-tunisie-des-gouvernements-africains-rapatrient-leurs-ressortissants\/#respond"]}],"copyrightYear":"2023","copyrightHolder":{"@id":"https:\/\/www.afro-impact.com\/#organization"}},{"@type":"WebPage","@id":"https:\/\/www.afro-impact.com\/migrants-subsahariens-en-tunisie-des-gouvernements-africains-rapatrient-leurs-ressortissants\/","url":"https:\/\/www.afro-impact.com\/migrants-subsahariens-en-tunisie-des-gouvernements-africains-rapatrient-leurs-ressortissants\/","name":"Sub-Saharan migrants in Tunisia: African governments repatriate their nationals - Afro impact","isPartOf":{"@id":"https:\/\/www.afro-impact.com\/#website"},"primaryImageOfPage":{"@id":"https:\/\/www.afro-impact.com\/migrants-subsahariens-en-tunisie-des-gouvernements-africains-rapatrient-leurs-ressortissants\/#primaryimage"},"image":{"@id":"https:\/\/www.afro-impact.com\/migrants-subsahariens-en-tunisie-des-gouvernements-africains-rapatrient-leurs-ressortissants\/#primaryimage"},"thumbnailUrl":"https:\/\/www.afro-impact.com\/wp-content\/uploads\/2023\/03\/Tunisie-rapatriement-migrants-subsahariens-gouvernements.jpg","datePublished":"2023-03-03T21:18:17+00:00","dateModified":"2023-06-19T08:46:54+00:00","description":"In the aftermath of the Tunisian president's speech, which was deemed racist against sub-Saharan migrants, several African capitals rushed to the aid of their nationals who had now been attacked in Tunisia with a view to their repatriation.","breadcrumb":{"@id":"https:\/\/www.afro-impact.com\/migrants-subsahariens-en-tunisie-des-gouvernements-africains-rapatrient-leurs-ressortissants\/#breadcrumb"},"inLanguage":"en-US","potentialAction":[{"@type":"ReadAction","target":["https:\/\/www.afro-impact.com\/migrants-subsahariens-en-tunisie-des-gouvernements-africains-rapatrient-leurs-ressortissants\/"]}]},{"@type":"ImageObject","inLanguage":"en-US","@id":"https:\/\/www.afro-impact.com\/migrants-subsahariens-en-tunisie-des-gouvernements-africains-rapatrient-leurs-ressortissants\/#primaryimage","url":"https:\/\/www.afro-impact.com\/wp-content\/uploads\/2023\/03\/Tunisie-rapatriement-migrants-subsahariens-gouvernements.jpg","contentUrl":"https:\/\/www.afro-impact.com\/wp-content\/uploads\/2023\/03\/Tunisie-rapatriement-migrants-subsahariens-gouvernements.jpg","width":1200,"height":800,"caption":"Archive of African migrants crossing the Egyptian border in Sallum in 2011. Source photo: studiotamani"},{"@type":"BreadcrumbList","@id":"https:\/\/www.afro-impact.com\/migrants-subsahariens-en-tunisie-des-gouvernements-africains-rapatrient-leurs-ressortissants\/#breadcrumb","itemListElement":[{"@type":"ListItem","position":1,"name":"News","item":"https:\/\/www.afro-impact.com\/"},{"@type":"ListItem","position":2,"name":"Autres","item":"https:\/\/www.afro-impact.com\/autres-infos\/"},{"@type":"ListItem","position":3,"name":"Sub-Saharan migrants in Tunisia: African governments repatriate their nationals"}]},{"@type":"WebSite","@id":"https:\/\/www.afro-impact.com\/#website","url":"https:\/\/www.afro-impact.com\/","name":"Afro impact","description":"L&#039;Afrique vu autrement","publisher":{"@id":"https:\/\/www.afro-impact.com\/#organization"},"potentialAction":[{"@type":"SearchAction","target":{"@type":"EntryPoint","urlTemplate":"https:\/\/www.afro-impact.com\/?s={search_term_string}"},"query-input":{"@type":"PropertyValueSpecification","valueRequired":true,"valueName":"search_term_string"}}],"inLanguage":"en-US"},{"@type":["Organization","Place"],"@id":"https:\/\/www.afro-impact.com\/#organization","name":"Afro impact","alternateName":"carrecube","url":"https:\/\/www.afro-impact.com\/","logo":{"@id":"https:\/\/www.afro-impact.com\/migrants-subsahariens-en-tunisie-des-gouvernements-africains-rapatrient-leurs-ressortissants\/#local-main-organization-logo"},"image":{"@id":"https:\/\/www.afro-impact.com\/migrants-subsahariens-en-tunisie-des-gouvernements-africains-rapatrient-leurs-ressortissants\/#local-main-organization-logo"},"sameAs":["https:\/\/www.facebook.com\/AfroimpactMag","https:\/\/x.com\/AfroimpactMag","https:\/\/www.youtube.com\/channel\/UCJNIRcX4sVo487fhv0p5KDw"],"publishingPrinciples":"https:\/\/www.afro-impact.com\/a-propos-magazine-afro-impact\/","ownershipFundingInfo":"https:\/\/www.afro-impact.com\/mentions-legales\/","actionableFeedbackPolicy":"https:\/\/www.afro-impact.com\/conditions-generales\/","correctionsPolicy":"https:\/\/www.afro-impact.com\/dmca-retrait\/","address":{"@id":"https:\/\/www.afro-impact.com\/migrants-subsahariens-en-tunisie-des-gouvernements-africains-rapatrient-leurs-ressortissants\/#local-main-place-address"},"geo":{"@type":"GeoCoordinates","latitude":"6.389282121878214","longitude":"2.3602318590634495"},"telephone":["+229 54900806"],"openingHoursSpecification":[{"@type":"OpeningHoursSpecification","dayOfWeek":["Monday","Tuesday","Wednesday","Thursday","Friday","Saturday","Sunday"],"opens":"00:00","closes":"23:59"}],"email":"redaction@afro-impact.com","vatID":"0 2022 1395 5557"},{"@type":"Person","@id":"https:\/\/www.afro-impact.com\/#\/schema\/person\/5c48f58a7d0cc36b8d96110a4feedf77","name":"Eliane Fatchina","image":{"@type":"ImageObject","inLanguage":"en-US","@id":"https:\/\/www.afro-impact.com\/#\/schema\/person\/image\/","url":"https:\/\/www.afro-impact.com\/wp-content\/litespeed\/avatar\/5f9f737261a53c0e086b34b0464cb9e1.jpg?ver=1777623498","contentUrl":"https:\/\/www.afro-impact.com\/wp-content\/litespeed\/avatar\/5f9f737261a53c0e086b34b0464cb9e1.jpg?ver=1777623498","caption":"Eliane Fatchina"},"description":"Eliane Yabo Omonlayo Fatchina est une journaliste reporter \u00e0 Afro impact. Titulaire d\u2019une licence professionnelle en journalisme \u00e0 l\u2019ENSTIC du B\u00e9nin, elle est une panafricaniste passionn\u00e9e de culture, des questions de soci\u00e9t\u00e9 et d\u2019environnement. Avec d\u00e9j\u00e0 sept ans d\u2019exp\u00e9riences, elle s\u2019emploie quotidiennement \u00e0 donner de la voix aux id\u00e9es \u00e0 travers l\u2019\u00e9criture.","sameAs":["https:\/\/facebook.com\/profile.php?id=100075035589093"],"url":"https:\/\/www.afro-impact.com\/en\/author\/omonlayo\/"},{"@type":"PostalAddress","@id":"https:\/\/www.afro-impact.com\/migrants-subsahariens-en-tunisie-des-gouvernements-africains-rapatrient-leurs-ressortissants\/#local-main-place-address","streetAddress":"Carr\u00e9 2167 Kindonou, Cotonou, BENIN, 07 BP 1128 Cotonou, BENIN","addressLocality":"Cotonou","postalCode":"+229","addressRegion":"Littoral","addressCountry":"BJ"},{"@type":"ImageObject","inLanguage":"en-US","@id":"https:\/\/www.afro-impact.com\/migrants-subsahariens-en-tunisie-des-gouvernements-africains-rapatrient-leurs-ressortissants\/#local-main-organization-logo","url":"https:\/\/www.afro-impact.com\/wp-content\/uploads\/2022\/01\/logo-afro-impact-share-social.png","contentUrl":"https:\/\/www.afro-impact.com\/wp-content\/uploads\/2022\/01\/logo-afro-impact-share-social.png","width":300,"height":300,"caption":"Afro impact"}]},"geo.placename":"Cotonou","geo.position":{"lat":"6.389282121878214","long":"2.3602318590634495"},"geo.region":"Benin"},"_links":{"self":[{"href":"https:\/\/www.afro-impact.com\/en\/wp-json\/wp\/v2\/posts\/15453","targetHints":{"allow":["GET"]}}],"collection":[{"href":"https:\/\/www.afro-impact.com\/en\/wp-json\/wp\/v2\/posts"}],"about":[{"href":"https:\/\/www.afro-impact.com\/en\/wp-json\/wp\/v2\/types\/post"}],"author":[{"embeddable":true,"href":"https:\/\/www.afro-impact.com\/en\/wp-json\/wp\/v2\/users\/2"}],"replies":[{"embeddable":true,"href":"https:\/\/www.afro-impact.com\/en\/wp-json\/wp\/v2\/comments?post=15453"}],"version-history":[{"count":0,"href":"https:\/\/www.afro-impact.com\/en\/wp-json\/wp\/v2\/posts\/15453\/revisions"}],"wp:featuredmedia":[{"embeddable":true,"href":"https:\/\/www.afro-impact.com\/en\/wp-json\/wp\/v2\/media\/15415"}],"wp:attachment":[{"href":"https:\/\/www.afro-impact.com\/en\/wp-json\/wp\/v2\/media?parent=15453"}],"wp:term":[{"taxonomy":"category","embeddable":true,"href":"https:\/\/www.afro-impact.com\/en\/wp-json\/wp\/v2\/categories?post=15453"},{"taxonomy":"post_tag","embeddable":true,"href":"https:\/\/www.afro-impact.com\/en\/wp-json\/wp\/v2\/tags?post=15453"}],"curies":[{"name":"wp","href":"https:\/\/api.w.org\/{rel}","templated":true}]}}