{"id":16389,"date":"2023-03-17T11:41:09","date_gmt":"2023-03-17T10:41:09","guid":{"rendered":"https:\/\/www.afro-impact.com\/senegalese-opposition-leader-ousmane-sonkos-trial-postponed-to-march-30\/"},"modified":"2023-06-19T08:34:21","modified_gmt":"2023-06-19T07:34:21","slug":"senegalese-opposition-leader-ousmane-sonkos-trial-postponed-to-march-30","status":"publish","type":"post","link":"https:\/\/www.afro-impact.com\/en\/senegalese-opposition-leader-ousmane-sonkos-trial-postponed-to-march-30\/","title":{"rendered":"Senegalese opposition leader Ousmane Sonko&#8217;s trial postponed to March 30"},"content":{"rendered":"\n<p><strong>Opened this Thursday, March 16 at the court of Dakar, the trial for &#8220;defamation&#8221; opposing the Minister of Tourism, Mame Mbaye Niang to Ousmane Sonko, the leader of Pastef, has been postponed to March 30, 2023.<\/strong><\/p>\n\n<p>The trial of Ousmane Sonko, prosecuted for &#8220;defamation, public insult, forgery and use of forgeries&#8221; which had been postponed first to February 16, then to March 16, 2023, has been postponed again to March 30. And this, at the request of the defense lawyers after one of them and Mr. Sonko himself felt uneasy. Indeed, following a disagreement on the route that the procession of Mr. Sonko should take on Thursday, scuffles broke out between the police and supporters of the opponent. It was at this precise moment that Me Cir\u00e9 Cl\u00e9dor Ly, one of Ousmane Sonko&#8217;s lawyers, and the concerned himself, inhaled tear gas. Thus, Me Cl\u00e9dor was evacuated by a SAMU vehicle and Ousmane Sonko was also taken to the infirmary of the Palais de Justice for consultation.<\/p>\n\n<p>His lawyers requested the postponement of the trial, arguing that their client was not in a state to appear because he was &#8220;brutalized&#8221; by the police who were taking him to court. &#8220;He was literally beaten up by law enforcement. They put him by force in the vehicle of the Multipurpose Police Brigade. It is unacceptable what is happening and we do not accept the presence of the police officers. You will be accomplices to the crime, because Ousmane Sonko must be followed by a doctor after what happened. We oppose to the holding of the trial,&#8221; said Ousseynou Fall, one of his counsel, reported by <strong>APS<\/strong>.<\/p>\n\n<h2 class=\"wp-block-heading\" id=\"h-proces-pour-diffamation\"><strong>Trial for &#8220;defamation&#8221;<\/strong><\/h2>\n\n<p>At the origin of this judgment, the Minister of Tourism and Leisure, Mame Mbaye Niang, reproaches Ousmane Sonko for having declared that he had been pinned down by a report of the IGE for his management of a fund of 29 billion CFA francs of the Community Agricultural Domain Program (PRODAC).<\/p>\n\n<p>Called to the stand, Mame Mbaye Niang said: &#8220;I believe in the Constitution. If I came here, it&#8217;s because Sonko has declared everywhere that he has a report that finds me guilty. This is the third time I am coming here to get justice. For 4 months, I have been defamed.&#8221;<\/p>\n\n<p>But Ousmane Sonko was no longer in the courtroom. After several minutes of debate, the judge decided to adjourn the case to March 30.<\/p>\n\n<p>It should be noted that the trial took place in a very tense atmosphere. Throughout the day, scenes of violence broke out in several places in Dakar between opposition supporters and police, with tear gas, stone throwing, and burned buses.<\/p>\n\n<h2 class=\"wp-block-heading\"><strong>Calls to protest<\/strong><\/h2>\n\n<p>Since last Tuesday, the Senegalese opposition had called for protests and marches on Tuesday, Wednesday and Thursday. Several thousand protestors had thus succeeded in a protest of force at the Acapes field of Parcelles Assainies, in Dakar, on Tuesday March 14. But on the second day (Wednesday), the march was banned in Dakar by the Prefect for &#8220;threats of public order disturbances and route under construction&#8221;. Activists were only able to protest in other departments of the country. They denounce, among other things, &#8220;arbitrary arrests and detentions&#8221;, and &#8220;the instrumentalization of justice&#8221;.<\/p>\n\n<p>Ousmane Sonko, whose home has been surrounded by an imposing security detail since Wednesday, has been under judicial supervision for two years for an alleged rape case. The said trial has been referred to a criminal chamber, but its date has not yet been set.<\/p>\n","protected":false},"excerpt":{"rendered":"<p>Opened this Thursday, March 16 at the court of Dakar, the trial for &#8220;defamation&#8221; opposing the Minister of Tourism, Mame Mbaye Niang to Ousmane Sonko, the leader of Pastef, has been postponed to March 30, 2023. The trial of Ousmane Sonko, prosecuted for &#8220;defamation, public insult, forgery and use of forgeries&#8221; which had been postponed<\/p>\n","protected":false},"author":2,"featured_media":15916,"comment_status":"open","ping_status":"open","sticky":false,"template":"","format":"standard","meta":{"footnotes":""},"categories":[1476],"tags":[],"class_list":{"0":"post-16389","1":"post","2":"type-post","3":"status-publish","4":"format-standard","5":"has-post-thumbnail","7":"category-politics"},"yoast_head":"<!-- This site is optimized with the Yoast SEO Premium plugin v25.5 (Yoast SEO v25.5) - https:\/\/yoast.com\/wordpress\/plugins\/seo\/ -->\n<title>Senegalese opposition leader Ousmane Sonko&#039;s trial postponed to March 30 - Afro impact<\/title>\n<meta name=\"description\" content=\"Opened this Thursday, March 16 at the court of Dakar, the trial for &quot;defamation&quot; opposing the Minister of Tourism, Mame Mbaye Niang to Ousmane Sonko, the leader of Pastef, has been postponed to March 30, 2023.\" \/>\n<meta name=\"robots\" content=\"index, follow, max-snippet:-1, max-image-preview:large, max-video-preview:-1\" \/>\n<link rel=\"canonical\" href=\"https:\/\/www.afro-impact.com\/en\/senegalese-opposition-leader-ousmane-sonkos-trial-postponed-to-march-30\/\" \/>\n<meta property=\"og:locale\" content=\"en_US\" \/>\n<meta property=\"og:type\" content=\"article\" \/>\n<meta property=\"og:title\" content=\"Senegalese opposition leader Ousmane Sonko&#039;s trial postponed to March 30 - Afro impact\" \/>\n<meta property=\"og:description\" content=\"Opened this Thursday, March 16 at the court of Dakar, the trial for &quot;defamation&quot; opposing the Minister of Tourism, Mame Mbaye Niang to Ousmane Sonko, the leader of Pastef, has been postponed to March 30, 2023.\" \/>\n<meta property=\"og:url\" content=\"https:\/\/www.afro-impact.com\/en\/senegalese-opposition-leader-ousmane-sonkos-trial-postponed-to-march-30\/\" \/>\n<meta property=\"og:site_name\" content=\"Afro impact\" \/>\n<meta property=\"article:publisher\" content=\"https:\/\/www.facebook.com\/AfroimpactMag\" \/>\n<meta property=\"article:author\" content=\"https:\/\/facebook.com\/profile.php?id=100075035589093\" \/>\n<meta property=\"article:published_time\" content=\"2023-03-17T10:41:09+00:00\" \/>\n<meta property=\"article:modified_time\" content=\"2023-06-19T07:34:21+00:00\" \/>\n<meta property=\"og:image\" content=\"https:\/\/www.afro-impact.com\/wp-content\/uploads\/2023\/03\/ousmane-sonko-senegal.jpg\" \/>\n\t<meta property=\"og:image:width\" content=\"1256\" \/>\n\t<meta property=\"og:image:height\" content=\"628\" \/>\n\t<meta property=\"og:image:type\" content=\"image\/jpeg\" \/>\n<meta name=\"author\" content=\"Eliane Fatchina\" \/>\n<meta name=\"twitter:card\" content=\"summary_large_image\" \/>\n<meta name=\"twitter:creator\" content=\"@AfroimpactMag\" \/>\n<meta name=\"twitter:site\" content=\"@AfroimpactMag\" \/>\n<meta name=\"twitter:label1\" content=\"Written by\" \/>\n\t<meta name=\"twitter:data1\" content=\"Eliane Fatchina\" \/>\n\t<meta name=\"twitter:label2\" content=\"Est. reading time\" \/>\n\t<meta name=\"twitter:data2\" content=\"3 minutes\" \/>\n<script type=\"application\/ld+json\" class=\"yoast-schema-graph\">{\"@context\":\"https:\/\/schema.org\",\"@graph\":[{\"@type\":\"NewsArticle\",\"@id\":\"https:\/\/www.afro-impact.com\/en\/senegalese-opposition-leader-ousmane-sonkos-trial-postponed-to-march-30\/#article\",\"isPartOf\":{\"@id\":\"https:\/\/www.afro-impact.com\/en\/senegalese-opposition-leader-ousmane-sonkos-trial-postponed-to-march-30\/\"},\"author\":{\"name\":\"Eliane Fatchina\",\"@id\":\"https:\/\/www.afro-impact.com\/#\/schema\/person\/5c48f58a7d0cc36b8d96110a4feedf77\"},\"headline\":\"Senegalese opposition leader Ousmane Sonko&#8217;s trial postponed to March 30\",\"datePublished\":\"2023-03-17T10:41:09+00:00\",\"dateModified\":\"2023-06-19T07:34:21+00:00\",\"mainEntityOfPage\":{\"@id\":\"https:\/\/www.afro-impact.com\/en\/senegalese-opposition-leader-ousmane-sonkos-trial-postponed-to-march-30\/\"},\"wordCount\":585,\"commentCount\":0,\"publisher\":{\"@id\":\"https:\/\/www.afro-impact.com\/#organization\"},\"image\":{\"@id\":\"https:\/\/www.afro-impact.com\/en\/senegalese-opposition-leader-ousmane-sonkos-trial-postponed-to-march-30\/#primaryimage\"},\"thumbnailUrl\":\"https:\/\/www.afro-impact.com\/wp-content\/uploads\/2023\/03\/ousmane-sonko-senegal.jpg\",\"articleSection\":[\"Politics\"],\"inLanguage\":\"en-US\",\"potentialAction\":[{\"@type\":\"CommentAction\",\"name\":\"Comment\",\"target\":[\"https:\/\/www.afro-impact.com\/en\/senegalese-opposition-leader-ousmane-sonkos-trial-postponed-to-march-30\/#respond\"]}],\"copyrightYear\":\"2023\",\"copyrightHolder\":{\"@id\":\"https:\/\/www.afro-impact.com\/#organization\"}},{\"@type\":\"WebPage\",\"@id\":\"https:\/\/www.afro-impact.com\/en\/senegalese-opposition-leader-ousmane-sonkos-trial-postponed-to-march-30\/\",\"url\":\"https:\/\/www.afro-impact.com\/en\/senegalese-opposition-leader-ousmane-sonkos-trial-postponed-to-march-30\/\",\"name\":\"Senegalese opposition leader Ousmane Sonko's trial postponed to March 30 - Afro impact\",\"isPartOf\":{\"@id\":\"https:\/\/www.afro-impact.com\/#website\"},\"primaryImageOfPage\":{\"@id\":\"https:\/\/www.afro-impact.com\/en\/senegalese-opposition-leader-ousmane-sonkos-trial-postponed-to-march-30\/#primaryimage\"},\"image\":{\"@id\":\"https:\/\/www.afro-impact.com\/en\/senegalese-opposition-leader-ousmane-sonkos-trial-postponed-to-march-30\/#primaryimage\"},\"thumbnailUrl\":\"https:\/\/www.afro-impact.com\/wp-content\/uploads\/2023\/03\/ousmane-sonko-senegal.jpg\",\"datePublished\":\"2023-03-17T10:41:09+00:00\",\"dateModified\":\"2023-06-19T07:34:21+00:00\",\"description\":\"Opened this Thursday, March 16 at the court of Dakar, the trial for \\\"defamation\\\" opposing the Minister of Tourism, Mame Mbaye Niang to Ousmane Sonko, the leader of Pastef, has been postponed to March 30, 2023.\",\"breadcrumb\":{\"@id\":\"https:\/\/www.afro-impact.com\/en\/senegalese-opposition-leader-ousmane-sonkos-trial-postponed-to-march-30\/#breadcrumb\"},\"inLanguage\":\"en-US\",\"potentialAction\":[{\"@type\":\"ReadAction\",\"target\":[\"https:\/\/www.afro-impact.com\/en\/senegalese-opposition-leader-ousmane-sonkos-trial-postponed-to-march-30\/\"]}]},{\"@type\":\"ImageObject\",\"inLanguage\":\"en-US\",\"@id\":\"https:\/\/www.afro-impact.com\/en\/senegalese-opposition-leader-ousmane-sonkos-trial-postponed-to-march-30\/#primaryimage\",\"url\":\"https:\/\/www.afro-impact.com\/wp-content\/uploads\/2023\/03\/ousmane-sonko-senegal.jpg\",\"contentUrl\":\"https:\/\/www.afro-impact.com\/wp-content\/uploads\/2023\/03\/ousmane-sonko-senegal.jpg\",\"width\":1256,\"height\":628,\"caption\":\"Ousmane Sonko, president of the PASTEF party. Picture source: Jeune Afrique\"},{\"@type\":\"BreadcrumbList\",\"@id\":\"https:\/\/www.afro-impact.com\/en\/senegalese-opposition-leader-ousmane-sonkos-trial-postponed-to-march-30\/#breadcrumb\",\"itemListElement\":[{\"@type\":\"ListItem\",\"position\":1,\"name\":\"News\",\"item\":\"https:\/\/www.afro-impact.com\/\"},{\"@type\":\"ListItem\",\"position\":2,\"name\":\"Politique\",\"item\":\"https:\/\/www.afro-impact.com\/politique\/\"},{\"@type\":\"ListItem\",\"position\":3,\"name\":\"Senegalese opposition leader Ousmane Sonko&#8217;s trial postponed to March 30\"}]},{\"@type\":\"WebSite\",\"@id\":\"https:\/\/www.afro-impact.com\/#website\",\"url\":\"https:\/\/www.afro-impact.com\/\",\"name\":\"Afro impact\",\"description\":\"L&#039;Afrique vu autrement\",\"publisher\":{\"@id\":\"https:\/\/www.afro-impact.com\/#organization\"},\"potentialAction\":[{\"@type\":\"SearchAction\",\"target\":{\"@type\":\"EntryPoint\",\"urlTemplate\":\"https:\/\/www.afro-impact.com\/?s={search_term_string}\"},\"query-input\":{\"@type\":\"PropertyValueSpecification\",\"valueRequired\":true,\"valueName\":\"search_term_string\"}}],\"inLanguage\":\"en-US\"},{\"@type\":[\"Organization\",\"Place\"],\"@id\":\"https:\/\/www.afro-impact.com\/#organization\",\"name\":\"Afro impact\",\"alternateName\":\"carrecube\",\"url\":\"https:\/\/www.afro-impact.com\/\",\"logo\":{\"@id\":\"https:\/\/www.afro-impact.com\/en\/senegalese-opposition-leader-ousmane-sonkos-trial-postponed-to-march-30\/#local-main-organization-logo\"},\"image\":{\"@id\":\"https:\/\/www.afro-impact.com\/en\/senegalese-opposition-leader-ousmane-sonkos-trial-postponed-to-march-30\/#local-main-organization-logo\"},\"sameAs\":[\"https:\/\/www.facebook.com\/AfroimpactMag\",\"https:\/\/x.com\/AfroimpactMag\",\"https:\/\/www.youtube.com\/channel\/UCJNIRcX4sVo487fhv0p5KDw\"],\"publishingPrinciples\":\"https:\/\/www.afro-impact.com\/a-propos-magazine-afro-impact\/\",\"ownershipFundingInfo\":\"https:\/\/www.afro-impact.com\/mentions-legales\/\",\"actionableFeedbackPolicy\":\"https:\/\/www.afro-impact.com\/conditions-generales\/\",\"correctionsPolicy\":\"https:\/\/www.afro-impact.com\/dmca-retrait\/\",\"address\":{\"@id\":\"https:\/\/www.afro-impact.com\/en\/senegalese-opposition-leader-ousmane-sonkos-trial-postponed-to-march-30\/#local-main-place-address\"},\"geo\":{\"@type\":\"GeoCoordinates\",\"latitude\":\"6.389282121878214\",\"longitude\":\"2.3602318590634495\"},\"telephone\":[\"+229 54900806\"],\"openingHoursSpecification\":[{\"@type\":\"OpeningHoursSpecification\",\"dayOfWeek\":[\"Monday\",\"Tuesday\",\"Wednesday\",\"Thursday\",\"Friday\",\"Saturday\",\"Sunday\"],\"opens\":\"00:00\",\"closes\":\"23:59\"}],\"email\":\"redaction@afro-impact.com\",\"vatID\":\"0 2022 1395 5557\"},{\"@type\":\"Person\",\"@id\":\"https:\/\/www.afro-impact.com\/#\/schema\/person\/5c48f58a7d0cc36b8d96110a4feedf77\",\"name\":\"Eliane Fatchina\",\"image\":{\"@type\":\"ImageObject\",\"inLanguage\":\"en-US\",\"@id\":\"https:\/\/www.afro-impact.com\/#\/schema\/person\/image\/\",\"url\":\"https:\/\/www.afro-impact.com\/wp-content\/litespeed\/avatar\/5f9f737261a53c0e086b34b0464cb9e1.jpg?ver=1777018517\",\"contentUrl\":\"https:\/\/www.afro-impact.com\/wp-content\/litespeed\/avatar\/5f9f737261a53c0e086b34b0464cb9e1.jpg?ver=1777018517\",\"caption\":\"Eliane Fatchina\"},\"description\":\"Eliane Yabo Omonlayo Fatchina est une journaliste reporter \u00e0 Afro impact. Titulaire d\u2019une licence professionnelle en journalisme \u00e0 l\u2019ENSTIC du B\u00e9nin, elle est une panafricaniste passionn\u00e9e de culture, des questions de soci\u00e9t\u00e9 et d\u2019environnement. Avec d\u00e9j\u00e0 sept ans d\u2019exp\u00e9riences, elle s\u2019emploie quotidiennement \u00e0 donner de la voix aux id\u00e9es \u00e0 travers l\u2019\u00e9criture.\",\"sameAs\":[\"https:\/\/facebook.com\/profile.php?id=100075035589093\"],\"url\":\"https:\/\/www.afro-impact.com\/en\/author\/omonlayo\/\"},{\"@type\":\"PostalAddress\",\"@id\":\"https:\/\/www.afro-impact.com\/en\/senegalese-opposition-leader-ousmane-sonkos-trial-postponed-to-march-30\/#local-main-place-address\",\"streetAddress\":\"Carr\u00e9 2167 Kindonou, Cotonou, BENIN, 07 BP 1128 Cotonou, BENIN\",\"addressLocality\":\"Cotonou\",\"postalCode\":\"+229\",\"addressRegion\":\"Littoral\",\"addressCountry\":\"BJ\"},{\"@type\":\"ImageObject\",\"inLanguage\":\"en-US\",\"@id\":\"https:\/\/www.afro-impact.com\/en\/senegalese-opposition-leader-ousmane-sonkos-trial-postponed-to-march-30\/#local-main-organization-logo\",\"url\":\"https:\/\/www.afro-impact.com\/wp-content\/uploads\/2022\/01\/logo-afro-impact-share-social.png\",\"contentUrl\":\"https:\/\/www.afro-impact.com\/wp-content\/uploads\/2022\/01\/logo-afro-impact-share-social.png\",\"width\":300,\"height\":300,\"caption\":\"Afro impact\"}]}<\/script>\n<meta name=\"geo.placename\" content=\"Cotonou\" \/>\n<meta name=\"geo.position\" content=\"6.389282121878214;2.3602318590634495\" \/>\n<meta name=\"geo.region\" content=\"Benin\" \/>\n<!-- \/ Yoast SEO Premium plugin. -->","yoast_head_json":{"title":"Senegalese opposition leader Ousmane Sonko's trial postponed to March 30 - Afro impact","description":"Opened this Thursday, March 16 at the court of Dakar, the trial for \"defamation\" opposing the Minister of Tourism, Mame Mbaye Niang to Ousmane Sonko, the leader of Pastef, has been postponed to March 30, 2023.","robots":{"index":"index","follow":"follow","max-snippet":"max-snippet:-1","max-image-preview":"max-image-preview:large","max-video-preview":"max-video-preview:-1"},"canonical":"https:\/\/www.afro-impact.com\/en\/senegalese-opposition-leader-ousmane-sonkos-trial-postponed-to-march-30\/","og_locale":"en_US","og_type":"article","og_title":"Senegalese opposition leader Ousmane Sonko's trial postponed to March 30 - Afro impact","og_description":"Opened this Thursday, March 16 at the court of Dakar, the trial for \"defamation\" opposing the Minister of Tourism, Mame Mbaye Niang to Ousmane Sonko, the leader of Pastef, has been postponed to March 30, 2023.","og_url":"https:\/\/www.afro-impact.com\/en\/senegalese-opposition-leader-ousmane-sonkos-trial-postponed-to-march-30\/","og_site_name":"Afro impact","article_publisher":"https:\/\/www.facebook.com\/AfroimpactMag","article_author":"https:\/\/facebook.com\/profile.php?id=100075035589093","article_published_time":"2023-03-17T10:41:09+00:00","article_modified_time":"2023-06-19T07:34:21+00:00","og_image":[{"width":1256,"height":628,"url":"https:\/\/www.afro-impact.com\/wp-content\/uploads\/2023\/03\/ousmane-sonko-senegal.jpg","type":"image\/jpeg"}],"author":"Eliane Fatchina","twitter_card":"summary_large_image","twitter_creator":"@AfroimpactMag","twitter_site":"@AfroimpactMag","twitter_misc":{"Written by":"Eliane Fatchina","Est. reading time":"3 minutes"},"schema":{"@context":"https:\/\/schema.org","@graph":[{"@type":"NewsArticle","@id":"https:\/\/www.afro-impact.com\/en\/senegalese-opposition-leader-ousmane-sonkos-trial-postponed-to-march-30\/#article","isPartOf":{"@id":"https:\/\/www.afro-impact.com\/en\/senegalese-opposition-leader-ousmane-sonkos-trial-postponed-to-march-30\/"},"author":{"name":"Eliane Fatchina","@id":"https:\/\/www.afro-impact.com\/#\/schema\/person\/5c48f58a7d0cc36b8d96110a4feedf77"},"headline":"Senegalese opposition leader Ousmane Sonko&#8217;s trial postponed to March 30","datePublished":"2023-03-17T10:41:09+00:00","dateModified":"2023-06-19T07:34:21+00:00","mainEntityOfPage":{"@id":"https:\/\/www.afro-impact.com\/en\/senegalese-opposition-leader-ousmane-sonkos-trial-postponed-to-march-30\/"},"wordCount":585,"commentCount":0,"publisher":{"@id":"https:\/\/www.afro-impact.com\/#organization"},"image":{"@id":"https:\/\/www.afro-impact.com\/en\/senegalese-opposition-leader-ousmane-sonkos-trial-postponed-to-march-30\/#primaryimage"},"thumbnailUrl":"https:\/\/www.afro-impact.com\/wp-content\/uploads\/2023\/03\/ousmane-sonko-senegal.jpg","articleSection":["Politics"],"inLanguage":"en-US","potentialAction":[{"@type":"CommentAction","name":"Comment","target":["https:\/\/www.afro-impact.com\/en\/senegalese-opposition-leader-ousmane-sonkos-trial-postponed-to-march-30\/#respond"]}],"copyrightYear":"2023","copyrightHolder":{"@id":"https:\/\/www.afro-impact.com\/#organization"}},{"@type":"WebPage","@id":"https:\/\/www.afro-impact.com\/en\/senegalese-opposition-leader-ousmane-sonkos-trial-postponed-to-march-30\/","url":"https:\/\/www.afro-impact.com\/en\/senegalese-opposition-leader-ousmane-sonkos-trial-postponed-to-march-30\/","name":"Senegalese opposition leader Ousmane Sonko's trial postponed to March 30 - Afro impact","isPartOf":{"@id":"https:\/\/www.afro-impact.com\/#website"},"primaryImageOfPage":{"@id":"https:\/\/www.afro-impact.com\/en\/senegalese-opposition-leader-ousmane-sonkos-trial-postponed-to-march-30\/#primaryimage"},"image":{"@id":"https:\/\/www.afro-impact.com\/en\/senegalese-opposition-leader-ousmane-sonkos-trial-postponed-to-march-30\/#primaryimage"},"thumbnailUrl":"https:\/\/www.afro-impact.com\/wp-content\/uploads\/2023\/03\/ousmane-sonko-senegal.jpg","datePublished":"2023-03-17T10:41:09+00:00","dateModified":"2023-06-19T07:34:21+00:00","description":"Opened this Thursday, March 16 at the court of Dakar, the trial for \"defamation\" opposing the Minister of Tourism, Mame Mbaye Niang to Ousmane Sonko, the leader of Pastef, has been postponed to March 30, 2023.","breadcrumb":{"@id":"https:\/\/www.afro-impact.com\/en\/senegalese-opposition-leader-ousmane-sonkos-trial-postponed-to-march-30\/#breadcrumb"},"inLanguage":"en-US","potentialAction":[{"@type":"ReadAction","target":["https:\/\/www.afro-impact.com\/en\/senegalese-opposition-leader-ousmane-sonkos-trial-postponed-to-march-30\/"]}]},{"@type":"ImageObject","inLanguage":"en-US","@id":"https:\/\/www.afro-impact.com\/en\/senegalese-opposition-leader-ousmane-sonkos-trial-postponed-to-march-30\/#primaryimage","url":"https:\/\/www.afro-impact.com\/wp-content\/uploads\/2023\/03\/ousmane-sonko-senegal.jpg","contentUrl":"https:\/\/www.afro-impact.com\/wp-content\/uploads\/2023\/03\/ousmane-sonko-senegal.jpg","width":1256,"height":628,"caption":"Ousmane Sonko, president of the PASTEF party. Picture source: Jeune Afrique"},{"@type":"BreadcrumbList","@id":"https:\/\/www.afro-impact.com\/en\/senegalese-opposition-leader-ousmane-sonkos-trial-postponed-to-march-30\/#breadcrumb","itemListElement":[{"@type":"ListItem","position":1,"name":"News","item":"https:\/\/www.afro-impact.com\/"},{"@type":"ListItem","position":2,"name":"Politique","item":"https:\/\/www.afro-impact.com\/politique\/"},{"@type":"ListItem","position":3,"name":"Senegalese opposition leader Ousmane Sonko&#8217;s trial postponed to March 30"}]},{"@type":"WebSite","@id":"https:\/\/www.afro-impact.com\/#website","url":"https:\/\/www.afro-impact.com\/","name":"Afro impact","description":"L&#039;Afrique vu autrement","publisher":{"@id":"https:\/\/www.afro-impact.com\/#organization"},"potentialAction":[{"@type":"SearchAction","target":{"@type":"EntryPoint","urlTemplate":"https:\/\/www.afro-impact.com\/?s={search_term_string}"},"query-input":{"@type":"PropertyValueSpecification","valueRequired":true,"valueName":"search_term_string"}}],"inLanguage":"en-US"},{"@type":["Organization","Place"],"@id":"https:\/\/www.afro-impact.com\/#organization","name":"Afro impact","alternateName":"carrecube","url":"https:\/\/www.afro-impact.com\/","logo":{"@id":"https:\/\/www.afro-impact.com\/en\/senegalese-opposition-leader-ousmane-sonkos-trial-postponed-to-march-30\/#local-main-organization-logo"},"image":{"@id":"https:\/\/www.afro-impact.com\/en\/senegalese-opposition-leader-ousmane-sonkos-trial-postponed-to-march-30\/#local-main-organization-logo"},"sameAs":["https:\/\/www.facebook.com\/AfroimpactMag","https:\/\/x.com\/AfroimpactMag","https:\/\/www.youtube.com\/channel\/UCJNIRcX4sVo487fhv0p5KDw"],"publishingPrinciples":"https:\/\/www.afro-impact.com\/a-propos-magazine-afro-impact\/","ownershipFundingInfo":"https:\/\/www.afro-impact.com\/mentions-legales\/","actionableFeedbackPolicy":"https:\/\/www.afro-impact.com\/conditions-generales\/","correctionsPolicy":"https:\/\/www.afro-impact.com\/dmca-retrait\/","address":{"@id":"https:\/\/www.afro-impact.com\/en\/senegalese-opposition-leader-ousmane-sonkos-trial-postponed-to-march-30\/#local-main-place-address"},"geo":{"@type":"GeoCoordinates","latitude":"6.389282121878214","longitude":"2.3602318590634495"},"telephone":["+229 54900806"],"openingHoursSpecification":[{"@type":"OpeningHoursSpecification","dayOfWeek":["Monday","Tuesday","Wednesday","Thursday","Friday","Saturday","Sunday"],"opens":"00:00","closes":"23:59"}],"email":"redaction@afro-impact.com","vatID":"0 2022 1395 5557"},{"@type":"Person","@id":"https:\/\/www.afro-impact.com\/#\/schema\/person\/5c48f58a7d0cc36b8d96110a4feedf77","name":"Eliane Fatchina","image":{"@type":"ImageObject","inLanguage":"en-US","@id":"https:\/\/www.afro-impact.com\/#\/schema\/person\/image\/","url":"https:\/\/www.afro-impact.com\/wp-content\/litespeed\/avatar\/5f9f737261a53c0e086b34b0464cb9e1.jpg?ver=1777018517","contentUrl":"https:\/\/www.afro-impact.com\/wp-content\/litespeed\/avatar\/5f9f737261a53c0e086b34b0464cb9e1.jpg?ver=1777018517","caption":"Eliane Fatchina"},"description":"Eliane Yabo Omonlayo Fatchina est une journaliste reporter \u00e0 Afro impact. Titulaire d\u2019une licence professionnelle en journalisme \u00e0 l\u2019ENSTIC du B\u00e9nin, elle est une panafricaniste passionn\u00e9e de culture, des questions de soci\u00e9t\u00e9 et d\u2019environnement. Avec d\u00e9j\u00e0 sept ans d\u2019exp\u00e9riences, elle s\u2019emploie quotidiennement \u00e0 donner de la voix aux id\u00e9es \u00e0 travers l\u2019\u00e9criture.","sameAs":["https:\/\/facebook.com\/profile.php?id=100075035589093"],"url":"https:\/\/www.afro-impact.com\/en\/author\/omonlayo\/"},{"@type":"PostalAddress","@id":"https:\/\/www.afro-impact.com\/en\/senegalese-opposition-leader-ousmane-sonkos-trial-postponed-to-march-30\/#local-main-place-address","streetAddress":"Carr\u00e9 2167 Kindonou, Cotonou, BENIN, 07 BP 1128 Cotonou, BENIN","addressLocality":"Cotonou","postalCode":"+229","addressRegion":"Littoral","addressCountry":"BJ"},{"@type":"ImageObject","inLanguage":"en-US","@id":"https:\/\/www.afro-impact.com\/en\/senegalese-opposition-leader-ousmane-sonkos-trial-postponed-to-march-30\/#local-main-organization-logo","url":"https:\/\/www.afro-impact.com\/wp-content\/uploads\/2022\/01\/logo-afro-impact-share-social.png","contentUrl":"https:\/\/www.afro-impact.com\/wp-content\/uploads\/2022\/01\/logo-afro-impact-share-social.png","width":300,"height":300,"caption":"Afro impact"}]},"geo.placename":"Cotonou","geo.position":{"lat":"6.389282121878214","long":"2.3602318590634495"},"geo.region":"Benin"},"_links":{"self":[{"href":"https:\/\/www.afro-impact.com\/en\/wp-json\/wp\/v2\/posts\/16389","targetHints":{"allow":["GET"]}}],"collection":[{"href":"https:\/\/www.afro-impact.com\/en\/wp-json\/wp\/v2\/posts"}],"about":[{"href":"https:\/\/www.afro-impact.com\/en\/wp-json\/wp\/v2\/types\/post"}],"author":[{"embeddable":true,"href":"https:\/\/www.afro-impact.com\/en\/wp-json\/wp\/v2\/users\/2"}],"replies":[{"embeddable":true,"href":"https:\/\/www.afro-impact.com\/en\/wp-json\/wp\/v2\/comments?post=16389"}],"version-history":[{"count":0,"href":"https:\/\/www.afro-impact.com\/en\/wp-json\/wp\/v2\/posts\/16389\/revisions"}],"wp:featuredmedia":[{"embeddable":true,"href":"https:\/\/www.afro-impact.com\/en\/wp-json\/wp\/v2\/media\/15916"}],"wp:attachment":[{"href":"https:\/\/www.afro-impact.com\/en\/wp-json\/wp\/v2\/media?parent=16389"}],"wp:term":[{"taxonomy":"category","embeddable":true,"href":"https:\/\/www.afro-impact.com\/en\/wp-json\/wp\/v2\/categories?post=16389"},{"taxonomy":"post_tag","embeddable":true,"href":"https:\/\/www.afro-impact.com\/en\/wp-json\/wp\/v2\/tags?post=16389"}],"curies":[{"name":"wp","href":"https:\/\/api.w.org\/{rel}","templated":true}]}}