{"id":16417,"date":"2023-03-27T10:36:31","date_gmt":"2023-03-27T09:36:31","guid":{"rendered":"https:\/\/www.afro-impact.com\/burkina-faso-suspends-france-24-programs\/"},"modified":"2023-06-19T08:23:12","modified_gmt":"2023-06-19T07:23:12","slug":"burkina-faso-suspends-france-24-programs","status":"publish","type":"post","link":"https:\/\/www.afro-impact.com\/en\/burkina-faso-suspends-france-24-programs\/","title":{"rendered":"Burkina Faso suspends France 24 programs"},"content":{"rendered":"\n<p><strong>The military junta in power in Burkina Faso announced on Monday 27 March that it had suspended the broadcasting of programs by the news channel France 24 throughout Burkina Faso. The authorities claimed that France 24 gave an interview a fortnight ago to the head of the terrorist group AQIM (Al-Qaeda in the Islamic Maghreb).<\/strong><\/p>\n\n<p> &#8220;By opening its airwaves to the head of AQIM, France 24 is not only acting as a communication agency for these terrorists, but it is also providing a space for legitimising terrorist actions and hate speech to satisfy the evil aims of this organisation in Burkina Faso,&#8221; the Burkinabe government spokesman, Rimtalba Jean Emmanuel Ou\u00e9draogo, said in a statement on Monday.<\/p>\n\n<p>Indeed, on 6 March, France 24 broadcast written answers to some seventeen questions put to Abu Obeida Youssef al-Annabi, the leader of the terrorist group Aqmi. Apparently, this did not please the Burkinabe authorities.<\/p>\n\n<p>&#8220;The Government is sorry to see that the head of a terrorist organisation such as AQIM, recognised as such by the entire international community, can benefit from the wide editorial scope of France 24 to express himself for a long period of time on the channel&#8217;s airwaves. This organisation, it should be remembered, is a follower of jihadist terrorism and the author of odious crimes that shock the human conscience and have caused thousands of victims throughout the world,&#8221; the statement said.<\/p>\n\n<p>&#8220;In the Sahel-Saharan strip and particularly in Burkina Faso, the indiscriminate violence and terrorist barbarism against the peaceful population is mainly fuelled by this organisation, which harbours nefarious designs for our country and our people, whom the Government has the responsibility to protect,&#8221; the text adds.<\/p>\n\n<p>Consequently, &#8220;the government has decided in all responsibility, and in the name of the higher interest of the Nation, to suspend sine die the broadcasting of France 24 programs throughout the national territory,&#8221; Ou\u00e9draogo continued.<\/p>\n\n<p>&#8220;In the noble struggle to liberate our country from the barbarity of the terrorist hordes and armed bandits, the government warns that it will remain intransigent in defending the vital interests of our people against all those who would play the megaphones in the amplification of terrorist actions and speeches of hatred and division conveyed by these armed groups,&#8221; concluded the Minister of Communication.<\/p>\n\n<p>It should be noted that this suspension comes in a context of high tensions between Paris and Ouagadougou. These differences led the Burkinabe government to demand the departure of the French army and all the military aid workers present in the Burkinabe military administration.<\/p>\n\n<p>Furthermore, in December 2022, the Burkinabe authorities suspended the broadcasting of RFI programs throughout the country. Radio France Internationale was accused of having relayed &#8220;a message of intimidation&#8221; attributed to a &#8220;terrorist leader&#8221;.<\/p>\n\n<p>As a sign of this suspension, on 8 February 2023, the High Council of Communication issued a formal notice to France 24 television for having unjustly attributed to the Burkinabe government the term &#8220;Islamic rebels&#8221; instead of armed terrorist groups in the case of the kidnapping of a group of women in the north of the country. <\/p>\n\n<p>It should be noted that RFI and France 24 have also been suspended in Mali, another country ruled by a military junta, for a year.<\/p>\n","protected":false},"excerpt":{"rendered":"<p>The military junta in power in Burkina Faso announced on Monday 27 March that it had suspended the broadcasting of programs by the news channel France 24 throughout Burkina Faso. The authorities claimed that France 24 gave an interview a fortnight ago to the head of the terrorist group AQIM (Al-Qaeda in the Islamic Maghreb).<\/p>\n","protected":false},"author":2,"featured_media":16406,"comment_status":"open","ping_status":"open","sticky":false,"template":"","format":"standard","meta":{"footnotes":""},"categories":[348],"tags":[],"class_list":{"0":"post-16417","1":"post","2":"type-post","3":"status-publish","4":"format-standard","5":"has-post-thumbnail","7":"category-other-news"},"yoast_head":"<!-- This site is optimized with the Yoast SEO Premium plugin v25.5 (Yoast SEO v25.5) - https:\/\/yoast.com\/wordpress\/plugins\/seo\/ -->\n<title>Burkina Faso suspends France 24 programs - Afro impact<\/title>\n<meta name=\"description\" content=\"The military junta in power in Burkina Faso announced on Monday 27 March that it had suspended the broadcasting of programs by the news channel France 24 throughout Burkina Faso. The authorities claimed that France 24 gave an interview a fortnight ago to the head of the terrorist group AQIM (Al-Qaeda in the Islamic Maghreb).\" \/>\n<meta name=\"robots\" content=\"index, follow, max-snippet:-1, max-image-preview:large, max-video-preview:-1\" \/>\n<link rel=\"canonical\" href=\"https:\/\/www.afro-impact.com\/en\/burkina-faso-suspends-france-24-programs\/\" \/>\n<meta property=\"og:locale\" content=\"en_US\" \/>\n<meta property=\"og:type\" content=\"article\" \/>\n<meta property=\"og:title\" content=\"Burkina Faso suspends France 24 programs - Afro impact\" \/>\n<meta property=\"og:description\" content=\"The military junta in power in Burkina Faso announced on Monday 27 March that it had suspended the broadcasting of programs by the news channel France 24 throughout Burkina Faso. The authorities claimed that France 24 gave an interview a fortnight ago to the head of the terrorist group AQIM (Al-Qaeda in the Islamic Maghreb).\" \/>\n<meta property=\"og:url\" content=\"https:\/\/www.afro-impact.com\/en\/burkina-faso-suspends-france-24-programs\/\" \/>\n<meta property=\"og:site_name\" content=\"Afro impact\" \/>\n<meta property=\"article:publisher\" content=\"https:\/\/www.facebook.com\/AfroimpactMag\" \/>\n<meta property=\"article:author\" content=\"https:\/\/facebook.com\/profile.php?id=100075035589093\" \/>\n<meta property=\"article:published_time\" content=\"2023-03-27T09:36:31+00:00\" \/>\n<meta property=\"article:modified_time\" content=\"2023-06-19T07:23:12+00:00\" \/>\n<meta property=\"og:image\" content=\"https:\/\/www.afro-impact.com\/wp-content\/uploads\/2023\/03\/burkina-france24-suspendu.jpg\" \/>\n\t<meta property=\"og:image:width\" content=\"1024\" \/>\n\t<meta property=\"og:image:height\" content=\"682\" \/>\n\t<meta property=\"og:image:type\" content=\"image\/jpeg\" \/>\n<meta name=\"author\" content=\"Eliane Fatchina\" \/>\n<meta name=\"twitter:card\" content=\"summary_large_image\" \/>\n<meta name=\"twitter:creator\" content=\"@AfroimpactMag\" \/>\n<meta name=\"twitter:site\" content=\"@AfroimpactMag\" \/>\n<meta name=\"twitter:label1\" content=\"Written by\" \/>\n\t<meta name=\"twitter:data1\" content=\"Eliane Fatchina\" \/>\n\t<meta name=\"twitter:label2\" content=\"Est. reading time\" \/>\n\t<meta name=\"twitter:data2\" content=\"3 minutes\" \/>\n<script type=\"application\/ld+json\" class=\"yoast-schema-graph\">{\"@context\":\"https:\/\/schema.org\",\"@graph\":[{\"@type\":\"NewsArticle\",\"@id\":\"https:\/\/www.afro-impact.com\/en\/burkina-faso-suspends-france-24-programs\/#article\",\"isPartOf\":{\"@id\":\"https:\/\/www.afro-impact.com\/en\/burkina-faso-suspends-france-24-programs\/\"},\"author\":{\"name\":\"Eliane Fatchina\",\"@id\":\"https:\/\/www.afro-impact.com\/#\/schema\/person\/5c48f58a7d0cc36b8d96110a4feedf77\"},\"headline\":\"Burkina Faso suspends France 24 programs\",\"datePublished\":\"2023-03-27T09:36:31+00:00\",\"dateModified\":\"2023-06-19T07:23:12+00:00\",\"mainEntityOfPage\":{\"@id\":\"https:\/\/www.afro-impact.com\/en\/burkina-faso-suspends-france-24-programs\/\"},\"wordCount\":531,\"commentCount\":0,\"publisher\":{\"@id\":\"https:\/\/www.afro-impact.com\/#organization\"},\"image\":{\"@id\":\"https:\/\/www.afro-impact.com\/en\/burkina-faso-suspends-france-24-programs\/#primaryimage\"},\"thumbnailUrl\":\"https:\/\/www.afro-impact.com\/wp-content\/uploads\/2023\/03\/burkina-france24-suspendu.jpg\",\"articleSection\":[\"Other\"],\"inLanguage\":\"en-US\",\"potentialAction\":[{\"@type\":\"CommentAction\",\"name\":\"Comment\",\"target\":[\"https:\/\/www.afro-impact.com\/en\/burkina-faso-suspends-france-24-programs\/#respond\"]}],\"copyrightYear\":\"2023\",\"copyrightHolder\":{\"@id\":\"https:\/\/www.afro-impact.com\/#organization\"}},{\"@type\":\"WebPage\",\"@id\":\"https:\/\/www.afro-impact.com\/en\/burkina-faso-suspends-france-24-programs\/\",\"url\":\"https:\/\/www.afro-impact.com\/en\/burkina-faso-suspends-france-24-programs\/\",\"name\":\"Burkina Faso suspends France 24 programs - Afro impact\",\"isPartOf\":{\"@id\":\"https:\/\/www.afro-impact.com\/#website\"},\"primaryImageOfPage\":{\"@id\":\"https:\/\/www.afro-impact.com\/en\/burkina-faso-suspends-france-24-programs\/#primaryimage\"},\"image\":{\"@id\":\"https:\/\/www.afro-impact.com\/en\/burkina-faso-suspends-france-24-programs\/#primaryimage\"},\"thumbnailUrl\":\"https:\/\/www.afro-impact.com\/wp-content\/uploads\/2023\/03\/burkina-france24-suspendu.jpg\",\"datePublished\":\"2023-03-27T09:36:31+00:00\",\"dateModified\":\"2023-06-19T07:23:12+00:00\",\"description\":\"The military junta in power in Burkina Faso announced on Monday 27 March that it had suspended the broadcasting of programs by the news channel France 24 throughout Burkina Faso. The authorities claimed that France 24 gave an interview a fortnight ago to the head of the terrorist group AQIM (Al-Qaeda in the Islamic Maghreb).\",\"breadcrumb\":{\"@id\":\"https:\/\/www.afro-impact.com\/en\/burkina-faso-suspends-france-24-programs\/#breadcrumb\"},\"inLanguage\":\"en-US\",\"potentialAction\":[{\"@type\":\"ReadAction\",\"target\":[\"https:\/\/www.afro-impact.com\/en\/burkina-faso-suspends-france-24-programs\/\"]}]},{\"@type\":\"ImageObject\",\"inLanguage\":\"en-US\",\"@id\":\"https:\/\/www.afro-impact.com\/en\/burkina-faso-suspends-france-24-programs\/#primaryimage\",\"url\":\"https:\/\/www.afro-impact.com\/wp-content\/uploads\/2023\/03\/burkina-france24-suspendu.jpg\",\"contentUrl\":\"https:\/\/www.afro-impact.com\/wp-content\/uploads\/2023\/03\/burkina-france24-suspendu.jpg\",\"width\":1024,\"height\":682,\"caption\":\"Burkina Faso suspends the broadcasting of France 24 programs. Picture source: Jeune Afrique\"},{\"@type\":\"BreadcrumbList\",\"@id\":\"https:\/\/www.afro-impact.com\/en\/burkina-faso-suspends-france-24-programs\/#breadcrumb\",\"itemListElement\":[{\"@type\":\"ListItem\",\"position\":1,\"name\":\"News\",\"item\":\"https:\/\/www.afro-impact.com\/\"},{\"@type\":\"ListItem\",\"position\":2,\"name\":\"Autres\",\"item\":\"https:\/\/www.afro-impact.com\/autres-infos\/\"},{\"@type\":\"ListItem\",\"position\":3,\"name\":\"Burkina Faso suspends France 24 programs\"}]},{\"@type\":\"WebSite\",\"@id\":\"https:\/\/www.afro-impact.com\/#website\",\"url\":\"https:\/\/www.afro-impact.com\/\",\"name\":\"Afro impact\",\"description\":\"L&#039;Afrique vu autrement\",\"publisher\":{\"@id\":\"https:\/\/www.afro-impact.com\/#organization\"},\"potentialAction\":[{\"@type\":\"SearchAction\",\"target\":{\"@type\":\"EntryPoint\",\"urlTemplate\":\"https:\/\/www.afro-impact.com\/?s={search_term_string}\"},\"query-input\":{\"@type\":\"PropertyValueSpecification\",\"valueRequired\":true,\"valueName\":\"search_term_string\"}}],\"inLanguage\":\"en-US\"},{\"@type\":[\"Organization\",\"Place\"],\"@id\":\"https:\/\/www.afro-impact.com\/#organization\",\"name\":\"Afro impact\",\"alternateName\":\"carrecube\",\"url\":\"https:\/\/www.afro-impact.com\/\",\"logo\":{\"@id\":\"https:\/\/www.afro-impact.com\/en\/burkina-faso-suspends-france-24-programs\/#local-main-organization-logo\"},\"image\":{\"@id\":\"https:\/\/www.afro-impact.com\/en\/burkina-faso-suspends-france-24-programs\/#local-main-organization-logo\"},\"sameAs\":[\"https:\/\/www.facebook.com\/AfroimpactMag\",\"https:\/\/x.com\/AfroimpactMag\",\"https:\/\/www.youtube.com\/channel\/UCJNIRcX4sVo487fhv0p5KDw\"],\"publishingPrinciples\":\"https:\/\/www.afro-impact.com\/a-propos-magazine-afro-impact\/\",\"ownershipFundingInfo\":\"https:\/\/www.afro-impact.com\/mentions-legales\/\",\"actionableFeedbackPolicy\":\"https:\/\/www.afro-impact.com\/conditions-generales\/\",\"correctionsPolicy\":\"https:\/\/www.afro-impact.com\/dmca-retrait\/\",\"address\":{\"@id\":\"https:\/\/www.afro-impact.com\/en\/burkina-faso-suspends-france-24-programs\/#local-main-place-address\"},\"geo\":{\"@type\":\"GeoCoordinates\",\"latitude\":\"6.389282121878214\",\"longitude\":\"2.3602318590634495\"},\"telephone\":[\"+229 54900806\"],\"openingHoursSpecification\":[{\"@type\":\"OpeningHoursSpecification\",\"dayOfWeek\":[\"Monday\",\"Tuesday\",\"Wednesday\",\"Thursday\",\"Friday\",\"Saturday\",\"Sunday\"],\"opens\":\"00:00\",\"closes\":\"23:59\"}],\"email\":\"redaction@afro-impact.com\",\"vatID\":\"0 2022 1395 5557\"},{\"@type\":\"Person\",\"@id\":\"https:\/\/www.afro-impact.com\/#\/schema\/person\/5c48f58a7d0cc36b8d96110a4feedf77\",\"name\":\"Eliane Fatchina\",\"image\":{\"@type\":\"ImageObject\",\"inLanguage\":\"en-US\",\"@id\":\"https:\/\/www.afro-impact.com\/#\/schema\/person\/image\/\",\"url\":\"https:\/\/www.afro-impact.com\/wp-content\/litespeed\/avatar\/5f9f737261a53c0e086b34b0464cb9e1.jpg?ver=1777018517\",\"contentUrl\":\"https:\/\/www.afro-impact.com\/wp-content\/litespeed\/avatar\/5f9f737261a53c0e086b34b0464cb9e1.jpg?ver=1777018517\",\"caption\":\"Eliane Fatchina\"},\"description\":\"Eliane Yabo Omonlayo Fatchina est une journaliste reporter \u00e0 Afro impact. Titulaire d\u2019une licence professionnelle en journalisme \u00e0 l\u2019ENSTIC du B\u00e9nin, elle est une panafricaniste passionn\u00e9e de culture, des questions de soci\u00e9t\u00e9 et d\u2019environnement. Avec d\u00e9j\u00e0 sept ans d\u2019exp\u00e9riences, elle s\u2019emploie quotidiennement \u00e0 donner de la voix aux id\u00e9es \u00e0 travers l\u2019\u00e9criture.\",\"sameAs\":[\"https:\/\/facebook.com\/profile.php?id=100075035589093\"],\"url\":\"https:\/\/www.afro-impact.com\/en\/author\/omonlayo\/\"},{\"@type\":\"PostalAddress\",\"@id\":\"https:\/\/www.afro-impact.com\/en\/burkina-faso-suspends-france-24-programs\/#local-main-place-address\",\"streetAddress\":\"Carr\u00e9 2167 Kindonou, Cotonou, BENIN, 07 BP 1128 Cotonou, BENIN\",\"addressLocality\":\"Cotonou\",\"postalCode\":\"+229\",\"addressRegion\":\"Littoral\",\"addressCountry\":\"BJ\"},{\"@type\":\"ImageObject\",\"inLanguage\":\"en-US\",\"@id\":\"https:\/\/www.afro-impact.com\/en\/burkina-faso-suspends-france-24-programs\/#local-main-organization-logo\",\"url\":\"https:\/\/www.afro-impact.com\/wp-content\/uploads\/2022\/01\/logo-afro-impact-share-social.png\",\"contentUrl\":\"https:\/\/www.afro-impact.com\/wp-content\/uploads\/2022\/01\/logo-afro-impact-share-social.png\",\"width\":300,\"height\":300,\"caption\":\"Afro impact\"}]}<\/script>\n<meta name=\"geo.placename\" content=\"Cotonou\" \/>\n<meta name=\"geo.position\" content=\"6.389282121878214;2.3602318590634495\" \/>\n<meta name=\"geo.region\" content=\"Benin\" \/>\n<!-- \/ Yoast SEO Premium plugin. -->","yoast_head_json":{"title":"Burkina Faso suspends France 24 programs - Afro impact","description":"The military junta in power in Burkina Faso announced on Monday 27 March that it had suspended the broadcasting of programs by the news channel France 24 throughout Burkina Faso. The authorities claimed that France 24 gave an interview a fortnight ago to the head of the terrorist group AQIM (Al-Qaeda in the Islamic Maghreb).","robots":{"index":"index","follow":"follow","max-snippet":"max-snippet:-1","max-image-preview":"max-image-preview:large","max-video-preview":"max-video-preview:-1"},"canonical":"https:\/\/www.afro-impact.com\/en\/burkina-faso-suspends-france-24-programs\/","og_locale":"en_US","og_type":"article","og_title":"Burkina Faso suspends France 24 programs - Afro impact","og_description":"The military junta in power in Burkina Faso announced on Monday 27 March that it had suspended the broadcasting of programs by the news channel France 24 throughout Burkina Faso. The authorities claimed that France 24 gave an interview a fortnight ago to the head of the terrorist group AQIM (Al-Qaeda in the Islamic Maghreb).","og_url":"https:\/\/www.afro-impact.com\/en\/burkina-faso-suspends-france-24-programs\/","og_site_name":"Afro impact","article_publisher":"https:\/\/www.facebook.com\/AfroimpactMag","article_author":"https:\/\/facebook.com\/profile.php?id=100075035589093","article_published_time":"2023-03-27T09:36:31+00:00","article_modified_time":"2023-06-19T07:23:12+00:00","og_image":[{"width":1024,"height":682,"url":"https:\/\/www.afro-impact.com\/wp-content\/uploads\/2023\/03\/burkina-france24-suspendu.jpg","type":"image\/jpeg"}],"author":"Eliane Fatchina","twitter_card":"summary_large_image","twitter_creator":"@AfroimpactMag","twitter_site":"@AfroimpactMag","twitter_misc":{"Written by":"Eliane Fatchina","Est. reading time":"3 minutes"},"schema":{"@context":"https:\/\/schema.org","@graph":[{"@type":"NewsArticle","@id":"https:\/\/www.afro-impact.com\/en\/burkina-faso-suspends-france-24-programs\/#article","isPartOf":{"@id":"https:\/\/www.afro-impact.com\/en\/burkina-faso-suspends-france-24-programs\/"},"author":{"name":"Eliane Fatchina","@id":"https:\/\/www.afro-impact.com\/#\/schema\/person\/5c48f58a7d0cc36b8d96110a4feedf77"},"headline":"Burkina Faso suspends France 24 programs","datePublished":"2023-03-27T09:36:31+00:00","dateModified":"2023-06-19T07:23:12+00:00","mainEntityOfPage":{"@id":"https:\/\/www.afro-impact.com\/en\/burkina-faso-suspends-france-24-programs\/"},"wordCount":531,"commentCount":0,"publisher":{"@id":"https:\/\/www.afro-impact.com\/#organization"},"image":{"@id":"https:\/\/www.afro-impact.com\/en\/burkina-faso-suspends-france-24-programs\/#primaryimage"},"thumbnailUrl":"https:\/\/www.afro-impact.com\/wp-content\/uploads\/2023\/03\/burkina-france24-suspendu.jpg","articleSection":["Other"],"inLanguage":"en-US","potentialAction":[{"@type":"CommentAction","name":"Comment","target":["https:\/\/www.afro-impact.com\/en\/burkina-faso-suspends-france-24-programs\/#respond"]}],"copyrightYear":"2023","copyrightHolder":{"@id":"https:\/\/www.afro-impact.com\/#organization"}},{"@type":"WebPage","@id":"https:\/\/www.afro-impact.com\/en\/burkina-faso-suspends-france-24-programs\/","url":"https:\/\/www.afro-impact.com\/en\/burkina-faso-suspends-france-24-programs\/","name":"Burkina Faso suspends France 24 programs - Afro impact","isPartOf":{"@id":"https:\/\/www.afro-impact.com\/#website"},"primaryImageOfPage":{"@id":"https:\/\/www.afro-impact.com\/en\/burkina-faso-suspends-france-24-programs\/#primaryimage"},"image":{"@id":"https:\/\/www.afro-impact.com\/en\/burkina-faso-suspends-france-24-programs\/#primaryimage"},"thumbnailUrl":"https:\/\/www.afro-impact.com\/wp-content\/uploads\/2023\/03\/burkina-france24-suspendu.jpg","datePublished":"2023-03-27T09:36:31+00:00","dateModified":"2023-06-19T07:23:12+00:00","description":"The military junta in power in Burkina Faso announced on Monday 27 March that it had suspended the broadcasting of programs by the news channel France 24 throughout Burkina Faso. The authorities claimed that France 24 gave an interview a fortnight ago to the head of the terrorist group AQIM (Al-Qaeda in the Islamic Maghreb).","breadcrumb":{"@id":"https:\/\/www.afro-impact.com\/en\/burkina-faso-suspends-france-24-programs\/#breadcrumb"},"inLanguage":"en-US","potentialAction":[{"@type":"ReadAction","target":["https:\/\/www.afro-impact.com\/en\/burkina-faso-suspends-france-24-programs\/"]}]},{"@type":"ImageObject","inLanguage":"en-US","@id":"https:\/\/www.afro-impact.com\/en\/burkina-faso-suspends-france-24-programs\/#primaryimage","url":"https:\/\/www.afro-impact.com\/wp-content\/uploads\/2023\/03\/burkina-france24-suspendu.jpg","contentUrl":"https:\/\/www.afro-impact.com\/wp-content\/uploads\/2023\/03\/burkina-france24-suspendu.jpg","width":1024,"height":682,"caption":"Burkina Faso suspends the broadcasting of France 24 programs. Picture source: Jeune Afrique"},{"@type":"BreadcrumbList","@id":"https:\/\/www.afro-impact.com\/en\/burkina-faso-suspends-france-24-programs\/#breadcrumb","itemListElement":[{"@type":"ListItem","position":1,"name":"News","item":"https:\/\/www.afro-impact.com\/"},{"@type":"ListItem","position":2,"name":"Autres","item":"https:\/\/www.afro-impact.com\/autres-infos\/"},{"@type":"ListItem","position":3,"name":"Burkina Faso suspends France 24 programs"}]},{"@type":"WebSite","@id":"https:\/\/www.afro-impact.com\/#website","url":"https:\/\/www.afro-impact.com\/","name":"Afro impact","description":"L&#039;Afrique vu autrement","publisher":{"@id":"https:\/\/www.afro-impact.com\/#organization"},"potentialAction":[{"@type":"SearchAction","target":{"@type":"EntryPoint","urlTemplate":"https:\/\/www.afro-impact.com\/?s={search_term_string}"},"query-input":{"@type":"PropertyValueSpecification","valueRequired":true,"valueName":"search_term_string"}}],"inLanguage":"en-US"},{"@type":["Organization","Place"],"@id":"https:\/\/www.afro-impact.com\/#organization","name":"Afro impact","alternateName":"carrecube","url":"https:\/\/www.afro-impact.com\/","logo":{"@id":"https:\/\/www.afro-impact.com\/en\/burkina-faso-suspends-france-24-programs\/#local-main-organization-logo"},"image":{"@id":"https:\/\/www.afro-impact.com\/en\/burkina-faso-suspends-france-24-programs\/#local-main-organization-logo"},"sameAs":["https:\/\/www.facebook.com\/AfroimpactMag","https:\/\/x.com\/AfroimpactMag","https:\/\/www.youtube.com\/channel\/UCJNIRcX4sVo487fhv0p5KDw"],"publishingPrinciples":"https:\/\/www.afro-impact.com\/a-propos-magazine-afro-impact\/","ownershipFundingInfo":"https:\/\/www.afro-impact.com\/mentions-legales\/","actionableFeedbackPolicy":"https:\/\/www.afro-impact.com\/conditions-generales\/","correctionsPolicy":"https:\/\/www.afro-impact.com\/dmca-retrait\/","address":{"@id":"https:\/\/www.afro-impact.com\/en\/burkina-faso-suspends-france-24-programs\/#local-main-place-address"},"geo":{"@type":"GeoCoordinates","latitude":"6.389282121878214","longitude":"2.3602318590634495"},"telephone":["+229 54900806"],"openingHoursSpecification":[{"@type":"OpeningHoursSpecification","dayOfWeek":["Monday","Tuesday","Wednesday","Thursday","Friday","Saturday","Sunday"],"opens":"00:00","closes":"23:59"}],"email":"redaction@afro-impact.com","vatID":"0 2022 1395 5557"},{"@type":"Person","@id":"https:\/\/www.afro-impact.com\/#\/schema\/person\/5c48f58a7d0cc36b8d96110a4feedf77","name":"Eliane Fatchina","image":{"@type":"ImageObject","inLanguage":"en-US","@id":"https:\/\/www.afro-impact.com\/#\/schema\/person\/image\/","url":"https:\/\/www.afro-impact.com\/wp-content\/litespeed\/avatar\/5f9f737261a53c0e086b34b0464cb9e1.jpg?ver=1777018517","contentUrl":"https:\/\/www.afro-impact.com\/wp-content\/litespeed\/avatar\/5f9f737261a53c0e086b34b0464cb9e1.jpg?ver=1777018517","caption":"Eliane Fatchina"},"description":"Eliane Yabo Omonlayo Fatchina est une journaliste reporter \u00e0 Afro impact. Titulaire d\u2019une licence professionnelle en journalisme \u00e0 l\u2019ENSTIC du B\u00e9nin, elle est une panafricaniste passionn\u00e9e de culture, des questions de soci\u00e9t\u00e9 et d\u2019environnement. Avec d\u00e9j\u00e0 sept ans d\u2019exp\u00e9riences, elle s\u2019emploie quotidiennement \u00e0 donner de la voix aux id\u00e9es \u00e0 travers l\u2019\u00e9criture.","sameAs":["https:\/\/facebook.com\/profile.php?id=100075035589093"],"url":"https:\/\/www.afro-impact.com\/en\/author\/omonlayo\/"},{"@type":"PostalAddress","@id":"https:\/\/www.afro-impact.com\/en\/burkina-faso-suspends-france-24-programs\/#local-main-place-address","streetAddress":"Carr\u00e9 2167 Kindonou, Cotonou, BENIN, 07 BP 1128 Cotonou, BENIN","addressLocality":"Cotonou","postalCode":"+229","addressRegion":"Littoral","addressCountry":"BJ"},{"@type":"ImageObject","inLanguage":"en-US","@id":"https:\/\/www.afro-impact.com\/en\/burkina-faso-suspends-france-24-programs\/#local-main-organization-logo","url":"https:\/\/www.afro-impact.com\/wp-content\/uploads\/2022\/01\/logo-afro-impact-share-social.png","contentUrl":"https:\/\/www.afro-impact.com\/wp-content\/uploads\/2022\/01\/logo-afro-impact-share-social.png","width":300,"height":300,"caption":"Afro impact"}]},"geo.placename":"Cotonou","geo.position":{"lat":"6.389282121878214","long":"2.3602318590634495"},"geo.region":"Benin"},"_links":{"self":[{"href":"https:\/\/www.afro-impact.com\/en\/wp-json\/wp\/v2\/posts\/16417","targetHints":{"allow":["GET"]}}],"collection":[{"href":"https:\/\/www.afro-impact.com\/en\/wp-json\/wp\/v2\/posts"}],"about":[{"href":"https:\/\/www.afro-impact.com\/en\/wp-json\/wp\/v2\/types\/post"}],"author":[{"embeddable":true,"href":"https:\/\/www.afro-impact.com\/en\/wp-json\/wp\/v2\/users\/2"}],"replies":[{"embeddable":true,"href":"https:\/\/www.afro-impact.com\/en\/wp-json\/wp\/v2\/comments?post=16417"}],"version-history":[{"count":0,"href":"https:\/\/www.afro-impact.com\/en\/wp-json\/wp\/v2\/posts\/16417\/revisions"}],"wp:featuredmedia":[{"embeddable":true,"href":"https:\/\/www.afro-impact.com\/en\/wp-json\/wp\/v2\/media\/16406"}],"wp:attachment":[{"href":"https:\/\/www.afro-impact.com\/en\/wp-json\/wp\/v2\/media?parent=16417"}],"wp:term":[{"taxonomy":"category","embeddable":true,"href":"https:\/\/www.afro-impact.com\/en\/wp-json\/wp\/v2\/categories?post=16417"},{"taxonomy":"post_tag","embeddable":true,"href":"https:\/\/www.afro-impact.com\/en\/wp-json\/wp\/v2\/tags?post=16417"}],"curies":[{"name":"wp","href":"https:\/\/api.w.org\/{rel}","templated":true}]}}