{"id":16447,"date":"2023-03-25T18:29:06","date_gmt":"2023-03-25T17:29:06","guid":{"rendered":"https:\/\/www.afro-impact.com\/benin-the-democrats-initiate-an-amnesty-law-for-political-prisoners-and-exiles\/"},"modified":"2023-06-19T08:23:45","modified_gmt":"2023-06-19T07:23:45","slug":"benin-the-democrats-initiate-an-amnesty-law-for-political-prisoners-and-exiles","status":"publish","type":"post","link":"https:\/\/www.afro-impact.com\/en\/benin-the-democrats-initiate-an-amnesty-law-for-political-prisoners-and-exiles\/","title":{"rendered":"Benin: The Democrats initiate an amnesty law for political prisoners and exiles."},"content":{"rendered":"\n<p><strong>In Benin, the opposition party The Democrats announced on Friday 24 March, through a press conference, that it had initiated a special amnesty law for imprisoned political opponents and those in exile. <\/strong><\/p>\n\n<p>The initiative, which comes from the parliamentary group The Democrats, aims to ease the socio-political situation in Benin, which is characterised by a context of high tensions that have undermined social cohesion and national unity in recent years.<\/p>\n\n<p>Thus, this bill has two (02) titles with nine (09) articles according to the president of the party&#8217;s parliamentary group. Title 1 takes into account the amnesty of political figures in prison, political detainees and all those who are provisionally released. This is the case, according to the speakers, of R\u00e9ckya Madougou and Jo\u00ebl A\u00efvo.<\/p>\n\n<p>Title 2 deals with amnesty and\/or the dropping of legal proceedings against Benin&#8217;s political figures living in exile. These are Valentin Agossou DJENONTIN, L\u00e9hady Vinagnon SOGLO, Komi KOUTCHE, S\u00e9bastien Germain AJAVON, Fatouma AMADOU DJIBRIL, Amiss\u00e9tou AFFO DJOBO, etc., say The Democrats<\/p>\n\n<p>Acknowledging that their number is largely insufficient to pass a bill in the National Assembly, The Democrats then invited the other parliamentary groups with a majority in parliament to spare no effort to pass the bill in the interest of Benin<\/p>\n\n<p>In addition, Eric Hound\u00e9t\u00e9 and his teammates prayed to &#8220;His Excellency Patrice TALON, President of the Republic and father of all Beninese, to work for the successful completion of this law, all of which will strengthen his economic, political and social record,&#8221; they said.<\/p>\n\n<p>Moreover, this announcement of the proposed law comes in a context where the conditions of detention of political opponents such as R\u00e9ckya Madougou and Jo\u00ebl A\u00efvo are widely criticised. Earlier on Friday, former President Boni Yayi had called on President Patrice Talon on the appalling conditions of detention of these two political figures. &#8220;The isolation of a detainee, deprived of any possibility of communication, of any possibility of information, of any possibility of calling his family and moreover of access to his lawyer, constitutes an act of torture,&#8221; wrote the former President of the Republic. <\/p>\n","protected":false},"excerpt":{"rendered":"<p>In Benin, the opposition party The Democrats announced on Friday 24 March, through a press conference, that it had initiated a special amnesty law for imprisoned political opponents and those in exile. The initiative, which comes from the parliamentary group The Democrats, aims to ease the socio-political situation in Benin, which is characterised by a<\/p>\n","protected":false},"author":10,"featured_media":16353,"comment_status":"open","ping_status":"open","sticky":false,"template":"","format":"standard","meta":{"footnotes":""},"categories":[1476],"tags":[213],"class_list":{"0":"post-16447","1":"post","2":"type-post","3":"status-publish","4":"format-standard","5":"has-post-thumbnail","7":"category-politics","8":"tag-benin-en"},"yoast_head":"<!-- This site is optimized with the Yoast SEO Premium plugin v25.5 (Yoast SEO v25.5) - https:\/\/yoast.com\/wordpress\/plugins\/seo\/ -->\n<title>Benin: The Democrats initiate an amnesty law for political prisoners and exiles. - Afro impact<\/title>\n<meta name=\"description\" content=\"In Benin, the opposition party The Democrats announced on Friday 24 March, through a press conference, that it had initiated a special amnesty law for imprisoned political opponents and those in exile.\" \/>\n<meta name=\"robots\" content=\"index, follow, max-snippet:-1, max-image-preview:large, max-video-preview:-1\" \/>\n<link rel=\"canonical\" href=\"https:\/\/www.afro-impact.com\/en\/benin-the-democrats-initiate-an-amnesty-law-for-political-prisoners-and-exiles\/\" \/>\n<meta property=\"og:locale\" content=\"en_US\" \/>\n<meta property=\"og:type\" content=\"article\" \/>\n<meta property=\"og:title\" content=\"Benin: The Democrats initiate an amnesty law for political prisoners and exiles. - Afro impact\" \/>\n<meta property=\"og:description\" content=\"In Benin, the opposition party The Democrats announced on Friday 24 March, through a press conference, that it had initiated a special amnesty law for imprisoned political opponents and those in exile.\" \/>\n<meta property=\"og:url\" content=\"https:\/\/www.afro-impact.com\/en\/benin-the-democrats-initiate-an-amnesty-law-for-political-prisoners-and-exiles\/\" \/>\n<meta property=\"og:site_name\" content=\"Afro impact\" \/>\n<meta property=\"article:publisher\" content=\"https:\/\/www.facebook.com\/AfroimpactMag\" \/>\n<meta property=\"article:author\" content=\"https:\/\/facebook.com\/AfroimpactMag\" \/>\n<meta property=\"article:published_time\" content=\"2023-03-25T17:29:06+00:00\" \/>\n<meta property=\"article:modified_time\" content=\"2023-06-19T07:23:45+00:00\" \/>\n<meta property=\"og:image\" content=\"https:\/\/www.afro-impact.com\/wp-content\/uploads\/2023\/03\/reckya-madougou-benin-1.jpg\" \/>\n\t<meta property=\"og:image:width\" content=\"1200\" \/>\n\t<meta property=\"og:image:height\" content=\"800\" \/>\n\t<meta property=\"og:image:type\" content=\"image\/jpeg\" \/>\n<meta name=\"author\" content=\"La r\u00e9daction Afro impact\" \/>\n<meta name=\"twitter:card\" content=\"summary_large_image\" \/>\n<meta name=\"twitter:creator\" content=\"@AfroimpactMag\" \/>\n<meta name=\"twitter:site\" content=\"@AfroimpactMag\" \/>\n<meta name=\"twitter:label1\" content=\"Written by\" \/>\n\t<meta name=\"twitter:data1\" content=\"Afro impact Newsroom\" \/>\n\t<meta name=\"twitter:label2\" content=\"Est. reading time\" \/>\n\t<meta name=\"twitter:data2\" content=\"2 minutes\" \/>\n<script type=\"application\/ld+json\" class=\"yoast-schema-graph\">{\"@context\":\"https:\/\/schema.org\",\"@graph\":[{\"@type\":\"NewsArticle\",\"@id\":\"https:\/\/www.afro-impact.com\/en\/benin-the-democrats-initiate-an-amnesty-law-for-political-prisoners-and-exiles\/#article\",\"isPartOf\":{\"@id\":\"https:\/\/www.afro-impact.com\/en\/benin-the-democrats-initiate-an-amnesty-law-for-political-prisoners-and-exiles\/\"},\"author\":{\"name\":\"La r\u00e9daction Afro impact\",\"@id\":\"https:\/\/www.afro-impact.com\/#\/schema\/person\/6b1b61940a2bf5253055f558744235d5\"},\"headline\":\"Benin: The Democrats initiate an amnesty law for political prisoners and exiles.\",\"datePublished\":\"2023-03-25T17:29:06+00:00\",\"dateModified\":\"2023-06-19T07:23:45+00:00\",\"mainEntityOfPage\":{\"@id\":\"https:\/\/www.afro-impact.com\/en\/benin-the-democrats-initiate-an-amnesty-law-for-political-prisoners-and-exiles\/\"},\"wordCount\":366,\"commentCount\":0,\"publisher\":{\"@id\":\"https:\/\/www.afro-impact.com\/#organization\"},\"image\":{\"@id\":\"https:\/\/www.afro-impact.com\/en\/benin-the-democrats-initiate-an-amnesty-law-for-political-prisoners-and-exiles\/#primaryimage\"},\"thumbnailUrl\":\"https:\/\/www.afro-impact.com\/wp-content\/uploads\/2023\/03\/reckya-madougou-benin-1.jpg\",\"keywords\":[\"Benin\"],\"articleSection\":[\"Politics\"],\"inLanguage\":\"en-US\",\"potentialAction\":[{\"@type\":\"CommentAction\",\"name\":\"Comment\",\"target\":[\"https:\/\/www.afro-impact.com\/en\/benin-the-democrats-initiate-an-amnesty-law-for-political-prisoners-and-exiles\/#respond\"]}],\"copyrightYear\":\"2023\",\"copyrightHolder\":{\"@id\":\"https:\/\/www.afro-impact.com\/#organization\"}},{\"@type\":\"WebPage\",\"@id\":\"https:\/\/www.afro-impact.com\/en\/benin-the-democrats-initiate-an-amnesty-law-for-political-prisoners-and-exiles\/\",\"url\":\"https:\/\/www.afro-impact.com\/en\/benin-the-democrats-initiate-an-amnesty-law-for-political-prisoners-and-exiles\/\",\"name\":\"Benin: The Democrats initiate an amnesty law for political prisoners and exiles. - Afro impact\",\"isPartOf\":{\"@id\":\"https:\/\/www.afro-impact.com\/#website\"},\"primaryImageOfPage\":{\"@id\":\"https:\/\/www.afro-impact.com\/en\/benin-the-democrats-initiate-an-amnesty-law-for-political-prisoners-and-exiles\/#primaryimage\"},\"image\":{\"@id\":\"https:\/\/www.afro-impact.com\/en\/benin-the-democrats-initiate-an-amnesty-law-for-political-prisoners-and-exiles\/#primaryimage\"},\"thumbnailUrl\":\"https:\/\/www.afro-impact.com\/wp-content\/uploads\/2023\/03\/reckya-madougou-benin-1.jpg\",\"datePublished\":\"2023-03-25T17:29:06+00:00\",\"dateModified\":\"2023-06-19T07:23:45+00:00\",\"description\":\"In Benin, the opposition party The Democrats announced on Friday 24 March, through a press conference, that it had initiated a special amnesty law for imprisoned political opponents and those in exile.\",\"breadcrumb\":{\"@id\":\"https:\/\/www.afro-impact.com\/en\/benin-the-democrats-initiate-an-amnesty-law-for-political-prisoners-and-exiles\/#breadcrumb\"},\"inLanguage\":\"en-US\",\"potentialAction\":[{\"@type\":\"ReadAction\",\"target\":[\"https:\/\/www.afro-impact.com\/en\/benin-the-democrats-initiate-an-amnesty-law-for-political-prisoners-and-exiles\/\"]}]},{\"@type\":\"ImageObject\",\"inLanguage\":\"en-US\",\"@id\":\"https:\/\/www.afro-impact.com\/en\/benin-the-democrats-initiate-an-amnesty-law-for-political-prisoners-and-exiles\/#primaryimage\",\"url\":\"https:\/\/www.afro-impact.com\/wp-content\/uploads\/2023\/03\/reckya-madougou-benin-1.jpg\",\"contentUrl\":\"https:\/\/www.afro-impact.com\/wp-content\/uploads\/2023\/03\/reckya-madougou-benin-1.jpg\",\"width\":1200,\"height\":800,\"caption\":\"Ms R\u00e9ckya Madougou, rejected candidate of The Democrats for the 2021 presidential elections in Benin\"},{\"@type\":\"BreadcrumbList\",\"@id\":\"https:\/\/www.afro-impact.com\/en\/benin-the-democrats-initiate-an-amnesty-law-for-political-prisoners-and-exiles\/#breadcrumb\",\"itemListElement\":[{\"@type\":\"ListItem\",\"position\":1,\"name\":\"News\",\"item\":\"https:\/\/www.afro-impact.com\/\"},{\"@type\":\"ListItem\",\"position\":2,\"name\":\"Politique\",\"item\":\"https:\/\/www.afro-impact.com\/politique\/\"},{\"@type\":\"ListItem\",\"position\":3,\"name\":\"Benin: The Democrats initiate an amnesty law for political prisoners and exiles.\"}]},{\"@type\":\"WebSite\",\"@id\":\"https:\/\/www.afro-impact.com\/#website\",\"url\":\"https:\/\/www.afro-impact.com\/\",\"name\":\"Afro impact\",\"description\":\"L&#039;Afrique vu autrement\",\"publisher\":{\"@id\":\"https:\/\/www.afro-impact.com\/#organization\"},\"potentialAction\":[{\"@type\":\"SearchAction\",\"target\":{\"@type\":\"EntryPoint\",\"urlTemplate\":\"https:\/\/www.afro-impact.com\/?s={search_term_string}\"},\"query-input\":{\"@type\":\"PropertyValueSpecification\",\"valueRequired\":true,\"valueName\":\"search_term_string\"}}],\"inLanguage\":\"en-US\"},{\"@type\":[\"Organization\",\"Place\"],\"@id\":\"https:\/\/www.afro-impact.com\/#organization\",\"name\":\"Afro impact\",\"alternateName\":\"carrecube\",\"url\":\"https:\/\/www.afro-impact.com\/\",\"logo\":{\"@id\":\"https:\/\/www.afro-impact.com\/en\/benin-the-democrats-initiate-an-amnesty-law-for-political-prisoners-and-exiles\/#local-main-organization-logo\"},\"image\":{\"@id\":\"https:\/\/www.afro-impact.com\/en\/benin-the-democrats-initiate-an-amnesty-law-for-political-prisoners-and-exiles\/#local-main-organization-logo\"},\"sameAs\":[\"https:\/\/www.facebook.com\/AfroimpactMag\",\"https:\/\/x.com\/AfroimpactMag\",\"https:\/\/www.youtube.com\/channel\/UCJNIRcX4sVo487fhv0p5KDw\"],\"publishingPrinciples\":\"https:\/\/www.afro-impact.com\/a-propos-magazine-afro-impact\/\",\"ownershipFundingInfo\":\"https:\/\/www.afro-impact.com\/mentions-legales\/\",\"actionableFeedbackPolicy\":\"https:\/\/www.afro-impact.com\/conditions-generales\/\",\"correctionsPolicy\":\"https:\/\/www.afro-impact.com\/dmca-retrait\/\",\"address\":{\"@id\":\"https:\/\/www.afro-impact.com\/en\/benin-the-democrats-initiate-an-amnesty-law-for-political-prisoners-and-exiles\/#local-main-place-address\"},\"geo\":{\"@type\":\"GeoCoordinates\",\"latitude\":\"6.389282121878214\",\"longitude\":\"2.3602318590634495\"},\"telephone\":[\"+229 54900806\"],\"openingHoursSpecification\":[{\"@type\":\"OpeningHoursSpecification\",\"dayOfWeek\":[\"Monday\",\"Tuesday\",\"Wednesday\",\"Thursday\",\"Friday\",\"Saturday\",\"Sunday\"],\"opens\":\"00:00\",\"closes\":\"23:59\"}],\"email\":\"redaction@afro-impact.com\",\"vatID\":\"0 2022 1395 5557\"},{\"@type\":\"Person\",\"@id\":\"https:\/\/www.afro-impact.com\/#\/schema\/person\/6b1b61940a2bf5253055f558744235d5\",\"name\":\"La r\u00e9daction Afro impact\",\"image\":{\"@type\":\"ImageObject\",\"inLanguage\":\"en-US\",\"@id\":\"https:\/\/www.afro-impact.com\/#\/schema\/person\/image\/\",\"url\":\"https:\/\/www.afro-impact.com\/wp-content\/litespeed\/avatar\/8895e3be14a72c0f71971cfda830a8ea.jpg?ver=1777020284\",\"contentUrl\":\"https:\/\/www.afro-impact.com\/wp-content\/litespeed\/avatar\/8895e3be14a72c0f71971cfda830a8ea.jpg?ver=1777020284\",\"caption\":\"La r\u00e9daction Afro impact\"},\"description\":\"La r\u00e9daction de Afro impact se propose de vous livrer l\u2019information africaine dans sa globalit\u00e9, sans parti pris, afin de donner une image vraie du continent Africain.\",\"sameAs\":[\"https:\/\/facebook.com\/AfroimpactMag\"],\"url\":\"https:\/\/www.afro-impact.com\/en\/author\/nouvelles\/\"},{\"@type\":\"PostalAddress\",\"@id\":\"https:\/\/www.afro-impact.com\/en\/benin-the-democrats-initiate-an-amnesty-law-for-political-prisoners-and-exiles\/#local-main-place-address\",\"streetAddress\":\"Carr\u00e9 2167 Kindonou, Cotonou, BENIN, 07 BP 1128 Cotonou, BENIN\",\"addressLocality\":\"Cotonou\",\"postalCode\":\"+229\",\"addressRegion\":\"Littoral\",\"addressCountry\":\"BJ\"},{\"@type\":\"ImageObject\",\"inLanguage\":\"en-US\",\"@id\":\"https:\/\/www.afro-impact.com\/en\/benin-the-democrats-initiate-an-amnesty-law-for-political-prisoners-and-exiles\/#local-main-organization-logo\",\"url\":\"https:\/\/www.afro-impact.com\/wp-content\/uploads\/2022\/01\/logo-afro-impact-share-social.png\",\"contentUrl\":\"https:\/\/www.afro-impact.com\/wp-content\/uploads\/2022\/01\/logo-afro-impact-share-social.png\",\"width\":300,\"height\":300,\"caption\":\"Afro impact\"}]}<\/script>\n<meta name=\"geo.placename\" content=\"Cotonou\" \/>\n<meta name=\"geo.position\" content=\"6.389282121878214;2.3602318590634495\" \/>\n<meta name=\"geo.region\" content=\"Benin\" \/>\n<!-- \/ Yoast SEO Premium plugin. -->","yoast_head_json":{"title":"Benin: The Democrats initiate an amnesty law for political prisoners and exiles. - Afro impact","description":"In Benin, the opposition party The Democrats announced on Friday 24 March, through a press conference, that it had initiated a special amnesty law for imprisoned political opponents and those in exile.","robots":{"index":"index","follow":"follow","max-snippet":"max-snippet:-1","max-image-preview":"max-image-preview:large","max-video-preview":"max-video-preview:-1"},"canonical":"https:\/\/www.afro-impact.com\/en\/benin-the-democrats-initiate-an-amnesty-law-for-political-prisoners-and-exiles\/","og_locale":"en_US","og_type":"article","og_title":"Benin: The Democrats initiate an amnesty law for political prisoners and exiles. - Afro impact","og_description":"In Benin, the opposition party The Democrats announced on Friday 24 March, through a press conference, that it had initiated a special amnesty law for imprisoned political opponents and those in exile.","og_url":"https:\/\/www.afro-impact.com\/en\/benin-the-democrats-initiate-an-amnesty-law-for-political-prisoners-and-exiles\/","og_site_name":"Afro impact","article_publisher":"https:\/\/www.facebook.com\/AfroimpactMag","article_author":"https:\/\/facebook.com\/AfroimpactMag","article_published_time":"2023-03-25T17:29:06+00:00","article_modified_time":"2023-06-19T07:23:45+00:00","og_image":[{"width":1200,"height":800,"url":"https:\/\/www.afro-impact.com\/wp-content\/uploads\/2023\/03\/reckya-madougou-benin-1.jpg","type":"image\/jpeg"}],"author":"La r\u00e9daction Afro impact","twitter_card":"summary_large_image","twitter_creator":"@AfroimpactMag","twitter_site":"@AfroimpactMag","twitter_misc":{"Written by":"Afro impact Newsroom","Est. reading time":"2 minutes"},"schema":{"@context":"https:\/\/schema.org","@graph":[{"@type":"NewsArticle","@id":"https:\/\/www.afro-impact.com\/en\/benin-the-democrats-initiate-an-amnesty-law-for-political-prisoners-and-exiles\/#article","isPartOf":{"@id":"https:\/\/www.afro-impact.com\/en\/benin-the-democrats-initiate-an-amnesty-law-for-political-prisoners-and-exiles\/"},"author":{"name":"La r\u00e9daction Afro impact","@id":"https:\/\/www.afro-impact.com\/#\/schema\/person\/6b1b61940a2bf5253055f558744235d5"},"headline":"Benin: The Democrats initiate an amnesty law for political prisoners and exiles.","datePublished":"2023-03-25T17:29:06+00:00","dateModified":"2023-06-19T07:23:45+00:00","mainEntityOfPage":{"@id":"https:\/\/www.afro-impact.com\/en\/benin-the-democrats-initiate-an-amnesty-law-for-political-prisoners-and-exiles\/"},"wordCount":366,"commentCount":0,"publisher":{"@id":"https:\/\/www.afro-impact.com\/#organization"},"image":{"@id":"https:\/\/www.afro-impact.com\/en\/benin-the-democrats-initiate-an-amnesty-law-for-political-prisoners-and-exiles\/#primaryimage"},"thumbnailUrl":"https:\/\/www.afro-impact.com\/wp-content\/uploads\/2023\/03\/reckya-madougou-benin-1.jpg","keywords":["Benin"],"articleSection":["Politics"],"inLanguage":"en-US","potentialAction":[{"@type":"CommentAction","name":"Comment","target":["https:\/\/www.afro-impact.com\/en\/benin-the-democrats-initiate-an-amnesty-law-for-political-prisoners-and-exiles\/#respond"]}],"copyrightYear":"2023","copyrightHolder":{"@id":"https:\/\/www.afro-impact.com\/#organization"}},{"@type":"WebPage","@id":"https:\/\/www.afro-impact.com\/en\/benin-the-democrats-initiate-an-amnesty-law-for-political-prisoners-and-exiles\/","url":"https:\/\/www.afro-impact.com\/en\/benin-the-democrats-initiate-an-amnesty-law-for-political-prisoners-and-exiles\/","name":"Benin: The Democrats initiate an amnesty law for political prisoners and exiles. - Afro impact","isPartOf":{"@id":"https:\/\/www.afro-impact.com\/#website"},"primaryImageOfPage":{"@id":"https:\/\/www.afro-impact.com\/en\/benin-the-democrats-initiate-an-amnesty-law-for-political-prisoners-and-exiles\/#primaryimage"},"image":{"@id":"https:\/\/www.afro-impact.com\/en\/benin-the-democrats-initiate-an-amnesty-law-for-political-prisoners-and-exiles\/#primaryimage"},"thumbnailUrl":"https:\/\/www.afro-impact.com\/wp-content\/uploads\/2023\/03\/reckya-madougou-benin-1.jpg","datePublished":"2023-03-25T17:29:06+00:00","dateModified":"2023-06-19T07:23:45+00:00","description":"In Benin, the opposition party The Democrats announced on Friday 24 March, through a press conference, that it had initiated a special amnesty law for imprisoned political opponents and those in exile.","breadcrumb":{"@id":"https:\/\/www.afro-impact.com\/en\/benin-the-democrats-initiate-an-amnesty-law-for-political-prisoners-and-exiles\/#breadcrumb"},"inLanguage":"en-US","potentialAction":[{"@type":"ReadAction","target":["https:\/\/www.afro-impact.com\/en\/benin-the-democrats-initiate-an-amnesty-law-for-political-prisoners-and-exiles\/"]}]},{"@type":"ImageObject","inLanguage":"en-US","@id":"https:\/\/www.afro-impact.com\/en\/benin-the-democrats-initiate-an-amnesty-law-for-political-prisoners-and-exiles\/#primaryimage","url":"https:\/\/www.afro-impact.com\/wp-content\/uploads\/2023\/03\/reckya-madougou-benin-1.jpg","contentUrl":"https:\/\/www.afro-impact.com\/wp-content\/uploads\/2023\/03\/reckya-madougou-benin-1.jpg","width":1200,"height":800,"caption":"Ms R\u00e9ckya Madougou, rejected candidate of The Democrats for the 2021 presidential elections in Benin"},{"@type":"BreadcrumbList","@id":"https:\/\/www.afro-impact.com\/en\/benin-the-democrats-initiate-an-amnesty-law-for-political-prisoners-and-exiles\/#breadcrumb","itemListElement":[{"@type":"ListItem","position":1,"name":"News","item":"https:\/\/www.afro-impact.com\/"},{"@type":"ListItem","position":2,"name":"Politique","item":"https:\/\/www.afro-impact.com\/politique\/"},{"@type":"ListItem","position":3,"name":"Benin: The Democrats initiate an amnesty law for political prisoners and exiles."}]},{"@type":"WebSite","@id":"https:\/\/www.afro-impact.com\/#website","url":"https:\/\/www.afro-impact.com\/","name":"Afro impact","description":"L&#039;Afrique vu autrement","publisher":{"@id":"https:\/\/www.afro-impact.com\/#organization"},"potentialAction":[{"@type":"SearchAction","target":{"@type":"EntryPoint","urlTemplate":"https:\/\/www.afro-impact.com\/?s={search_term_string}"},"query-input":{"@type":"PropertyValueSpecification","valueRequired":true,"valueName":"search_term_string"}}],"inLanguage":"en-US"},{"@type":["Organization","Place"],"@id":"https:\/\/www.afro-impact.com\/#organization","name":"Afro impact","alternateName":"carrecube","url":"https:\/\/www.afro-impact.com\/","logo":{"@id":"https:\/\/www.afro-impact.com\/en\/benin-the-democrats-initiate-an-amnesty-law-for-political-prisoners-and-exiles\/#local-main-organization-logo"},"image":{"@id":"https:\/\/www.afro-impact.com\/en\/benin-the-democrats-initiate-an-amnesty-law-for-political-prisoners-and-exiles\/#local-main-organization-logo"},"sameAs":["https:\/\/www.facebook.com\/AfroimpactMag","https:\/\/x.com\/AfroimpactMag","https:\/\/www.youtube.com\/channel\/UCJNIRcX4sVo487fhv0p5KDw"],"publishingPrinciples":"https:\/\/www.afro-impact.com\/a-propos-magazine-afro-impact\/","ownershipFundingInfo":"https:\/\/www.afro-impact.com\/mentions-legales\/","actionableFeedbackPolicy":"https:\/\/www.afro-impact.com\/conditions-generales\/","correctionsPolicy":"https:\/\/www.afro-impact.com\/dmca-retrait\/","address":{"@id":"https:\/\/www.afro-impact.com\/en\/benin-the-democrats-initiate-an-amnesty-law-for-political-prisoners-and-exiles\/#local-main-place-address"},"geo":{"@type":"GeoCoordinates","latitude":"6.389282121878214","longitude":"2.3602318590634495"},"telephone":["+229 54900806"],"openingHoursSpecification":[{"@type":"OpeningHoursSpecification","dayOfWeek":["Monday","Tuesday","Wednesday","Thursday","Friday","Saturday","Sunday"],"opens":"00:00","closes":"23:59"}],"email":"redaction@afro-impact.com","vatID":"0 2022 1395 5557"},{"@type":"Person","@id":"https:\/\/www.afro-impact.com\/#\/schema\/person\/6b1b61940a2bf5253055f558744235d5","name":"La r\u00e9daction Afro impact","image":{"@type":"ImageObject","inLanguage":"en-US","@id":"https:\/\/www.afro-impact.com\/#\/schema\/person\/image\/","url":"https:\/\/www.afro-impact.com\/wp-content\/litespeed\/avatar\/8895e3be14a72c0f71971cfda830a8ea.jpg?ver=1777020284","contentUrl":"https:\/\/www.afro-impact.com\/wp-content\/litespeed\/avatar\/8895e3be14a72c0f71971cfda830a8ea.jpg?ver=1777020284","caption":"La r\u00e9daction Afro impact"},"description":"La r\u00e9daction de Afro impact se propose de vous livrer l\u2019information africaine dans sa globalit\u00e9, sans parti pris, afin de donner une image vraie du continent Africain.","sameAs":["https:\/\/facebook.com\/AfroimpactMag"],"url":"https:\/\/www.afro-impact.com\/en\/author\/nouvelles\/"},{"@type":"PostalAddress","@id":"https:\/\/www.afro-impact.com\/en\/benin-the-democrats-initiate-an-amnesty-law-for-political-prisoners-and-exiles\/#local-main-place-address","streetAddress":"Carr\u00e9 2167 Kindonou, Cotonou, BENIN, 07 BP 1128 Cotonou, BENIN","addressLocality":"Cotonou","postalCode":"+229","addressRegion":"Littoral","addressCountry":"BJ"},{"@type":"ImageObject","inLanguage":"en-US","@id":"https:\/\/www.afro-impact.com\/en\/benin-the-democrats-initiate-an-amnesty-law-for-political-prisoners-and-exiles\/#local-main-organization-logo","url":"https:\/\/www.afro-impact.com\/wp-content\/uploads\/2022\/01\/logo-afro-impact-share-social.png","contentUrl":"https:\/\/www.afro-impact.com\/wp-content\/uploads\/2022\/01\/logo-afro-impact-share-social.png","width":300,"height":300,"caption":"Afro impact"}]},"geo.placename":"Cotonou","geo.position":{"lat":"6.389282121878214","long":"2.3602318590634495"},"geo.region":"Benin"},"_links":{"self":[{"href":"https:\/\/www.afro-impact.com\/en\/wp-json\/wp\/v2\/posts\/16447","targetHints":{"allow":["GET"]}}],"collection":[{"href":"https:\/\/www.afro-impact.com\/en\/wp-json\/wp\/v2\/posts"}],"about":[{"href":"https:\/\/www.afro-impact.com\/en\/wp-json\/wp\/v2\/types\/post"}],"author":[{"embeddable":true,"href":"https:\/\/www.afro-impact.com\/en\/wp-json\/wp\/v2\/users\/10"}],"replies":[{"embeddable":true,"href":"https:\/\/www.afro-impact.com\/en\/wp-json\/wp\/v2\/comments?post=16447"}],"version-history":[{"count":0,"href":"https:\/\/www.afro-impact.com\/en\/wp-json\/wp\/v2\/posts\/16447\/revisions"}],"wp:featuredmedia":[{"embeddable":true,"href":"https:\/\/www.afro-impact.com\/en\/wp-json\/wp\/v2\/media\/16353"}],"wp:attachment":[{"href":"https:\/\/www.afro-impact.com\/en\/wp-json\/wp\/v2\/media?parent=16447"}],"wp:term":[{"taxonomy":"category","embeddable":true,"href":"https:\/\/www.afro-impact.com\/en\/wp-json\/wp\/v2\/categories?post=16447"},{"taxonomy":"post_tag","embeddable":true,"href":"https:\/\/www.afro-impact.com\/en\/wp-json\/wp\/v2\/tags?post=16447"}],"curies":[{"name":"wp","href":"https:\/\/api.w.org\/{rel}","templated":true}]}}