{"id":19661,"date":"2023-07-09T11:47:59","date_gmt":"2023-07-09T10:47:59","guid":{"rendered":"https:\/\/www.afro-impact.com\/davido-day-the-city-of-houston-declares-july-7-davido-day\/"},"modified":"2023-07-18T15:19:04","modified_gmt":"2023-07-18T14:19:04","slug":"davido-day-the-city-of-houston-declares-july-7-davido-day","status":"publish","type":"post","link":"https:\/\/www.afro-impact.com\/en\/davido-day-the-city-of-houston-declares-july-7-davido-day\/","title":{"rendered":"Davido Day: the city of Houston declares July 7 &#8220;Davido Day&#8221;."},"content":{"rendered":"\n<p><strong>The city of Houston, Texas, dedicates July 7 to Nigerian superstar Davido. From now on, Davido will be celebrated every year on this date, which is now known as &#8220;<em>Davido<\/em> <em>Day<\/em>&#8220;.<\/strong><\/p>\n\n<p>It&#8217;s official! Every July 7, starting next year, Nigerian superstar Davido will be celebrated in Houston, USA. The proclamation was made by the city&#8217;s mayor, Sylvester Turner, in a press release issued yesterday. In it, he praises Davido and recognizes his remarkable contribution to the development of the music industry through his multiple hits.<\/p>\n\n<p>The award-winning megastar is currently on tour in the United States as part of the <a href=\"https:\/\/www.afro-impact.com\/en\/davido-releases-the-tracklist-for-his-new-album-timeless\/\">Timeless<\/a> Tour. He was on stage yesterday in Houston, where he played to a full house at the Toyota Center.<\/p>\n\n<p>At the concert, Houston City Council member Edward Pollard joined the singer on stage. He announced the good news to an enthusiastic crowd. Davido, overjoyed that a day had been named after him, jumped up and down in jubilation.<\/p>\n\n<p>He shared a photo of the announcement as well as videos of the historic moment on his Instagram story.<\/p>\n\n<figure class=\"wp-block-image size-large\"><img fetchpriority=\"high\" decoding=\"async\" width=\"698\" height=\"1024\" src=\"https:\/\/www.afro-impact.com\/wp-content\/uploads\/2023\/07\/Davido-Day-Houston-Texas-proclamation-698x1024.jpg\" alt=\"Proclamation Davido Day, Houston, Texas \" class=\"wp-image-19519\" srcset=\"https:\/\/www.afro-impact.com\/wp-content\/uploads\/2023\/07\/Davido-Day-Houston-Texas-proclamation-698x1024.jpg 698w, https:\/\/www.afro-impact.com\/wp-content\/uploads\/2023\/07\/Davido-Day-Houston-Texas-proclamation-205x300.jpg 205w, https:\/\/www.afro-impact.com\/wp-content\/uploads\/2023\/07\/Davido-Day-Houston-Texas-proclamation-768x1126.jpg 768w, https:\/\/www.afro-impact.com\/wp-content\/uploads\/2023\/07\/Davido-Day-Houston-Texas-proclamation-150x220.jpg 150w, https:\/\/www.afro-impact.com\/wp-content\/uploads\/2023\/07\/Davido-Day-Houston-Texas-proclamation-450x660.jpg 450w, https:\/\/www.afro-impact.com\/wp-content\/uploads\/2023\/07\/Davido-Day-Houston-Texas-proclamation.jpg 873w\" sizes=\"(max-width: 698px) 100vw, 698px\" \/><\/figure>\n\n<p>No incidents occurred on stage, as it was the case <a href=\"https:\/\/www.afro-impact.com\/en\/davido-escapes-attack-during-his-timeless-concert-in-lagos\/\">during his concert in Lagos<\/a> last April. <\/p>\n\n<p>Ardi\u00e8s Sianou<\/p>\n","protected":false},"excerpt":{"rendered":"<p>The city of Houston, Texas, dedicates July 7 to Nigerian superstar Davido. From now on, Davido will be celebrated every year on this date, which is now known as &#8220;Davido Day&#8220;. It&#8217;s official! Every July 7, starting next year, Nigerian superstar Davido will be celebrated in Houston, USA. The proclamation was made by the city&#8217;s<\/p>\n","protected":false},"author":26,"featured_media":19523,"comment_status":"open","ping_status":"closed","sticky":false,"template":"","format":"standard","meta":{"footnotes":""},"categories":[2739],"tags":[2890],"class_list":{"0":"post-19661","1":"post","2":"type-post","3":"status-publish","4":"format-standard","5":"has-post-thumbnail","7":"category-entertainment","8":"tag-davido-en"},"yoast_head":"<!-- This site is optimized with the Yoast SEO Premium plugin v25.5 (Yoast SEO v25.5) - https:\/\/yoast.com\/wordpress\/plugins\/seo\/ -->\n<title>Davido Day: the city of Houston declares July 7 &quot;Davido Day&quot;. - Afro impact<\/title>\n<meta name=\"description\" content=\"The city of Houston dedicates July 7 to Davido. From then on, he will be celebrated there every year on what is now considered as &quot;Davido Day&quot;.\" \/>\n<meta name=\"robots\" content=\"index, follow, max-snippet:-1, max-image-preview:large, max-video-preview:-1\" \/>\n<link rel=\"canonical\" href=\"https:\/\/www.afro-impact.com\/en\/davido-day-the-city-of-houston-declares-july-7-davido-day\/\" \/>\n<meta property=\"og:locale\" content=\"en_US\" \/>\n<meta property=\"og:type\" content=\"article\" \/>\n<meta property=\"og:title\" content=\"Davido Day: the city of Houston declares July 7 &quot;Davido Day&quot;. - Afro impact\" \/>\n<meta property=\"og:description\" content=\"The city of Houston dedicates July 7 to Davido. From then on, he will be celebrated there every year on what is now considered as &quot;Davido Day&quot;.\" \/>\n<meta property=\"og:url\" content=\"https:\/\/www.afro-impact.com\/en\/davido-day-the-city-of-houston-declares-july-7-davido-day\/\" \/>\n<meta property=\"og:site_name\" content=\"Afro impact\" \/>\n<meta property=\"article:publisher\" content=\"https:\/\/www.facebook.com\/AfroimpactMag\" \/>\n<meta property=\"article:author\" content=\"https:\/\/web.facebook.com\/mxlle.sianou\" \/>\n<meta property=\"article:published_time\" content=\"2023-07-09T10:47:59+00:00\" \/>\n<meta property=\"article:modified_time\" content=\"2023-07-18T14:19:04+00:00\" \/>\n<meta property=\"og:image\" content=\"https:\/\/www.afro-impact.com\/wp-content\/uploads\/2023\/07\/Houston-proclamation-Davido-day-journee-Davido-7-juillet.jpg\" \/>\n\t<meta property=\"og:image:width\" content=\"1500\" \/>\n\t<meta property=\"og:image:height\" content=\"1000\" \/>\n\t<meta property=\"og:image:type\" content=\"image\/jpeg\" \/>\n<meta name=\"author\" content=\"Ardi\u00e8s Sianou\" \/>\n<meta name=\"twitter:card\" content=\"summary_large_image\" \/>\n<meta name=\"twitter:creator\" content=\"@AfroimpactMag\" \/>\n<meta name=\"twitter:site\" content=\"@AfroimpactMag\" \/>\n<meta name=\"twitter:label1\" content=\"Written by\" \/>\n\t<meta name=\"twitter:data1\" content=\"Ardi\u00e8s Sianou\" \/>\n\t<meta name=\"twitter:label2\" content=\"Est. reading time\" \/>\n\t<meta name=\"twitter:data2\" content=\"1 minute\" \/>\n<script type=\"application\/ld+json\" class=\"yoast-schema-graph\">{\"@context\":\"https:\/\/schema.org\",\"@graph\":[{\"@type\":\"NewsArticle\",\"@id\":\"https:\/\/www.afro-impact.com\/en\/davido-day-the-city-of-houston-declares-july-7-davido-day\/#article\",\"isPartOf\":{\"@id\":\"https:\/\/www.afro-impact.com\/en\/davido-day-the-city-of-houston-declares-july-7-davido-day\/\"},\"author\":{\"name\":\"Ardi\u00e8s Sianou\",\"@id\":\"https:\/\/www.afro-impact.com\/#\/schema\/person\/a54b4537e94eb54e989ed5860ef9add8\"},\"headline\":\"Davido Day: the city of Houston declares July 7 &#8220;Davido Day&#8221;.\",\"datePublished\":\"2023-07-09T10:47:59+00:00\",\"dateModified\":\"2023-07-18T14:19:04+00:00\",\"mainEntityOfPage\":{\"@id\":\"https:\/\/www.afro-impact.com\/en\/davido-day-the-city-of-houston-declares-july-7-davido-day\/\"},\"wordCount\":208,\"commentCount\":0,\"publisher\":{\"@id\":\"https:\/\/www.afro-impact.com\/#organization\"},\"image\":{\"@id\":\"https:\/\/www.afro-impact.com\/en\/davido-day-the-city-of-houston-declares-july-7-davido-day\/#primaryimage\"},\"thumbnailUrl\":\"https:\/\/www.afro-impact.com\/wp-content\/uploads\/2023\/07\/Houston-proclamation-Davido-day-journee-Davido-7-juillet.jpg\",\"keywords\":[\"Davido\"],\"articleSection\":[\"Entertainment\"],\"inLanguage\":\"en-US\",\"potentialAction\":[{\"@type\":\"CommentAction\",\"name\":\"Comment\",\"target\":[\"https:\/\/www.afro-impact.com\/en\/davido-day-the-city-of-houston-declares-july-7-davido-day\/#respond\"]}],\"copyrightYear\":\"2023\",\"copyrightHolder\":{\"@id\":\"https:\/\/www.afro-impact.com\/#organization\"}},{\"@type\":\"WebPage\",\"@id\":\"https:\/\/www.afro-impact.com\/en\/davido-day-the-city-of-houston-declares-july-7-davido-day\/\",\"url\":\"https:\/\/www.afro-impact.com\/en\/davido-day-the-city-of-houston-declares-july-7-davido-day\/\",\"name\":\"Davido Day: the city of Houston declares July 7 \\\"Davido Day\\\". - Afro impact\",\"isPartOf\":{\"@id\":\"https:\/\/www.afro-impact.com\/#website\"},\"primaryImageOfPage\":{\"@id\":\"https:\/\/www.afro-impact.com\/en\/davido-day-the-city-of-houston-declares-july-7-davido-day\/#primaryimage\"},\"image\":{\"@id\":\"https:\/\/www.afro-impact.com\/en\/davido-day-the-city-of-houston-declares-july-7-davido-day\/#primaryimage\"},\"thumbnailUrl\":\"https:\/\/www.afro-impact.com\/wp-content\/uploads\/2023\/07\/Houston-proclamation-Davido-day-journee-Davido-7-juillet.jpg\",\"datePublished\":\"2023-07-09T10:47:59+00:00\",\"dateModified\":\"2023-07-18T14:19:04+00:00\",\"description\":\"The city of Houston dedicates July 7 to Davido. From then on, he will be celebrated there every year on what is now considered as \\\"Davido Day\\\".\",\"breadcrumb\":{\"@id\":\"https:\/\/www.afro-impact.com\/en\/davido-day-the-city-of-houston-declares-july-7-davido-day\/#breadcrumb\"},\"inLanguage\":\"en-US\",\"potentialAction\":[{\"@type\":\"ReadAction\",\"target\":[\"https:\/\/www.afro-impact.com\/en\/davido-day-the-city-of-houston-declares-july-7-davido-day\/\"]}]},{\"@type\":\"ImageObject\",\"inLanguage\":\"en-US\",\"@id\":\"https:\/\/www.afro-impact.com\/en\/davido-day-the-city-of-houston-declares-july-7-davido-day\/#primaryimage\",\"url\":\"https:\/\/www.afro-impact.com\/wp-content\/uploads\/2023\/07\/Houston-proclamation-Davido-day-journee-Davido-7-juillet.jpg\",\"contentUrl\":\"https:\/\/www.afro-impact.com\/wp-content\/uploads\/2023\/07\/Houston-proclamation-Davido-day-journee-Davido-7-juillet.jpg\",\"width\":1500,\"height\":1000,\"caption\":\"Nigerian superstar Davido. Source photo : Davido\/ Facebook page\"},{\"@type\":\"BreadcrumbList\",\"@id\":\"https:\/\/www.afro-impact.com\/en\/davido-day-the-city-of-houston-declares-july-7-davido-day\/#breadcrumb\",\"itemListElement\":[{\"@type\":\"ListItem\",\"position\":1,\"name\":\"News\",\"item\":\"https:\/\/www.afro-impact.com\/\"},{\"@type\":\"ListItem\",\"position\":2,\"name\":\"Divertissement\",\"item\":\"https:\/\/www.afro-impact.com\/divertissement\/\"},{\"@type\":\"ListItem\",\"position\":3,\"name\":\"Davido Day: the city of Houston declares July 7 &#8220;Davido Day&#8221;.\"}]},{\"@type\":\"WebSite\",\"@id\":\"https:\/\/www.afro-impact.com\/#website\",\"url\":\"https:\/\/www.afro-impact.com\/\",\"name\":\"Afro impact\",\"description\":\"L&#039;Afrique vu autrement\",\"publisher\":{\"@id\":\"https:\/\/www.afro-impact.com\/#organization\"},\"potentialAction\":[{\"@type\":\"SearchAction\",\"target\":{\"@type\":\"EntryPoint\",\"urlTemplate\":\"https:\/\/www.afro-impact.com\/?s={search_term_string}\"},\"query-input\":{\"@type\":\"PropertyValueSpecification\",\"valueRequired\":true,\"valueName\":\"search_term_string\"}}],\"inLanguage\":\"en-US\"},{\"@type\":[\"Organization\",\"Place\"],\"@id\":\"https:\/\/www.afro-impact.com\/#organization\",\"name\":\"Afro impact\",\"alternateName\":\"carrecube\",\"url\":\"https:\/\/www.afro-impact.com\/\",\"logo\":{\"@id\":\"https:\/\/www.afro-impact.com\/en\/davido-day-the-city-of-houston-declares-july-7-davido-day\/#local-main-organization-logo\"},\"image\":{\"@id\":\"https:\/\/www.afro-impact.com\/en\/davido-day-the-city-of-houston-declares-july-7-davido-day\/#local-main-organization-logo\"},\"sameAs\":[\"https:\/\/www.facebook.com\/AfroimpactMag\",\"https:\/\/x.com\/AfroimpactMag\",\"https:\/\/www.youtube.com\/channel\/UCJNIRcX4sVo487fhv0p5KDw\"],\"publishingPrinciples\":\"https:\/\/www.afro-impact.com\/a-propos-magazine-afro-impact\/\",\"ownershipFundingInfo\":\"https:\/\/www.afro-impact.com\/mentions-legales\/\",\"actionableFeedbackPolicy\":\"https:\/\/www.afro-impact.com\/conditions-generales\/\",\"correctionsPolicy\":\"https:\/\/www.afro-impact.com\/dmca-retrait\/\",\"address\":{\"@id\":\"https:\/\/www.afro-impact.com\/en\/davido-day-the-city-of-houston-declares-july-7-davido-day\/#local-main-place-address\"},\"geo\":{\"@type\":\"GeoCoordinates\",\"latitude\":\"6.389282121878214\",\"longitude\":\"2.3602318590634495\"},\"telephone\":[\"+229 54900806\"],\"openingHoursSpecification\":[{\"@type\":\"OpeningHoursSpecification\",\"dayOfWeek\":[\"Monday\",\"Tuesday\",\"Wednesday\",\"Thursday\",\"Friday\",\"Saturday\",\"Sunday\"],\"opens\":\"00:00\",\"closes\":\"23:59\"}],\"email\":\"redaction@afro-impact.com\",\"vatID\":\"0 2022 1395 5557\"},{\"@type\":\"Person\",\"@id\":\"https:\/\/www.afro-impact.com\/#\/schema\/person\/a54b4537e94eb54e989ed5860ef9add8\",\"name\":\"Ardi\u00e8s Sianou\",\"image\":{\"@type\":\"ImageObject\",\"inLanguage\":\"en-US\",\"@id\":\"https:\/\/www.afro-impact.com\/#\/schema\/person\/image\/\",\"url\":\"https:\/\/www.afro-impact.com\/wp-content\/litespeed\/avatar\/d01f8dfadebbe7fd3e09535a9a4b43e6.jpg?ver=1777034075\",\"contentUrl\":\"https:\/\/www.afro-impact.com\/wp-content\/litespeed\/avatar\/d01f8dfadebbe7fd3e09535a9a4b43e6.jpg?ver=1777034075\",\"caption\":\"Ardi\u00e8s Sianou\"},\"description\":\"Ardi\u00e8s Sianou est f\u00e9rue de litt\u00e9rature, elle a su travailler et forger sa plume au fil des ans \u00e0 travers la lecture et l'\u00e9criture. En tant que r\u00e9dactrice web freelance, elle a mis, \u00e0 de nombreuses reprises, ses talents d'\u00e9crivaine au service de plusieurs plateformes, sites et projets. Elle est \u00e9galement relectrice et correctrice \u00e0 \u201cLes \u00c9ditions L\u00e9vite\u201d.\",\"sameAs\":[\"https:\/\/web.facebook.com\/mxlle.sianou\"],\"url\":\"https:\/\/www.afro-impact.com\/en\/author\/ardies\/\"},{\"@type\":\"PostalAddress\",\"@id\":\"https:\/\/www.afro-impact.com\/en\/davido-day-the-city-of-houston-declares-july-7-davido-day\/#local-main-place-address\",\"streetAddress\":\"Carr\u00e9 2167 Kindonou, Cotonou, BENIN, 07 BP 1128 Cotonou, BENIN\",\"addressLocality\":\"Cotonou\",\"postalCode\":\"+229\",\"addressRegion\":\"Littoral\",\"addressCountry\":\"BJ\"},{\"@type\":\"ImageObject\",\"inLanguage\":\"en-US\",\"@id\":\"https:\/\/www.afro-impact.com\/en\/davido-day-the-city-of-houston-declares-july-7-davido-day\/#local-main-organization-logo\",\"url\":\"https:\/\/www.afro-impact.com\/wp-content\/uploads\/2022\/01\/logo-afro-impact-share-social.png\",\"contentUrl\":\"https:\/\/www.afro-impact.com\/wp-content\/uploads\/2022\/01\/logo-afro-impact-share-social.png\",\"width\":300,\"height\":300,\"caption\":\"Afro impact\"}]}<\/script>\n<meta name=\"geo.placename\" content=\"Cotonou\" \/>\n<meta name=\"geo.position\" content=\"6.389282121878214;2.3602318590634495\" \/>\n<meta name=\"geo.region\" content=\"Benin\" \/>\n<!-- \/ Yoast SEO Premium plugin. -->","yoast_head_json":{"title":"Davido Day: the city of Houston declares July 7 \"Davido Day\". - Afro impact","description":"The city of Houston dedicates July 7 to Davido. From then on, he will be celebrated there every year on what is now considered as \"Davido Day\".","robots":{"index":"index","follow":"follow","max-snippet":"max-snippet:-1","max-image-preview":"max-image-preview:large","max-video-preview":"max-video-preview:-1"},"canonical":"https:\/\/www.afro-impact.com\/en\/davido-day-the-city-of-houston-declares-july-7-davido-day\/","og_locale":"en_US","og_type":"article","og_title":"Davido Day: the city of Houston declares July 7 \"Davido Day\". - Afro impact","og_description":"The city of Houston dedicates July 7 to Davido. From then on, he will be celebrated there every year on what is now considered as \"Davido Day\".","og_url":"https:\/\/www.afro-impact.com\/en\/davido-day-the-city-of-houston-declares-july-7-davido-day\/","og_site_name":"Afro impact","article_publisher":"https:\/\/www.facebook.com\/AfroimpactMag","article_author":"https:\/\/web.facebook.com\/mxlle.sianou","article_published_time":"2023-07-09T10:47:59+00:00","article_modified_time":"2023-07-18T14:19:04+00:00","og_image":[{"width":1500,"height":1000,"url":"https:\/\/www.afro-impact.com\/wp-content\/uploads\/2023\/07\/Houston-proclamation-Davido-day-journee-Davido-7-juillet.jpg","type":"image\/jpeg"}],"author":"Ardi\u00e8s Sianou","twitter_card":"summary_large_image","twitter_creator":"@AfroimpactMag","twitter_site":"@AfroimpactMag","twitter_misc":{"Written by":"Ardi\u00e8s Sianou","Est. reading time":"1 minute"},"schema":{"@context":"https:\/\/schema.org","@graph":[{"@type":"NewsArticle","@id":"https:\/\/www.afro-impact.com\/en\/davido-day-the-city-of-houston-declares-july-7-davido-day\/#article","isPartOf":{"@id":"https:\/\/www.afro-impact.com\/en\/davido-day-the-city-of-houston-declares-july-7-davido-day\/"},"author":{"name":"Ardi\u00e8s Sianou","@id":"https:\/\/www.afro-impact.com\/#\/schema\/person\/a54b4537e94eb54e989ed5860ef9add8"},"headline":"Davido Day: the city of Houston declares July 7 &#8220;Davido Day&#8221;.","datePublished":"2023-07-09T10:47:59+00:00","dateModified":"2023-07-18T14:19:04+00:00","mainEntityOfPage":{"@id":"https:\/\/www.afro-impact.com\/en\/davido-day-the-city-of-houston-declares-july-7-davido-day\/"},"wordCount":208,"commentCount":0,"publisher":{"@id":"https:\/\/www.afro-impact.com\/#organization"},"image":{"@id":"https:\/\/www.afro-impact.com\/en\/davido-day-the-city-of-houston-declares-july-7-davido-day\/#primaryimage"},"thumbnailUrl":"https:\/\/www.afro-impact.com\/wp-content\/uploads\/2023\/07\/Houston-proclamation-Davido-day-journee-Davido-7-juillet.jpg","keywords":["Davido"],"articleSection":["Entertainment"],"inLanguage":"en-US","potentialAction":[{"@type":"CommentAction","name":"Comment","target":["https:\/\/www.afro-impact.com\/en\/davido-day-the-city-of-houston-declares-july-7-davido-day\/#respond"]}],"copyrightYear":"2023","copyrightHolder":{"@id":"https:\/\/www.afro-impact.com\/#organization"}},{"@type":"WebPage","@id":"https:\/\/www.afro-impact.com\/en\/davido-day-the-city-of-houston-declares-july-7-davido-day\/","url":"https:\/\/www.afro-impact.com\/en\/davido-day-the-city-of-houston-declares-july-7-davido-day\/","name":"Davido Day: the city of Houston declares July 7 \"Davido Day\". - Afro impact","isPartOf":{"@id":"https:\/\/www.afro-impact.com\/#website"},"primaryImageOfPage":{"@id":"https:\/\/www.afro-impact.com\/en\/davido-day-the-city-of-houston-declares-july-7-davido-day\/#primaryimage"},"image":{"@id":"https:\/\/www.afro-impact.com\/en\/davido-day-the-city-of-houston-declares-july-7-davido-day\/#primaryimage"},"thumbnailUrl":"https:\/\/www.afro-impact.com\/wp-content\/uploads\/2023\/07\/Houston-proclamation-Davido-day-journee-Davido-7-juillet.jpg","datePublished":"2023-07-09T10:47:59+00:00","dateModified":"2023-07-18T14:19:04+00:00","description":"The city of Houston dedicates July 7 to Davido. From then on, he will be celebrated there every year on what is now considered as \"Davido Day\".","breadcrumb":{"@id":"https:\/\/www.afro-impact.com\/en\/davido-day-the-city-of-houston-declares-july-7-davido-day\/#breadcrumb"},"inLanguage":"en-US","potentialAction":[{"@type":"ReadAction","target":["https:\/\/www.afro-impact.com\/en\/davido-day-the-city-of-houston-declares-july-7-davido-day\/"]}]},{"@type":"ImageObject","inLanguage":"en-US","@id":"https:\/\/www.afro-impact.com\/en\/davido-day-the-city-of-houston-declares-july-7-davido-day\/#primaryimage","url":"https:\/\/www.afro-impact.com\/wp-content\/uploads\/2023\/07\/Houston-proclamation-Davido-day-journee-Davido-7-juillet.jpg","contentUrl":"https:\/\/www.afro-impact.com\/wp-content\/uploads\/2023\/07\/Houston-proclamation-Davido-day-journee-Davido-7-juillet.jpg","width":1500,"height":1000,"caption":"Nigerian superstar Davido. Source photo : Davido\/ Facebook page"},{"@type":"BreadcrumbList","@id":"https:\/\/www.afro-impact.com\/en\/davido-day-the-city-of-houston-declares-july-7-davido-day\/#breadcrumb","itemListElement":[{"@type":"ListItem","position":1,"name":"News","item":"https:\/\/www.afro-impact.com\/"},{"@type":"ListItem","position":2,"name":"Divertissement","item":"https:\/\/www.afro-impact.com\/divertissement\/"},{"@type":"ListItem","position":3,"name":"Davido Day: the city of Houston declares July 7 &#8220;Davido Day&#8221;."}]},{"@type":"WebSite","@id":"https:\/\/www.afro-impact.com\/#website","url":"https:\/\/www.afro-impact.com\/","name":"Afro impact","description":"L&#039;Afrique vu autrement","publisher":{"@id":"https:\/\/www.afro-impact.com\/#organization"},"potentialAction":[{"@type":"SearchAction","target":{"@type":"EntryPoint","urlTemplate":"https:\/\/www.afro-impact.com\/?s={search_term_string}"},"query-input":{"@type":"PropertyValueSpecification","valueRequired":true,"valueName":"search_term_string"}}],"inLanguage":"en-US"},{"@type":["Organization","Place"],"@id":"https:\/\/www.afro-impact.com\/#organization","name":"Afro impact","alternateName":"carrecube","url":"https:\/\/www.afro-impact.com\/","logo":{"@id":"https:\/\/www.afro-impact.com\/en\/davido-day-the-city-of-houston-declares-july-7-davido-day\/#local-main-organization-logo"},"image":{"@id":"https:\/\/www.afro-impact.com\/en\/davido-day-the-city-of-houston-declares-july-7-davido-day\/#local-main-organization-logo"},"sameAs":["https:\/\/www.facebook.com\/AfroimpactMag","https:\/\/x.com\/AfroimpactMag","https:\/\/www.youtube.com\/channel\/UCJNIRcX4sVo487fhv0p5KDw"],"publishingPrinciples":"https:\/\/www.afro-impact.com\/a-propos-magazine-afro-impact\/","ownershipFundingInfo":"https:\/\/www.afro-impact.com\/mentions-legales\/","actionableFeedbackPolicy":"https:\/\/www.afro-impact.com\/conditions-generales\/","correctionsPolicy":"https:\/\/www.afro-impact.com\/dmca-retrait\/","address":{"@id":"https:\/\/www.afro-impact.com\/en\/davido-day-the-city-of-houston-declares-july-7-davido-day\/#local-main-place-address"},"geo":{"@type":"GeoCoordinates","latitude":"6.389282121878214","longitude":"2.3602318590634495"},"telephone":["+229 54900806"],"openingHoursSpecification":[{"@type":"OpeningHoursSpecification","dayOfWeek":["Monday","Tuesday","Wednesday","Thursday","Friday","Saturday","Sunday"],"opens":"00:00","closes":"23:59"}],"email":"redaction@afro-impact.com","vatID":"0 2022 1395 5557"},{"@type":"Person","@id":"https:\/\/www.afro-impact.com\/#\/schema\/person\/a54b4537e94eb54e989ed5860ef9add8","name":"Ardi\u00e8s Sianou","image":{"@type":"ImageObject","inLanguage":"en-US","@id":"https:\/\/www.afro-impact.com\/#\/schema\/person\/image\/","url":"https:\/\/www.afro-impact.com\/wp-content\/litespeed\/avatar\/d01f8dfadebbe7fd3e09535a9a4b43e6.jpg?ver=1777034075","contentUrl":"https:\/\/www.afro-impact.com\/wp-content\/litespeed\/avatar\/d01f8dfadebbe7fd3e09535a9a4b43e6.jpg?ver=1777034075","caption":"Ardi\u00e8s Sianou"},"description":"Ardi\u00e8s Sianou est f\u00e9rue de litt\u00e9rature, elle a su travailler et forger sa plume au fil des ans \u00e0 travers la lecture et l'\u00e9criture. En tant que r\u00e9dactrice web freelance, elle a mis, \u00e0 de nombreuses reprises, ses talents d'\u00e9crivaine au service de plusieurs plateformes, sites et projets. Elle est \u00e9galement relectrice et correctrice \u00e0 \u201cLes \u00c9ditions L\u00e9vite\u201d.","sameAs":["https:\/\/web.facebook.com\/mxlle.sianou"],"url":"https:\/\/www.afro-impact.com\/en\/author\/ardies\/"},{"@type":"PostalAddress","@id":"https:\/\/www.afro-impact.com\/en\/davido-day-the-city-of-houston-declares-july-7-davido-day\/#local-main-place-address","streetAddress":"Carr\u00e9 2167 Kindonou, Cotonou, BENIN, 07 BP 1128 Cotonou, BENIN","addressLocality":"Cotonou","postalCode":"+229","addressRegion":"Littoral","addressCountry":"BJ"},{"@type":"ImageObject","inLanguage":"en-US","@id":"https:\/\/www.afro-impact.com\/en\/davido-day-the-city-of-houston-declares-july-7-davido-day\/#local-main-organization-logo","url":"https:\/\/www.afro-impact.com\/wp-content\/uploads\/2022\/01\/logo-afro-impact-share-social.png","contentUrl":"https:\/\/www.afro-impact.com\/wp-content\/uploads\/2022\/01\/logo-afro-impact-share-social.png","width":300,"height":300,"caption":"Afro impact"}]},"geo.placename":"Cotonou","geo.position":{"lat":"6.389282121878214","long":"2.3602318590634495"},"geo.region":"Benin"},"_links":{"self":[{"href":"https:\/\/www.afro-impact.com\/en\/wp-json\/wp\/v2\/posts\/19661","targetHints":{"allow":["GET"]}}],"collection":[{"href":"https:\/\/www.afro-impact.com\/en\/wp-json\/wp\/v2\/posts"}],"about":[{"href":"https:\/\/www.afro-impact.com\/en\/wp-json\/wp\/v2\/types\/post"}],"author":[{"embeddable":true,"href":"https:\/\/www.afro-impact.com\/en\/wp-json\/wp\/v2\/users\/26"}],"replies":[{"embeddable":true,"href":"https:\/\/www.afro-impact.com\/en\/wp-json\/wp\/v2\/comments?post=19661"}],"version-history":[{"count":3,"href":"https:\/\/www.afro-impact.com\/en\/wp-json\/wp\/v2\/posts\/19661\/revisions"}],"predecessor-version":[{"id":19685,"href":"https:\/\/www.afro-impact.com\/en\/wp-json\/wp\/v2\/posts\/19661\/revisions\/19685"}],"wp:featuredmedia":[{"embeddable":true,"href":"https:\/\/www.afro-impact.com\/en\/wp-json\/wp\/v2\/media\/19523"}],"wp:attachment":[{"href":"https:\/\/www.afro-impact.com\/en\/wp-json\/wp\/v2\/media?parent=19661"}],"wp:term":[{"taxonomy":"category","embeddable":true,"href":"https:\/\/www.afro-impact.com\/en\/wp-json\/wp\/v2\/categories?post=19661"},{"taxonomy":"post_tag","embeddable":true,"href":"https:\/\/www.afro-impact.com\/en\/wp-json\/wp\/v2\/tags?post=19661"}],"curies":[{"name":"wp","href":"https:\/\/api.w.org\/{rel}","templated":true}]}}