{"id":19727,"date":"2023-07-21T15:33:58","date_gmt":"2023-07-21T14:33:58","guid":{"rendered":"https:\/\/www.afro-impact.com\/1st-national-entrepreneurship-genius-days-in-benin-unstim-wants-to-reveal-the-genius-of-its-students\/"},"modified":"2023-08-05T15:26:38","modified_gmt":"2023-08-05T14:26:38","slug":"1st-national-entrepreneurship-genius-days-in-benin-unstim-wants-to-reveal-the-genius-of-its-students","status":"publish","type":"post","link":"https:\/\/www.afro-impact.com\/en\/1st-national-entrepreneurship-genius-days-in-benin-unstim-wants-to-reveal-the-genius-of-its-students\/","title":{"rendered":"1st National Entrepreneurship Genius Days in Benin: UNSTIM wants to reveal the genius of its students"},"content":{"rendered":"\n<p><strong>The National University of Science, Technology, Engineering and Mathematics (UNSTIM) is organizing from August 02 to 05, 2023, the first edition of the National Entrepreneurship Genius Days (GeNEB) in Benin. In the run-up to the event, which is being hosted by the National Higher Institute of Industrial Technology (INSTI) in Lokossa, the university&#8217;s management team held a press conference on Thursday, July 20, to call on all inventors\/innovators, investors, business leaders, not forgetting social partners and professional players.<\/strong><\/p>\n\n<p>From August 02 to 05, the university of Lokossa will host the first edition of the <a href=\"https:\/\/www.afro-impact.com\/en\/benin-unstim-launches-the-national-entrepreneurship-genius-days-geneb\/\">National Entrepreneurship Genius Days (<strong>GeNEB<\/strong>) in <strong>Benin<\/strong>.<\/a> Initiated by <strong>UNSTIM<\/strong> Abomey, the theme of this year&#8217;s conference is &#8220;Science and Technology for Sustainable Development Goals&#8221;. The aim is to promote the achievements of Benin&#8217;s inventors and innovators, to encourage the next generation to become aware of the challenges of development and the important role they have to play in the wealth creation process.<\/p>\n\n<h2 class=\"wp-block-heading\" id=\"h-reveler-les-genies\"><strong>Revealing geniuses<\/strong><\/h2>\n\n<p> According to Professor Tognon Clotilde Guidi, Director of INSTI Lokossa, &#8220;Unstim wants to follow in the footsteps of international universities working for the development of their countries through the achievements and research results of its players&#8221;. Gone, then, are the days when students&#8217; achievements were filed away in drawers. From now on, geniuses will be revealed and rewarded<\/p>\n\n<p> &#8220;We have genius: but these geniuses are suffering, because inventions are lying dormant in drawers. Now, more than ever, is the time to bring them out, to show them off. This will enable our university to play its role, to fulfill its social responsibility, which is not only to provide knowledge and training, but above all to reach out to the population to collect their problems, come back to the university, and enter the laboratories to find solutions to the problems identified,&#8221; asserted Unstim Rector Professor Djimon Joachim Gbenou.<\/p>\n\n<p>So, in this new era of new technologies, &#8220;GeNEB aims to create a framework where the various players (inventors\/innovators, investors and institutions) can exchange ideas, mature thoughts and propose appropriate solutions with a view to making technological innovation a tool for development&#8221;, says GeNEB Chairman Ambroise Nsougan.<\/p>\n\n<h2 class=\"wp-block-heading\"><strong>Agenda<\/strong><\/h2>\n\n<figure class=\"wp-block-image size-large\"><img fetchpriority=\"high\" decoding=\"async\" width=\"1024\" height=\"576\" src=\"https:\/\/www.afro-impact.com\/wp-content\/uploads\/2023\/07\/etudiants-geneb-unstim-1024x576.jpeg\" alt=\"Students participation in Unstim's press conference on the 1st National Entrepreneurship Genius Days.\" class=\"wp-image-19721\" srcset=\"https:\/\/www.afro-impact.com\/wp-content\/uploads\/2023\/07\/etudiants-geneb-unstim-1024x576.jpeg 1024w, https:\/\/www.afro-impact.com\/wp-content\/uploads\/2023\/07\/etudiants-geneb-unstim-300x169.jpeg 300w, https:\/\/www.afro-impact.com\/wp-content\/uploads\/2023\/07\/etudiants-geneb-unstim-768x432.jpeg 768w, https:\/\/www.afro-impact.com\/wp-content\/uploads\/2023\/07\/etudiants-geneb-unstim-150x84.jpeg 150w, https:\/\/www.afro-impact.com\/wp-content\/uploads\/2023\/07\/etudiants-geneb-unstim-450x253.jpeg 450w, https:\/\/www.afro-impact.com\/wp-content\/uploads\/2023\/07\/etudiants-geneb-unstim-1200x675.jpeg 1200w, https:\/\/www.afro-impact.com\/wp-content\/uploads\/2023\/07\/etudiants-geneb-unstim.jpeg 1280w\" sizes=\"(max-width: 1024px) 100vw, 1024px\" \/><\/figure>\n\n<p>In addition, several activities are planned during the 04 days of the event, with 600 participants expected to take part. These include meetings between inventors, innovators and investors; conference debates, training sessions, round tables, panels and orientation sessions; communication campaigns on inventions by Beninese scientists living in the country and in the diaspora; and exhibitions, not forgetting the presentation of project ideas.<\/p>\n\n<p>According to the Rector of Unstim, Professor Djimon Joachim Gbenou, &#8220;the present activities are in line with the actions of PAG2, especially with regard to its pillar 2 and axis 5, which stipulates that we must restore education, give greater scope to scientific development and vocational training, and promote research and innovation&#8221;.<\/p>\n\n<p>For Professor Amen Abiassi, a university entrepreneurship coach, &#8220;the aim of these days is to give young people the opportunity to believe in themselves, because the future lies in projects. And if these projects are driven by young people, we&#8217;ve won the battle for development&#8221;. This is why he is committed to &#8220;working with the various players to set up an incubator. This will enable students with ideas to understand the entrepreneurial process and work to ensure that they start out with a taste for entrepreneurship&#8221;.<\/p>\n\n<p>As a result, the rectoral authority is urging young students and innovators to give their very best, as the inventions will come not only from students at Benin&#8217;s public and private universities, but also from the sub-region. A total of fifteen (15) trophies in five (5) fields will be awarded to the best inventions, including a national grand prize and an Unstim grand prize, she announced.<\/p>\n","protected":false},"excerpt":{"rendered":"<p>The National University of Science, Technology, Engineering and Mathematics (UNSTIM) is organizing from August 02 to 05, 2023, the first edition of the National Entrepreneurship Genius Days (GeNEB) in Benin. In the run-up to the event, which is being hosted by the National Higher Institute of Industrial Technology (INSTI) in Lokossa, the university&#8217;s management team<\/p>\n","protected":false},"author":2,"featured_media":19720,"comment_status":"open","ping_status":"closed","sticky":false,"template":"","format":"standard","meta":{"footnotes":""},"categories":[350],"tags":[213,2903,2597,301],"class_list":{"0":"post-19727","1":"post","2":"type-post","3":"status-publish","4":"format-standard","5":"has-post-thumbnail","7":"category-education-en","8":"tag-benin-en","9":"tag-geneb-en","10":"tag-insti-lokossa-en","11":"tag-unstim-en"},"yoast_head":"<!-- This site is optimized with the Yoast SEO Premium plugin v25.5 (Yoast SEO v25.5) - https:\/\/yoast.com\/wordpress\/plugins\/seo\/ -->\n<title>1st National Entrepreneurship Genius Days in Benin: UNSTIM wants to reveal the genius of its students - Afro impact<\/title>\n<meta name=\"description\" content=\"From August 02 to 05, the university of Lokossa will host the first edition of the National Entrepreneurship Genius Days (GeNEB) in Benin. Initiated by UNSTIM Abomey, the theme of this year&#039;s conference is &quot;Science and Technology for Sustainable Development Goals&quot;. The aim is to promote the achievements of Benin&#039;s inventors and innovators, to encourage the next generation to become aware of the challenges of development and the important role they have to play in the wealth creation process.\" \/>\n<meta name=\"robots\" content=\"index, follow, max-snippet:-1, max-image-preview:large, max-video-preview:-1\" \/>\n<link rel=\"canonical\" href=\"https:\/\/www.afro-impact.com\/en\/1st-national-entrepreneurship-genius-days-in-benin-unstim-wants-to-reveal-the-genius-of-its-students\/\" \/>\n<meta property=\"og:locale\" content=\"en_US\" \/>\n<meta property=\"og:type\" content=\"article\" \/>\n<meta property=\"og:title\" content=\"1st National Entrepreneurship Genius Days in Benin: UNSTIM wants to reveal the genius of its students - Afro impact\" \/>\n<meta property=\"og:description\" content=\"From August 02 to 05, the university of Lokossa will host the first edition of the National Entrepreneurship Genius Days (GeNEB) in Benin. Initiated by UNSTIM Abomey, the theme of this year&#039;s conference is &quot;Science and Technology for Sustainable Development Goals&quot;. The aim is to promote the achievements of Benin&#039;s inventors and innovators, to encourage the next generation to become aware of the challenges of development and the important role they have to play in the wealth creation process.\" \/>\n<meta property=\"og:url\" content=\"https:\/\/www.afro-impact.com\/en\/1st-national-entrepreneurship-genius-days-in-benin-unstim-wants-to-reveal-the-genius-of-its-students\/\" \/>\n<meta property=\"og:site_name\" content=\"Afro impact\" \/>\n<meta property=\"article:publisher\" content=\"https:\/\/www.facebook.com\/AfroimpactMag\" \/>\n<meta property=\"article:author\" content=\"https:\/\/facebook.com\/profile.php?id=100075035589093\" \/>\n<meta property=\"article:published_time\" content=\"2023-07-21T14:33:58+00:00\" \/>\n<meta property=\"article:modified_time\" content=\"2023-08-05T14:26:38+00:00\" \/>\n<meta property=\"og:image\" content=\"https:\/\/www.afro-impact.com\/wp-content\/uploads\/2023\/07\/conference-presse-unstim-geneb.jpeg\" \/>\n\t<meta property=\"og:image:width\" content=\"1280\" \/>\n\t<meta property=\"og:image:height\" content=\"720\" \/>\n\t<meta property=\"og:image:type\" content=\"image\/jpeg\" \/>\n<meta name=\"author\" content=\"Eliane Fatchina\" \/>\n<meta name=\"twitter:card\" content=\"summary_large_image\" \/>\n<meta name=\"twitter:creator\" content=\"@AfroimpactMag\" \/>\n<meta name=\"twitter:site\" content=\"@AfroimpactMag\" \/>\n<meta name=\"twitter:label1\" content=\"Written by\" \/>\n\t<meta name=\"twitter:data1\" content=\"Eliane Fatchina\" \/>\n\t<meta name=\"twitter:label2\" content=\"Est. reading time\" \/>\n\t<meta name=\"twitter:data2\" content=\"3 minutes\" \/>\n<script type=\"application\/ld+json\" class=\"yoast-schema-graph\">{\"@context\":\"https:\/\/schema.org\",\"@graph\":[{\"@type\":\"NewsArticle\",\"@id\":\"https:\/\/www.afro-impact.com\/en\/1st-national-entrepreneurship-genius-days-in-benin-unstim-wants-to-reveal-the-genius-of-its-students\/#article\",\"isPartOf\":{\"@id\":\"https:\/\/www.afro-impact.com\/en\/1st-national-entrepreneurship-genius-days-in-benin-unstim-wants-to-reveal-the-genius-of-its-students\/\"},\"author\":{\"name\":\"Eliane Fatchina\",\"@id\":\"https:\/\/www.afro-impact.com\/#\/schema\/person\/5c48f58a7d0cc36b8d96110a4feedf77\"},\"headline\":\"1st National Entrepreneurship Genius Days in Benin: UNSTIM wants to reveal the genius of its students\",\"datePublished\":\"2023-07-21T14:33:58+00:00\",\"dateModified\":\"2023-08-05T14:26:38+00:00\",\"mainEntityOfPage\":{\"@id\":\"https:\/\/www.afro-impact.com\/en\/1st-national-entrepreneurship-genius-days-in-benin-unstim-wants-to-reveal-the-genius-of-its-students\/\"},\"wordCount\":631,\"commentCount\":0,\"publisher\":{\"@id\":\"https:\/\/www.afro-impact.com\/#organization\"},\"image\":{\"@id\":\"https:\/\/www.afro-impact.com\/en\/1st-national-entrepreneurship-genius-days-in-benin-unstim-wants-to-reveal-the-genius-of-its-students\/#primaryimage\"},\"thumbnailUrl\":\"https:\/\/www.afro-impact.com\/wp-content\/uploads\/2023\/07\/conference-presse-unstim-geneb.jpeg\",\"keywords\":[\"Benin\",\"GeNEB\",\"INSTI Lokossa\",\"UNSTIM\"],\"articleSection\":[\"Education\"],\"inLanguage\":\"en-US\",\"potentialAction\":[{\"@type\":\"CommentAction\",\"name\":\"Comment\",\"target\":[\"https:\/\/www.afro-impact.com\/en\/1st-national-entrepreneurship-genius-days-in-benin-unstim-wants-to-reveal-the-genius-of-its-students\/#respond\"]}],\"copyrightYear\":\"2023\",\"copyrightHolder\":{\"@id\":\"https:\/\/www.afro-impact.com\/#organization\"}},{\"@type\":\"WebPage\",\"@id\":\"https:\/\/www.afro-impact.com\/en\/1st-national-entrepreneurship-genius-days-in-benin-unstim-wants-to-reveal-the-genius-of-its-students\/\",\"url\":\"https:\/\/www.afro-impact.com\/en\/1st-national-entrepreneurship-genius-days-in-benin-unstim-wants-to-reveal-the-genius-of-its-students\/\",\"name\":\"1st National Entrepreneurship Genius Days in Benin: UNSTIM wants to reveal the genius of its students - Afro impact\",\"isPartOf\":{\"@id\":\"https:\/\/www.afro-impact.com\/#website\"},\"primaryImageOfPage\":{\"@id\":\"https:\/\/www.afro-impact.com\/en\/1st-national-entrepreneurship-genius-days-in-benin-unstim-wants-to-reveal-the-genius-of-its-students\/#primaryimage\"},\"image\":{\"@id\":\"https:\/\/www.afro-impact.com\/en\/1st-national-entrepreneurship-genius-days-in-benin-unstim-wants-to-reveal-the-genius-of-its-students\/#primaryimage\"},\"thumbnailUrl\":\"https:\/\/www.afro-impact.com\/wp-content\/uploads\/2023\/07\/conference-presse-unstim-geneb.jpeg\",\"datePublished\":\"2023-07-21T14:33:58+00:00\",\"dateModified\":\"2023-08-05T14:26:38+00:00\",\"description\":\"From August 02 to 05, the university of Lokossa will host the first edition of the National Entrepreneurship Genius Days (GeNEB) in Benin. Initiated by UNSTIM Abomey, the theme of this year's conference is \\\"Science and Technology for Sustainable Development Goals\\\". The aim is to promote the achievements of Benin's inventors and innovators, to encourage the next generation to become aware of the challenges of development and the important role they have to play in the wealth creation process.\",\"breadcrumb\":{\"@id\":\"https:\/\/www.afro-impact.com\/en\/1st-national-entrepreneurship-genius-days-in-benin-unstim-wants-to-reveal-the-genius-of-its-students\/#breadcrumb\"},\"inLanguage\":\"en-US\",\"potentialAction\":[{\"@type\":\"ReadAction\",\"target\":[\"https:\/\/www.afro-impact.com\/en\/1st-national-entrepreneurship-genius-days-in-benin-unstim-wants-to-reveal-the-genius-of-its-students\/\"]}]},{\"@type\":\"ImageObject\",\"inLanguage\":\"en-US\",\"@id\":\"https:\/\/www.afro-impact.com\/en\/1st-national-entrepreneurship-genius-days-in-benin-unstim-wants-to-reveal-the-genius-of-its-students\/#primaryimage\",\"url\":\"https:\/\/www.afro-impact.com\/wp-content\/uploads\/2023\/07\/conference-presse-unstim-geneb.jpeg\",\"contentUrl\":\"https:\/\/www.afro-impact.com\/wp-content\/uploads\/2023\/07\/conference-presse-unstim-geneb.jpeg\",\"width\":1280,\"height\":720,\"caption\":\"Unstim authorities were at a press conference this Thursday, July 20, 2023 on the university's Abomey site to announce the 1st edition of the National Entrepreneurship Genius Days.\"},{\"@type\":\"BreadcrumbList\",\"@id\":\"https:\/\/www.afro-impact.com\/en\/1st-national-entrepreneurship-genius-days-in-benin-unstim-wants-to-reveal-the-genius-of-its-students\/#breadcrumb\",\"itemListElement\":[{\"@type\":\"ListItem\",\"position\":1,\"name\":\"News\",\"item\":\"https:\/\/www.afro-impact.com\/\"},{\"@type\":\"ListItem\",\"position\":2,\"name\":\"Education\",\"item\":\"https:\/\/www.afro-impact.com\/education\/\"},{\"@type\":\"ListItem\",\"position\":3,\"name\":\"1st National Entrepreneurship Genius Days in Benin: UNSTIM wants to reveal the genius of its students\"}]},{\"@type\":\"WebSite\",\"@id\":\"https:\/\/www.afro-impact.com\/#website\",\"url\":\"https:\/\/www.afro-impact.com\/\",\"name\":\"Afro impact\",\"description\":\"L&#039;Afrique vu autrement\",\"publisher\":{\"@id\":\"https:\/\/www.afro-impact.com\/#organization\"},\"potentialAction\":[{\"@type\":\"SearchAction\",\"target\":{\"@type\":\"EntryPoint\",\"urlTemplate\":\"https:\/\/www.afro-impact.com\/?s={search_term_string}\"},\"query-input\":{\"@type\":\"PropertyValueSpecification\",\"valueRequired\":true,\"valueName\":\"search_term_string\"}}],\"inLanguage\":\"en-US\"},{\"@type\":[\"Organization\",\"Place\"],\"@id\":\"https:\/\/www.afro-impact.com\/#organization\",\"name\":\"Afro impact\",\"alternateName\":\"carrecube\",\"url\":\"https:\/\/www.afro-impact.com\/\",\"logo\":{\"@id\":\"https:\/\/www.afro-impact.com\/en\/1st-national-entrepreneurship-genius-days-in-benin-unstim-wants-to-reveal-the-genius-of-its-students\/#local-main-organization-logo\"},\"image\":{\"@id\":\"https:\/\/www.afro-impact.com\/en\/1st-national-entrepreneurship-genius-days-in-benin-unstim-wants-to-reveal-the-genius-of-its-students\/#local-main-organization-logo\"},\"sameAs\":[\"https:\/\/www.facebook.com\/AfroimpactMag\",\"https:\/\/x.com\/AfroimpactMag\",\"https:\/\/www.youtube.com\/channel\/UCJNIRcX4sVo487fhv0p5KDw\"],\"publishingPrinciples\":\"https:\/\/www.afro-impact.com\/a-propos-magazine-afro-impact\/\",\"ownershipFundingInfo\":\"https:\/\/www.afro-impact.com\/mentions-legales\/\",\"actionableFeedbackPolicy\":\"https:\/\/www.afro-impact.com\/conditions-generales\/\",\"correctionsPolicy\":\"https:\/\/www.afro-impact.com\/dmca-retrait\/\",\"address\":{\"@id\":\"https:\/\/www.afro-impact.com\/en\/1st-national-entrepreneurship-genius-days-in-benin-unstim-wants-to-reveal-the-genius-of-its-students\/#local-main-place-address\"},\"geo\":{\"@type\":\"GeoCoordinates\",\"latitude\":\"6.389282121878214\",\"longitude\":\"2.3602318590634495\"},\"telephone\":[\"+229 54900806\"],\"openingHoursSpecification\":[{\"@type\":\"OpeningHoursSpecification\",\"dayOfWeek\":[\"Monday\",\"Tuesday\",\"Wednesday\",\"Thursday\",\"Friday\",\"Saturday\",\"Sunday\"],\"opens\":\"00:00\",\"closes\":\"23:59\"}],\"email\":\"redaction@afro-impact.com\",\"vatID\":\"0 2022 1395 5557\"},{\"@type\":\"Person\",\"@id\":\"https:\/\/www.afro-impact.com\/#\/schema\/person\/5c48f58a7d0cc36b8d96110a4feedf77\",\"name\":\"Eliane Fatchina\",\"image\":{\"@type\":\"ImageObject\",\"inLanguage\":\"en-US\",\"@id\":\"https:\/\/www.afro-impact.com\/#\/schema\/person\/image\/\",\"url\":\"https:\/\/www.afro-impact.com\/wp-content\/litespeed\/avatar\/5f9f737261a53c0e086b34b0464cb9e1.jpg?ver=1777018517\",\"contentUrl\":\"https:\/\/www.afro-impact.com\/wp-content\/litespeed\/avatar\/5f9f737261a53c0e086b34b0464cb9e1.jpg?ver=1777018517\",\"caption\":\"Eliane Fatchina\"},\"description\":\"Eliane Yabo Omonlayo Fatchina est une journaliste reporter \u00e0 Afro impact. Titulaire d\u2019une licence professionnelle en journalisme \u00e0 l\u2019ENSTIC du B\u00e9nin, elle est une panafricaniste passionn\u00e9e de culture, des questions de soci\u00e9t\u00e9 et d\u2019environnement. Avec d\u00e9j\u00e0 sept ans d\u2019exp\u00e9riences, elle s\u2019emploie quotidiennement \u00e0 donner de la voix aux id\u00e9es \u00e0 travers l\u2019\u00e9criture.\",\"sameAs\":[\"https:\/\/facebook.com\/profile.php?id=100075035589093\"],\"url\":\"https:\/\/www.afro-impact.com\/en\/author\/omonlayo\/\"},{\"@type\":\"PostalAddress\",\"@id\":\"https:\/\/www.afro-impact.com\/en\/1st-national-entrepreneurship-genius-days-in-benin-unstim-wants-to-reveal-the-genius-of-its-students\/#local-main-place-address\",\"streetAddress\":\"Carr\u00e9 2167 Kindonou, Cotonou, BENIN, 07 BP 1128 Cotonou, BENIN\",\"addressLocality\":\"Cotonou\",\"postalCode\":\"+229\",\"addressRegion\":\"Littoral\",\"addressCountry\":\"BJ\"},{\"@type\":\"ImageObject\",\"inLanguage\":\"en-US\",\"@id\":\"https:\/\/www.afro-impact.com\/en\/1st-national-entrepreneurship-genius-days-in-benin-unstim-wants-to-reveal-the-genius-of-its-students\/#local-main-organization-logo\",\"url\":\"https:\/\/www.afro-impact.com\/wp-content\/uploads\/2022\/01\/logo-afro-impact-share-social.png\",\"contentUrl\":\"https:\/\/www.afro-impact.com\/wp-content\/uploads\/2022\/01\/logo-afro-impact-share-social.png\",\"width\":300,\"height\":300,\"caption\":\"Afro impact\"}]}<\/script>\n<meta name=\"geo.placename\" content=\"Cotonou\" \/>\n<meta name=\"geo.position\" content=\"6.389282121878214;2.3602318590634495\" \/>\n<meta name=\"geo.region\" content=\"Benin\" \/>\n<!-- \/ Yoast SEO Premium plugin. -->","yoast_head_json":{"title":"1st National Entrepreneurship Genius Days in Benin: UNSTIM wants to reveal the genius of its students - Afro impact","description":"From August 02 to 05, the university of Lokossa will host the first edition of the National Entrepreneurship Genius Days (GeNEB) in Benin. Initiated by UNSTIM Abomey, the theme of this year's conference is \"Science and Technology for Sustainable Development Goals\". The aim is to promote the achievements of Benin's inventors and innovators, to encourage the next generation to become aware of the challenges of development and the important role they have to play in the wealth creation process.","robots":{"index":"index","follow":"follow","max-snippet":"max-snippet:-1","max-image-preview":"max-image-preview:large","max-video-preview":"max-video-preview:-1"},"canonical":"https:\/\/www.afro-impact.com\/en\/1st-national-entrepreneurship-genius-days-in-benin-unstim-wants-to-reveal-the-genius-of-its-students\/","og_locale":"en_US","og_type":"article","og_title":"1st National Entrepreneurship Genius Days in Benin: UNSTIM wants to reveal the genius of its students - Afro impact","og_description":"From August 02 to 05, the university of Lokossa will host the first edition of the National Entrepreneurship Genius Days (GeNEB) in Benin. Initiated by UNSTIM Abomey, the theme of this year's conference is \"Science and Technology for Sustainable Development Goals\". The aim is to promote the achievements of Benin's inventors and innovators, to encourage the next generation to become aware of the challenges of development and the important role they have to play in the wealth creation process.","og_url":"https:\/\/www.afro-impact.com\/en\/1st-national-entrepreneurship-genius-days-in-benin-unstim-wants-to-reveal-the-genius-of-its-students\/","og_site_name":"Afro impact","article_publisher":"https:\/\/www.facebook.com\/AfroimpactMag","article_author":"https:\/\/facebook.com\/profile.php?id=100075035589093","article_published_time":"2023-07-21T14:33:58+00:00","article_modified_time":"2023-08-05T14:26:38+00:00","og_image":[{"width":1280,"height":720,"url":"https:\/\/www.afro-impact.com\/wp-content\/uploads\/2023\/07\/conference-presse-unstim-geneb.jpeg","type":"image\/jpeg"}],"author":"Eliane Fatchina","twitter_card":"summary_large_image","twitter_creator":"@AfroimpactMag","twitter_site":"@AfroimpactMag","twitter_misc":{"Written by":"Eliane Fatchina","Est. reading time":"3 minutes"},"schema":{"@context":"https:\/\/schema.org","@graph":[{"@type":"NewsArticle","@id":"https:\/\/www.afro-impact.com\/en\/1st-national-entrepreneurship-genius-days-in-benin-unstim-wants-to-reveal-the-genius-of-its-students\/#article","isPartOf":{"@id":"https:\/\/www.afro-impact.com\/en\/1st-national-entrepreneurship-genius-days-in-benin-unstim-wants-to-reveal-the-genius-of-its-students\/"},"author":{"name":"Eliane Fatchina","@id":"https:\/\/www.afro-impact.com\/#\/schema\/person\/5c48f58a7d0cc36b8d96110a4feedf77"},"headline":"1st National Entrepreneurship Genius Days in Benin: UNSTIM wants to reveal the genius of its students","datePublished":"2023-07-21T14:33:58+00:00","dateModified":"2023-08-05T14:26:38+00:00","mainEntityOfPage":{"@id":"https:\/\/www.afro-impact.com\/en\/1st-national-entrepreneurship-genius-days-in-benin-unstim-wants-to-reveal-the-genius-of-its-students\/"},"wordCount":631,"commentCount":0,"publisher":{"@id":"https:\/\/www.afro-impact.com\/#organization"},"image":{"@id":"https:\/\/www.afro-impact.com\/en\/1st-national-entrepreneurship-genius-days-in-benin-unstim-wants-to-reveal-the-genius-of-its-students\/#primaryimage"},"thumbnailUrl":"https:\/\/www.afro-impact.com\/wp-content\/uploads\/2023\/07\/conference-presse-unstim-geneb.jpeg","keywords":["Benin","GeNEB","INSTI Lokossa","UNSTIM"],"articleSection":["Education"],"inLanguage":"en-US","potentialAction":[{"@type":"CommentAction","name":"Comment","target":["https:\/\/www.afro-impact.com\/en\/1st-national-entrepreneurship-genius-days-in-benin-unstim-wants-to-reveal-the-genius-of-its-students\/#respond"]}],"copyrightYear":"2023","copyrightHolder":{"@id":"https:\/\/www.afro-impact.com\/#organization"}},{"@type":"WebPage","@id":"https:\/\/www.afro-impact.com\/en\/1st-national-entrepreneurship-genius-days-in-benin-unstim-wants-to-reveal-the-genius-of-its-students\/","url":"https:\/\/www.afro-impact.com\/en\/1st-national-entrepreneurship-genius-days-in-benin-unstim-wants-to-reveal-the-genius-of-its-students\/","name":"1st National Entrepreneurship Genius Days in Benin: UNSTIM wants to reveal the genius of its students - Afro impact","isPartOf":{"@id":"https:\/\/www.afro-impact.com\/#website"},"primaryImageOfPage":{"@id":"https:\/\/www.afro-impact.com\/en\/1st-national-entrepreneurship-genius-days-in-benin-unstim-wants-to-reveal-the-genius-of-its-students\/#primaryimage"},"image":{"@id":"https:\/\/www.afro-impact.com\/en\/1st-national-entrepreneurship-genius-days-in-benin-unstim-wants-to-reveal-the-genius-of-its-students\/#primaryimage"},"thumbnailUrl":"https:\/\/www.afro-impact.com\/wp-content\/uploads\/2023\/07\/conference-presse-unstim-geneb.jpeg","datePublished":"2023-07-21T14:33:58+00:00","dateModified":"2023-08-05T14:26:38+00:00","description":"From August 02 to 05, the university of Lokossa will host the first edition of the National Entrepreneurship Genius Days (GeNEB) in Benin. Initiated by UNSTIM Abomey, the theme of this year's conference is \"Science and Technology for Sustainable Development Goals\". The aim is to promote the achievements of Benin's inventors and innovators, to encourage the next generation to become aware of the challenges of development and the important role they have to play in the wealth creation process.","breadcrumb":{"@id":"https:\/\/www.afro-impact.com\/en\/1st-national-entrepreneurship-genius-days-in-benin-unstim-wants-to-reveal-the-genius-of-its-students\/#breadcrumb"},"inLanguage":"en-US","potentialAction":[{"@type":"ReadAction","target":["https:\/\/www.afro-impact.com\/en\/1st-national-entrepreneurship-genius-days-in-benin-unstim-wants-to-reveal-the-genius-of-its-students\/"]}]},{"@type":"ImageObject","inLanguage":"en-US","@id":"https:\/\/www.afro-impact.com\/en\/1st-national-entrepreneurship-genius-days-in-benin-unstim-wants-to-reveal-the-genius-of-its-students\/#primaryimage","url":"https:\/\/www.afro-impact.com\/wp-content\/uploads\/2023\/07\/conference-presse-unstim-geneb.jpeg","contentUrl":"https:\/\/www.afro-impact.com\/wp-content\/uploads\/2023\/07\/conference-presse-unstim-geneb.jpeg","width":1280,"height":720,"caption":"Unstim authorities were at a press conference this Thursday, July 20, 2023 on the university's Abomey site to announce the 1st edition of the National Entrepreneurship Genius Days."},{"@type":"BreadcrumbList","@id":"https:\/\/www.afro-impact.com\/en\/1st-national-entrepreneurship-genius-days-in-benin-unstim-wants-to-reveal-the-genius-of-its-students\/#breadcrumb","itemListElement":[{"@type":"ListItem","position":1,"name":"News","item":"https:\/\/www.afro-impact.com\/"},{"@type":"ListItem","position":2,"name":"Education","item":"https:\/\/www.afro-impact.com\/education\/"},{"@type":"ListItem","position":3,"name":"1st National Entrepreneurship Genius Days in Benin: UNSTIM wants to reveal the genius of its students"}]},{"@type":"WebSite","@id":"https:\/\/www.afro-impact.com\/#website","url":"https:\/\/www.afro-impact.com\/","name":"Afro impact","description":"L&#039;Afrique vu autrement","publisher":{"@id":"https:\/\/www.afro-impact.com\/#organization"},"potentialAction":[{"@type":"SearchAction","target":{"@type":"EntryPoint","urlTemplate":"https:\/\/www.afro-impact.com\/?s={search_term_string}"},"query-input":{"@type":"PropertyValueSpecification","valueRequired":true,"valueName":"search_term_string"}}],"inLanguage":"en-US"},{"@type":["Organization","Place"],"@id":"https:\/\/www.afro-impact.com\/#organization","name":"Afro impact","alternateName":"carrecube","url":"https:\/\/www.afro-impact.com\/","logo":{"@id":"https:\/\/www.afro-impact.com\/en\/1st-national-entrepreneurship-genius-days-in-benin-unstim-wants-to-reveal-the-genius-of-its-students\/#local-main-organization-logo"},"image":{"@id":"https:\/\/www.afro-impact.com\/en\/1st-national-entrepreneurship-genius-days-in-benin-unstim-wants-to-reveal-the-genius-of-its-students\/#local-main-organization-logo"},"sameAs":["https:\/\/www.facebook.com\/AfroimpactMag","https:\/\/x.com\/AfroimpactMag","https:\/\/www.youtube.com\/channel\/UCJNIRcX4sVo487fhv0p5KDw"],"publishingPrinciples":"https:\/\/www.afro-impact.com\/a-propos-magazine-afro-impact\/","ownershipFundingInfo":"https:\/\/www.afro-impact.com\/mentions-legales\/","actionableFeedbackPolicy":"https:\/\/www.afro-impact.com\/conditions-generales\/","correctionsPolicy":"https:\/\/www.afro-impact.com\/dmca-retrait\/","address":{"@id":"https:\/\/www.afro-impact.com\/en\/1st-national-entrepreneurship-genius-days-in-benin-unstim-wants-to-reveal-the-genius-of-its-students\/#local-main-place-address"},"geo":{"@type":"GeoCoordinates","latitude":"6.389282121878214","longitude":"2.3602318590634495"},"telephone":["+229 54900806"],"openingHoursSpecification":[{"@type":"OpeningHoursSpecification","dayOfWeek":["Monday","Tuesday","Wednesday","Thursday","Friday","Saturday","Sunday"],"opens":"00:00","closes":"23:59"}],"email":"redaction@afro-impact.com","vatID":"0 2022 1395 5557"},{"@type":"Person","@id":"https:\/\/www.afro-impact.com\/#\/schema\/person\/5c48f58a7d0cc36b8d96110a4feedf77","name":"Eliane Fatchina","image":{"@type":"ImageObject","inLanguage":"en-US","@id":"https:\/\/www.afro-impact.com\/#\/schema\/person\/image\/","url":"https:\/\/www.afro-impact.com\/wp-content\/litespeed\/avatar\/5f9f737261a53c0e086b34b0464cb9e1.jpg?ver=1777018517","contentUrl":"https:\/\/www.afro-impact.com\/wp-content\/litespeed\/avatar\/5f9f737261a53c0e086b34b0464cb9e1.jpg?ver=1777018517","caption":"Eliane Fatchina"},"description":"Eliane Yabo Omonlayo Fatchina est une journaliste reporter \u00e0 Afro impact. Titulaire d\u2019une licence professionnelle en journalisme \u00e0 l\u2019ENSTIC du B\u00e9nin, elle est une panafricaniste passionn\u00e9e de culture, des questions de soci\u00e9t\u00e9 et d\u2019environnement. Avec d\u00e9j\u00e0 sept ans d\u2019exp\u00e9riences, elle s\u2019emploie quotidiennement \u00e0 donner de la voix aux id\u00e9es \u00e0 travers l\u2019\u00e9criture.","sameAs":["https:\/\/facebook.com\/profile.php?id=100075035589093"],"url":"https:\/\/www.afro-impact.com\/en\/author\/omonlayo\/"},{"@type":"PostalAddress","@id":"https:\/\/www.afro-impact.com\/en\/1st-national-entrepreneurship-genius-days-in-benin-unstim-wants-to-reveal-the-genius-of-its-students\/#local-main-place-address","streetAddress":"Carr\u00e9 2167 Kindonou, Cotonou, BENIN, 07 BP 1128 Cotonou, BENIN","addressLocality":"Cotonou","postalCode":"+229","addressRegion":"Littoral","addressCountry":"BJ"},{"@type":"ImageObject","inLanguage":"en-US","@id":"https:\/\/www.afro-impact.com\/en\/1st-national-entrepreneurship-genius-days-in-benin-unstim-wants-to-reveal-the-genius-of-its-students\/#local-main-organization-logo","url":"https:\/\/www.afro-impact.com\/wp-content\/uploads\/2022\/01\/logo-afro-impact-share-social.png","contentUrl":"https:\/\/www.afro-impact.com\/wp-content\/uploads\/2022\/01\/logo-afro-impact-share-social.png","width":300,"height":300,"caption":"Afro impact"}]},"geo.placename":"Cotonou","geo.position":{"lat":"6.389282121878214","long":"2.3602318590634495"},"geo.region":"Benin"},"_links":{"self":[{"href":"https:\/\/www.afro-impact.com\/en\/wp-json\/wp\/v2\/posts\/19727","targetHints":{"allow":["GET"]}}],"collection":[{"href":"https:\/\/www.afro-impact.com\/en\/wp-json\/wp\/v2\/posts"}],"about":[{"href":"https:\/\/www.afro-impact.com\/en\/wp-json\/wp\/v2\/types\/post"}],"author":[{"embeddable":true,"href":"https:\/\/www.afro-impact.com\/en\/wp-json\/wp\/v2\/users\/2"}],"replies":[{"embeddable":true,"href":"https:\/\/www.afro-impact.com\/en\/wp-json\/wp\/v2\/comments?post=19727"}],"version-history":[{"count":3,"href":"https:\/\/www.afro-impact.com\/en\/wp-json\/wp\/v2\/posts\/19727\/revisions"}],"predecessor-version":[{"id":19972,"href":"https:\/\/www.afro-impact.com\/en\/wp-json\/wp\/v2\/posts\/19727\/revisions\/19972"}],"wp:featuredmedia":[{"embeddable":true,"href":"https:\/\/www.afro-impact.com\/en\/wp-json\/wp\/v2\/media\/19720"}],"wp:attachment":[{"href":"https:\/\/www.afro-impact.com\/en\/wp-json\/wp\/v2\/media?parent=19727"}],"wp:term":[{"taxonomy":"category","embeddable":true,"href":"https:\/\/www.afro-impact.com\/en\/wp-json\/wp\/v2\/categories?post=19727"},{"taxonomy":"post_tag","embeddable":true,"href":"https:\/\/www.afro-impact.com\/en\/wp-json\/wp\/v2\/tags?post=19727"}],"curies":[{"name":"wp","href":"https:\/\/api.w.org\/{rel}","templated":true}]}}