{"id":5466,"date":"2022-02-11T17:26:53","date_gmt":"2022-02-11T16:26:53","guid":{"rendered":"https:\/\/www.afro-impact.com\/benin-the-european-union-supports-the-pag-with-255-million-dollars\/"},"modified":"2022-02-12T17:31:55","modified_gmt":"2022-02-12T17:31:55","slug":"benin-the-european-union-supports-the-pag-with-255-million-dollars","status":"publish","type":"post","link":"https:\/\/www.afro-impact.com\/en\/benin-the-european-union-supports-the-pag-with-255-million-dollars\/","title":{"rendered":"Benin: The European Union supports the PAG with 255 million dollars"},"content":{"rendered":"\n<p><strong>Relations between the European Union and Benin are strengthening and bearing good fruit. En effet, de nouvelles priorit\u00e9s sont d\u00e9finies dans le cadre de cette coop\u00e9ration et sont contenues dans le Programme indicatif multi-annuel (Pim) 2021-2027. Through this initiative, the European Union intends to support the Benin government&#8217;s action programme to the tune of 255 million dollars.<\/strong><\/p>\n\n<p>The multi-annual indicative programme drawn up by the European Union for Benin from 2021 to 2027 was presented on <em>Tuesday 8 February in Cotonou in the presence of several government ministers under the aegis of<\/em> Romuald Wadagni, Minister of the Economy and Finance<em>. The presence of a strong European delegation headed by <\/em>Ambassador Sylvia Hartleif, Head of the EU Delegation to Benin. To this end, an initial envelope of 255 million euros or more than 147 billion CFA francs is planned for the period 2021-2024 with a view to consolidating this partnership and making progress in the key sectors defined. Thus, through this fund, the European Union (EU) plans to support the efforts of the Beninese government.<\/p>\n\n<p>Three common priority areas for cooperation were identified in the document. These are &#8220;human and natural capital&#8221;, with a particular focus on vocational training and social protection and inclusion, followed by environmental protection and biodiversity. The second area focuses on &#8220;Green and Digital Economic Growth&#8221;, which covers targeted interventions in the port of Cotonou, renewable energy and sustainable agriculture. A third priority area selected is based on the notion of a &#8220;Secure and Prosperous Society&#8221;, to support good governance, private sector promotion, peace and stability in an increasingly deteriorating regional context.<\/p>\n\n<p>&#8220;Today we mark an important step in our cooperation, committing ourselves to long-term support for our common priorities. Our partnership is not only quantitative, but above all qualitative and in the coming years, my team and I will strive to put Benin at the heart of European opportunities, instruments and strategies to support our common values and interests,&#8221; said Ambassador Sylvia Hartleif, Head of the EU Delegation to Benin.<\/p>\n\n<p>As one might expect, the project aims to contribute to the achievement of the objectives of the cooperation between the European Union and Benin to create favourable conditions for economic transformation and sustainable and inclusive growth.<\/p>\n\n<p>For Romuald Wadagni, Minister of Economy and Finance, &#8220;this new programme which covers the period 2021-2024 is formulated in support of the implementation of the Government Action Programme (Pag) 2021-2026 in a context of post-Covid-19 recovery.&#8221; This will allow, he continued, &#8220;not only to pursue and improve the development projects opened, but also to ensure a sustainable partnership for the structural economic transformation of Benin. <\/p>\n\n<p>Moreover, the Beninese authorities aim to achieve the sustainable development objectives of the United Nations&#8217; Agenda 2030 and those of the African Union&#8217;s Agenda 2063 through the PAG from 2021 to 2026,<\/p>\n","protected":false},"excerpt":{"rendered":"<p>Relations between the European Union and Benin are strengthening and bearing good fruit. En effet, de nouvelles priorit\u00e9s sont d\u00e9finies dans le cadre de cette coop\u00e9ration et sont contenues dans le Programme indicatif multi-annuel (Pim) 2021-2027. Through this initiative, the European Union intends to support the Benin government&#8217;s action programme to the tune of 255<\/p>\n","protected":false},"author":10,"featured_media":5420,"comment_status":"open","ping_status":"open","sticky":false,"template":"","format":"standard","meta":{"footnotes":""},"categories":[1476],"tags":[573,575,574],"class_list":{"0":"post-5466","1":"post","2":"type-post","3":"status-publish","4":"format-standard","5":"has-post-thumbnail","7":"category-politics","8":"tag-255m","9":"tag-european-union","10":"tag-pag-en"},"yoast_head":"<!-- This site is optimized with the Yoast SEO Premium plugin v25.5 (Yoast SEO v25.5) - https:\/\/yoast.com\/wordpress\/plugins\/seo\/ -->\n<title>Benin: The European Union supports the PAG with 255 million dollars | Afro impact<\/title>\n<meta name=\"description\" content=\"Relations between the European Union and Benin are strengthening and bearing good fruit. En effet, de nouvelles priorit\u00e9s sont d\u00e9finies dans le cadre de cette coop\u00e9ration et sont contenues dans le Programme indicatif multi-annuel (Pim) 2021-2027. Through this initiative, the European Union intends to support the Benin government&#039;s action programme to the tune of 255 million dollars.\" \/>\n<meta name=\"robots\" content=\"index, follow, max-snippet:-1, max-image-preview:large, max-video-preview:-1\" \/>\n<link rel=\"canonical\" href=\"https:\/\/www.afro-impact.com\/benin-lunion-europeenne-accompagne-le-pag-a-hauteur-de-255-millions-de-dollars\/\" \/>\n<meta property=\"og:locale\" content=\"en_US\" \/>\n<meta property=\"og:type\" content=\"article\" \/>\n<meta property=\"og:title\" content=\"Benin: The European Union supports the PAG with 255 million dollars | Afro impact\" \/>\n<meta property=\"og:description\" content=\"Relations between the European Union and Benin are strengthening and bearing good fruit. En effet, de nouvelles priorit\u00e9s sont d\u00e9finies dans le cadre de cette coop\u00e9ration et sont contenues dans le Programme indicatif multi-annuel (Pim) 2021-2027. Through this initiative, the European Union intends to support the Benin government&#039;s action programme to the tune of 255 million dollars.\" \/>\n<meta property=\"og:url\" content=\"https:\/\/www.afro-impact.com\/benin-lunion-europeenne-accompagne-le-pag-a-hauteur-de-255-millions-de-dollars\/\" \/>\n<meta property=\"og:site_name\" content=\"Afro impact\" \/>\n<meta property=\"article:publisher\" content=\"https:\/\/www.facebook.com\/AfroimpactMag\" \/>\n<meta property=\"article:author\" content=\"https:\/\/facebook.com\/AfroimpactMag\" \/>\n<meta property=\"article:published_time\" content=\"2022-02-11T16:26:53+00:00\" \/>\n<meta property=\"article:modified_time\" content=\"2022-02-12T17:31:55+00:00\" \/>\n<meta property=\"og:image\" content=\"https:\/\/www.afro-impact.com\/wp-content\/uploads\/2022\/02\/benin-ue-pag.jpg\" \/>\n\t<meta property=\"og:image:width\" content=\"1080\" \/>\n\t<meta property=\"og:image:height\" content=\"509\" \/>\n\t<meta property=\"og:image:type\" content=\"image\/jpeg\" \/>\n<meta name=\"author\" content=\"La r\u00e9daction Afro impact\" \/>\n<meta name=\"twitter:card\" content=\"summary_large_image\" \/>\n<meta name=\"twitter:title\" content=\"Benin: The European Union supports the PAG with 255 million dollars | Afro impact\" \/>\n<meta name=\"twitter:creator\" content=\"@AfroimpactMag\" \/>\n<meta name=\"twitter:site\" content=\"@AfroimpactMag\" \/>\n<meta name=\"twitter:label1\" content=\"Written by\" \/>\n\t<meta name=\"twitter:data1\" content=\"Afro impact Newsroom\" \/>\n\t<meta name=\"twitter:label2\" content=\"Est. reading time\" \/>\n\t<meta name=\"twitter:data2\" content=\"2 minutes\" \/>\n<script type=\"application\/ld+json\" class=\"yoast-schema-graph\">{\"@context\":\"https:\/\/schema.org\",\"@graph\":[{\"@type\":\"NewsArticle\",\"@id\":\"https:\/\/www.afro-impact.com\/benin-lunion-europeenne-accompagne-le-pag-a-hauteur-de-255-millions-de-dollars\/#article\",\"isPartOf\":{\"@id\":\"https:\/\/www.afro-impact.com\/benin-lunion-europeenne-accompagne-le-pag-a-hauteur-de-255-millions-de-dollars\/\"},\"author\":{\"name\":\"La r\u00e9daction Afro impact\",\"@id\":\"https:\/\/www.afro-impact.com\/#\/schema\/person\/6b1b61940a2bf5253055f558744235d5\"},\"headline\":\"Benin: The European Union supports the PAG with 255 million dollars\",\"datePublished\":\"2022-02-11T16:26:53+00:00\",\"dateModified\":\"2022-02-12T17:31:55+00:00\",\"mainEntityOfPage\":{\"@id\":\"https:\/\/www.afro-impact.com\/benin-lunion-europeenne-accompagne-le-pag-a-hauteur-de-255-millions-de-dollars\/\"},\"wordCount\":472,\"commentCount\":0,\"publisher\":{\"@id\":\"https:\/\/www.afro-impact.com\/#organization\"},\"image\":{\"@id\":\"https:\/\/www.afro-impact.com\/benin-lunion-europeenne-accompagne-le-pag-a-hauteur-de-255-millions-de-dollars\/#primaryimage\"},\"thumbnailUrl\":\"https:\/\/www.afro-impact.com\/wp-content\/uploads\/2022\/02\/benin-ue-pag.jpg\",\"keywords\":[\"$255m\",\"European Union\",\"PAG\"],\"articleSection\":[\"Politics\"],\"inLanguage\":\"en-US\",\"potentialAction\":[{\"@type\":\"CommentAction\",\"name\":\"Comment\",\"target\":[\"https:\/\/www.afro-impact.com\/benin-lunion-europeenne-accompagne-le-pag-a-hauteur-de-255-millions-de-dollars\/#respond\"]}],\"copyrightYear\":\"2022\",\"copyrightHolder\":{\"@id\":\"https:\/\/www.afro-impact.com\/#organization\"}},{\"@type\":\"WebPage\",\"@id\":\"https:\/\/www.afro-impact.com\/benin-lunion-europeenne-accompagne-le-pag-a-hauteur-de-255-millions-de-dollars\/\",\"url\":\"https:\/\/www.afro-impact.com\/benin-lunion-europeenne-accompagne-le-pag-a-hauteur-de-255-millions-de-dollars\/\",\"name\":\"Benin: The European Union supports the PAG with 255 million dollars | Afro impact\",\"isPartOf\":{\"@id\":\"https:\/\/www.afro-impact.com\/#website\"},\"primaryImageOfPage\":{\"@id\":\"https:\/\/www.afro-impact.com\/benin-lunion-europeenne-accompagne-le-pag-a-hauteur-de-255-millions-de-dollars\/#primaryimage\"},\"image\":{\"@id\":\"https:\/\/www.afro-impact.com\/benin-lunion-europeenne-accompagne-le-pag-a-hauteur-de-255-millions-de-dollars\/#primaryimage\"},\"thumbnailUrl\":\"https:\/\/www.afro-impact.com\/wp-content\/uploads\/2022\/02\/benin-ue-pag.jpg\",\"datePublished\":\"2022-02-11T16:26:53+00:00\",\"dateModified\":\"2022-02-12T17:31:55+00:00\",\"description\":\"Relations between the European Union and Benin are strengthening and bearing good fruit. En effet, de nouvelles priorit\u00e9s sont d\u00e9finies dans le cadre de cette coop\u00e9ration et sont contenues dans le Programme indicatif multi-annuel (Pim) 2021-2027. Through this initiative, the European Union intends to support the Benin government's action programme to the tune of 255 million dollars.\",\"breadcrumb\":{\"@id\":\"https:\/\/www.afro-impact.com\/benin-lunion-europeenne-accompagne-le-pag-a-hauteur-de-255-millions-de-dollars\/#breadcrumb\"},\"inLanguage\":\"en-US\",\"potentialAction\":[{\"@type\":\"ReadAction\",\"target\":[\"https:\/\/www.afro-impact.com\/benin-lunion-europeenne-accompagne-le-pag-a-hauteur-de-255-millions-de-dollars\/\"]}]},{\"@type\":\"ImageObject\",\"inLanguage\":\"en-US\",\"@id\":\"https:\/\/www.afro-impact.com\/benin-lunion-europeenne-accompagne-le-pag-a-hauteur-de-255-millions-de-dollars\/#primaryimage\",\"url\":\"https:\/\/www.afro-impact.com\/wp-content\/uploads\/2022\/02\/benin-ue-pag.jpg\",\"contentUrl\":\"https:\/\/www.afro-impact.com\/wp-content\/uploads\/2022\/02\/benin-ue-pag.jpg\",\"width\":1080,\"height\":509,\"caption\":\"EU supports Benin Government's Action Programme for $255 million\"},{\"@type\":\"BreadcrumbList\",\"@id\":\"https:\/\/www.afro-impact.com\/benin-lunion-europeenne-accompagne-le-pag-a-hauteur-de-255-millions-de-dollars\/#breadcrumb\",\"itemListElement\":[{\"@type\":\"ListItem\",\"position\":1,\"name\":\"News\",\"item\":\"https:\/\/www.afro-impact.com\/\"},{\"@type\":\"ListItem\",\"position\":2,\"name\":\"Autres\",\"item\":\"https:\/\/www.afro-impact.com\/autres-infos\/\"},{\"@type\":\"ListItem\",\"position\":3,\"name\":\"Benin: The European Union supports the PAG with 255 million dollars\"}]},{\"@type\":\"WebSite\",\"@id\":\"https:\/\/www.afro-impact.com\/#website\",\"url\":\"https:\/\/www.afro-impact.com\/\",\"name\":\"Afro impact\",\"description\":\"L&#039;Afrique vu autrement\",\"publisher\":{\"@id\":\"https:\/\/www.afro-impact.com\/#organization\"},\"potentialAction\":[{\"@type\":\"SearchAction\",\"target\":{\"@type\":\"EntryPoint\",\"urlTemplate\":\"https:\/\/www.afro-impact.com\/?s={search_term_string}\"},\"query-input\":{\"@type\":\"PropertyValueSpecification\",\"valueRequired\":true,\"valueName\":\"search_term_string\"}}],\"inLanguage\":\"en-US\"},{\"@type\":[\"Organization\",\"Place\"],\"@id\":\"https:\/\/www.afro-impact.com\/#organization\",\"name\":\"Afro impact\",\"alternateName\":\"carrecube\",\"url\":\"https:\/\/www.afro-impact.com\/\",\"logo\":{\"@id\":\"https:\/\/www.afro-impact.com\/benin-lunion-europeenne-accompagne-le-pag-a-hauteur-de-255-millions-de-dollars\/#local-main-organization-logo\"},\"image\":{\"@id\":\"https:\/\/www.afro-impact.com\/benin-lunion-europeenne-accompagne-le-pag-a-hauteur-de-255-millions-de-dollars\/#local-main-organization-logo\"},\"sameAs\":[\"https:\/\/www.facebook.com\/AfroimpactMag\",\"https:\/\/x.com\/AfroimpactMag\",\"https:\/\/www.youtube.com\/channel\/UCJNIRcX4sVo487fhv0p5KDw\"],\"publishingPrinciples\":\"https:\/\/www.afro-impact.com\/a-propos-magazine-afro-impact\/\",\"ownershipFundingInfo\":\"https:\/\/www.afro-impact.com\/mentions-legales\/\",\"actionableFeedbackPolicy\":\"https:\/\/www.afro-impact.com\/conditions-generales\/\",\"correctionsPolicy\":\"https:\/\/www.afro-impact.com\/dmca-retrait\/\",\"address\":{\"@id\":\"https:\/\/www.afro-impact.com\/benin-lunion-europeenne-accompagne-le-pag-a-hauteur-de-255-millions-de-dollars\/#local-main-place-address\"},\"geo\":{\"@type\":\"GeoCoordinates\",\"latitude\":\"6.389282121878214\",\"longitude\":\"2.3602318590634495\"},\"telephone\":[\"+229 54900806\"],\"openingHoursSpecification\":[{\"@type\":\"OpeningHoursSpecification\",\"dayOfWeek\":[\"Monday\",\"Tuesday\",\"Wednesday\",\"Thursday\",\"Friday\",\"Saturday\",\"Sunday\"],\"opens\":\"00:00\",\"closes\":\"23:59\"}],\"email\":\"redaction@afro-impact.com\",\"vatID\":\"0 2022 1395 5557\"},{\"@type\":\"Person\",\"@id\":\"https:\/\/www.afro-impact.com\/#\/schema\/person\/6b1b61940a2bf5253055f558744235d5\",\"name\":\"La r\u00e9daction Afro impact\",\"image\":{\"@type\":\"ImageObject\",\"inLanguage\":\"en-US\",\"@id\":\"https:\/\/www.afro-impact.com\/#\/schema\/person\/image\/\",\"url\":\"https:\/\/www.afro-impact.com\/wp-content\/litespeed\/avatar\/8895e3be14a72c0f71971cfda830a8ea.jpg?ver=1777020284\",\"contentUrl\":\"https:\/\/www.afro-impact.com\/wp-content\/litespeed\/avatar\/8895e3be14a72c0f71971cfda830a8ea.jpg?ver=1777020284\",\"caption\":\"La r\u00e9daction Afro impact\"},\"description\":\"La r\u00e9daction de Afro impact se propose de vous livrer l\u2019information africaine dans sa globalit\u00e9, sans parti pris, afin de donner une image vraie du continent Africain.\",\"sameAs\":[\"https:\/\/facebook.com\/AfroimpactMag\"],\"url\":\"https:\/\/www.afro-impact.com\/en\/author\/nouvelles\/\"},{\"@type\":\"PostalAddress\",\"@id\":\"https:\/\/www.afro-impact.com\/benin-lunion-europeenne-accompagne-le-pag-a-hauteur-de-255-millions-de-dollars\/#local-main-place-address\",\"streetAddress\":\"Carr\u00e9 2167 Kindonou, Cotonou, BENIN, 07 BP 1128 Cotonou, BENIN\",\"addressLocality\":\"Cotonou\",\"postalCode\":\"+229\",\"addressRegion\":\"Littoral\",\"addressCountry\":\"BJ\"},{\"@type\":\"ImageObject\",\"inLanguage\":\"en-US\",\"@id\":\"https:\/\/www.afro-impact.com\/benin-lunion-europeenne-accompagne-le-pag-a-hauteur-de-255-millions-de-dollars\/#local-main-organization-logo\",\"url\":\"https:\/\/www.afro-impact.com\/wp-content\/uploads\/2022\/01\/logo-afro-impact-share-social.png\",\"contentUrl\":\"https:\/\/www.afro-impact.com\/wp-content\/uploads\/2022\/01\/logo-afro-impact-share-social.png\",\"width\":300,\"height\":300,\"caption\":\"Afro impact\"}]}<\/script>\n<meta name=\"geo.placename\" content=\"Cotonou\" \/>\n<meta name=\"geo.position\" content=\"6.389282121878214;2.3602318590634495\" \/>\n<meta name=\"geo.region\" content=\"Benin\" \/>\n<!-- \/ Yoast SEO Premium plugin. -->","yoast_head_json":{"title":"Benin: The European Union supports the PAG with 255 million dollars | Afro impact","description":"Relations between the European Union and Benin are strengthening and bearing good fruit. En effet, de nouvelles priorit\u00e9s sont d\u00e9finies dans le cadre de cette coop\u00e9ration et sont contenues dans le Programme indicatif multi-annuel (Pim) 2021-2027. Through this initiative, the European Union intends to support the Benin government's action programme to the tune of 255 million dollars.","robots":{"index":"index","follow":"follow","max-snippet":"max-snippet:-1","max-image-preview":"max-image-preview:large","max-video-preview":"max-video-preview:-1"},"canonical":"https:\/\/www.afro-impact.com\/benin-lunion-europeenne-accompagne-le-pag-a-hauteur-de-255-millions-de-dollars\/","og_locale":"en_US","og_type":"article","og_title":"Benin: The European Union supports the PAG with 255 million dollars | Afro impact","og_description":"Relations between the European Union and Benin are strengthening and bearing good fruit. En effet, de nouvelles priorit\u00e9s sont d\u00e9finies dans le cadre de cette coop\u00e9ration et sont contenues dans le Programme indicatif multi-annuel (Pim) 2021-2027. Through this initiative, the European Union intends to support the Benin government's action programme to the tune of 255 million dollars.","og_url":"https:\/\/www.afro-impact.com\/benin-lunion-europeenne-accompagne-le-pag-a-hauteur-de-255-millions-de-dollars\/","og_site_name":"Afro impact","article_publisher":"https:\/\/www.facebook.com\/AfroimpactMag","article_author":"https:\/\/facebook.com\/AfroimpactMag","article_published_time":"2022-02-11T16:26:53+00:00","article_modified_time":"2022-02-12T17:31:55+00:00","og_image":[{"width":1080,"height":509,"url":"https:\/\/www.afro-impact.com\/wp-content\/uploads\/2022\/02\/benin-ue-pag.jpg","type":"image\/jpeg"}],"author":"La r\u00e9daction Afro impact","twitter_card":"summary_large_image","twitter_title":"Benin: The European Union supports the PAG with 255 million dollars | Afro impact","twitter_creator":"@AfroimpactMag","twitter_site":"@AfroimpactMag","twitter_misc":{"Written by":"Afro impact Newsroom","Est. reading time":"2 minutes"},"schema":{"@context":"https:\/\/schema.org","@graph":[{"@type":"NewsArticle","@id":"https:\/\/www.afro-impact.com\/benin-lunion-europeenne-accompagne-le-pag-a-hauteur-de-255-millions-de-dollars\/#article","isPartOf":{"@id":"https:\/\/www.afro-impact.com\/benin-lunion-europeenne-accompagne-le-pag-a-hauteur-de-255-millions-de-dollars\/"},"author":{"name":"La r\u00e9daction Afro impact","@id":"https:\/\/www.afro-impact.com\/#\/schema\/person\/6b1b61940a2bf5253055f558744235d5"},"headline":"Benin: The European Union supports the PAG with 255 million dollars","datePublished":"2022-02-11T16:26:53+00:00","dateModified":"2022-02-12T17:31:55+00:00","mainEntityOfPage":{"@id":"https:\/\/www.afro-impact.com\/benin-lunion-europeenne-accompagne-le-pag-a-hauteur-de-255-millions-de-dollars\/"},"wordCount":472,"commentCount":0,"publisher":{"@id":"https:\/\/www.afro-impact.com\/#organization"},"image":{"@id":"https:\/\/www.afro-impact.com\/benin-lunion-europeenne-accompagne-le-pag-a-hauteur-de-255-millions-de-dollars\/#primaryimage"},"thumbnailUrl":"https:\/\/www.afro-impact.com\/wp-content\/uploads\/2022\/02\/benin-ue-pag.jpg","keywords":["$255m","European Union","PAG"],"articleSection":["Politics"],"inLanguage":"en-US","potentialAction":[{"@type":"CommentAction","name":"Comment","target":["https:\/\/www.afro-impact.com\/benin-lunion-europeenne-accompagne-le-pag-a-hauteur-de-255-millions-de-dollars\/#respond"]}],"copyrightYear":"2022","copyrightHolder":{"@id":"https:\/\/www.afro-impact.com\/#organization"}},{"@type":"WebPage","@id":"https:\/\/www.afro-impact.com\/benin-lunion-europeenne-accompagne-le-pag-a-hauteur-de-255-millions-de-dollars\/","url":"https:\/\/www.afro-impact.com\/benin-lunion-europeenne-accompagne-le-pag-a-hauteur-de-255-millions-de-dollars\/","name":"Benin: The European Union supports the PAG with 255 million dollars | Afro impact","isPartOf":{"@id":"https:\/\/www.afro-impact.com\/#website"},"primaryImageOfPage":{"@id":"https:\/\/www.afro-impact.com\/benin-lunion-europeenne-accompagne-le-pag-a-hauteur-de-255-millions-de-dollars\/#primaryimage"},"image":{"@id":"https:\/\/www.afro-impact.com\/benin-lunion-europeenne-accompagne-le-pag-a-hauteur-de-255-millions-de-dollars\/#primaryimage"},"thumbnailUrl":"https:\/\/www.afro-impact.com\/wp-content\/uploads\/2022\/02\/benin-ue-pag.jpg","datePublished":"2022-02-11T16:26:53+00:00","dateModified":"2022-02-12T17:31:55+00:00","description":"Relations between the European Union and Benin are strengthening and bearing good fruit. En effet, de nouvelles priorit\u00e9s sont d\u00e9finies dans le cadre de cette coop\u00e9ration et sont contenues dans le Programme indicatif multi-annuel (Pim) 2021-2027. Through this initiative, the European Union intends to support the Benin government's action programme to the tune of 255 million dollars.","breadcrumb":{"@id":"https:\/\/www.afro-impact.com\/benin-lunion-europeenne-accompagne-le-pag-a-hauteur-de-255-millions-de-dollars\/#breadcrumb"},"inLanguage":"en-US","potentialAction":[{"@type":"ReadAction","target":["https:\/\/www.afro-impact.com\/benin-lunion-europeenne-accompagne-le-pag-a-hauteur-de-255-millions-de-dollars\/"]}]},{"@type":"ImageObject","inLanguage":"en-US","@id":"https:\/\/www.afro-impact.com\/benin-lunion-europeenne-accompagne-le-pag-a-hauteur-de-255-millions-de-dollars\/#primaryimage","url":"https:\/\/www.afro-impact.com\/wp-content\/uploads\/2022\/02\/benin-ue-pag.jpg","contentUrl":"https:\/\/www.afro-impact.com\/wp-content\/uploads\/2022\/02\/benin-ue-pag.jpg","width":1080,"height":509,"caption":"EU supports Benin Government's Action Programme for $255 million"},{"@type":"BreadcrumbList","@id":"https:\/\/www.afro-impact.com\/benin-lunion-europeenne-accompagne-le-pag-a-hauteur-de-255-millions-de-dollars\/#breadcrumb","itemListElement":[{"@type":"ListItem","position":1,"name":"News","item":"https:\/\/www.afro-impact.com\/"},{"@type":"ListItem","position":2,"name":"Autres","item":"https:\/\/www.afro-impact.com\/autres-infos\/"},{"@type":"ListItem","position":3,"name":"Benin: The European Union supports the PAG with 255 million dollars"}]},{"@type":"WebSite","@id":"https:\/\/www.afro-impact.com\/#website","url":"https:\/\/www.afro-impact.com\/","name":"Afro impact","description":"L&#039;Afrique vu autrement","publisher":{"@id":"https:\/\/www.afro-impact.com\/#organization"},"potentialAction":[{"@type":"SearchAction","target":{"@type":"EntryPoint","urlTemplate":"https:\/\/www.afro-impact.com\/?s={search_term_string}"},"query-input":{"@type":"PropertyValueSpecification","valueRequired":true,"valueName":"search_term_string"}}],"inLanguage":"en-US"},{"@type":["Organization","Place"],"@id":"https:\/\/www.afro-impact.com\/#organization","name":"Afro impact","alternateName":"carrecube","url":"https:\/\/www.afro-impact.com\/","logo":{"@id":"https:\/\/www.afro-impact.com\/benin-lunion-europeenne-accompagne-le-pag-a-hauteur-de-255-millions-de-dollars\/#local-main-organization-logo"},"image":{"@id":"https:\/\/www.afro-impact.com\/benin-lunion-europeenne-accompagne-le-pag-a-hauteur-de-255-millions-de-dollars\/#local-main-organization-logo"},"sameAs":["https:\/\/www.facebook.com\/AfroimpactMag","https:\/\/x.com\/AfroimpactMag","https:\/\/www.youtube.com\/channel\/UCJNIRcX4sVo487fhv0p5KDw"],"publishingPrinciples":"https:\/\/www.afro-impact.com\/a-propos-magazine-afro-impact\/","ownershipFundingInfo":"https:\/\/www.afro-impact.com\/mentions-legales\/","actionableFeedbackPolicy":"https:\/\/www.afro-impact.com\/conditions-generales\/","correctionsPolicy":"https:\/\/www.afro-impact.com\/dmca-retrait\/","address":{"@id":"https:\/\/www.afro-impact.com\/benin-lunion-europeenne-accompagne-le-pag-a-hauteur-de-255-millions-de-dollars\/#local-main-place-address"},"geo":{"@type":"GeoCoordinates","latitude":"6.389282121878214","longitude":"2.3602318590634495"},"telephone":["+229 54900806"],"openingHoursSpecification":[{"@type":"OpeningHoursSpecification","dayOfWeek":["Monday","Tuesday","Wednesday","Thursday","Friday","Saturday","Sunday"],"opens":"00:00","closes":"23:59"}],"email":"redaction@afro-impact.com","vatID":"0 2022 1395 5557"},{"@type":"Person","@id":"https:\/\/www.afro-impact.com\/#\/schema\/person\/6b1b61940a2bf5253055f558744235d5","name":"La r\u00e9daction Afro impact","image":{"@type":"ImageObject","inLanguage":"en-US","@id":"https:\/\/www.afro-impact.com\/#\/schema\/person\/image\/","url":"https:\/\/www.afro-impact.com\/wp-content\/litespeed\/avatar\/8895e3be14a72c0f71971cfda830a8ea.jpg?ver=1777020284","contentUrl":"https:\/\/www.afro-impact.com\/wp-content\/litespeed\/avatar\/8895e3be14a72c0f71971cfda830a8ea.jpg?ver=1777020284","caption":"La r\u00e9daction Afro impact"},"description":"La r\u00e9daction de Afro impact se propose de vous livrer l\u2019information africaine dans sa globalit\u00e9, sans parti pris, afin de donner une image vraie du continent Africain.","sameAs":["https:\/\/facebook.com\/AfroimpactMag"],"url":"https:\/\/www.afro-impact.com\/en\/author\/nouvelles\/"},{"@type":"PostalAddress","@id":"https:\/\/www.afro-impact.com\/benin-lunion-europeenne-accompagne-le-pag-a-hauteur-de-255-millions-de-dollars\/#local-main-place-address","streetAddress":"Carr\u00e9 2167 Kindonou, Cotonou, BENIN, 07 BP 1128 Cotonou, BENIN","addressLocality":"Cotonou","postalCode":"+229","addressRegion":"Littoral","addressCountry":"BJ"},{"@type":"ImageObject","inLanguage":"en-US","@id":"https:\/\/www.afro-impact.com\/benin-lunion-europeenne-accompagne-le-pag-a-hauteur-de-255-millions-de-dollars\/#local-main-organization-logo","url":"https:\/\/www.afro-impact.com\/wp-content\/uploads\/2022\/01\/logo-afro-impact-share-social.png","contentUrl":"https:\/\/www.afro-impact.com\/wp-content\/uploads\/2022\/01\/logo-afro-impact-share-social.png","width":300,"height":300,"caption":"Afro impact"}]},"geo.placename":"Cotonou","geo.position":{"lat":"6.389282121878214","long":"2.3602318590634495"},"geo.region":"Benin"},"_links":{"self":[{"href":"https:\/\/www.afro-impact.com\/en\/wp-json\/wp\/v2\/posts\/5466","targetHints":{"allow":["GET"]}}],"collection":[{"href":"https:\/\/www.afro-impact.com\/en\/wp-json\/wp\/v2\/posts"}],"about":[{"href":"https:\/\/www.afro-impact.com\/en\/wp-json\/wp\/v2\/types\/post"}],"author":[{"embeddable":true,"href":"https:\/\/www.afro-impact.com\/en\/wp-json\/wp\/v2\/users\/10"}],"replies":[{"embeddable":true,"href":"https:\/\/www.afro-impact.com\/en\/wp-json\/wp\/v2\/comments?post=5466"}],"version-history":[{"count":0,"href":"https:\/\/www.afro-impact.com\/en\/wp-json\/wp\/v2\/posts\/5466\/revisions"}],"wp:featuredmedia":[{"embeddable":true,"href":"https:\/\/www.afro-impact.com\/en\/wp-json\/wp\/v2\/media\/5420"}],"wp:attachment":[{"href":"https:\/\/www.afro-impact.com\/en\/wp-json\/wp\/v2\/media?parent=5466"}],"wp:term":[{"taxonomy":"category","embeddable":true,"href":"https:\/\/www.afro-impact.com\/en\/wp-json\/wp\/v2\/categories?post=5466"},{"taxonomy":"post_tag","embeddable":true,"href":"https:\/\/www.afro-impact.com\/en\/wp-json\/wp\/v2\/tags?post=5466"}],"curies":[{"name":"wp","href":"https:\/\/api.w.org\/{rel}","templated":true}]}}