{"id":6725,"date":"2022-03-23T13:38:45","date_gmt":"2022-03-23T12:38:45","guid":{"rendered":"https:\/\/www.afro-impact.com\/transition-in-burkina-faso-new-mps-officially-installed\/"},"modified":"2022-03-24T09:06:06","modified_gmt":"2022-03-24T08:06:06","slug":"transition-in-burkina-faso-new-mps-officially-installed","status":"publish","type":"post","link":"https:\/\/www.afro-impact.com\/en\/transition-in-burkina-faso-new-mps-officially-installed\/","title":{"rendered":"Transition in Burkina Faso: New MPs officially installed"},"content":{"rendered":"\n<p><strong><strong>The installation<\/strong><\/strong> <strong>ceremony of the 71 members of the Transitional Legislative Assembly took place yesterday at the headquarters of the Burkinabe parliament.<\/strong><\/p>\n\n<p>Burkina Faso now has a new parliament. Indeed, the members of the Legislative Assembly of the Transition (ALT) were officially installed in their new functions. The inauguration ceremony took place on Tuesday 22 March in Ouagadougou during a special session. The session was chaired by the oldest member, Jean Hubert Bazi\u00e9, assisted by the two youngest members, Ratoussamba Zaongo, a student at Dablo, and Lieutenant Prosper Coulidiati. The transitional parliament is composed of 71 people, including political figures and representatives of civil society. The parliamentarians include Luc Adolphe Tiao, journalist and former prime minister of former president Blaise Compaor\u00e9, and constitutionalist Abdoulaye Soma, unsuccessful candidate for the 2020 presidential elections. The deputies, who wore their scarves, were acclaimed as their names were called, before being installed by the oldest member.<\/p>\n\n<h2 class=\"wp-block-heading\" id=\"h-une-representation-de-presque-toutes-les-couches-socioprofessionnelles\"><strong>Representation of almost all socio-professional groups<\/strong><strong><\/strong><\/h2>\n\n<p>Furthermore, it should be noted that the members of this legislature of the second transition in the country&#8217;s history were all appointed. Thus, 21 people were appointed by the Head of State, 12 by the regions, 8 by political parties, 16 by the defence and security forces and 13 by civil society organisations (CSOs). One thing that stands out in this representation of ALT members is the profile of the people chosen. Thus we find teachers, lawyers, soldiers, paramilitaries, peasants, shopkeepers, students, and even pupils etc. Should we be pleased that almost all the different trades are represented in this new Chamber? Or should we be offended? It is by their ability to legislate for the sole purpose of addressing the immense challenges facing the country that these MPs will be judged.<\/p>\n\n<p>Read also: <a href=\"http:\/\/www.afro-impact.com\/recrudescence-des-coups-detat-militaires-en-afrique-de-louest-le-continent-en-proie-au-desequilibre\/\" target=\"_blank\" rel=\"noreferrer noopener\">Military coups on the rise in West Africa: The continent in the grip of imbalance<\/a><\/p>\n\n<p>As a reminder, on Monday 24 January, the military overthrew the government of President Roch Marc Christian Kabor\u00e9, considering that its management of terrorism was ineffective. Since then, a charter to govern the transition was signed, consecrating Lieutenant-Colonel Paul-Henri Sandaogo Damiba as President of the Burkinabe transition for a period of three years.<\/p>\n\n<p>The current government is composed of 25 members and was put in place by the transitional Prime Minister Albert Ou\u00e9draogo. Finally, the country of upright men is still suspended not only from regional bodies such as the African Union (AU) and the Community of West African States (ECOWAS), but also from the International Organisation of the Francophonie (OIF).<\/p>\n\n<p>We still remember that in the distant past (2014), Burkina Faso experienced a popular uprising that overthrew the military-political regime of President Blaise Campaor\u00e9. All bodies had been suspended and replaced by structures to manage the transition until the October 2015 elections. <\/p>\n","protected":false},"excerpt":{"rendered":"<p>The installation ceremony of the 71 members of the Transitional Legislative Assembly took place yesterday at the headquarters of the Burkinabe parliament. Burkina Faso now has a new parliament. Indeed, the members of the Legislative Assembly of the Transition (ALT) were officially installed in their new functions. The inauguration ceremony took place on Tuesday 22<\/p>\n","protected":false},"author":2,"featured_media":6692,"comment_status":"open","ping_status":"open","sticky":false,"template":"","format":"standard","meta":{"footnotes":""},"categories":[1476],"tags":[961,962,960],"class_list":{"0":"post-6725","1":"post","2":"type-post","3":"status-publish","4":"format-standard","5":"has-post-thumbnail","7":"category-politics","8":"tag-burkina-faso-en","9":"tag-transition-en","10":"tag-transitional-legislative-assembly"},"yoast_head":"<!-- This site is optimized with the Yoast SEO Premium plugin v25.5 (Yoast SEO v25.5) - https:\/\/yoast.com\/wordpress\/plugins\/seo\/ -->\n<title>Transition in Burkina Faso: New MPs officially installed | Afro impact<\/title>\n<meta name=\"description\" content=\"The installation ceremony of the 71 members of the Transitional Legislative Assembly took place yesterday at the headquarters of the Burkinabe parliament.\" \/>\n<meta name=\"robots\" content=\"index, follow, max-snippet:-1, max-image-preview:large, max-video-preview:-1\" \/>\n<link rel=\"canonical\" href=\"https:\/\/www.afro-impact.com\/transition-au-burkina-faso-les-nouveaux-deputes-officiellement-installes\/\" \/>\n<meta property=\"og:locale\" content=\"en_US\" \/>\n<meta property=\"og:type\" content=\"article\" \/>\n<meta property=\"og:title\" content=\"Transition in Burkina Faso: New MPs officially installed - Afro impact\" \/>\n<meta property=\"og:description\" content=\"The installation ceremony of the 71 members of the Transitional Legislative Assembly took place yesterday at the headquarters of the Burkinabe parliament.\" \/>\n<meta property=\"og:url\" content=\"https:\/\/www.afro-impact.com\/transition-au-burkina-faso-les-nouveaux-deputes-officiellement-installes\/\" \/>\n<meta property=\"og:site_name\" content=\"Afro impact\" \/>\n<meta property=\"article:publisher\" content=\"https:\/\/www.facebook.com\/AfroimpactMag\" \/>\n<meta property=\"article:author\" content=\"https:\/\/facebook.com\/profile.php?id=100075035589093\" \/>\n<meta property=\"article:published_time\" content=\"2022-03-23T12:38:45+00:00\" \/>\n<meta property=\"article:modified_time\" content=\"2022-03-24T08:06:06+00:00\" \/>\n<meta property=\"og:image\" content=\"https:\/\/www.afro-impact.com\/wp-content\/uploads\/2022\/03\/burkina-deputes-alt-installes.jpg\" \/>\n\t<meta property=\"og:image:width\" content=\"595\" \/>\n\t<meta property=\"og:image:height\" content=\"397\" \/>\n\t<meta property=\"og:image:type\" content=\"image\/jpeg\" \/>\n<meta name=\"author\" content=\"Eliane Fatchina\" \/>\n<meta name=\"twitter:card\" content=\"summary_large_image\" \/>\n<meta name=\"twitter:creator\" content=\"@AfroimpactMag\" \/>\n<meta name=\"twitter:site\" content=\"@AfroimpactMag\" \/>\n<meta name=\"twitter:label1\" content=\"Written by\" \/>\n\t<meta name=\"twitter:data1\" content=\"Eliane Fatchina\" \/>\n\t<meta name=\"twitter:label2\" content=\"Est. reading time\" \/>\n\t<meta name=\"twitter:data2\" content=\"2 minutes\" \/>\n<script type=\"application\/ld+json\" class=\"yoast-schema-graph\">{\"@context\":\"https:\/\/schema.org\",\"@graph\":[{\"@type\":\"NewsArticle\",\"@id\":\"https:\/\/www.afro-impact.com\/transition-au-burkina-faso-les-nouveaux-deputes-officiellement-installes\/#article\",\"isPartOf\":{\"@id\":\"https:\/\/www.afro-impact.com\/transition-au-burkina-faso-les-nouveaux-deputes-officiellement-installes\/\"},\"author\":{\"name\":\"Eliane Fatchina\",\"@id\":\"https:\/\/www.afro-impact.com\/#\/schema\/person\/5c48f58a7d0cc36b8d96110a4feedf77\"},\"headline\":\"Transition in Burkina Faso: New MPs officially installed\",\"datePublished\":\"2022-03-23T12:38:45+00:00\",\"dateModified\":\"2022-03-24T08:06:06+00:00\",\"mainEntityOfPage\":{\"@id\":\"https:\/\/www.afro-impact.com\/transition-au-burkina-faso-les-nouveaux-deputes-officiellement-installes\/\"},\"wordCount\":457,\"commentCount\":0,\"publisher\":{\"@id\":\"https:\/\/www.afro-impact.com\/#organization\"},\"image\":{\"@id\":\"https:\/\/www.afro-impact.com\/transition-au-burkina-faso-les-nouveaux-deputes-officiellement-installes\/#primaryimage\"},\"thumbnailUrl\":\"https:\/\/www.afro-impact.com\/wp-content\/uploads\/2022\/03\/burkina-deputes-alt-installes.jpg\",\"keywords\":[\"Burkina-Faso\",\"Transition\",\"Transitional Legislative Assembly\"],\"articleSection\":[\"Politics\"],\"inLanguage\":\"en-US\",\"potentialAction\":[{\"@type\":\"CommentAction\",\"name\":\"Comment\",\"target\":[\"https:\/\/www.afro-impact.com\/transition-au-burkina-faso-les-nouveaux-deputes-officiellement-installes\/#respond\"]}],\"copyrightYear\":\"2022\",\"copyrightHolder\":{\"@id\":\"https:\/\/www.afro-impact.com\/#organization\"}},{\"@type\":\"WebPage\",\"@id\":\"https:\/\/www.afro-impact.com\/transition-au-burkina-faso-les-nouveaux-deputes-officiellement-installes\/\",\"url\":\"https:\/\/www.afro-impact.com\/transition-au-burkina-faso-les-nouveaux-deputes-officiellement-installes\/\",\"name\":\"Transition in Burkina Faso: New MPs officially installed | Afro impact\",\"isPartOf\":{\"@id\":\"https:\/\/www.afro-impact.com\/#website\"},\"primaryImageOfPage\":{\"@id\":\"https:\/\/www.afro-impact.com\/transition-au-burkina-faso-les-nouveaux-deputes-officiellement-installes\/#primaryimage\"},\"image\":{\"@id\":\"https:\/\/www.afro-impact.com\/transition-au-burkina-faso-les-nouveaux-deputes-officiellement-installes\/#primaryimage\"},\"thumbnailUrl\":\"https:\/\/www.afro-impact.com\/wp-content\/uploads\/2022\/03\/burkina-deputes-alt-installes.jpg\",\"datePublished\":\"2022-03-23T12:38:45+00:00\",\"dateModified\":\"2022-03-24T08:06:06+00:00\",\"description\":\"The installation ceremony of the 71 members of the Transitional Legislative Assembly took place yesterday at the headquarters of the Burkinabe parliament.\",\"breadcrumb\":{\"@id\":\"https:\/\/www.afro-impact.com\/transition-au-burkina-faso-les-nouveaux-deputes-officiellement-installes\/#breadcrumb\"},\"inLanguage\":\"en-US\",\"potentialAction\":[{\"@type\":\"ReadAction\",\"target\":[\"https:\/\/www.afro-impact.com\/transition-au-burkina-faso-les-nouveaux-deputes-officiellement-installes\/\"]}]},{\"@type\":\"ImageObject\",\"inLanguage\":\"en-US\",\"@id\":\"https:\/\/www.afro-impact.com\/transition-au-burkina-faso-les-nouveaux-deputes-officiellement-installes\/#primaryimage\",\"url\":\"https:\/\/www.afro-impact.com\/wp-content\/uploads\/2022\/03\/burkina-deputes-alt-installes.jpg\",\"contentUrl\":\"https:\/\/www.afro-impact.com\/wp-content\/uploads\/2022\/03\/burkina-deputes-alt-installes.jpg\",\"width\":595,\"height\":397,\"caption\":\"Members of the Transitional Legislative Assembly officially installed \u00a9 sidwaya\"},{\"@type\":\"BreadcrumbList\",\"@id\":\"https:\/\/www.afro-impact.com\/transition-au-burkina-faso-les-nouveaux-deputes-officiellement-installes\/#breadcrumb\",\"itemListElement\":[{\"@type\":\"ListItem\",\"position\":1,\"name\":\"News\",\"item\":\"https:\/\/www.afro-impact.com\/\"},{\"@type\":\"ListItem\",\"position\":2,\"name\":\"Autres\",\"item\":\"https:\/\/www.afro-impact.com\/autres-infos\/\"},{\"@type\":\"ListItem\",\"position\":3,\"name\":\"Transition in Burkina Faso: New MPs officially installed\"}]},{\"@type\":\"WebSite\",\"@id\":\"https:\/\/www.afro-impact.com\/#website\",\"url\":\"https:\/\/www.afro-impact.com\/\",\"name\":\"Afro impact\",\"description\":\"L&#039;Afrique vu autrement\",\"publisher\":{\"@id\":\"https:\/\/www.afro-impact.com\/#organization\"},\"potentialAction\":[{\"@type\":\"SearchAction\",\"target\":{\"@type\":\"EntryPoint\",\"urlTemplate\":\"https:\/\/www.afro-impact.com\/?s={search_term_string}\"},\"query-input\":{\"@type\":\"PropertyValueSpecification\",\"valueRequired\":true,\"valueName\":\"search_term_string\"}}],\"inLanguage\":\"en-US\"},{\"@type\":[\"Organization\",\"Place\"],\"@id\":\"https:\/\/www.afro-impact.com\/#organization\",\"name\":\"Afro impact\",\"alternateName\":\"carrecube\",\"url\":\"https:\/\/www.afro-impact.com\/\",\"logo\":{\"@id\":\"https:\/\/www.afro-impact.com\/transition-au-burkina-faso-les-nouveaux-deputes-officiellement-installes\/#local-main-organization-logo\"},\"image\":{\"@id\":\"https:\/\/www.afro-impact.com\/transition-au-burkina-faso-les-nouveaux-deputes-officiellement-installes\/#local-main-organization-logo\"},\"sameAs\":[\"https:\/\/www.facebook.com\/AfroimpactMag\",\"https:\/\/x.com\/AfroimpactMag\",\"https:\/\/www.youtube.com\/channel\/UCJNIRcX4sVo487fhv0p5KDw\"],\"publishingPrinciples\":\"https:\/\/www.afro-impact.com\/a-propos-magazine-afro-impact\/\",\"ownershipFundingInfo\":\"https:\/\/www.afro-impact.com\/mentions-legales\/\",\"actionableFeedbackPolicy\":\"https:\/\/www.afro-impact.com\/conditions-generales\/\",\"correctionsPolicy\":\"https:\/\/www.afro-impact.com\/dmca-retrait\/\",\"address\":{\"@id\":\"https:\/\/www.afro-impact.com\/transition-au-burkina-faso-les-nouveaux-deputes-officiellement-installes\/#local-main-place-address\"},\"geo\":{\"@type\":\"GeoCoordinates\",\"latitude\":\"6.389282121878214\",\"longitude\":\"2.3602318590634495\"},\"telephone\":[\"+229 54900806\"],\"openingHoursSpecification\":[{\"@type\":\"OpeningHoursSpecification\",\"dayOfWeek\":[\"Monday\",\"Tuesday\",\"Wednesday\",\"Thursday\",\"Friday\",\"Saturday\",\"Sunday\"],\"opens\":\"00:00\",\"closes\":\"23:59\"}],\"email\":\"redaction@afro-impact.com\",\"vatID\":\"0 2022 1395 5557\"},{\"@type\":\"Person\",\"@id\":\"https:\/\/www.afro-impact.com\/#\/schema\/person\/5c48f58a7d0cc36b8d96110a4feedf77\",\"name\":\"Eliane Fatchina\",\"image\":{\"@type\":\"ImageObject\",\"inLanguage\":\"en-US\",\"@id\":\"https:\/\/www.afro-impact.com\/#\/schema\/person\/image\/\",\"url\":\"https:\/\/www.afro-impact.com\/wp-content\/litespeed\/avatar\/5f9f737261a53c0e086b34b0464cb9e1.jpg?ver=1777018517\",\"contentUrl\":\"https:\/\/www.afro-impact.com\/wp-content\/litespeed\/avatar\/5f9f737261a53c0e086b34b0464cb9e1.jpg?ver=1777018517\",\"caption\":\"Eliane Fatchina\"},\"description\":\"Eliane Yabo Omonlayo Fatchina est une journaliste reporter \u00e0 Afro impact. Titulaire d\u2019une licence professionnelle en journalisme \u00e0 l\u2019ENSTIC du B\u00e9nin, elle est une panafricaniste passionn\u00e9e de culture, des questions de soci\u00e9t\u00e9 et d\u2019environnement. Avec d\u00e9j\u00e0 sept ans d\u2019exp\u00e9riences, elle s\u2019emploie quotidiennement \u00e0 donner de la voix aux id\u00e9es \u00e0 travers l\u2019\u00e9criture.\",\"sameAs\":[\"https:\/\/facebook.com\/profile.php?id=100075035589093\"],\"url\":\"https:\/\/www.afro-impact.com\/en\/author\/omonlayo\/\"},{\"@type\":\"PostalAddress\",\"@id\":\"https:\/\/www.afro-impact.com\/transition-au-burkina-faso-les-nouveaux-deputes-officiellement-installes\/#local-main-place-address\",\"streetAddress\":\"Carr\u00e9 2167 Kindonou, Cotonou, BENIN, 07 BP 1128 Cotonou, BENIN\",\"addressLocality\":\"Cotonou\",\"postalCode\":\"+229\",\"addressRegion\":\"Littoral\",\"addressCountry\":\"BJ\"},{\"@type\":\"ImageObject\",\"inLanguage\":\"en-US\",\"@id\":\"https:\/\/www.afro-impact.com\/transition-au-burkina-faso-les-nouveaux-deputes-officiellement-installes\/#local-main-organization-logo\",\"url\":\"https:\/\/www.afro-impact.com\/wp-content\/uploads\/2022\/01\/logo-afro-impact-share-social.png\",\"contentUrl\":\"https:\/\/www.afro-impact.com\/wp-content\/uploads\/2022\/01\/logo-afro-impact-share-social.png\",\"width\":300,\"height\":300,\"caption\":\"Afro impact\"}]}<\/script>\n<meta name=\"geo.placename\" content=\"Cotonou\" \/>\n<meta name=\"geo.position\" content=\"6.389282121878214;2.3602318590634495\" \/>\n<meta name=\"geo.region\" content=\"Benin\" \/>\n<!-- \/ Yoast SEO Premium plugin. -->","yoast_head_json":{"title":"Transition in Burkina Faso: New MPs officially installed | Afro impact","description":"The installation ceremony of the 71 members of the Transitional Legislative Assembly took place yesterday at the headquarters of the Burkinabe parliament.","robots":{"index":"index","follow":"follow","max-snippet":"max-snippet:-1","max-image-preview":"max-image-preview:large","max-video-preview":"max-video-preview:-1"},"canonical":"https:\/\/www.afro-impact.com\/transition-au-burkina-faso-les-nouveaux-deputes-officiellement-installes\/","og_locale":"en_US","og_type":"article","og_title":"Transition in Burkina Faso: New MPs officially installed - Afro impact","og_description":"The installation ceremony of the 71 members of the Transitional Legislative Assembly took place yesterday at the headquarters of the Burkinabe parliament.","og_url":"https:\/\/www.afro-impact.com\/transition-au-burkina-faso-les-nouveaux-deputes-officiellement-installes\/","og_site_name":"Afro impact","article_publisher":"https:\/\/www.facebook.com\/AfroimpactMag","article_author":"https:\/\/facebook.com\/profile.php?id=100075035589093","article_published_time":"2022-03-23T12:38:45+00:00","article_modified_time":"2022-03-24T08:06:06+00:00","og_image":[{"width":595,"height":397,"url":"https:\/\/www.afro-impact.com\/wp-content\/uploads\/2022\/03\/burkina-deputes-alt-installes.jpg","type":"image\/jpeg"}],"author":"Eliane Fatchina","twitter_card":"summary_large_image","twitter_creator":"@AfroimpactMag","twitter_site":"@AfroimpactMag","twitter_misc":{"Written by":"Eliane Fatchina","Est. reading time":"2 minutes"},"schema":{"@context":"https:\/\/schema.org","@graph":[{"@type":"NewsArticle","@id":"https:\/\/www.afro-impact.com\/transition-au-burkina-faso-les-nouveaux-deputes-officiellement-installes\/#article","isPartOf":{"@id":"https:\/\/www.afro-impact.com\/transition-au-burkina-faso-les-nouveaux-deputes-officiellement-installes\/"},"author":{"name":"Eliane Fatchina","@id":"https:\/\/www.afro-impact.com\/#\/schema\/person\/5c48f58a7d0cc36b8d96110a4feedf77"},"headline":"Transition in Burkina Faso: New MPs officially installed","datePublished":"2022-03-23T12:38:45+00:00","dateModified":"2022-03-24T08:06:06+00:00","mainEntityOfPage":{"@id":"https:\/\/www.afro-impact.com\/transition-au-burkina-faso-les-nouveaux-deputes-officiellement-installes\/"},"wordCount":457,"commentCount":0,"publisher":{"@id":"https:\/\/www.afro-impact.com\/#organization"},"image":{"@id":"https:\/\/www.afro-impact.com\/transition-au-burkina-faso-les-nouveaux-deputes-officiellement-installes\/#primaryimage"},"thumbnailUrl":"https:\/\/www.afro-impact.com\/wp-content\/uploads\/2022\/03\/burkina-deputes-alt-installes.jpg","keywords":["Burkina-Faso","Transition","Transitional Legislative Assembly"],"articleSection":["Politics"],"inLanguage":"en-US","potentialAction":[{"@type":"CommentAction","name":"Comment","target":["https:\/\/www.afro-impact.com\/transition-au-burkina-faso-les-nouveaux-deputes-officiellement-installes\/#respond"]}],"copyrightYear":"2022","copyrightHolder":{"@id":"https:\/\/www.afro-impact.com\/#organization"}},{"@type":"WebPage","@id":"https:\/\/www.afro-impact.com\/transition-au-burkina-faso-les-nouveaux-deputes-officiellement-installes\/","url":"https:\/\/www.afro-impact.com\/transition-au-burkina-faso-les-nouveaux-deputes-officiellement-installes\/","name":"Transition in Burkina Faso: New MPs officially installed | Afro impact","isPartOf":{"@id":"https:\/\/www.afro-impact.com\/#website"},"primaryImageOfPage":{"@id":"https:\/\/www.afro-impact.com\/transition-au-burkina-faso-les-nouveaux-deputes-officiellement-installes\/#primaryimage"},"image":{"@id":"https:\/\/www.afro-impact.com\/transition-au-burkina-faso-les-nouveaux-deputes-officiellement-installes\/#primaryimage"},"thumbnailUrl":"https:\/\/www.afro-impact.com\/wp-content\/uploads\/2022\/03\/burkina-deputes-alt-installes.jpg","datePublished":"2022-03-23T12:38:45+00:00","dateModified":"2022-03-24T08:06:06+00:00","description":"The installation ceremony of the 71 members of the Transitional Legislative Assembly took place yesterday at the headquarters of the Burkinabe parliament.","breadcrumb":{"@id":"https:\/\/www.afro-impact.com\/transition-au-burkina-faso-les-nouveaux-deputes-officiellement-installes\/#breadcrumb"},"inLanguage":"en-US","potentialAction":[{"@type":"ReadAction","target":["https:\/\/www.afro-impact.com\/transition-au-burkina-faso-les-nouveaux-deputes-officiellement-installes\/"]}]},{"@type":"ImageObject","inLanguage":"en-US","@id":"https:\/\/www.afro-impact.com\/transition-au-burkina-faso-les-nouveaux-deputes-officiellement-installes\/#primaryimage","url":"https:\/\/www.afro-impact.com\/wp-content\/uploads\/2022\/03\/burkina-deputes-alt-installes.jpg","contentUrl":"https:\/\/www.afro-impact.com\/wp-content\/uploads\/2022\/03\/burkina-deputes-alt-installes.jpg","width":595,"height":397,"caption":"Members of the Transitional Legislative Assembly officially installed \u00a9 sidwaya"},{"@type":"BreadcrumbList","@id":"https:\/\/www.afro-impact.com\/transition-au-burkina-faso-les-nouveaux-deputes-officiellement-installes\/#breadcrumb","itemListElement":[{"@type":"ListItem","position":1,"name":"News","item":"https:\/\/www.afro-impact.com\/"},{"@type":"ListItem","position":2,"name":"Autres","item":"https:\/\/www.afro-impact.com\/autres-infos\/"},{"@type":"ListItem","position":3,"name":"Transition in Burkina Faso: New MPs officially installed"}]},{"@type":"WebSite","@id":"https:\/\/www.afro-impact.com\/#website","url":"https:\/\/www.afro-impact.com\/","name":"Afro impact","description":"L&#039;Afrique vu autrement","publisher":{"@id":"https:\/\/www.afro-impact.com\/#organization"},"potentialAction":[{"@type":"SearchAction","target":{"@type":"EntryPoint","urlTemplate":"https:\/\/www.afro-impact.com\/?s={search_term_string}"},"query-input":{"@type":"PropertyValueSpecification","valueRequired":true,"valueName":"search_term_string"}}],"inLanguage":"en-US"},{"@type":["Organization","Place"],"@id":"https:\/\/www.afro-impact.com\/#organization","name":"Afro impact","alternateName":"carrecube","url":"https:\/\/www.afro-impact.com\/","logo":{"@id":"https:\/\/www.afro-impact.com\/transition-au-burkina-faso-les-nouveaux-deputes-officiellement-installes\/#local-main-organization-logo"},"image":{"@id":"https:\/\/www.afro-impact.com\/transition-au-burkina-faso-les-nouveaux-deputes-officiellement-installes\/#local-main-organization-logo"},"sameAs":["https:\/\/www.facebook.com\/AfroimpactMag","https:\/\/x.com\/AfroimpactMag","https:\/\/www.youtube.com\/channel\/UCJNIRcX4sVo487fhv0p5KDw"],"publishingPrinciples":"https:\/\/www.afro-impact.com\/a-propos-magazine-afro-impact\/","ownershipFundingInfo":"https:\/\/www.afro-impact.com\/mentions-legales\/","actionableFeedbackPolicy":"https:\/\/www.afro-impact.com\/conditions-generales\/","correctionsPolicy":"https:\/\/www.afro-impact.com\/dmca-retrait\/","address":{"@id":"https:\/\/www.afro-impact.com\/transition-au-burkina-faso-les-nouveaux-deputes-officiellement-installes\/#local-main-place-address"},"geo":{"@type":"GeoCoordinates","latitude":"6.389282121878214","longitude":"2.3602318590634495"},"telephone":["+229 54900806"],"openingHoursSpecification":[{"@type":"OpeningHoursSpecification","dayOfWeek":["Monday","Tuesday","Wednesday","Thursday","Friday","Saturday","Sunday"],"opens":"00:00","closes":"23:59"}],"email":"redaction@afro-impact.com","vatID":"0 2022 1395 5557"},{"@type":"Person","@id":"https:\/\/www.afro-impact.com\/#\/schema\/person\/5c48f58a7d0cc36b8d96110a4feedf77","name":"Eliane Fatchina","image":{"@type":"ImageObject","inLanguage":"en-US","@id":"https:\/\/www.afro-impact.com\/#\/schema\/person\/image\/","url":"https:\/\/www.afro-impact.com\/wp-content\/litespeed\/avatar\/5f9f737261a53c0e086b34b0464cb9e1.jpg?ver=1777018517","contentUrl":"https:\/\/www.afro-impact.com\/wp-content\/litespeed\/avatar\/5f9f737261a53c0e086b34b0464cb9e1.jpg?ver=1777018517","caption":"Eliane Fatchina"},"description":"Eliane Yabo Omonlayo Fatchina est une journaliste reporter \u00e0 Afro impact. Titulaire d\u2019une licence professionnelle en journalisme \u00e0 l\u2019ENSTIC du B\u00e9nin, elle est une panafricaniste passionn\u00e9e de culture, des questions de soci\u00e9t\u00e9 et d\u2019environnement. Avec d\u00e9j\u00e0 sept ans d\u2019exp\u00e9riences, elle s\u2019emploie quotidiennement \u00e0 donner de la voix aux id\u00e9es \u00e0 travers l\u2019\u00e9criture.","sameAs":["https:\/\/facebook.com\/profile.php?id=100075035589093"],"url":"https:\/\/www.afro-impact.com\/en\/author\/omonlayo\/"},{"@type":"PostalAddress","@id":"https:\/\/www.afro-impact.com\/transition-au-burkina-faso-les-nouveaux-deputes-officiellement-installes\/#local-main-place-address","streetAddress":"Carr\u00e9 2167 Kindonou, Cotonou, BENIN, 07 BP 1128 Cotonou, BENIN","addressLocality":"Cotonou","postalCode":"+229","addressRegion":"Littoral","addressCountry":"BJ"},{"@type":"ImageObject","inLanguage":"en-US","@id":"https:\/\/www.afro-impact.com\/transition-au-burkina-faso-les-nouveaux-deputes-officiellement-installes\/#local-main-organization-logo","url":"https:\/\/www.afro-impact.com\/wp-content\/uploads\/2022\/01\/logo-afro-impact-share-social.png","contentUrl":"https:\/\/www.afro-impact.com\/wp-content\/uploads\/2022\/01\/logo-afro-impact-share-social.png","width":300,"height":300,"caption":"Afro impact"}]},"geo.placename":"Cotonou","geo.position":{"lat":"6.389282121878214","long":"2.3602318590634495"},"geo.region":"Benin"},"_links":{"self":[{"href":"https:\/\/www.afro-impact.com\/en\/wp-json\/wp\/v2\/posts\/6725","targetHints":{"allow":["GET"]}}],"collection":[{"href":"https:\/\/www.afro-impact.com\/en\/wp-json\/wp\/v2\/posts"}],"about":[{"href":"https:\/\/www.afro-impact.com\/en\/wp-json\/wp\/v2\/types\/post"}],"author":[{"embeddable":true,"href":"https:\/\/www.afro-impact.com\/en\/wp-json\/wp\/v2\/users\/2"}],"replies":[{"embeddable":true,"href":"https:\/\/www.afro-impact.com\/en\/wp-json\/wp\/v2\/comments?post=6725"}],"version-history":[{"count":0,"href":"https:\/\/www.afro-impact.com\/en\/wp-json\/wp\/v2\/posts\/6725\/revisions"}],"wp:featuredmedia":[{"embeddable":true,"href":"https:\/\/www.afro-impact.com\/en\/wp-json\/wp\/v2\/media\/6692"}],"wp:attachment":[{"href":"https:\/\/www.afro-impact.com\/en\/wp-json\/wp\/v2\/media?parent=6725"}],"wp:term":[{"taxonomy":"category","embeddable":true,"href":"https:\/\/www.afro-impact.com\/en\/wp-json\/wp\/v2\/categories?post=6725"},{"taxonomy":"post_tag","embeddable":true,"href":"https:\/\/www.afro-impact.com\/en\/wp-json\/wp\/v2\/tags?post=6725"}],"curies":[{"name":"wp","href":"https:\/\/api.w.org\/{rel}","templated":true}]}}