{"id":7087,"date":"2022-04-07T19:24:17","date_gmt":"2022-04-07T18:24:17","guid":{"rendered":"https:\/\/www.afro-impact.com\/promotion-of-made-in-benin-products-the-mini-gmaad-exhibition-fair-opens-this-weekend-at-benin-royal-hotel\/"},"modified":"2022-04-10T19:28:26","modified_gmt":"2022-04-10T18:28:26","slug":"promotion-of-made-in-benin-products-the-mini-gmaad-exhibition-fair-opens-this-weekend-at-benin-royal-hotel","status":"publish","type":"post","link":"https:\/\/www.afro-impact.com\/en\/promotion-of-made-in-benin-products-the-mini-gmaad-exhibition-fair-opens-this-weekend-at-benin-royal-hotel\/","title":{"rendered":"Promotion of &#8220;Made in Benin&#8221; products: The mini-GRAAD exhibition-fair opens this weekend at Benin Royal Hotel"},"content":{"rendered":"\n<p><strong>In Benin, the exhibition of local products will be held at the Royal Hotel in Cotonou from Saturday 09 to Sunday 10 April 2022. The initiative aims not only to promote &#8220;Made in Benin&#8221; products but also to intensify intra-community trade.<\/strong><\/p>\n\n<p>The idea of the Great Meeting of Artisans from Africa and the Diaspora (GRAAD) was born with the aim of highlighting local businesses and promoting local African consumption. Indeed, GRAAD is a crossroads of discovery that reveals the treasures and wonders of Africa. It is also a melting pot that allows all Africans to come together to converge their efforts to make &#8220;Made in Africa&#8221; a label that will allow Africa to better integrate into the international market.<\/p>\n\n<p>As a prelude to this great meeting between Africans, an important fair of local products is being organised at the Benin Royal Hotel on Saturday and Sunday, April 9 and 10 called Mini-GRAAD. Several activities are planned during these two days to highlight local products and make them known to Beninese and international consumers. The current context marked by the Covid-19 health and food crises that are spreading obliges it. &#8220;If we consume our African products, which are pure antioxidants and vitamin C, we will be safe from many ailments,&#8221; reassures Nadine Hagen, the project leader. &#8220;We expect men and women who are innovative, who have taken African products and transformed them. We are waiting for consumers, distributors and all those who have the desire to promote African products.<\/p>\n\n<figure class=\"wp-block-gallery has-nested-images columns-default is-cropped wp-block-gallery-1 is-layout-flex wp-block-gallery-is-layout-flex\">\n<figure class=\"wp-block-image size-full\"><img fetchpriority=\"high\" decoding=\"async\" width=\"1280\" height=\"853\" data-id=\"7027\" src=\"https:\/\/www.afro-impact.com\/wp-content\/uploads\/2022\/04\/Mini-Graad-.jpg\" alt=\"Fair-exhibition of local products to promote the made in Benin\" class=\"wp-image-7027\" srcset=\"https:\/\/www.afro-impact.com\/wp-content\/uploads\/2022\/04\/Mini-Graad-.jpg 1280w, https:\/\/www.afro-impact.com\/wp-content\/uploads\/2022\/04\/Mini-Graad--300x200.jpg 300w, https:\/\/www.afro-impact.com\/wp-content\/uploads\/2022\/04\/Mini-Graad--1024x682.jpg 1024w, https:\/\/www.afro-impact.com\/wp-content\/uploads\/2022\/04\/Mini-Graad--768x512.jpg 768w, https:\/\/www.afro-impact.com\/wp-content\/uploads\/2022\/04\/Mini-Graad--150x100.jpg 150w, https:\/\/www.afro-impact.com\/wp-content\/uploads\/2022\/04\/Mini-Graad--450x300.jpg 450w, https:\/\/www.afro-impact.com\/wp-content\/uploads\/2022\/04\/Mini-Graad--1200x800.jpg 1200w\" sizes=\"(max-width: 1280px) 100vw, 1280px\" \/><\/figure>\n<\/figure>\n\n<p>In addition to sales and purchases, communications and B-to-B experience sharing sessions are planned between entrepreneurs to stimulate consumer interest. So, this weekend, when you visit Benin Royal Hotel, you will find African products, home-made in the best hygienic conditions and certified for the most part by the ABSSA.<\/p>\n\n<p>Initiated by the Cameroonian Nadine Hagen, the organisation of such an event responds to a double imperative: to encourage the consumption of &#8220;Made in Benin or in Africa&#8221; by the Beninese or Africans and to encourage economic operators to invest in local production. &#8220;Other communities (Chinese, Americans, Europeans) consume their products. Promoting local products is about feeding the farmer, the processor, but if we can&#8217;t sell, they can&#8217;t live,&#8221; said Nadine Hagen.<\/p>\n\n<p>Beyond the label, the aim is to encourage the development of value chains on the continent to enable it to better benefit from its own wealth. &#8220;In reality, the real wealth is with those who grow. I live in London and I have everything I want there. But I am an African and I know that we are not poor. What we don&#8217;t have are the industries, the know-how, how to sell our products,&#8221; she insists. <\/p>\n\n<p>Moreover, over the last decade, entrepreneurship has developed very rapidly in Africa. Indeed, it is seen as the bedrock of economic growth on the continent. It is also a sustainable way of creating jobs and an attractive scheme for the younger generation. Every day, companies and startups are created. Better still, these new companies are setting up and revolutionising &#8220;Made in Africa&#8221;.<\/p>\n","protected":false},"excerpt":{"rendered":"<p>In Benin, the exhibition of local products will be held at the Royal Hotel in Cotonou from Saturday 09 to Sunday 10 April 2022. The initiative aims not only to promote &#8220;Made in Benin&#8221; products but also to intensify intra-community trade. The idea of the Great Meeting of Artisans from Africa and the Diaspora (GRAAD)<\/p>\n","protected":false},"author":2,"featured_media":7062,"comment_status":"open","ping_status":"open","sticky":false,"template":"","format":"standard","meta":{"footnotes":""},"categories":[191],"tags":[1128,1129,1130,1131,1132],"class_list":{"0":"post-7087","1":"post","2":"type-post","3":"status-publish","4":"format-standard","5":"has-post-thumbnail","7":"category-agrobusiness-en","8":"tag-fair-exposition","9":"tag-made-in-africa-en","10":"tag-made-in-benin-en","11":"tag-mini-gmaad","12":"tag-nadine-hagen-en"},"yoast_head":"<!-- This site is optimized with the Yoast SEO Premium plugin v25.5 (Yoast SEO v25.5) - https:\/\/yoast.com\/wordpress\/plugins\/seo\/ -->\n<title>Promotion of &quot;Made in Benin&quot; products: The mini-GRAAD exhibition-fair opens this weekend at Benin Royal hotel | Afro impact<\/title>\n<meta name=\"description\" content=\"In Benin, the exhibition of local products will be held at the Royal Hotel in Cotonou from Saturday 09 to Sunday 10 April 2022. The initiative aims not only to promote &quot;Made in Benin&quot; products but also to intensify intra-community trade.\" \/>\n<meta name=\"robots\" content=\"index, follow, max-snippet:-1, max-image-preview:large, max-video-preview:-1\" \/>\n<link rel=\"canonical\" href=\"https:\/\/www.afro-impact.com\/promotion-des-produits-made-in-benin-la-foire-exposition-de-la-mini-graad-souvre-ce-weekend-a-benin-royal-hotel\/\" \/>\n<meta property=\"og:locale\" content=\"en_US\" \/>\n<meta property=\"og:type\" content=\"article\" \/>\n<meta property=\"og:title\" content=\"Promotion of &quot;Made in Benin&quot; products: The mini-GRAAD exhibition-fair opens this weekend at Benin Royal Hotel - Afro impact\" \/>\n<meta property=\"og:description\" content=\"In Benin, the exhibition of local products will be held at the Royal Hotel in Cotonou from Saturday 09 to Sunday 10 April 2022. The initiative aims not only to promote &quot;Made in Benin&quot; products but also to intensify intra-community trade.\" \/>\n<meta property=\"og:url\" content=\"https:\/\/www.afro-impact.com\/promotion-des-produits-made-in-benin-la-foire-exposition-de-la-mini-graad-souvre-ce-weekend-a-benin-royal-hotel\/\" \/>\n<meta property=\"og:site_name\" content=\"Afro impact\" \/>\n<meta property=\"article:publisher\" content=\"https:\/\/www.facebook.com\/AfroimpactMag\" \/>\n<meta property=\"article:author\" content=\"https:\/\/facebook.com\/profile.php?id=100075035589093\" \/>\n<meta property=\"article:published_time\" content=\"2022-04-07T18:24:17+00:00\" \/>\n<meta property=\"article:modified_time\" content=\"2022-04-10T18:28:26+00:00\" \/>\n<meta property=\"og:image\" content=\"https:\/\/www.afro-impact.com\/wp-content\/uploads\/2022\/04\/maison-du-the-mini-graad.jpg\" \/>\n\t<meta property=\"og:image:width\" content=\"992\" \/>\n\t<meta property=\"og:image:height\" content=\"665\" \/>\n\t<meta property=\"og:image:type\" content=\"image\/jpeg\" \/>\n<meta name=\"author\" content=\"Eliane Fatchina\" \/>\n<meta name=\"twitter:card\" content=\"summary_large_image\" \/>\n<meta name=\"twitter:creator\" content=\"@AfroimpactMag\" \/>\n<meta name=\"twitter:site\" content=\"@AfroimpactMag\" \/>\n<meta name=\"twitter:label1\" content=\"Written by\" \/>\n\t<meta name=\"twitter:data1\" content=\"Eliane Fatchina\" \/>\n\t<meta name=\"twitter:label2\" content=\"Est. reading time\" \/>\n\t<meta name=\"twitter:data2\" content=\"3 minutes\" \/>\n<script type=\"application\/ld+json\" class=\"yoast-schema-graph\">{\"@context\":\"https:\/\/schema.org\",\"@graph\":[{\"@type\":\"NewsArticle\",\"@id\":\"https:\/\/www.afro-impact.com\/promotion-des-produits-made-in-benin-la-foire-exposition-de-la-mini-graad-souvre-ce-weekend-a-benin-royal-hotel\/#article\",\"isPartOf\":{\"@id\":\"https:\/\/www.afro-impact.com\/promotion-des-produits-made-in-benin-la-foire-exposition-de-la-mini-graad-souvre-ce-weekend-a-benin-royal-hotel\/\"},\"author\":{\"name\":\"Eliane Fatchina\",\"@id\":\"https:\/\/www.afro-impact.com\/#\/schema\/person\/5c48f58a7d0cc36b8d96110a4feedf77\"},\"headline\":\"Promotion of &#8220;Made in Benin&#8221; products: The mini-GRAAD exhibition-fair opens this weekend at Benin Royal Hotel\",\"datePublished\":\"2022-04-07T18:24:17+00:00\",\"dateModified\":\"2022-04-10T18:28:26+00:00\",\"mainEntityOfPage\":{\"@id\":\"https:\/\/www.afro-impact.com\/promotion-des-produits-made-in-benin-la-foire-exposition-de-la-mini-graad-souvre-ce-weekend-a-benin-royal-hotel\/\"},\"wordCount\":521,\"commentCount\":0,\"publisher\":{\"@id\":\"https:\/\/www.afro-impact.com\/#organization\"},\"image\":{\"@id\":\"https:\/\/www.afro-impact.com\/promotion-des-produits-made-in-benin-la-foire-exposition-de-la-mini-graad-souvre-ce-weekend-a-benin-royal-hotel\/#primaryimage\"},\"thumbnailUrl\":\"https:\/\/www.afro-impact.com\/wp-content\/uploads\/2022\/04\/maison-du-the-mini-graad.jpg\",\"keywords\":[\"Fair-exposition\",\"Made in Africa\",\"Made in Benin\",\"Mini-Gmaad\",\"Nadine Hagen\"],\"articleSection\":[\"Agrobusiness\"],\"inLanguage\":\"en-US\",\"potentialAction\":[{\"@type\":\"CommentAction\",\"name\":\"Comment\",\"target\":[\"https:\/\/www.afro-impact.com\/promotion-des-produits-made-in-benin-la-foire-exposition-de-la-mini-graad-souvre-ce-weekend-a-benin-royal-hotel\/#respond\"]}],\"copyrightYear\":\"2022\",\"copyrightHolder\":{\"@id\":\"https:\/\/www.afro-impact.com\/#organization\"}},{\"@type\":\"WebPage\",\"@id\":\"https:\/\/www.afro-impact.com\/promotion-des-produits-made-in-benin-la-foire-exposition-de-la-mini-graad-souvre-ce-weekend-a-benin-royal-hotel\/\",\"url\":\"https:\/\/www.afro-impact.com\/promotion-des-produits-made-in-benin-la-foire-exposition-de-la-mini-graad-souvre-ce-weekend-a-benin-royal-hotel\/\",\"name\":\"Promotion of \\\"Made in Benin\\\" products: The mini-GRAAD exhibition-fair opens this weekend at Benin Royal hotel | Afro impact\",\"isPartOf\":{\"@id\":\"https:\/\/www.afro-impact.com\/#website\"},\"primaryImageOfPage\":{\"@id\":\"https:\/\/www.afro-impact.com\/promotion-des-produits-made-in-benin-la-foire-exposition-de-la-mini-graad-souvre-ce-weekend-a-benin-royal-hotel\/#primaryimage\"},\"image\":{\"@id\":\"https:\/\/www.afro-impact.com\/promotion-des-produits-made-in-benin-la-foire-exposition-de-la-mini-graad-souvre-ce-weekend-a-benin-royal-hotel\/#primaryimage\"},\"thumbnailUrl\":\"https:\/\/www.afro-impact.com\/wp-content\/uploads\/2022\/04\/maison-du-the-mini-graad.jpg\",\"datePublished\":\"2022-04-07T18:24:17+00:00\",\"dateModified\":\"2022-04-10T18:28:26+00:00\",\"description\":\"In Benin, the exhibition of local products will be held at the Royal Hotel in Cotonou from Saturday 09 to Sunday 10 April 2022. The initiative aims not only to promote \\\"Made in Benin\\\" products but also to intensify intra-community trade.\",\"breadcrumb\":{\"@id\":\"https:\/\/www.afro-impact.com\/promotion-des-produits-made-in-benin-la-foire-exposition-de-la-mini-graad-souvre-ce-weekend-a-benin-royal-hotel\/#breadcrumb\"},\"inLanguage\":\"en-US\",\"potentialAction\":[{\"@type\":\"ReadAction\",\"target\":[\"https:\/\/www.afro-impact.com\/promotion-des-produits-made-in-benin-la-foire-exposition-de-la-mini-graad-souvre-ce-weekend-a-benin-royal-hotel\/\"]}]},{\"@type\":\"ImageObject\",\"inLanguage\":\"en-US\",\"@id\":\"https:\/\/www.afro-impact.com\/promotion-des-produits-made-in-benin-la-foire-exposition-de-la-mini-graad-souvre-ce-weekend-a-benin-royal-hotel\/#primaryimage\",\"url\":\"https:\/\/www.afro-impact.com\/wp-content\/uploads\/2022\/04\/maison-du-the-mini-graad.jpg\",\"contentUrl\":\"https:\/\/www.afro-impact.com\/wp-content\/uploads\/2022\/04\/maison-du-the-mini-graad.jpg\",\"width\":992,\"height\":665,\"caption\":\"Foire exposition \u00e0 B\u00e9nin royal h\u00f4tel du samedi au dimanche prochain\"},{\"@type\":\"BreadcrumbList\",\"@id\":\"https:\/\/www.afro-impact.com\/promotion-des-produits-made-in-benin-la-foire-exposition-de-la-mini-graad-souvre-ce-weekend-a-benin-royal-hotel\/#breadcrumb\",\"itemListElement\":[{\"@type\":\"ListItem\",\"position\":1,\"name\":\"News\",\"item\":\"https:\/\/www.afro-impact.com\/\"},{\"@type\":\"ListItem\",\"position\":2,\"name\":\"Agrobusiness\",\"item\":\"https:\/\/www.afro-impact.com\/agrobusiness\/\"},{\"@type\":\"ListItem\",\"position\":3,\"name\":\"Promotion of \u00ab\u00a0Made in Benin\u00a0\u00bb products: The mini-GRAAD exhibition-fair opens this weekend at Benin Royal Hotel\"}]},{\"@type\":\"WebSite\",\"@id\":\"https:\/\/www.afro-impact.com\/#website\",\"url\":\"https:\/\/www.afro-impact.com\/\",\"name\":\"Afro impact\",\"description\":\"L&#039;Afrique vu autrement\",\"publisher\":{\"@id\":\"https:\/\/www.afro-impact.com\/#organization\"},\"potentialAction\":[{\"@type\":\"SearchAction\",\"target\":{\"@type\":\"EntryPoint\",\"urlTemplate\":\"https:\/\/www.afro-impact.com\/?s={search_term_string}\"},\"query-input\":{\"@type\":\"PropertyValueSpecification\",\"valueRequired\":true,\"valueName\":\"search_term_string\"}}],\"inLanguage\":\"en-US\"},{\"@type\":[\"Organization\",\"Place\"],\"@id\":\"https:\/\/www.afro-impact.com\/#organization\",\"name\":\"Afro impact\",\"alternateName\":\"carrecube\",\"url\":\"https:\/\/www.afro-impact.com\/\",\"logo\":{\"@id\":\"https:\/\/www.afro-impact.com\/promotion-des-produits-made-in-benin-la-foire-exposition-de-la-mini-graad-souvre-ce-weekend-a-benin-royal-hotel\/#local-main-organization-logo\"},\"image\":{\"@id\":\"https:\/\/www.afro-impact.com\/promotion-des-produits-made-in-benin-la-foire-exposition-de-la-mini-graad-souvre-ce-weekend-a-benin-royal-hotel\/#local-main-organization-logo\"},\"sameAs\":[\"https:\/\/www.facebook.com\/AfroimpactMag\",\"https:\/\/x.com\/AfroimpactMag\",\"https:\/\/www.youtube.com\/channel\/UCJNIRcX4sVo487fhv0p5KDw\"],\"publishingPrinciples\":\"https:\/\/www.afro-impact.com\/a-propos-magazine-afro-impact\/\",\"ownershipFundingInfo\":\"https:\/\/www.afro-impact.com\/mentions-legales\/\",\"actionableFeedbackPolicy\":\"https:\/\/www.afro-impact.com\/conditions-generales\/\",\"correctionsPolicy\":\"https:\/\/www.afro-impact.com\/dmca-retrait\/\",\"address\":{\"@id\":\"https:\/\/www.afro-impact.com\/promotion-des-produits-made-in-benin-la-foire-exposition-de-la-mini-graad-souvre-ce-weekend-a-benin-royal-hotel\/#local-main-place-address\"},\"geo\":{\"@type\":\"GeoCoordinates\",\"latitude\":\"6.389282121878214\",\"longitude\":\"2.3602318590634495\"},\"telephone\":[\"+229 54900806\"],\"openingHoursSpecification\":[{\"@type\":\"OpeningHoursSpecification\",\"dayOfWeek\":[\"Monday\",\"Tuesday\",\"Wednesday\",\"Thursday\",\"Friday\",\"Saturday\",\"Sunday\"],\"opens\":\"00:00\",\"closes\":\"23:59\"}],\"email\":\"redaction@afro-impact.com\",\"vatID\":\"0 2022 1395 5557\"},{\"@type\":\"Person\",\"@id\":\"https:\/\/www.afro-impact.com\/#\/schema\/person\/5c48f58a7d0cc36b8d96110a4feedf77\",\"name\":\"Eliane Fatchina\",\"image\":{\"@type\":\"ImageObject\",\"inLanguage\":\"en-US\",\"@id\":\"https:\/\/www.afro-impact.com\/#\/schema\/person\/image\/\",\"url\":\"https:\/\/www.afro-impact.com\/wp-content\/litespeed\/avatar\/5f9f737261a53c0e086b34b0464cb9e1.jpg?ver=1777018517\",\"contentUrl\":\"https:\/\/www.afro-impact.com\/wp-content\/litespeed\/avatar\/5f9f737261a53c0e086b34b0464cb9e1.jpg?ver=1777018517\",\"caption\":\"Eliane Fatchina\"},\"description\":\"Eliane Yabo Omonlayo Fatchina est une journaliste reporter \u00e0 Afro impact. Titulaire d\u2019une licence professionnelle en journalisme \u00e0 l\u2019ENSTIC du B\u00e9nin, elle est une panafricaniste passionn\u00e9e de culture, des questions de soci\u00e9t\u00e9 et d\u2019environnement. Avec d\u00e9j\u00e0 sept ans d\u2019exp\u00e9riences, elle s\u2019emploie quotidiennement \u00e0 donner de la voix aux id\u00e9es \u00e0 travers l\u2019\u00e9criture.\",\"sameAs\":[\"https:\/\/facebook.com\/profile.php?id=100075035589093\"],\"url\":\"https:\/\/www.afro-impact.com\/en\/author\/omonlayo\/\"},{\"@type\":\"PostalAddress\",\"@id\":\"https:\/\/www.afro-impact.com\/promotion-des-produits-made-in-benin-la-foire-exposition-de-la-mini-graad-souvre-ce-weekend-a-benin-royal-hotel\/#local-main-place-address\",\"streetAddress\":\"Carr\u00e9 2167 Kindonou, Cotonou, BENIN, 07 BP 1128 Cotonou, BENIN\",\"addressLocality\":\"Cotonou\",\"postalCode\":\"+229\",\"addressRegion\":\"Littoral\",\"addressCountry\":\"BJ\"},{\"@type\":\"ImageObject\",\"inLanguage\":\"en-US\",\"@id\":\"https:\/\/www.afro-impact.com\/promotion-des-produits-made-in-benin-la-foire-exposition-de-la-mini-graad-souvre-ce-weekend-a-benin-royal-hotel\/#local-main-organization-logo\",\"url\":\"https:\/\/www.afro-impact.com\/wp-content\/uploads\/2022\/01\/logo-afro-impact-share-social.png\",\"contentUrl\":\"https:\/\/www.afro-impact.com\/wp-content\/uploads\/2022\/01\/logo-afro-impact-share-social.png\",\"width\":300,\"height\":300,\"caption\":\"Afro impact\"}]}<\/script>\n<meta name=\"geo.placename\" content=\"Cotonou\" \/>\n<meta name=\"geo.position\" content=\"6.389282121878214;2.3602318590634495\" \/>\n<meta name=\"geo.region\" content=\"Benin\" \/>\n<!-- \/ Yoast SEO Premium plugin. -->","yoast_head_json":{"title":"Promotion of \"Made in Benin\" products: The mini-GRAAD exhibition-fair opens this weekend at Benin Royal hotel | Afro impact","description":"In Benin, the exhibition of local products will be held at the Royal Hotel in Cotonou from Saturday 09 to Sunday 10 April 2022. The initiative aims not only to promote \"Made in Benin\" products but also to intensify intra-community trade.","robots":{"index":"index","follow":"follow","max-snippet":"max-snippet:-1","max-image-preview":"max-image-preview:large","max-video-preview":"max-video-preview:-1"},"canonical":"https:\/\/www.afro-impact.com\/promotion-des-produits-made-in-benin-la-foire-exposition-de-la-mini-graad-souvre-ce-weekend-a-benin-royal-hotel\/","og_locale":"en_US","og_type":"article","og_title":"Promotion of \"Made in Benin\" products: The mini-GRAAD exhibition-fair opens this weekend at Benin Royal Hotel - Afro impact","og_description":"In Benin, the exhibition of local products will be held at the Royal Hotel in Cotonou from Saturday 09 to Sunday 10 April 2022. The initiative aims not only to promote \"Made in Benin\" products but also to intensify intra-community trade.","og_url":"https:\/\/www.afro-impact.com\/promotion-des-produits-made-in-benin-la-foire-exposition-de-la-mini-graad-souvre-ce-weekend-a-benin-royal-hotel\/","og_site_name":"Afro impact","article_publisher":"https:\/\/www.facebook.com\/AfroimpactMag","article_author":"https:\/\/facebook.com\/profile.php?id=100075035589093","article_published_time":"2022-04-07T18:24:17+00:00","article_modified_time":"2022-04-10T18:28:26+00:00","og_image":[{"width":992,"height":665,"url":"https:\/\/www.afro-impact.com\/wp-content\/uploads\/2022\/04\/maison-du-the-mini-graad.jpg","type":"image\/jpeg"}],"author":"Eliane Fatchina","twitter_card":"summary_large_image","twitter_creator":"@AfroimpactMag","twitter_site":"@AfroimpactMag","twitter_misc":{"Written by":"Eliane Fatchina","Est. reading time":"3 minutes"},"schema":{"@context":"https:\/\/schema.org","@graph":[{"@type":"NewsArticle","@id":"https:\/\/www.afro-impact.com\/promotion-des-produits-made-in-benin-la-foire-exposition-de-la-mini-graad-souvre-ce-weekend-a-benin-royal-hotel\/#article","isPartOf":{"@id":"https:\/\/www.afro-impact.com\/promotion-des-produits-made-in-benin-la-foire-exposition-de-la-mini-graad-souvre-ce-weekend-a-benin-royal-hotel\/"},"author":{"name":"Eliane Fatchina","@id":"https:\/\/www.afro-impact.com\/#\/schema\/person\/5c48f58a7d0cc36b8d96110a4feedf77"},"headline":"Promotion of &#8220;Made in Benin&#8221; products: The mini-GRAAD exhibition-fair opens this weekend at Benin Royal Hotel","datePublished":"2022-04-07T18:24:17+00:00","dateModified":"2022-04-10T18:28:26+00:00","mainEntityOfPage":{"@id":"https:\/\/www.afro-impact.com\/promotion-des-produits-made-in-benin-la-foire-exposition-de-la-mini-graad-souvre-ce-weekend-a-benin-royal-hotel\/"},"wordCount":521,"commentCount":0,"publisher":{"@id":"https:\/\/www.afro-impact.com\/#organization"},"image":{"@id":"https:\/\/www.afro-impact.com\/promotion-des-produits-made-in-benin-la-foire-exposition-de-la-mini-graad-souvre-ce-weekend-a-benin-royal-hotel\/#primaryimage"},"thumbnailUrl":"https:\/\/www.afro-impact.com\/wp-content\/uploads\/2022\/04\/maison-du-the-mini-graad.jpg","keywords":["Fair-exposition","Made in Africa","Made in Benin","Mini-Gmaad","Nadine Hagen"],"articleSection":["Agrobusiness"],"inLanguage":"en-US","potentialAction":[{"@type":"CommentAction","name":"Comment","target":["https:\/\/www.afro-impact.com\/promotion-des-produits-made-in-benin-la-foire-exposition-de-la-mini-graad-souvre-ce-weekend-a-benin-royal-hotel\/#respond"]}],"copyrightYear":"2022","copyrightHolder":{"@id":"https:\/\/www.afro-impact.com\/#organization"}},{"@type":"WebPage","@id":"https:\/\/www.afro-impact.com\/promotion-des-produits-made-in-benin-la-foire-exposition-de-la-mini-graad-souvre-ce-weekend-a-benin-royal-hotel\/","url":"https:\/\/www.afro-impact.com\/promotion-des-produits-made-in-benin-la-foire-exposition-de-la-mini-graad-souvre-ce-weekend-a-benin-royal-hotel\/","name":"Promotion of \"Made in Benin\" products: The mini-GRAAD exhibition-fair opens this weekend at Benin Royal hotel | Afro impact","isPartOf":{"@id":"https:\/\/www.afro-impact.com\/#website"},"primaryImageOfPage":{"@id":"https:\/\/www.afro-impact.com\/promotion-des-produits-made-in-benin-la-foire-exposition-de-la-mini-graad-souvre-ce-weekend-a-benin-royal-hotel\/#primaryimage"},"image":{"@id":"https:\/\/www.afro-impact.com\/promotion-des-produits-made-in-benin-la-foire-exposition-de-la-mini-graad-souvre-ce-weekend-a-benin-royal-hotel\/#primaryimage"},"thumbnailUrl":"https:\/\/www.afro-impact.com\/wp-content\/uploads\/2022\/04\/maison-du-the-mini-graad.jpg","datePublished":"2022-04-07T18:24:17+00:00","dateModified":"2022-04-10T18:28:26+00:00","description":"In Benin, the exhibition of local products will be held at the Royal Hotel in Cotonou from Saturday 09 to Sunday 10 April 2022. The initiative aims not only to promote \"Made in Benin\" products but also to intensify intra-community trade.","breadcrumb":{"@id":"https:\/\/www.afro-impact.com\/promotion-des-produits-made-in-benin-la-foire-exposition-de-la-mini-graad-souvre-ce-weekend-a-benin-royal-hotel\/#breadcrumb"},"inLanguage":"en-US","potentialAction":[{"@type":"ReadAction","target":["https:\/\/www.afro-impact.com\/promotion-des-produits-made-in-benin-la-foire-exposition-de-la-mini-graad-souvre-ce-weekend-a-benin-royal-hotel\/"]}]},{"@type":"ImageObject","inLanguage":"en-US","@id":"https:\/\/www.afro-impact.com\/promotion-des-produits-made-in-benin-la-foire-exposition-de-la-mini-graad-souvre-ce-weekend-a-benin-royal-hotel\/#primaryimage","url":"https:\/\/www.afro-impact.com\/wp-content\/uploads\/2022\/04\/maison-du-the-mini-graad.jpg","contentUrl":"https:\/\/www.afro-impact.com\/wp-content\/uploads\/2022\/04\/maison-du-the-mini-graad.jpg","width":992,"height":665,"caption":"Foire exposition \u00e0 B\u00e9nin royal h\u00f4tel du samedi au dimanche prochain"},{"@type":"BreadcrumbList","@id":"https:\/\/www.afro-impact.com\/promotion-des-produits-made-in-benin-la-foire-exposition-de-la-mini-graad-souvre-ce-weekend-a-benin-royal-hotel\/#breadcrumb","itemListElement":[{"@type":"ListItem","position":1,"name":"News","item":"https:\/\/www.afro-impact.com\/"},{"@type":"ListItem","position":2,"name":"Agrobusiness","item":"https:\/\/www.afro-impact.com\/agrobusiness\/"},{"@type":"ListItem","position":3,"name":"Promotion of \u00ab\u00a0Made in Benin\u00a0\u00bb products: The mini-GRAAD exhibition-fair opens this weekend at Benin Royal Hotel"}]},{"@type":"WebSite","@id":"https:\/\/www.afro-impact.com\/#website","url":"https:\/\/www.afro-impact.com\/","name":"Afro impact","description":"L&#039;Afrique vu autrement","publisher":{"@id":"https:\/\/www.afro-impact.com\/#organization"},"potentialAction":[{"@type":"SearchAction","target":{"@type":"EntryPoint","urlTemplate":"https:\/\/www.afro-impact.com\/?s={search_term_string}"},"query-input":{"@type":"PropertyValueSpecification","valueRequired":true,"valueName":"search_term_string"}}],"inLanguage":"en-US"},{"@type":["Organization","Place"],"@id":"https:\/\/www.afro-impact.com\/#organization","name":"Afro impact","alternateName":"carrecube","url":"https:\/\/www.afro-impact.com\/","logo":{"@id":"https:\/\/www.afro-impact.com\/promotion-des-produits-made-in-benin-la-foire-exposition-de-la-mini-graad-souvre-ce-weekend-a-benin-royal-hotel\/#local-main-organization-logo"},"image":{"@id":"https:\/\/www.afro-impact.com\/promotion-des-produits-made-in-benin-la-foire-exposition-de-la-mini-graad-souvre-ce-weekend-a-benin-royal-hotel\/#local-main-organization-logo"},"sameAs":["https:\/\/www.facebook.com\/AfroimpactMag","https:\/\/x.com\/AfroimpactMag","https:\/\/www.youtube.com\/channel\/UCJNIRcX4sVo487fhv0p5KDw"],"publishingPrinciples":"https:\/\/www.afro-impact.com\/a-propos-magazine-afro-impact\/","ownershipFundingInfo":"https:\/\/www.afro-impact.com\/mentions-legales\/","actionableFeedbackPolicy":"https:\/\/www.afro-impact.com\/conditions-generales\/","correctionsPolicy":"https:\/\/www.afro-impact.com\/dmca-retrait\/","address":{"@id":"https:\/\/www.afro-impact.com\/promotion-des-produits-made-in-benin-la-foire-exposition-de-la-mini-graad-souvre-ce-weekend-a-benin-royal-hotel\/#local-main-place-address"},"geo":{"@type":"GeoCoordinates","latitude":"6.389282121878214","longitude":"2.3602318590634495"},"telephone":["+229 54900806"],"openingHoursSpecification":[{"@type":"OpeningHoursSpecification","dayOfWeek":["Monday","Tuesday","Wednesday","Thursday","Friday","Saturday","Sunday"],"opens":"00:00","closes":"23:59"}],"email":"redaction@afro-impact.com","vatID":"0 2022 1395 5557"},{"@type":"Person","@id":"https:\/\/www.afro-impact.com\/#\/schema\/person\/5c48f58a7d0cc36b8d96110a4feedf77","name":"Eliane Fatchina","image":{"@type":"ImageObject","inLanguage":"en-US","@id":"https:\/\/www.afro-impact.com\/#\/schema\/person\/image\/","url":"https:\/\/www.afro-impact.com\/wp-content\/litespeed\/avatar\/5f9f737261a53c0e086b34b0464cb9e1.jpg?ver=1777018517","contentUrl":"https:\/\/www.afro-impact.com\/wp-content\/litespeed\/avatar\/5f9f737261a53c0e086b34b0464cb9e1.jpg?ver=1777018517","caption":"Eliane Fatchina"},"description":"Eliane Yabo Omonlayo Fatchina est une journaliste reporter \u00e0 Afro impact. Titulaire d\u2019une licence professionnelle en journalisme \u00e0 l\u2019ENSTIC du B\u00e9nin, elle est une panafricaniste passionn\u00e9e de culture, des questions de soci\u00e9t\u00e9 et d\u2019environnement. Avec d\u00e9j\u00e0 sept ans d\u2019exp\u00e9riences, elle s\u2019emploie quotidiennement \u00e0 donner de la voix aux id\u00e9es \u00e0 travers l\u2019\u00e9criture.","sameAs":["https:\/\/facebook.com\/profile.php?id=100075035589093"],"url":"https:\/\/www.afro-impact.com\/en\/author\/omonlayo\/"},{"@type":"PostalAddress","@id":"https:\/\/www.afro-impact.com\/promotion-des-produits-made-in-benin-la-foire-exposition-de-la-mini-graad-souvre-ce-weekend-a-benin-royal-hotel\/#local-main-place-address","streetAddress":"Carr\u00e9 2167 Kindonou, Cotonou, BENIN, 07 BP 1128 Cotonou, BENIN","addressLocality":"Cotonou","postalCode":"+229","addressRegion":"Littoral","addressCountry":"BJ"},{"@type":"ImageObject","inLanguage":"en-US","@id":"https:\/\/www.afro-impact.com\/promotion-des-produits-made-in-benin-la-foire-exposition-de-la-mini-graad-souvre-ce-weekend-a-benin-royal-hotel\/#local-main-organization-logo","url":"https:\/\/www.afro-impact.com\/wp-content\/uploads\/2022\/01\/logo-afro-impact-share-social.png","contentUrl":"https:\/\/www.afro-impact.com\/wp-content\/uploads\/2022\/01\/logo-afro-impact-share-social.png","width":300,"height":300,"caption":"Afro impact"}]},"geo.placename":"Cotonou","geo.position":{"lat":"6.389282121878214","long":"2.3602318590634495"},"geo.region":"Benin"},"_links":{"self":[{"href":"https:\/\/www.afro-impact.com\/en\/wp-json\/wp\/v2\/posts\/7087","targetHints":{"allow":["GET"]}}],"collection":[{"href":"https:\/\/www.afro-impact.com\/en\/wp-json\/wp\/v2\/posts"}],"about":[{"href":"https:\/\/www.afro-impact.com\/en\/wp-json\/wp\/v2\/types\/post"}],"author":[{"embeddable":true,"href":"https:\/\/www.afro-impact.com\/en\/wp-json\/wp\/v2\/users\/2"}],"replies":[{"embeddable":true,"href":"https:\/\/www.afro-impact.com\/en\/wp-json\/wp\/v2\/comments?post=7087"}],"version-history":[{"count":0,"href":"https:\/\/www.afro-impact.com\/en\/wp-json\/wp\/v2\/posts\/7087\/revisions"}],"wp:featuredmedia":[{"embeddable":true,"href":"https:\/\/www.afro-impact.com\/en\/wp-json\/wp\/v2\/media\/7062"}],"wp:attachment":[{"href":"https:\/\/www.afro-impact.com\/en\/wp-json\/wp\/v2\/media?parent=7087"}],"wp:term":[{"taxonomy":"category","embeddable":true,"href":"https:\/\/www.afro-impact.com\/en\/wp-json\/wp\/v2\/categories?post=7087"},{"taxonomy":"post_tag","embeddable":true,"href":"https:\/\/www.afro-impact.com\/en\/wp-json\/wp\/v2\/tags?post=7087"}],"curies":[{"name":"wp","href":"https:\/\/api.w.org\/{rel}","templated":true}]}}