{"id":7117,"date":"2022-04-11T14:27:19","date_gmt":"2022-04-11T13:27:19","guid":{"rendered":"https:\/\/www.afro-impact.com\/made-in-benin-promotion-mini-graad-fair-ends-and-organisers-satisfied\/"},"modified":"2022-04-11T23:34:31","modified_gmt":"2022-04-11T22:34:31","slug":"made-in-benin-promotion-mini-graad-fair-ends-and-organisers-satisfied","status":"publish","type":"post","link":"https:\/\/www.afro-impact.com\/en\/made-in-benin-promotion-mini-graad-fair-ends-and-organisers-satisfied\/","title":{"rendered":"Made in Benin promotion: Mini-Graad fair ends and organisers satisfied"},"content":{"rendered":"\n<p><strong>The mini-Graad exhibition took place this weekend at the Benin Royal Hotel in Cotonou. The two-day exhibition is a showcase for local products processed in Benin. It gathered about sixty men and women entrepreneurs who are in the business of innovation and who manufacture typical Beninese products in front of a rather diverse audience.<\/strong><\/p>\n\n<p>Highly anticipated by lovers of local consumption, this mini-fair is quite rich thanks to a variety of food products, fashion, cosmetics &#8230; These include soap, oil, tea, balm, liquor and syrup made from moringa, biscuits made from cassava, shea butter, traditional medicine products, mint and mango drinks, clothes &#8230; in short everything you can find in a local market.<\/p>\n\n<p>Nadine Hagen, the initiator of the project, emphasised the need for us Africans to consume our own African-made products at the opening of the fair. For her, the reason behind this extraordinary initiative was the health crisis of covid 19. &#8220;When covid came along, we realised that lemons and ginger, which cost nothing in Africa, have become sought-after commodities in all skies,&#8221; she says. She also highlighted our African products, which are very beneficial antioxidants for the body and sadly are neglected here at local level. &#8220;We have moringa, baobab powder&#8230; but we Africans ignore them.<\/p>\n\n<p>Thus, sessions of presentation and tasting of products, positive testimonies, rejoicing, discoveries and wishes for success marked this mini-fair.<\/p>\n\n<figure class=\"wp-block-image size-full\"><img fetchpriority=\"high\" decoding=\"async\" width=\"1000\" height=\"450\" src=\"https:\/\/www.afro-impact.com\/wp-content\/uploads\/2022\/04\/mini-foire-exposition-graad.jpg\" alt=\"GRAAD pre-fair sales exhibition at the mini-fair\" class=\"wp-image-7102\" srcset=\"https:\/\/www.afro-impact.com\/wp-content\/uploads\/2022\/04\/mini-foire-exposition-graad.jpg 1000w, https:\/\/www.afro-impact.com\/wp-content\/uploads\/2022\/04\/mini-foire-exposition-graad-300x135.jpg 300w, https:\/\/www.afro-impact.com\/wp-content\/uploads\/2022\/04\/mini-foire-exposition-graad-768x346.jpg 768w, https:\/\/www.afro-impact.com\/wp-content\/uploads\/2022\/04\/mini-foire-exposition-graad-150x68.jpg 150w, https:\/\/www.afro-impact.com\/wp-content\/uploads\/2022\/04\/mini-foire-exposition-graad-450x203.jpg 450w\" sizes=\"(max-width: 1000px) 100vw, 1000px\" \/><\/figure>\n\n<p>In addition, several communications followed by debates were also on the menu of this mini-fair to encourage entrepreneurs to innovate further in order to make their products more competitive on the regional and international markets. These interventions all pointed to the need to promote local products in order to make the most of them. &#8220;If we keep our products here, we will never be rich. We have to engage in network marketing where we sell to many,&#8221; insisted the event promoter. <\/p>\n\n<p>In addition, it must be said that this mini-fair was organised to mobilise local entrepreneurs in preparation for the Great Meeting of Artisans from Africa and the Diaspora (GRAAD). The latter aims to bring together all the countries of French-speaking Africa and its diaspora around Made in Africa. It will be held on 28, 29 and 30 July 2022 at the Benin Chamber of Commerce and Industry. A unique event that makes Benin the host country as the former Dahomey is making progress in local processing. &#8220;Since I was born, I have always known Benin as a hub of business but also of homeopathy, the made in Benin is very advanced&#8221; according to Nadine Hagen. <\/p>\n\n<p>At the end of the two-day exhibition, the fruit lived up to the promise of the flowers, according to the organisers. &#8220;Our expectations have been met, which means that we can count on these local producers to do good things like promote the made in Benin and moreover the made in Africa,&#8221; said the president of the organizing committee, Madina Adam Idriss. Appointment is therefore made for July 2022 around the Made in Africa<\/p>\n","protected":false},"excerpt":{"rendered":"<p>The mini-Graad exhibition took place this weekend at the Benin Royal Hotel in Cotonou. The two-day exhibition is a showcase for local products processed in Benin. It gathered about sixty men and women entrepreneurs who are in the business of innovation and who manufacture typical Beninese products in front of a rather diverse audience. Highly<\/p>\n","protected":false},"author":2,"featured_media":7100,"comment_status":"open","ping_status":"open","sticky":false,"template":"","format":"standard","meta":{"footnotes":""},"categories":[191],"tags":[1146],"class_list":{"0":"post-7117","1":"post","2":"type-post","3":"status-publish","4":"format-standard","5":"has-post-thumbnail","7":"category-agrobusiness-en","8":"tag-graad-en"},"yoast_head":"<!-- This site is optimized with the Yoast SEO Premium plugin v25.5 (Yoast SEO v25.5) - https:\/\/yoast.com\/wordpress\/plugins\/seo\/ -->\n<title>Made in Benin promotion: Mini-Graad fair ends and organisers satisfied | Afro impact<\/title>\n<meta name=\"description\" content=\"The mini-Graad exhibition took place this weekend at the Benin Royal Hotel in Cotonou. The two-day exhibition is a showcase for local products processed in Benin. It gathered about sixty men and women entrepreneurs who are in the innovation business and who manufacture typical Beninese products in front of a rather diversified audience\" \/>\n<meta name=\"robots\" content=\"index, follow, max-snippet:-1, max-image-preview:large, max-video-preview:-1\" \/>\n<link rel=\"canonical\" href=\"https:\/\/www.afro-impact.com\/promotion-du-made-in-benin-la-foire-de-la-mini-graad-sest-achevee-et-les-organisateurs-satisfaits\/\" \/>\n<meta property=\"og:locale\" content=\"en_US\" \/>\n<meta property=\"og:type\" content=\"article\" \/>\n<meta property=\"og:title\" content=\"Made in Benin promotion: Mini-Graad fair ends and organisers satisfied - Afro impact\" \/>\n<meta property=\"og:description\" content=\"The mini-Graad exhibition took place this weekend at the Benin Royal Hotel in Cotonou. The two-day exhibition is a showcase for local products processed in Benin. It gathered about sixty men and women entrepreneurs who are in the innovation business and who manufacture typical Beninese products in front of a rather diversified audience\" \/>\n<meta property=\"og:url\" content=\"https:\/\/www.afro-impact.com\/promotion-du-made-in-benin-la-foire-de-la-mini-graad-sest-achevee-et-les-organisateurs-satisfaits\/\" \/>\n<meta property=\"og:site_name\" content=\"Afro impact\" \/>\n<meta property=\"article:publisher\" content=\"https:\/\/www.facebook.com\/AfroimpactMag\" \/>\n<meta property=\"article:author\" content=\"https:\/\/facebook.com\/profile.php?id=100075035589093\" \/>\n<meta property=\"article:published_time\" content=\"2022-04-11T13:27:19+00:00\" \/>\n<meta property=\"article:modified_time\" content=\"2022-04-11T22:34:31+00:00\" \/>\n<meta property=\"og:image\" content=\"https:\/\/www.afro-impact.com\/wp-content\/uploads\/2022\/04\/nadine-ouverture-foire.jpg\" \/>\n\t<meta property=\"og:image:width\" content=\"1500\" \/>\n\t<meta property=\"og:image:height\" content=\"675\" \/>\n\t<meta property=\"og:image:type\" content=\"image\/jpeg\" \/>\n<meta name=\"author\" content=\"Eliane Fatchina\" \/>\n<meta name=\"twitter:card\" content=\"summary_large_image\" \/>\n<meta name=\"twitter:creator\" content=\"@AfroimpactMag\" \/>\n<meta name=\"twitter:site\" content=\"@AfroimpactMag\" \/>\n<meta name=\"twitter:label1\" content=\"Written by\" \/>\n\t<meta name=\"twitter:data1\" content=\"Eliane Fatchina\" \/>\n\t<meta name=\"twitter:label2\" content=\"Est. reading time\" \/>\n\t<meta name=\"twitter:data2\" content=\"2 minutes\" \/>\n<script type=\"application\/ld+json\" class=\"yoast-schema-graph\">{\"@context\":\"https:\/\/schema.org\",\"@graph\":[{\"@type\":\"NewsArticle\",\"@id\":\"https:\/\/www.afro-impact.com\/promotion-du-made-in-benin-la-foire-de-la-mini-graad-sest-achevee-et-les-organisateurs-satisfaits\/#article\",\"isPartOf\":{\"@id\":\"https:\/\/www.afro-impact.com\/promotion-du-made-in-benin-la-foire-de-la-mini-graad-sest-achevee-et-les-organisateurs-satisfaits\/\"},\"author\":{\"name\":\"Eliane Fatchina\",\"@id\":\"https:\/\/www.afro-impact.com\/#\/schema\/person\/5c48f58a7d0cc36b8d96110a4feedf77\"},\"headline\":\"Made in Benin promotion: Mini-Graad fair ends and organisers satisfied\",\"datePublished\":\"2022-04-11T13:27:19+00:00\",\"dateModified\":\"2022-04-11T22:34:31+00:00\",\"mainEntityOfPage\":{\"@id\":\"https:\/\/www.afro-impact.com\/promotion-du-made-in-benin-la-foire-de-la-mini-graad-sest-achevee-et-les-organisateurs-satisfaits\/\"},\"wordCount\":500,\"commentCount\":0,\"publisher\":{\"@id\":\"https:\/\/www.afro-impact.com\/#organization\"},\"image\":{\"@id\":\"https:\/\/www.afro-impact.com\/promotion-du-made-in-benin-la-foire-de-la-mini-graad-sest-achevee-et-les-organisateurs-satisfaits\/#primaryimage\"},\"thumbnailUrl\":\"https:\/\/www.afro-impact.com\/wp-content\/uploads\/2022\/04\/nadine-ouverture-foire.jpg\",\"keywords\":[\"GRAAD\"],\"articleSection\":[\"Agrobusiness\"],\"inLanguage\":\"en-US\",\"potentialAction\":[{\"@type\":\"CommentAction\",\"name\":\"Comment\",\"target\":[\"https:\/\/www.afro-impact.com\/promotion-du-made-in-benin-la-foire-de-la-mini-graad-sest-achevee-et-les-organisateurs-satisfaits\/#respond\"]}],\"copyrightYear\":\"2022\",\"copyrightHolder\":{\"@id\":\"https:\/\/www.afro-impact.com\/#organization\"}},{\"@type\":\"WebPage\",\"@id\":\"https:\/\/www.afro-impact.com\/promotion-du-made-in-benin-la-foire-de-la-mini-graad-sest-achevee-et-les-organisateurs-satisfaits\/\",\"url\":\"https:\/\/www.afro-impact.com\/promotion-du-made-in-benin-la-foire-de-la-mini-graad-sest-achevee-et-les-organisateurs-satisfaits\/\",\"name\":\"Made in Benin promotion: Mini-Graad fair ends and organisers satisfied | Afro impact\",\"isPartOf\":{\"@id\":\"https:\/\/www.afro-impact.com\/#website\"},\"primaryImageOfPage\":{\"@id\":\"https:\/\/www.afro-impact.com\/promotion-du-made-in-benin-la-foire-de-la-mini-graad-sest-achevee-et-les-organisateurs-satisfaits\/#primaryimage\"},\"image\":{\"@id\":\"https:\/\/www.afro-impact.com\/promotion-du-made-in-benin-la-foire-de-la-mini-graad-sest-achevee-et-les-organisateurs-satisfaits\/#primaryimage\"},\"thumbnailUrl\":\"https:\/\/www.afro-impact.com\/wp-content\/uploads\/2022\/04\/nadine-ouverture-foire.jpg\",\"datePublished\":\"2022-04-11T13:27:19+00:00\",\"dateModified\":\"2022-04-11T22:34:31+00:00\",\"description\":\"The mini-Graad exhibition took place this weekend at the Benin Royal Hotel in Cotonou. The two-day exhibition is a showcase for local products processed in Benin. It gathered about sixty men and women entrepreneurs who are in the innovation business and who manufacture typical Beninese products in front of a rather diversified audience\",\"breadcrumb\":{\"@id\":\"https:\/\/www.afro-impact.com\/promotion-du-made-in-benin-la-foire-de-la-mini-graad-sest-achevee-et-les-organisateurs-satisfaits\/#breadcrumb\"},\"inLanguage\":\"en-US\",\"potentialAction\":[{\"@type\":\"ReadAction\",\"target\":[\"https:\/\/www.afro-impact.com\/promotion-du-made-in-benin-la-foire-de-la-mini-graad-sest-achevee-et-les-organisateurs-satisfaits\/\"]}]},{\"@type\":\"ImageObject\",\"inLanguage\":\"en-US\",\"@id\":\"https:\/\/www.afro-impact.com\/promotion-du-made-in-benin-la-foire-de-la-mini-graad-sest-achevee-et-les-organisateurs-satisfaits\/#primaryimage\",\"url\":\"https:\/\/www.afro-impact.com\/wp-content\/uploads\/2022\/04\/nadine-ouverture-foire.jpg\",\"contentUrl\":\"https:\/\/www.afro-impact.com\/wp-content\/uploads\/2022\/04\/nadine-ouverture-foire.jpg\",\"width\":1500,\"height\":675,\"caption\":\"Nadine Hagen, initiator of the pre-GRAAD mini-fair\"},{\"@type\":\"BreadcrumbList\",\"@id\":\"https:\/\/www.afro-impact.com\/promotion-du-made-in-benin-la-foire-de-la-mini-graad-sest-achevee-et-les-organisateurs-satisfaits\/#breadcrumb\",\"itemListElement\":[{\"@type\":\"ListItem\",\"position\":1,\"name\":\"News\",\"item\":\"https:\/\/www.afro-impact.com\/\"},{\"@type\":\"ListItem\",\"position\":2,\"name\":\"Agrobusiness\",\"item\":\"https:\/\/www.afro-impact.com\/agrobusiness\/\"},{\"@type\":\"ListItem\",\"position\":3,\"name\":\"Made in Benin promotion: Mini-Graad fair ends and organisers satisfied\"}]},{\"@type\":\"WebSite\",\"@id\":\"https:\/\/www.afro-impact.com\/#website\",\"url\":\"https:\/\/www.afro-impact.com\/\",\"name\":\"Afro impact\",\"description\":\"L&#039;Afrique vu autrement\",\"publisher\":{\"@id\":\"https:\/\/www.afro-impact.com\/#organization\"},\"potentialAction\":[{\"@type\":\"SearchAction\",\"target\":{\"@type\":\"EntryPoint\",\"urlTemplate\":\"https:\/\/www.afro-impact.com\/?s={search_term_string}\"},\"query-input\":{\"@type\":\"PropertyValueSpecification\",\"valueRequired\":true,\"valueName\":\"search_term_string\"}}],\"inLanguage\":\"en-US\"},{\"@type\":[\"Organization\",\"Place\"],\"@id\":\"https:\/\/www.afro-impact.com\/#organization\",\"name\":\"Afro impact\",\"alternateName\":\"carrecube\",\"url\":\"https:\/\/www.afro-impact.com\/\",\"logo\":{\"@id\":\"https:\/\/www.afro-impact.com\/promotion-du-made-in-benin-la-foire-de-la-mini-graad-sest-achevee-et-les-organisateurs-satisfaits\/#local-main-organization-logo\"},\"image\":{\"@id\":\"https:\/\/www.afro-impact.com\/promotion-du-made-in-benin-la-foire-de-la-mini-graad-sest-achevee-et-les-organisateurs-satisfaits\/#local-main-organization-logo\"},\"sameAs\":[\"https:\/\/www.facebook.com\/AfroimpactMag\",\"https:\/\/x.com\/AfroimpactMag\",\"https:\/\/www.youtube.com\/channel\/UCJNIRcX4sVo487fhv0p5KDw\"],\"publishingPrinciples\":\"https:\/\/www.afro-impact.com\/a-propos-magazine-afro-impact\/\",\"ownershipFundingInfo\":\"https:\/\/www.afro-impact.com\/mentions-legales\/\",\"actionableFeedbackPolicy\":\"https:\/\/www.afro-impact.com\/conditions-generales\/\",\"correctionsPolicy\":\"https:\/\/www.afro-impact.com\/dmca-retrait\/\",\"address\":{\"@id\":\"https:\/\/www.afro-impact.com\/promotion-du-made-in-benin-la-foire-de-la-mini-graad-sest-achevee-et-les-organisateurs-satisfaits\/#local-main-place-address\"},\"geo\":{\"@type\":\"GeoCoordinates\",\"latitude\":\"6.389282121878214\",\"longitude\":\"2.3602318590634495\"},\"telephone\":[\"+229 54900806\"],\"openingHoursSpecification\":[{\"@type\":\"OpeningHoursSpecification\",\"dayOfWeek\":[\"Monday\",\"Tuesday\",\"Wednesday\",\"Thursday\",\"Friday\",\"Saturday\",\"Sunday\"],\"opens\":\"00:00\",\"closes\":\"23:59\"}],\"email\":\"redaction@afro-impact.com\",\"vatID\":\"0 2022 1395 5557\"},{\"@type\":\"Person\",\"@id\":\"https:\/\/www.afro-impact.com\/#\/schema\/person\/5c48f58a7d0cc36b8d96110a4feedf77\",\"name\":\"Eliane Fatchina\",\"image\":{\"@type\":\"ImageObject\",\"inLanguage\":\"en-US\",\"@id\":\"https:\/\/www.afro-impact.com\/#\/schema\/person\/image\/\",\"url\":\"https:\/\/www.afro-impact.com\/wp-content\/litespeed\/avatar\/5f9f737261a53c0e086b34b0464cb9e1.jpg?ver=1777018517\",\"contentUrl\":\"https:\/\/www.afro-impact.com\/wp-content\/litespeed\/avatar\/5f9f737261a53c0e086b34b0464cb9e1.jpg?ver=1777018517\",\"caption\":\"Eliane Fatchina\"},\"description\":\"Eliane Yabo Omonlayo Fatchina est une journaliste reporter \u00e0 Afro impact. Titulaire d\u2019une licence professionnelle en journalisme \u00e0 l\u2019ENSTIC du B\u00e9nin, elle est une panafricaniste passionn\u00e9e de culture, des questions de soci\u00e9t\u00e9 et d\u2019environnement. Avec d\u00e9j\u00e0 sept ans d\u2019exp\u00e9riences, elle s\u2019emploie quotidiennement \u00e0 donner de la voix aux id\u00e9es \u00e0 travers l\u2019\u00e9criture.\",\"sameAs\":[\"https:\/\/facebook.com\/profile.php?id=100075035589093\"],\"url\":\"https:\/\/www.afro-impact.com\/en\/author\/omonlayo\/\"},{\"@type\":\"PostalAddress\",\"@id\":\"https:\/\/www.afro-impact.com\/promotion-du-made-in-benin-la-foire-de-la-mini-graad-sest-achevee-et-les-organisateurs-satisfaits\/#local-main-place-address\",\"streetAddress\":\"Carr\u00e9 2167 Kindonou, Cotonou, BENIN, 07 BP 1128 Cotonou, BENIN\",\"addressLocality\":\"Cotonou\",\"postalCode\":\"+229\",\"addressRegion\":\"Littoral\",\"addressCountry\":\"BJ\"},{\"@type\":\"ImageObject\",\"inLanguage\":\"en-US\",\"@id\":\"https:\/\/www.afro-impact.com\/promotion-du-made-in-benin-la-foire-de-la-mini-graad-sest-achevee-et-les-organisateurs-satisfaits\/#local-main-organization-logo\",\"url\":\"https:\/\/www.afro-impact.com\/wp-content\/uploads\/2022\/01\/logo-afro-impact-share-social.png\",\"contentUrl\":\"https:\/\/www.afro-impact.com\/wp-content\/uploads\/2022\/01\/logo-afro-impact-share-social.png\",\"width\":300,\"height\":300,\"caption\":\"Afro impact\"}]}<\/script>\n<meta name=\"geo.placename\" content=\"Cotonou\" \/>\n<meta name=\"geo.position\" content=\"6.389282121878214;2.3602318590634495\" \/>\n<meta name=\"geo.region\" content=\"Benin\" \/>\n<!-- \/ Yoast SEO Premium plugin. -->","yoast_head_json":{"title":"Made in Benin promotion: Mini-Graad fair ends and organisers satisfied | Afro impact","description":"The mini-Graad exhibition took place this weekend at the Benin Royal Hotel in Cotonou. The two-day exhibition is a showcase for local products processed in Benin. It gathered about sixty men and women entrepreneurs who are in the innovation business and who manufacture typical Beninese products in front of a rather diversified audience","robots":{"index":"index","follow":"follow","max-snippet":"max-snippet:-1","max-image-preview":"max-image-preview:large","max-video-preview":"max-video-preview:-1"},"canonical":"https:\/\/www.afro-impact.com\/promotion-du-made-in-benin-la-foire-de-la-mini-graad-sest-achevee-et-les-organisateurs-satisfaits\/","og_locale":"en_US","og_type":"article","og_title":"Made in Benin promotion: Mini-Graad fair ends and organisers satisfied - Afro impact","og_description":"The mini-Graad exhibition took place this weekend at the Benin Royal Hotel in Cotonou. The two-day exhibition is a showcase for local products processed in Benin. It gathered about sixty men and women entrepreneurs who are in the innovation business and who manufacture typical Beninese products in front of a rather diversified audience","og_url":"https:\/\/www.afro-impact.com\/promotion-du-made-in-benin-la-foire-de-la-mini-graad-sest-achevee-et-les-organisateurs-satisfaits\/","og_site_name":"Afro impact","article_publisher":"https:\/\/www.facebook.com\/AfroimpactMag","article_author":"https:\/\/facebook.com\/profile.php?id=100075035589093","article_published_time":"2022-04-11T13:27:19+00:00","article_modified_time":"2022-04-11T22:34:31+00:00","og_image":[{"width":1500,"height":675,"url":"https:\/\/www.afro-impact.com\/wp-content\/uploads\/2022\/04\/nadine-ouverture-foire.jpg","type":"image\/jpeg"}],"author":"Eliane Fatchina","twitter_card":"summary_large_image","twitter_creator":"@AfroimpactMag","twitter_site":"@AfroimpactMag","twitter_misc":{"Written by":"Eliane Fatchina","Est. reading time":"2 minutes"},"schema":{"@context":"https:\/\/schema.org","@graph":[{"@type":"NewsArticle","@id":"https:\/\/www.afro-impact.com\/promotion-du-made-in-benin-la-foire-de-la-mini-graad-sest-achevee-et-les-organisateurs-satisfaits\/#article","isPartOf":{"@id":"https:\/\/www.afro-impact.com\/promotion-du-made-in-benin-la-foire-de-la-mini-graad-sest-achevee-et-les-organisateurs-satisfaits\/"},"author":{"name":"Eliane Fatchina","@id":"https:\/\/www.afro-impact.com\/#\/schema\/person\/5c48f58a7d0cc36b8d96110a4feedf77"},"headline":"Made in Benin promotion: Mini-Graad fair ends and organisers satisfied","datePublished":"2022-04-11T13:27:19+00:00","dateModified":"2022-04-11T22:34:31+00:00","mainEntityOfPage":{"@id":"https:\/\/www.afro-impact.com\/promotion-du-made-in-benin-la-foire-de-la-mini-graad-sest-achevee-et-les-organisateurs-satisfaits\/"},"wordCount":500,"commentCount":0,"publisher":{"@id":"https:\/\/www.afro-impact.com\/#organization"},"image":{"@id":"https:\/\/www.afro-impact.com\/promotion-du-made-in-benin-la-foire-de-la-mini-graad-sest-achevee-et-les-organisateurs-satisfaits\/#primaryimage"},"thumbnailUrl":"https:\/\/www.afro-impact.com\/wp-content\/uploads\/2022\/04\/nadine-ouverture-foire.jpg","keywords":["GRAAD"],"articleSection":["Agrobusiness"],"inLanguage":"en-US","potentialAction":[{"@type":"CommentAction","name":"Comment","target":["https:\/\/www.afro-impact.com\/promotion-du-made-in-benin-la-foire-de-la-mini-graad-sest-achevee-et-les-organisateurs-satisfaits\/#respond"]}],"copyrightYear":"2022","copyrightHolder":{"@id":"https:\/\/www.afro-impact.com\/#organization"}},{"@type":"WebPage","@id":"https:\/\/www.afro-impact.com\/promotion-du-made-in-benin-la-foire-de-la-mini-graad-sest-achevee-et-les-organisateurs-satisfaits\/","url":"https:\/\/www.afro-impact.com\/promotion-du-made-in-benin-la-foire-de-la-mini-graad-sest-achevee-et-les-organisateurs-satisfaits\/","name":"Made in Benin promotion: Mini-Graad fair ends and organisers satisfied | Afro impact","isPartOf":{"@id":"https:\/\/www.afro-impact.com\/#website"},"primaryImageOfPage":{"@id":"https:\/\/www.afro-impact.com\/promotion-du-made-in-benin-la-foire-de-la-mini-graad-sest-achevee-et-les-organisateurs-satisfaits\/#primaryimage"},"image":{"@id":"https:\/\/www.afro-impact.com\/promotion-du-made-in-benin-la-foire-de-la-mini-graad-sest-achevee-et-les-organisateurs-satisfaits\/#primaryimage"},"thumbnailUrl":"https:\/\/www.afro-impact.com\/wp-content\/uploads\/2022\/04\/nadine-ouverture-foire.jpg","datePublished":"2022-04-11T13:27:19+00:00","dateModified":"2022-04-11T22:34:31+00:00","description":"The mini-Graad exhibition took place this weekend at the Benin Royal Hotel in Cotonou. The two-day exhibition is a showcase for local products processed in Benin. It gathered about sixty men and women entrepreneurs who are in the innovation business and who manufacture typical Beninese products in front of a rather diversified audience","breadcrumb":{"@id":"https:\/\/www.afro-impact.com\/promotion-du-made-in-benin-la-foire-de-la-mini-graad-sest-achevee-et-les-organisateurs-satisfaits\/#breadcrumb"},"inLanguage":"en-US","potentialAction":[{"@type":"ReadAction","target":["https:\/\/www.afro-impact.com\/promotion-du-made-in-benin-la-foire-de-la-mini-graad-sest-achevee-et-les-organisateurs-satisfaits\/"]}]},{"@type":"ImageObject","inLanguage":"en-US","@id":"https:\/\/www.afro-impact.com\/promotion-du-made-in-benin-la-foire-de-la-mini-graad-sest-achevee-et-les-organisateurs-satisfaits\/#primaryimage","url":"https:\/\/www.afro-impact.com\/wp-content\/uploads\/2022\/04\/nadine-ouverture-foire.jpg","contentUrl":"https:\/\/www.afro-impact.com\/wp-content\/uploads\/2022\/04\/nadine-ouverture-foire.jpg","width":1500,"height":675,"caption":"Nadine Hagen, initiator of the pre-GRAAD mini-fair"},{"@type":"BreadcrumbList","@id":"https:\/\/www.afro-impact.com\/promotion-du-made-in-benin-la-foire-de-la-mini-graad-sest-achevee-et-les-organisateurs-satisfaits\/#breadcrumb","itemListElement":[{"@type":"ListItem","position":1,"name":"News","item":"https:\/\/www.afro-impact.com\/"},{"@type":"ListItem","position":2,"name":"Agrobusiness","item":"https:\/\/www.afro-impact.com\/agrobusiness\/"},{"@type":"ListItem","position":3,"name":"Made in Benin promotion: Mini-Graad fair ends and organisers satisfied"}]},{"@type":"WebSite","@id":"https:\/\/www.afro-impact.com\/#website","url":"https:\/\/www.afro-impact.com\/","name":"Afro impact","description":"L&#039;Afrique vu autrement","publisher":{"@id":"https:\/\/www.afro-impact.com\/#organization"},"potentialAction":[{"@type":"SearchAction","target":{"@type":"EntryPoint","urlTemplate":"https:\/\/www.afro-impact.com\/?s={search_term_string}"},"query-input":{"@type":"PropertyValueSpecification","valueRequired":true,"valueName":"search_term_string"}}],"inLanguage":"en-US"},{"@type":["Organization","Place"],"@id":"https:\/\/www.afro-impact.com\/#organization","name":"Afro impact","alternateName":"carrecube","url":"https:\/\/www.afro-impact.com\/","logo":{"@id":"https:\/\/www.afro-impact.com\/promotion-du-made-in-benin-la-foire-de-la-mini-graad-sest-achevee-et-les-organisateurs-satisfaits\/#local-main-organization-logo"},"image":{"@id":"https:\/\/www.afro-impact.com\/promotion-du-made-in-benin-la-foire-de-la-mini-graad-sest-achevee-et-les-organisateurs-satisfaits\/#local-main-organization-logo"},"sameAs":["https:\/\/www.facebook.com\/AfroimpactMag","https:\/\/x.com\/AfroimpactMag","https:\/\/www.youtube.com\/channel\/UCJNIRcX4sVo487fhv0p5KDw"],"publishingPrinciples":"https:\/\/www.afro-impact.com\/a-propos-magazine-afro-impact\/","ownershipFundingInfo":"https:\/\/www.afro-impact.com\/mentions-legales\/","actionableFeedbackPolicy":"https:\/\/www.afro-impact.com\/conditions-generales\/","correctionsPolicy":"https:\/\/www.afro-impact.com\/dmca-retrait\/","address":{"@id":"https:\/\/www.afro-impact.com\/promotion-du-made-in-benin-la-foire-de-la-mini-graad-sest-achevee-et-les-organisateurs-satisfaits\/#local-main-place-address"},"geo":{"@type":"GeoCoordinates","latitude":"6.389282121878214","longitude":"2.3602318590634495"},"telephone":["+229 54900806"],"openingHoursSpecification":[{"@type":"OpeningHoursSpecification","dayOfWeek":["Monday","Tuesday","Wednesday","Thursday","Friday","Saturday","Sunday"],"opens":"00:00","closes":"23:59"}],"email":"redaction@afro-impact.com","vatID":"0 2022 1395 5557"},{"@type":"Person","@id":"https:\/\/www.afro-impact.com\/#\/schema\/person\/5c48f58a7d0cc36b8d96110a4feedf77","name":"Eliane Fatchina","image":{"@type":"ImageObject","inLanguage":"en-US","@id":"https:\/\/www.afro-impact.com\/#\/schema\/person\/image\/","url":"https:\/\/www.afro-impact.com\/wp-content\/litespeed\/avatar\/5f9f737261a53c0e086b34b0464cb9e1.jpg?ver=1777018517","contentUrl":"https:\/\/www.afro-impact.com\/wp-content\/litespeed\/avatar\/5f9f737261a53c0e086b34b0464cb9e1.jpg?ver=1777018517","caption":"Eliane Fatchina"},"description":"Eliane Yabo Omonlayo Fatchina est une journaliste reporter \u00e0 Afro impact. Titulaire d\u2019une licence professionnelle en journalisme \u00e0 l\u2019ENSTIC du B\u00e9nin, elle est une panafricaniste passionn\u00e9e de culture, des questions de soci\u00e9t\u00e9 et d\u2019environnement. Avec d\u00e9j\u00e0 sept ans d\u2019exp\u00e9riences, elle s\u2019emploie quotidiennement \u00e0 donner de la voix aux id\u00e9es \u00e0 travers l\u2019\u00e9criture.","sameAs":["https:\/\/facebook.com\/profile.php?id=100075035589093"],"url":"https:\/\/www.afro-impact.com\/en\/author\/omonlayo\/"},{"@type":"PostalAddress","@id":"https:\/\/www.afro-impact.com\/promotion-du-made-in-benin-la-foire-de-la-mini-graad-sest-achevee-et-les-organisateurs-satisfaits\/#local-main-place-address","streetAddress":"Carr\u00e9 2167 Kindonou, Cotonou, BENIN, 07 BP 1128 Cotonou, BENIN","addressLocality":"Cotonou","postalCode":"+229","addressRegion":"Littoral","addressCountry":"BJ"},{"@type":"ImageObject","inLanguage":"en-US","@id":"https:\/\/www.afro-impact.com\/promotion-du-made-in-benin-la-foire-de-la-mini-graad-sest-achevee-et-les-organisateurs-satisfaits\/#local-main-organization-logo","url":"https:\/\/www.afro-impact.com\/wp-content\/uploads\/2022\/01\/logo-afro-impact-share-social.png","contentUrl":"https:\/\/www.afro-impact.com\/wp-content\/uploads\/2022\/01\/logo-afro-impact-share-social.png","width":300,"height":300,"caption":"Afro impact"}]},"geo.placename":"Cotonou","geo.position":{"lat":"6.389282121878214","long":"2.3602318590634495"},"geo.region":"Benin"},"_links":{"self":[{"href":"https:\/\/www.afro-impact.com\/en\/wp-json\/wp\/v2\/posts\/7117","targetHints":{"allow":["GET"]}}],"collection":[{"href":"https:\/\/www.afro-impact.com\/en\/wp-json\/wp\/v2\/posts"}],"about":[{"href":"https:\/\/www.afro-impact.com\/en\/wp-json\/wp\/v2\/types\/post"}],"author":[{"embeddable":true,"href":"https:\/\/www.afro-impact.com\/en\/wp-json\/wp\/v2\/users\/2"}],"replies":[{"embeddable":true,"href":"https:\/\/www.afro-impact.com\/en\/wp-json\/wp\/v2\/comments?post=7117"}],"version-history":[{"count":0,"href":"https:\/\/www.afro-impact.com\/en\/wp-json\/wp\/v2\/posts\/7117\/revisions"}],"wp:featuredmedia":[{"embeddable":true,"href":"https:\/\/www.afro-impact.com\/en\/wp-json\/wp\/v2\/media\/7100"}],"wp:attachment":[{"href":"https:\/\/www.afro-impact.com\/en\/wp-json\/wp\/v2\/media?parent=7117"}],"wp:term":[{"taxonomy":"category","embeddable":true,"href":"https:\/\/www.afro-impact.com\/en\/wp-json\/wp\/v2\/categories?post=7117"},{"taxonomy":"post_tag","embeddable":true,"href":"https:\/\/www.afro-impact.com\/en\/wp-json\/wp\/v2\/tags?post=7117"}],"curies":[{"name":"wp","href":"https:\/\/api.w.org\/{rel}","templated":true}]}}