{"id":8866,"date":"2022-07-08T16:12:31","date_gmt":"2022-07-08T15:12:31","guid":{"rendered":"https:\/\/www.afro-impact.com\/burundi-street-children-and-beggars-declared-persona-non-grata\/"},"modified":"2022-07-09T11:16:46","modified_gmt":"2022-07-09T10:16:46","slug":"burundi-street-children-and-beggars-declared-persona-non-grata","status":"publish","type":"post","link":"https:\/\/www.afro-impact.com\/en\/burundi-street-children-and-beggars-declared-persona-non-grata\/","title":{"rendered":"Burundi: Street children and beggars declared persona non grata."},"content":{"rendered":"\n<p><strong>The operation to clean up the streets of Burundi of some of its occupants became effective this Friday 08 July 2022. In the capital Bujumbura, at least 300 people including 90 street children are arrested in police raids. This comes after the government&#8217;s ultimatum expired three days ago. <\/strong><\/p>\n\n\n\n<p>Street children and beggars no longer have a place on the streets of Burundi. This is a decision of the executive that came into force this Friday throughout the country. But before that, the government gave these people a two-week ultimatum to vacate the premises. In Bujumbura and in several cities of the country, the decision is respected for the moment by these children and beggars. They no longer hang out on the streets at the risk of falling foul of the law. <\/p>\n\n\n\n<p>The operation is coordinated by the ministry in charge of national solidarity and human rights. According to the Secretary General of the Ministry in charge of National Solidarity and Human Rights, Felix Ngendabanyikwa, the state is sufficiently prepared to definitively eradicate these practices. As for the fate of the insubordinate, the adult beggars will be judged and sentenced while the street children will be returned to their families.<\/p>\n\n\n\n<h2 class=\"wp-block-heading\" id=\"h-le-gouvernement-n-entend-pas-faire-un-aveu-d-echec\"> <strong>The government does not intend to make an admission of failure. <\/strong><\/h2>\n\n\n\n<p>More than determined, the Burundian government has taken all the necessary measures for the proper execution of the operation. &#8221; <em>We have prepared centres where they will spend as little time as possible. We will identify their origins and work on their parents. This practice of begging must be stopped permanently in our country. Some people say that this is not the first time we have done it, and that we will not succeed again. We will eradicate this phenomenon this time. All necessary measures are taken. We won&#8217;t stop this time<\/em> &#8220;The Secretary General of the Ministry in charge of National Solidarity and Human Rights, Felix Ngendabanyikwa, said.<\/p>\n\n\n\n<p>Government&#8217;s power grab to achieve the mission, civil society sees no hope. She believes that the operation will not last as long as in the past.<\/p>\n","protected":false},"excerpt":{"rendered":"<p>The operation to clean up the streets of Burundi of some of its occupants became effective this Friday 08 July 2022. In the capital Bujumbura, at least 300 people including 90 street children are arrested in police raids. This comes after the government&#8217;s ultimatum expired three days ago. Street children and beggars no longer have<\/p>\n","protected":false},"author":18,"featured_media":8830,"comment_status":"open","ping_status":"open","sticky":false,"template":"","format":"standard","meta":{"footnotes":""},"categories":[198],"tags":[],"class_list":{"0":"post-8866","1":"post","2":"type-post","3":"status-publish","4":"format-standard","5":"has-post-thumbnail","7":"category-society"},"yoast_head":"<!-- This site is optimized with the Yoast SEO Premium plugin v25.5 (Yoast SEO v25.5) - https:\/\/yoast.com\/wordpress\/plugins\/seo\/ -->\n<title>Burundi: Street children and beggars declared persona non grata. - Afro impact<\/title>\n<meta name=\"description\" content=\"The operation to clean up the streets of Burundi of some of its occupants became effective this Friday 08 July 2022. In the capital Bujumbura, at least 300 people including 90 street children are arrested in police raids. This comes after the government&#039;s ultimatum to this segment of the population expired three days ago.\" \/>\n<meta name=\"robots\" content=\"index, follow, max-snippet:-1, max-image-preview:large, max-video-preview:-1\" \/>\n<link rel=\"canonical\" href=\"https:\/\/www.afro-impact.com\/burundi-les-enfants-de-la-rue-et-les-mendiants-declares-persona-non-grata\/\" \/>\n<meta property=\"og:locale\" content=\"en_US\" \/>\n<meta property=\"og:type\" content=\"article\" \/>\n<meta property=\"og:title\" content=\"Burundi: Street children and beggars declared persona non grata. - Afro impact\" \/>\n<meta property=\"og:description\" content=\"The operation to clean up the streets of Burundi of some of its occupants became effective this Friday 08 July 2022. In the capital Bujumbura, at least 300 people including 90 street children are arrested in police raids. This comes after the government&#039;s ultimatum to this segment of the population expired three days ago.\" \/>\n<meta property=\"og:url\" content=\"https:\/\/www.afro-impact.com\/burundi-les-enfants-de-la-rue-et-les-mendiants-declares-persona-non-grata\/\" \/>\n<meta property=\"og:site_name\" content=\"Afro impact\" \/>\n<meta property=\"article:publisher\" content=\"https:\/\/www.facebook.com\/AfroimpactMag\" \/>\n<meta property=\"article:author\" content=\"https:\/\/facebook.com\/gerard.dawa.7\" \/>\n<meta property=\"article:published_time\" content=\"2022-07-08T15:12:31+00:00\" \/>\n<meta property=\"article:modified_time\" content=\"2022-07-09T10:16:46+00:00\" \/>\n<meta property=\"og:image\" content=\"https:\/\/www.afro-impact.com\/wp-content\/uploads\/2022\/07\/enfants-rue-Burundi-Bujumbura.jpg\" \/>\n\t<meta property=\"og:image:width\" content=\"1024\" \/>\n\t<meta property=\"og:image:height\" content=\"538\" \/>\n\t<meta property=\"og:image:type\" content=\"image\/jpeg\" \/>\n<meta name=\"author\" content=\"G\u00e9rard Dawa\" \/>\n<meta name=\"twitter:card\" content=\"summary_large_image\" \/>\n<meta name=\"twitter:creator\" content=\"@AfroimpactMag\" \/>\n<meta name=\"twitter:site\" content=\"@AfroimpactMag\" \/>\n<meta name=\"twitter:label1\" content=\"Written by\" \/>\n\t<meta name=\"twitter:data1\" content=\"G\u00e9rard Dawa\" \/>\n\t<meta name=\"twitter:label2\" content=\"Est. reading time\" \/>\n\t<meta name=\"twitter:data2\" content=\"2 minutes\" \/>\n<script type=\"application\/ld+json\" class=\"yoast-schema-graph\">{\"@context\":\"https:\/\/schema.org\",\"@graph\":[{\"@type\":\"NewsArticle\",\"@id\":\"https:\/\/www.afro-impact.com\/burundi-les-enfants-de-la-rue-et-les-mendiants-declares-persona-non-grata\/#article\",\"isPartOf\":{\"@id\":\"https:\/\/www.afro-impact.com\/burundi-les-enfants-de-la-rue-et-les-mendiants-declares-persona-non-grata\/\"},\"author\":{\"name\":\"G\u00e9rard Dawa\",\"@id\":\"https:\/\/www.afro-impact.com\/#\/schema\/person\/9e1a68f2554579c3a7a1e5f991745ab3\"},\"headline\":\"Burundi: Street children and beggars declared persona non grata.\",\"datePublished\":\"2022-07-08T15:12:31+00:00\",\"dateModified\":\"2022-07-09T10:16:46+00:00\",\"mainEntityOfPage\":{\"@id\":\"https:\/\/www.afro-impact.com\/burundi-les-enfants-de-la-rue-et-les-mendiants-declares-persona-non-grata\/\"},\"wordCount\":352,\"commentCount\":0,\"publisher\":{\"@id\":\"https:\/\/www.afro-impact.com\/#organization\"},\"image\":{\"@id\":\"https:\/\/www.afro-impact.com\/burundi-les-enfants-de-la-rue-et-les-mendiants-declares-persona-non-grata\/#primaryimage\"},\"thumbnailUrl\":\"https:\/\/www.afro-impact.com\/wp-content\/uploads\/2022\/07\/enfants-rue-Burundi-Bujumbura.jpg\",\"articleSection\":[\"Society\"],\"inLanguage\":\"en-US\",\"potentialAction\":[{\"@type\":\"CommentAction\",\"name\":\"Comment\",\"target\":[\"https:\/\/www.afro-impact.com\/burundi-les-enfants-de-la-rue-et-les-mendiants-declares-persona-non-grata\/#respond\"]}],\"copyrightYear\":\"2022\",\"copyrightHolder\":{\"@id\":\"https:\/\/www.afro-impact.com\/#organization\"}},{\"@type\":\"WebPage\",\"@id\":\"https:\/\/www.afro-impact.com\/burundi-les-enfants-de-la-rue-et-les-mendiants-declares-persona-non-grata\/\",\"url\":\"https:\/\/www.afro-impact.com\/burundi-les-enfants-de-la-rue-et-les-mendiants-declares-persona-non-grata\/\",\"name\":\"Burundi: Street children and beggars declared persona non grata. - Afro impact\",\"isPartOf\":{\"@id\":\"https:\/\/www.afro-impact.com\/#website\"},\"primaryImageOfPage\":{\"@id\":\"https:\/\/www.afro-impact.com\/burundi-les-enfants-de-la-rue-et-les-mendiants-declares-persona-non-grata\/#primaryimage\"},\"image\":{\"@id\":\"https:\/\/www.afro-impact.com\/burundi-les-enfants-de-la-rue-et-les-mendiants-declares-persona-non-grata\/#primaryimage\"},\"thumbnailUrl\":\"https:\/\/www.afro-impact.com\/wp-content\/uploads\/2022\/07\/enfants-rue-Burundi-Bujumbura.jpg\",\"datePublished\":\"2022-07-08T15:12:31+00:00\",\"dateModified\":\"2022-07-09T10:16:46+00:00\",\"description\":\"The operation to clean up the streets of Burundi of some of its occupants became effective this Friday 08 July 2022. In the capital Bujumbura, at least 300 people including 90 street children are arrested in police raids. This comes after the government's ultimatum to this segment of the population expired three days ago.\",\"breadcrumb\":{\"@id\":\"https:\/\/www.afro-impact.com\/burundi-les-enfants-de-la-rue-et-les-mendiants-declares-persona-non-grata\/#breadcrumb\"},\"inLanguage\":\"en-US\",\"potentialAction\":[{\"@type\":\"ReadAction\",\"target\":[\"https:\/\/www.afro-impact.com\/burundi-les-enfants-de-la-rue-et-les-mendiants-declares-persona-non-grata\/\"]}]},{\"@type\":\"ImageObject\",\"inLanguage\":\"en-US\",\"@id\":\"https:\/\/www.afro-impact.com\/burundi-les-enfants-de-la-rue-et-les-mendiants-declares-persona-non-grata\/#primaryimage\",\"url\":\"https:\/\/www.afro-impact.com\/wp-content\/uploads\/2022\/07\/enfants-rue-Burundi-Bujumbura.jpg\",\"contentUrl\":\"https:\/\/www.afro-impact.com\/wp-content\/uploads\/2022\/07\/enfants-rue-Burundi-Bujumbura.jpg\",\"width\":1024,\"height\":538,\"caption\":\"\u00a9Africanews\"},{\"@type\":\"BreadcrumbList\",\"@id\":\"https:\/\/www.afro-impact.com\/burundi-les-enfants-de-la-rue-et-les-mendiants-declares-persona-non-grata\/#breadcrumb\",\"itemListElement\":[{\"@type\":\"ListItem\",\"position\":1,\"name\":\"News\",\"item\":\"https:\/\/www.afro-impact.com\/\"},{\"@type\":\"ListItem\",\"position\":2,\"name\":\"Soci\u00e9t\u00e9\",\"item\":\"https:\/\/www.afro-impact.com\/societe\/\"},{\"@type\":\"ListItem\",\"position\":3,\"name\":\"Burundi: Street children and beggars declared persona non grata.\"}]},{\"@type\":\"WebSite\",\"@id\":\"https:\/\/www.afro-impact.com\/#website\",\"url\":\"https:\/\/www.afro-impact.com\/\",\"name\":\"Afro impact\",\"description\":\"L&#039;Afrique vu autrement\",\"publisher\":{\"@id\":\"https:\/\/www.afro-impact.com\/#organization\"},\"potentialAction\":[{\"@type\":\"SearchAction\",\"target\":{\"@type\":\"EntryPoint\",\"urlTemplate\":\"https:\/\/www.afro-impact.com\/?s={search_term_string}\"},\"query-input\":{\"@type\":\"PropertyValueSpecification\",\"valueRequired\":true,\"valueName\":\"search_term_string\"}}],\"inLanguage\":\"en-US\"},{\"@type\":[\"Organization\",\"Place\"],\"@id\":\"https:\/\/www.afro-impact.com\/#organization\",\"name\":\"Afro impact\",\"alternateName\":\"carrecube\",\"url\":\"https:\/\/www.afro-impact.com\/\",\"logo\":{\"@id\":\"https:\/\/www.afro-impact.com\/burundi-les-enfants-de-la-rue-et-les-mendiants-declares-persona-non-grata\/#local-main-organization-logo\"},\"image\":{\"@id\":\"https:\/\/www.afro-impact.com\/burundi-les-enfants-de-la-rue-et-les-mendiants-declares-persona-non-grata\/#local-main-organization-logo\"},\"sameAs\":[\"https:\/\/www.facebook.com\/AfroimpactMag\",\"https:\/\/x.com\/AfroimpactMag\",\"https:\/\/www.youtube.com\/channel\/UCJNIRcX4sVo487fhv0p5KDw\"],\"publishingPrinciples\":\"https:\/\/www.afro-impact.com\/a-propos-magazine-afro-impact\/\",\"ownershipFundingInfo\":\"https:\/\/www.afro-impact.com\/mentions-legales\/\",\"actionableFeedbackPolicy\":\"https:\/\/www.afro-impact.com\/conditions-generales\/\",\"correctionsPolicy\":\"https:\/\/www.afro-impact.com\/dmca-retrait\/\",\"address\":{\"@id\":\"https:\/\/www.afro-impact.com\/burundi-les-enfants-de-la-rue-et-les-mendiants-declares-persona-non-grata\/#local-main-place-address\"},\"geo\":{\"@type\":\"GeoCoordinates\",\"latitude\":\"6.389282121878214\",\"longitude\":\"2.3602318590634495\"},\"telephone\":[\"+229 54900806\"],\"openingHoursSpecification\":[{\"@type\":\"OpeningHoursSpecification\",\"dayOfWeek\":[\"Monday\",\"Tuesday\",\"Wednesday\",\"Thursday\",\"Friday\",\"Saturday\",\"Sunday\"],\"opens\":\"00:00\",\"closes\":\"23:59\"}],\"email\":\"redaction@afro-impact.com\",\"vatID\":\"0 2022 1395 5557\"},{\"@type\":\"Person\",\"@id\":\"https:\/\/www.afro-impact.com\/#\/schema\/person\/9e1a68f2554579c3a7a1e5f991745ab3\",\"name\":\"G\u00e9rard Dawa\",\"image\":{\"@type\":\"ImageObject\",\"inLanguage\":\"en-US\",\"@id\":\"https:\/\/www.afro-impact.com\/#\/schema\/person\/image\/\",\"url\":\"https:\/\/www.afro-impact.com\/wp-content\/litespeed\/avatar\/583d018ae6f04b98bfc8484594fa52eb.jpg?ver=1777628393\",\"contentUrl\":\"https:\/\/www.afro-impact.com\/wp-content\/litespeed\/avatar\/583d018ae6f04b98bfc8484594fa52eb.jpg?ver=1777628393\",\"caption\":\"G\u00e9rard Dawa\"},\"description\":\"G\u00e9rard Dawa, journaliste reporter \u00e0 Afro impact. Titulaire d\u2019une Licence en journalisme obtenue \u00e0 l\u2019ENSTIC au B\u00e9nin, je suis passionn\u00e9 des questions de sant\u00e9, culture et sport. J\u2019ai fait \u00e9galement mes armes \u00e0 la radio et je suis membre actif de la PMS \\\"Plateforme M\u00e9dias et Sant\u00e9\\\" du B\u00e9nin. Je cumule \u00e0 ce jour 8 ans d\u2019exp\u00e9rience en journalisme.\",\"sameAs\":[\"https:\/\/facebook.com\/gerard.dawa.7\"],\"url\":\"https:\/\/www.afro-impact.com\/en\/author\/olaotan\/\"},{\"@type\":\"PostalAddress\",\"@id\":\"https:\/\/www.afro-impact.com\/burundi-les-enfants-de-la-rue-et-les-mendiants-declares-persona-non-grata\/#local-main-place-address\",\"streetAddress\":\"Carr\u00e9 2167 Kindonou, Cotonou, BENIN, 07 BP 1128 Cotonou, BENIN\",\"addressLocality\":\"Cotonou\",\"postalCode\":\"+229\",\"addressRegion\":\"Littoral\",\"addressCountry\":\"BJ\"},{\"@type\":\"ImageObject\",\"inLanguage\":\"en-US\",\"@id\":\"https:\/\/www.afro-impact.com\/burundi-les-enfants-de-la-rue-et-les-mendiants-declares-persona-non-grata\/#local-main-organization-logo\",\"url\":\"https:\/\/www.afro-impact.com\/wp-content\/uploads\/2022\/01\/logo-afro-impact-share-social.png\",\"contentUrl\":\"https:\/\/www.afro-impact.com\/wp-content\/uploads\/2022\/01\/logo-afro-impact-share-social.png\",\"width\":300,\"height\":300,\"caption\":\"Afro impact\"}]}<\/script>\n<meta name=\"geo.placename\" content=\"Cotonou\" \/>\n<meta name=\"geo.position\" content=\"6.389282121878214;2.3602318590634495\" \/>\n<meta name=\"geo.region\" content=\"Benin\" \/>\n<!-- \/ Yoast SEO Premium plugin. -->","yoast_head_json":{"title":"Burundi: Street children and beggars declared persona non grata. - Afro impact","description":"The operation to clean up the streets of Burundi of some of its occupants became effective this Friday 08 July 2022. In the capital Bujumbura, at least 300 people including 90 street children are arrested in police raids. This comes after the government's ultimatum to this segment of the population expired three days ago.","robots":{"index":"index","follow":"follow","max-snippet":"max-snippet:-1","max-image-preview":"max-image-preview:large","max-video-preview":"max-video-preview:-1"},"canonical":"https:\/\/www.afro-impact.com\/burundi-les-enfants-de-la-rue-et-les-mendiants-declares-persona-non-grata\/","og_locale":"en_US","og_type":"article","og_title":"Burundi: Street children and beggars declared persona non grata. - Afro impact","og_description":"The operation to clean up the streets of Burundi of some of its occupants became effective this Friday 08 July 2022. In the capital Bujumbura, at least 300 people including 90 street children are arrested in police raids. This comes after the government's ultimatum to this segment of the population expired three days ago.","og_url":"https:\/\/www.afro-impact.com\/burundi-les-enfants-de-la-rue-et-les-mendiants-declares-persona-non-grata\/","og_site_name":"Afro impact","article_publisher":"https:\/\/www.facebook.com\/AfroimpactMag","article_author":"https:\/\/facebook.com\/gerard.dawa.7","article_published_time":"2022-07-08T15:12:31+00:00","article_modified_time":"2022-07-09T10:16:46+00:00","og_image":[{"width":1024,"height":538,"url":"https:\/\/www.afro-impact.com\/wp-content\/uploads\/2022\/07\/enfants-rue-Burundi-Bujumbura.jpg","type":"image\/jpeg"}],"author":"G\u00e9rard Dawa","twitter_card":"summary_large_image","twitter_creator":"@AfroimpactMag","twitter_site":"@AfroimpactMag","twitter_misc":{"Written by":"G\u00e9rard Dawa","Est. reading time":"2 minutes"},"schema":{"@context":"https:\/\/schema.org","@graph":[{"@type":"NewsArticle","@id":"https:\/\/www.afro-impact.com\/burundi-les-enfants-de-la-rue-et-les-mendiants-declares-persona-non-grata\/#article","isPartOf":{"@id":"https:\/\/www.afro-impact.com\/burundi-les-enfants-de-la-rue-et-les-mendiants-declares-persona-non-grata\/"},"author":{"name":"G\u00e9rard Dawa","@id":"https:\/\/www.afro-impact.com\/#\/schema\/person\/9e1a68f2554579c3a7a1e5f991745ab3"},"headline":"Burundi: Street children and beggars declared persona non grata.","datePublished":"2022-07-08T15:12:31+00:00","dateModified":"2022-07-09T10:16:46+00:00","mainEntityOfPage":{"@id":"https:\/\/www.afro-impact.com\/burundi-les-enfants-de-la-rue-et-les-mendiants-declares-persona-non-grata\/"},"wordCount":352,"commentCount":0,"publisher":{"@id":"https:\/\/www.afro-impact.com\/#organization"},"image":{"@id":"https:\/\/www.afro-impact.com\/burundi-les-enfants-de-la-rue-et-les-mendiants-declares-persona-non-grata\/#primaryimage"},"thumbnailUrl":"https:\/\/www.afro-impact.com\/wp-content\/uploads\/2022\/07\/enfants-rue-Burundi-Bujumbura.jpg","articleSection":["Society"],"inLanguage":"en-US","potentialAction":[{"@type":"CommentAction","name":"Comment","target":["https:\/\/www.afro-impact.com\/burundi-les-enfants-de-la-rue-et-les-mendiants-declares-persona-non-grata\/#respond"]}],"copyrightYear":"2022","copyrightHolder":{"@id":"https:\/\/www.afro-impact.com\/#organization"}},{"@type":"WebPage","@id":"https:\/\/www.afro-impact.com\/burundi-les-enfants-de-la-rue-et-les-mendiants-declares-persona-non-grata\/","url":"https:\/\/www.afro-impact.com\/burundi-les-enfants-de-la-rue-et-les-mendiants-declares-persona-non-grata\/","name":"Burundi: Street children and beggars declared persona non grata. - Afro impact","isPartOf":{"@id":"https:\/\/www.afro-impact.com\/#website"},"primaryImageOfPage":{"@id":"https:\/\/www.afro-impact.com\/burundi-les-enfants-de-la-rue-et-les-mendiants-declares-persona-non-grata\/#primaryimage"},"image":{"@id":"https:\/\/www.afro-impact.com\/burundi-les-enfants-de-la-rue-et-les-mendiants-declares-persona-non-grata\/#primaryimage"},"thumbnailUrl":"https:\/\/www.afro-impact.com\/wp-content\/uploads\/2022\/07\/enfants-rue-Burundi-Bujumbura.jpg","datePublished":"2022-07-08T15:12:31+00:00","dateModified":"2022-07-09T10:16:46+00:00","description":"The operation to clean up the streets of Burundi of some of its occupants became effective this Friday 08 July 2022. In the capital Bujumbura, at least 300 people including 90 street children are arrested in police raids. This comes after the government's ultimatum to this segment of the population expired three days ago.","breadcrumb":{"@id":"https:\/\/www.afro-impact.com\/burundi-les-enfants-de-la-rue-et-les-mendiants-declares-persona-non-grata\/#breadcrumb"},"inLanguage":"en-US","potentialAction":[{"@type":"ReadAction","target":["https:\/\/www.afro-impact.com\/burundi-les-enfants-de-la-rue-et-les-mendiants-declares-persona-non-grata\/"]}]},{"@type":"ImageObject","inLanguage":"en-US","@id":"https:\/\/www.afro-impact.com\/burundi-les-enfants-de-la-rue-et-les-mendiants-declares-persona-non-grata\/#primaryimage","url":"https:\/\/www.afro-impact.com\/wp-content\/uploads\/2022\/07\/enfants-rue-Burundi-Bujumbura.jpg","contentUrl":"https:\/\/www.afro-impact.com\/wp-content\/uploads\/2022\/07\/enfants-rue-Burundi-Bujumbura.jpg","width":1024,"height":538,"caption":"\u00a9Africanews"},{"@type":"BreadcrumbList","@id":"https:\/\/www.afro-impact.com\/burundi-les-enfants-de-la-rue-et-les-mendiants-declares-persona-non-grata\/#breadcrumb","itemListElement":[{"@type":"ListItem","position":1,"name":"News","item":"https:\/\/www.afro-impact.com\/"},{"@type":"ListItem","position":2,"name":"Soci\u00e9t\u00e9","item":"https:\/\/www.afro-impact.com\/societe\/"},{"@type":"ListItem","position":3,"name":"Burundi: Street children and beggars declared persona non grata."}]},{"@type":"WebSite","@id":"https:\/\/www.afro-impact.com\/#website","url":"https:\/\/www.afro-impact.com\/","name":"Afro impact","description":"L&#039;Afrique vu autrement","publisher":{"@id":"https:\/\/www.afro-impact.com\/#organization"},"potentialAction":[{"@type":"SearchAction","target":{"@type":"EntryPoint","urlTemplate":"https:\/\/www.afro-impact.com\/?s={search_term_string}"},"query-input":{"@type":"PropertyValueSpecification","valueRequired":true,"valueName":"search_term_string"}}],"inLanguage":"en-US"},{"@type":["Organization","Place"],"@id":"https:\/\/www.afro-impact.com\/#organization","name":"Afro impact","alternateName":"carrecube","url":"https:\/\/www.afro-impact.com\/","logo":{"@id":"https:\/\/www.afro-impact.com\/burundi-les-enfants-de-la-rue-et-les-mendiants-declares-persona-non-grata\/#local-main-organization-logo"},"image":{"@id":"https:\/\/www.afro-impact.com\/burundi-les-enfants-de-la-rue-et-les-mendiants-declares-persona-non-grata\/#local-main-organization-logo"},"sameAs":["https:\/\/www.facebook.com\/AfroimpactMag","https:\/\/x.com\/AfroimpactMag","https:\/\/www.youtube.com\/channel\/UCJNIRcX4sVo487fhv0p5KDw"],"publishingPrinciples":"https:\/\/www.afro-impact.com\/a-propos-magazine-afro-impact\/","ownershipFundingInfo":"https:\/\/www.afro-impact.com\/mentions-legales\/","actionableFeedbackPolicy":"https:\/\/www.afro-impact.com\/conditions-generales\/","correctionsPolicy":"https:\/\/www.afro-impact.com\/dmca-retrait\/","address":{"@id":"https:\/\/www.afro-impact.com\/burundi-les-enfants-de-la-rue-et-les-mendiants-declares-persona-non-grata\/#local-main-place-address"},"geo":{"@type":"GeoCoordinates","latitude":"6.389282121878214","longitude":"2.3602318590634495"},"telephone":["+229 54900806"],"openingHoursSpecification":[{"@type":"OpeningHoursSpecification","dayOfWeek":["Monday","Tuesday","Wednesday","Thursday","Friday","Saturday","Sunday"],"opens":"00:00","closes":"23:59"}],"email":"redaction@afro-impact.com","vatID":"0 2022 1395 5557"},{"@type":"Person","@id":"https:\/\/www.afro-impact.com\/#\/schema\/person\/9e1a68f2554579c3a7a1e5f991745ab3","name":"G\u00e9rard Dawa","image":{"@type":"ImageObject","inLanguage":"en-US","@id":"https:\/\/www.afro-impact.com\/#\/schema\/person\/image\/","url":"https:\/\/www.afro-impact.com\/wp-content\/litespeed\/avatar\/583d018ae6f04b98bfc8484594fa52eb.jpg?ver=1777628393","contentUrl":"https:\/\/www.afro-impact.com\/wp-content\/litespeed\/avatar\/583d018ae6f04b98bfc8484594fa52eb.jpg?ver=1777628393","caption":"G\u00e9rard Dawa"},"description":"G\u00e9rard Dawa, journaliste reporter \u00e0 Afro impact. Titulaire d\u2019une Licence en journalisme obtenue \u00e0 l\u2019ENSTIC au B\u00e9nin, je suis passionn\u00e9 des questions de sant\u00e9, culture et sport. J\u2019ai fait \u00e9galement mes armes \u00e0 la radio et je suis membre actif de la PMS \"Plateforme M\u00e9dias et Sant\u00e9\" du B\u00e9nin. Je cumule \u00e0 ce jour 8 ans d\u2019exp\u00e9rience en journalisme.","sameAs":["https:\/\/facebook.com\/gerard.dawa.7"],"url":"https:\/\/www.afro-impact.com\/en\/author\/olaotan\/"},{"@type":"PostalAddress","@id":"https:\/\/www.afro-impact.com\/burundi-les-enfants-de-la-rue-et-les-mendiants-declares-persona-non-grata\/#local-main-place-address","streetAddress":"Carr\u00e9 2167 Kindonou, Cotonou, BENIN, 07 BP 1128 Cotonou, BENIN","addressLocality":"Cotonou","postalCode":"+229","addressRegion":"Littoral","addressCountry":"BJ"},{"@type":"ImageObject","inLanguage":"en-US","@id":"https:\/\/www.afro-impact.com\/burundi-les-enfants-de-la-rue-et-les-mendiants-declares-persona-non-grata\/#local-main-organization-logo","url":"https:\/\/www.afro-impact.com\/wp-content\/uploads\/2022\/01\/logo-afro-impact-share-social.png","contentUrl":"https:\/\/www.afro-impact.com\/wp-content\/uploads\/2022\/01\/logo-afro-impact-share-social.png","width":300,"height":300,"caption":"Afro impact"}]},"geo.placename":"Cotonou","geo.position":{"lat":"6.389282121878214","long":"2.3602318590634495"},"geo.region":"Benin"},"_links":{"self":[{"href":"https:\/\/www.afro-impact.com\/en\/wp-json\/wp\/v2\/posts\/8866","targetHints":{"allow":["GET"]}}],"collection":[{"href":"https:\/\/www.afro-impact.com\/en\/wp-json\/wp\/v2\/posts"}],"about":[{"href":"https:\/\/www.afro-impact.com\/en\/wp-json\/wp\/v2\/types\/post"}],"author":[{"embeddable":true,"href":"https:\/\/www.afro-impact.com\/en\/wp-json\/wp\/v2\/users\/18"}],"replies":[{"embeddable":true,"href":"https:\/\/www.afro-impact.com\/en\/wp-json\/wp\/v2\/comments?post=8866"}],"version-history":[{"count":0,"href":"https:\/\/www.afro-impact.com\/en\/wp-json\/wp\/v2\/posts\/8866\/revisions"}],"wp:featuredmedia":[{"embeddable":true,"href":"https:\/\/www.afro-impact.com\/en\/wp-json\/wp\/v2\/media\/8830"}],"wp:attachment":[{"href":"https:\/\/www.afro-impact.com\/en\/wp-json\/wp\/v2\/media?parent=8866"}],"wp:term":[{"taxonomy":"category","embeddable":true,"href":"https:\/\/www.afro-impact.com\/en\/wp-json\/wp\/v2\/categories?post=8866"},{"taxonomy":"post_tag","embeddable":true,"href":"https:\/\/www.afro-impact.com\/en\/wp-json\/wp\/v2\/tags?post=8866"}],"curies":[{"name":"wp","href":"https:\/\/api.w.org\/{rel}","templated":true}]}}