{"id":9145,"date":"2022-07-14T08:06:02","date_gmt":"2022-07-14T07:06:02","guid":{"rendered":"https:\/\/www.afro-impact.com\/benin-politics-the-choice-of-me-djogbenou-after-his-resignation\/"},"modified":"2022-07-17T17:13:09","modified_gmt":"2022-07-17T16:13:09","slug":"benin-politics-the-choice-of-me-djogbenou-after-his-resignation","status":"publish","type":"post","link":"https:\/\/www.afro-impact.com\/en\/benin-politics-the-choice-of-me-djogbenou-after-his-resignation\/","title":{"rendered":"Benin: Politics, the choice of Me Djogb\u00e9nou after his resignation"},"content":{"rendered":"\n<p><strong>Resigned from his post as president of the Constitutional Court of Benin on Tuesday, Joseph Djogb\u00e9nou did not use the spoon to announce his return to politics. The now former president of the Constitutional Court made this known during a press conference held on Wednesday in Cotonou. <\/strong><\/p>\n\n<p>Things went more quickly than expected. On Wednesday 13 July 2022, precisely the day after his resignation, Me Joseph Djogb\u00e9nou, President of the Constitutional Court passed the baton to Vice-President Razaki Amadou who is now acting as interim President. &#8220;This decision is necessitated by the appeal both of my conscience, but also of what results from the analysis of the political situation that I personally have been able to make, and to consider that I wished to take up political commitment where I had left it,&#8221; he said to justify his departure.<\/p>\n\n<p>At the end of the handover ceremony, Joseph Djogb\u00e9nou held a press conference to give details of his resignation. In front of the media, he confirmed his commitment to his political family, the Progressive Union. &#8220;It is necessary to find one&#8217;s political family and mine is the Progressive Union. Wishing that his return would be accepted by his political family, Joseph Djogb\u00e9nou said he would be a candidate for whatever his party, the Progressive Union, would entrust to him.<\/p>\n\n<h2 class=\"wp-block-heading\" id=\"h-ce-qu-ambitionne-me-djogbenou\"><strong>What Me Djogb\u00e9nou aims to achieve<\/strong><\/h2>\n\n<p>The resignation of Joseph Djogb\u00e9nou from the Constitutional Court comes a few months before the 2023 legislative elections. According to some indiscretions, it is very likely that he would have his eyes riveted on the hemicycle. Others even have a premonition that he will be the man in the chair in 2023. Me Joseph Djogb\u00e9nou likely to be Patrice Talon&#8217;s successor? This should not be surprising. A lawyer and professor of private law at the University of Abomey-Calavi, the resigning president is very loyal to President Patrice Talon. He was his personal lawyer before the election of the latter to the head of the country in 2016, then his Minister of Justice before becoming head of the Constitutional Court of Benin.<\/p>\n\n<p> His decisions as president of the constitutional court have always been criticised by the opposition as he has been called a &#8220;partisan president&#8221; of the Talon government. <\/p>\n","protected":false},"excerpt":{"rendered":"<p>Resigned from his post as president of the Constitutional Court of Benin on Tuesday, Joseph Djogb\u00e9nou did not use the spoon to announce his return to politics. The now former president of the Constitutional Court made this known during a press conference held on Wednesday in Cotonou. Things went more quickly than expected. On Wednesday<\/p>\n","protected":false},"author":18,"featured_media":9098,"comment_status":"open","ping_status":"open","sticky":false,"template":"","format":"standard","meta":{"footnotes":""},"categories":[1476],"tags":[],"class_list":{"0":"post-9145","1":"post","2":"type-post","3":"status-publish","4":"format-standard","5":"has-post-thumbnail","7":"category-politics"},"yoast_head":"<!-- This site is optimized with the Yoast SEO Premium plugin v25.5 (Yoast SEO v25.5) - https:\/\/yoast.com\/wordpress\/plugins\/seo\/ -->\n<title>Benin: Politics, the choice of Me Djogb\u00e9nou after his resignation - Afro impact<\/title>\n<meta name=\"description\" content=\"&quot;This decision is necessitated by the appeal both of my conscience, but also of what results from the analysis of the political situation that I personally have been able to make, and to consider that I wished to take up political commitment where I had left it,&quot; he said to justify his departure.\" \/>\n<meta name=\"robots\" content=\"index, follow, max-snippet:-1, max-image-preview:large, max-video-preview:-1\" \/>\n<link rel=\"canonical\" href=\"https:\/\/www.afro-impact.com\/en\/benin-politics-the-choice-of-me-djogbenou-after-his-resignation\/\" \/>\n<meta property=\"og:locale\" content=\"en_US\" \/>\n<meta property=\"og:type\" content=\"article\" \/>\n<meta property=\"og:title\" content=\"Benin: Politics, the choice of Me Djogb\u00e9nou after his resignation - Afro impact\" \/>\n<meta property=\"og:description\" content=\"&quot;This decision is necessitated by the appeal both of my conscience, but also of what results from the analysis of the political situation that I personally have been able to make, and to consider that I wished to take up political commitment where I had left it,&quot; he said to justify his departure.\" \/>\n<meta property=\"og:url\" content=\"https:\/\/www.afro-impact.com\/en\/benin-politics-the-choice-of-me-djogbenou-after-his-resignation\/\" \/>\n<meta property=\"og:site_name\" content=\"Afro impact\" \/>\n<meta property=\"article:publisher\" content=\"https:\/\/www.facebook.com\/AfroimpactMag\" \/>\n<meta property=\"article:author\" content=\"https:\/\/facebook.com\/gerard.dawa.7\" \/>\n<meta property=\"article:published_time\" content=\"2022-07-14T07:06:02+00:00\" \/>\n<meta property=\"article:modified_time\" content=\"2022-07-17T16:13:09+00:00\" \/>\n<meta property=\"og:image\" content=\"https:\/\/www.afro-impact.com\/wp-content\/uploads\/2022\/07\/joseph-djogbenou-president-demissionnaire-cour-constitutionnelle-benin.webp\" \/>\n\t<meta property=\"og:image:width\" content=\"696\" \/>\n\t<meta property=\"og:image:height\" content=\"464\" \/>\n\t<meta property=\"og:image:type\" content=\"image\/webp\" \/>\n<meta name=\"author\" content=\"G\u00e9rard Dawa\" \/>\n<meta name=\"twitter:card\" content=\"summary_large_image\" \/>\n<meta name=\"twitter:creator\" content=\"@AfroimpactMag\" \/>\n<meta name=\"twitter:site\" content=\"@AfroimpactMag\" \/>\n<meta name=\"twitter:label1\" content=\"Written by\" \/>\n\t<meta name=\"twitter:data1\" content=\"G\u00e9rard Dawa\" \/>\n\t<meta name=\"twitter:label2\" content=\"Est. reading time\" \/>\n\t<meta name=\"twitter:data2\" content=\"2 minutes\" \/>\n<script type=\"application\/ld+json\" class=\"yoast-schema-graph\">{\"@context\":\"https:\/\/schema.org\",\"@graph\":[{\"@type\":\"NewsArticle\",\"@id\":\"https:\/\/www.afro-impact.com\/en\/benin-politics-the-choice-of-me-djogbenou-after-his-resignation\/#article\",\"isPartOf\":{\"@id\":\"https:\/\/www.afro-impact.com\/en\/benin-politics-the-choice-of-me-djogbenou-after-his-resignation\/\"},\"author\":{\"name\":\"G\u00e9rard Dawa\",\"@id\":\"https:\/\/www.afro-impact.com\/#\/schema\/person\/9e1a68f2554579c3a7a1e5f991745ab3\"},\"headline\":\"Benin: Politics, the choice of Me Djogb\u00e9nou after his resignation\",\"datePublished\":\"2022-07-14T07:06:02+00:00\",\"dateModified\":\"2022-07-17T16:13:09+00:00\",\"mainEntityOfPage\":{\"@id\":\"https:\/\/www.afro-impact.com\/en\/benin-politics-the-choice-of-me-djogbenou-after-his-resignation\/\"},\"wordCount\":387,\"commentCount\":0,\"publisher\":{\"@id\":\"https:\/\/www.afro-impact.com\/#organization\"},\"image\":{\"@id\":\"https:\/\/www.afro-impact.com\/en\/benin-politics-the-choice-of-me-djogbenou-after-his-resignation\/#primaryimage\"},\"thumbnailUrl\":\"https:\/\/www.afro-impact.com\/wp-content\/uploads\/2022\/07\/joseph-djogbenou-president-demissionnaire-cour-constitutionnelle-benin.webp\",\"articleSection\":[\"Politics\"],\"inLanguage\":\"en-US\",\"potentialAction\":[{\"@type\":\"CommentAction\",\"name\":\"Comment\",\"target\":[\"https:\/\/www.afro-impact.com\/en\/benin-politics-the-choice-of-me-djogbenou-after-his-resignation\/#respond\"]}],\"copyrightYear\":\"2022\",\"copyrightHolder\":{\"@id\":\"https:\/\/www.afro-impact.com\/#organization\"}},{\"@type\":\"WebPage\",\"@id\":\"https:\/\/www.afro-impact.com\/en\/benin-politics-the-choice-of-me-djogbenou-after-his-resignation\/\",\"url\":\"https:\/\/www.afro-impact.com\/en\/benin-politics-the-choice-of-me-djogbenou-after-his-resignation\/\",\"name\":\"Benin: Politics, the choice of Me Djogb\u00e9nou after his resignation - Afro impact\",\"isPartOf\":{\"@id\":\"https:\/\/www.afro-impact.com\/#website\"},\"primaryImageOfPage\":{\"@id\":\"https:\/\/www.afro-impact.com\/en\/benin-politics-the-choice-of-me-djogbenou-after-his-resignation\/#primaryimage\"},\"image\":{\"@id\":\"https:\/\/www.afro-impact.com\/en\/benin-politics-the-choice-of-me-djogbenou-after-his-resignation\/#primaryimage\"},\"thumbnailUrl\":\"https:\/\/www.afro-impact.com\/wp-content\/uploads\/2022\/07\/joseph-djogbenou-president-demissionnaire-cour-constitutionnelle-benin.webp\",\"datePublished\":\"2022-07-14T07:06:02+00:00\",\"dateModified\":\"2022-07-17T16:13:09+00:00\",\"description\":\"\\\"This decision is necessitated by the appeal both of my conscience, but also of what results from the analysis of the political situation that I personally have been able to make, and to consider that I wished to take up political commitment where I had left it,\\\" he said to justify his departure.\",\"breadcrumb\":{\"@id\":\"https:\/\/www.afro-impact.com\/en\/benin-politics-the-choice-of-me-djogbenou-after-his-resignation\/#breadcrumb\"},\"inLanguage\":\"en-US\",\"potentialAction\":[{\"@type\":\"ReadAction\",\"target\":[\"https:\/\/www.afro-impact.com\/en\/benin-politics-the-choice-of-me-djogbenou-after-his-resignation\/\"]}]},{\"@type\":\"ImageObject\",\"inLanguage\":\"en-US\",\"@id\":\"https:\/\/www.afro-impact.com\/en\/benin-politics-the-choice-of-me-djogbenou-after-his-resignation\/#primaryimage\",\"url\":\"https:\/\/www.afro-impact.com\/wp-content\/uploads\/2022\/07\/joseph-djogbenou-president-demissionnaire-cour-constitutionnelle-benin.webp\",\"contentUrl\":\"https:\/\/www.afro-impact.com\/wp-content\/uploads\/2022\/07\/joseph-djogbenou-president-demissionnaire-cour-constitutionnelle-benin.webp\",\"width\":696,\"height\":464,\"caption\":\"Joseph Djogb\u00e9nou, resigning president of the Constitutional Court of Benin, is now engaged in the political process\"},{\"@type\":\"BreadcrumbList\",\"@id\":\"https:\/\/www.afro-impact.com\/en\/benin-politics-the-choice-of-me-djogbenou-after-his-resignation\/#breadcrumb\",\"itemListElement\":[{\"@type\":\"ListItem\",\"position\":1,\"name\":\"News\",\"item\":\"https:\/\/www.afro-impact.com\/\"},{\"@type\":\"ListItem\",\"position\":2,\"name\":\"Politique\",\"item\":\"https:\/\/www.afro-impact.com\/politique\/\"},{\"@type\":\"ListItem\",\"position\":3,\"name\":\"Benin: Politics, the choice of Me Djogb\u00e9nou after his resignation\"}]},{\"@type\":\"WebSite\",\"@id\":\"https:\/\/www.afro-impact.com\/#website\",\"url\":\"https:\/\/www.afro-impact.com\/\",\"name\":\"Afro impact\",\"description\":\"L&#039;Afrique vu autrement\",\"publisher\":{\"@id\":\"https:\/\/www.afro-impact.com\/#organization\"},\"potentialAction\":[{\"@type\":\"SearchAction\",\"target\":{\"@type\":\"EntryPoint\",\"urlTemplate\":\"https:\/\/www.afro-impact.com\/?s={search_term_string}\"},\"query-input\":{\"@type\":\"PropertyValueSpecification\",\"valueRequired\":true,\"valueName\":\"search_term_string\"}}],\"inLanguage\":\"en-US\"},{\"@type\":[\"Organization\",\"Place\"],\"@id\":\"https:\/\/www.afro-impact.com\/#organization\",\"name\":\"Afro impact\",\"alternateName\":\"carrecube\",\"url\":\"https:\/\/www.afro-impact.com\/\",\"logo\":{\"@id\":\"https:\/\/www.afro-impact.com\/en\/benin-politics-the-choice-of-me-djogbenou-after-his-resignation\/#local-main-organization-logo\"},\"image\":{\"@id\":\"https:\/\/www.afro-impact.com\/en\/benin-politics-the-choice-of-me-djogbenou-after-his-resignation\/#local-main-organization-logo\"},\"sameAs\":[\"https:\/\/www.facebook.com\/AfroimpactMag\",\"https:\/\/x.com\/AfroimpactMag\",\"https:\/\/www.youtube.com\/channel\/UCJNIRcX4sVo487fhv0p5KDw\"],\"publishingPrinciples\":\"https:\/\/www.afro-impact.com\/a-propos-magazine-afro-impact\/\",\"ownershipFundingInfo\":\"https:\/\/www.afro-impact.com\/mentions-legales\/\",\"actionableFeedbackPolicy\":\"https:\/\/www.afro-impact.com\/conditions-generales\/\",\"correctionsPolicy\":\"https:\/\/www.afro-impact.com\/dmca-retrait\/\",\"address\":{\"@id\":\"https:\/\/www.afro-impact.com\/en\/benin-politics-the-choice-of-me-djogbenou-after-his-resignation\/#local-main-place-address\"},\"geo\":{\"@type\":\"GeoCoordinates\",\"latitude\":\"6.389282121878214\",\"longitude\":\"2.3602318590634495\"},\"telephone\":[\"+229 54900806\"],\"openingHoursSpecification\":[{\"@type\":\"OpeningHoursSpecification\",\"dayOfWeek\":[\"Monday\",\"Tuesday\",\"Wednesday\",\"Thursday\",\"Friday\",\"Saturday\",\"Sunday\"],\"opens\":\"00:00\",\"closes\":\"23:59\"}],\"email\":\"redaction@afro-impact.com\",\"vatID\":\"0 2022 1395 5557\"},{\"@type\":\"Person\",\"@id\":\"https:\/\/www.afro-impact.com\/#\/schema\/person\/9e1a68f2554579c3a7a1e5f991745ab3\",\"name\":\"G\u00e9rard Dawa\",\"image\":{\"@type\":\"ImageObject\",\"inLanguage\":\"en-US\",\"@id\":\"https:\/\/www.afro-impact.com\/#\/schema\/person\/image\/\",\"url\":\"https:\/\/www.afro-impact.com\/wp-content\/litespeed\/avatar\/583d018ae6f04b98bfc8484594fa52eb.jpg?ver=1777628393\",\"contentUrl\":\"https:\/\/www.afro-impact.com\/wp-content\/litespeed\/avatar\/583d018ae6f04b98bfc8484594fa52eb.jpg?ver=1777628393\",\"caption\":\"G\u00e9rard Dawa\"},\"description\":\"G\u00e9rard Dawa, journaliste reporter \u00e0 Afro impact. Titulaire d\u2019une Licence en journalisme obtenue \u00e0 l\u2019ENSTIC au B\u00e9nin, je suis passionn\u00e9 des questions de sant\u00e9, culture et sport. J\u2019ai fait \u00e9galement mes armes \u00e0 la radio et je suis membre actif de la PMS \\\"Plateforme M\u00e9dias et Sant\u00e9\\\" du B\u00e9nin. Je cumule \u00e0 ce jour 8 ans d\u2019exp\u00e9rience en journalisme.\",\"sameAs\":[\"https:\/\/facebook.com\/gerard.dawa.7\"],\"url\":\"https:\/\/www.afro-impact.com\/en\/author\/olaotan\/\"},{\"@type\":\"PostalAddress\",\"@id\":\"https:\/\/www.afro-impact.com\/en\/benin-politics-the-choice-of-me-djogbenou-after-his-resignation\/#local-main-place-address\",\"streetAddress\":\"Carr\u00e9 2167 Kindonou, Cotonou, BENIN, 07 BP 1128 Cotonou, BENIN\",\"addressLocality\":\"Cotonou\",\"postalCode\":\"+229\",\"addressRegion\":\"Littoral\",\"addressCountry\":\"BJ\"},{\"@type\":\"ImageObject\",\"inLanguage\":\"en-US\",\"@id\":\"https:\/\/www.afro-impact.com\/en\/benin-politics-the-choice-of-me-djogbenou-after-his-resignation\/#local-main-organization-logo\",\"url\":\"https:\/\/www.afro-impact.com\/wp-content\/uploads\/2022\/01\/logo-afro-impact-share-social.png\",\"contentUrl\":\"https:\/\/www.afro-impact.com\/wp-content\/uploads\/2022\/01\/logo-afro-impact-share-social.png\",\"width\":300,\"height\":300,\"caption\":\"Afro impact\"}]}<\/script>\n<meta name=\"geo.placename\" content=\"Cotonou\" \/>\n<meta name=\"geo.position\" content=\"6.389282121878214;2.3602318590634495\" \/>\n<meta name=\"geo.region\" content=\"Benin\" \/>\n<!-- \/ Yoast SEO Premium plugin. -->","yoast_head_json":{"title":"Benin: Politics, the choice of Me Djogb\u00e9nou after his resignation - Afro impact","description":"\"This decision is necessitated by the appeal both of my conscience, but also of what results from the analysis of the political situation that I personally have been able to make, and to consider that I wished to take up political commitment where I had left it,\" he said to justify his departure.","robots":{"index":"index","follow":"follow","max-snippet":"max-snippet:-1","max-image-preview":"max-image-preview:large","max-video-preview":"max-video-preview:-1"},"canonical":"https:\/\/www.afro-impact.com\/en\/benin-politics-the-choice-of-me-djogbenou-after-his-resignation\/","og_locale":"en_US","og_type":"article","og_title":"Benin: Politics, the choice of Me Djogb\u00e9nou after his resignation - Afro impact","og_description":"\"This decision is necessitated by the appeal both of my conscience, but also of what results from the analysis of the political situation that I personally have been able to make, and to consider that I wished to take up political commitment where I had left it,\" he said to justify his departure.","og_url":"https:\/\/www.afro-impact.com\/en\/benin-politics-the-choice-of-me-djogbenou-after-his-resignation\/","og_site_name":"Afro impact","article_publisher":"https:\/\/www.facebook.com\/AfroimpactMag","article_author":"https:\/\/facebook.com\/gerard.dawa.7","article_published_time":"2022-07-14T07:06:02+00:00","article_modified_time":"2022-07-17T16:13:09+00:00","og_image":[{"width":696,"height":464,"url":"https:\/\/www.afro-impact.com\/wp-content\/uploads\/2022\/07\/joseph-djogbenou-president-demissionnaire-cour-constitutionnelle-benin.webp","type":"image\/webp"}],"author":"G\u00e9rard Dawa","twitter_card":"summary_large_image","twitter_creator":"@AfroimpactMag","twitter_site":"@AfroimpactMag","twitter_misc":{"Written by":"G\u00e9rard Dawa","Est. reading time":"2 minutes"},"schema":{"@context":"https:\/\/schema.org","@graph":[{"@type":"NewsArticle","@id":"https:\/\/www.afro-impact.com\/en\/benin-politics-the-choice-of-me-djogbenou-after-his-resignation\/#article","isPartOf":{"@id":"https:\/\/www.afro-impact.com\/en\/benin-politics-the-choice-of-me-djogbenou-after-his-resignation\/"},"author":{"name":"G\u00e9rard Dawa","@id":"https:\/\/www.afro-impact.com\/#\/schema\/person\/9e1a68f2554579c3a7a1e5f991745ab3"},"headline":"Benin: Politics, the choice of Me Djogb\u00e9nou after his resignation","datePublished":"2022-07-14T07:06:02+00:00","dateModified":"2022-07-17T16:13:09+00:00","mainEntityOfPage":{"@id":"https:\/\/www.afro-impact.com\/en\/benin-politics-the-choice-of-me-djogbenou-after-his-resignation\/"},"wordCount":387,"commentCount":0,"publisher":{"@id":"https:\/\/www.afro-impact.com\/#organization"},"image":{"@id":"https:\/\/www.afro-impact.com\/en\/benin-politics-the-choice-of-me-djogbenou-after-his-resignation\/#primaryimage"},"thumbnailUrl":"https:\/\/www.afro-impact.com\/wp-content\/uploads\/2022\/07\/joseph-djogbenou-president-demissionnaire-cour-constitutionnelle-benin.webp","articleSection":["Politics"],"inLanguage":"en-US","potentialAction":[{"@type":"CommentAction","name":"Comment","target":["https:\/\/www.afro-impact.com\/en\/benin-politics-the-choice-of-me-djogbenou-after-his-resignation\/#respond"]}],"copyrightYear":"2022","copyrightHolder":{"@id":"https:\/\/www.afro-impact.com\/#organization"}},{"@type":"WebPage","@id":"https:\/\/www.afro-impact.com\/en\/benin-politics-the-choice-of-me-djogbenou-after-his-resignation\/","url":"https:\/\/www.afro-impact.com\/en\/benin-politics-the-choice-of-me-djogbenou-after-his-resignation\/","name":"Benin: Politics, the choice of Me Djogb\u00e9nou after his resignation - Afro impact","isPartOf":{"@id":"https:\/\/www.afro-impact.com\/#website"},"primaryImageOfPage":{"@id":"https:\/\/www.afro-impact.com\/en\/benin-politics-the-choice-of-me-djogbenou-after-his-resignation\/#primaryimage"},"image":{"@id":"https:\/\/www.afro-impact.com\/en\/benin-politics-the-choice-of-me-djogbenou-after-his-resignation\/#primaryimage"},"thumbnailUrl":"https:\/\/www.afro-impact.com\/wp-content\/uploads\/2022\/07\/joseph-djogbenou-president-demissionnaire-cour-constitutionnelle-benin.webp","datePublished":"2022-07-14T07:06:02+00:00","dateModified":"2022-07-17T16:13:09+00:00","description":"\"This decision is necessitated by the appeal both of my conscience, but also of what results from the analysis of the political situation that I personally have been able to make, and to consider that I wished to take up political commitment where I had left it,\" he said to justify his departure.","breadcrumb":{"@id":"https:\/\/www.afro-impact.com\/en\/benin-politics-the-choice-of-me-djogbenou-after-his-resignation\/#breadcrumb"},"inLanguage":"en-US","potentialAction":[{"@type":"ReadAction","target":["https:\/\/www.afro-impact.com\/en\/benin-politics-the-choice-of-me-djogbenou-after-his-resignation\/"]}]},{"@type":"ImageObject","inLanguage":"en-US","@id":"https:\/\/www.afro-impact.com\/en\/benin-politics-the-choice-of-me-djogbenou-after-his-resignation\/#primaryimage","url":"https:\/\/www.afro-impact.com\/wp-content\/uploads\/2022\/07\/joseph-djogbenou-president-demissionnaire-cour-constitutionnelle-benin.webp","contentUrl":"https:\/\/www.afro-impact.com\/wp-content\/uploads\/2022\/07\/joseph-djogbenou-president-demissionnaire-cour-constitutionnelle-benin.webp","width":696,"height":464,"caption":"Joseph Djogb\u00e9nou, resigning president of the Constitutional Court of Benin, is now engaged in the political process"},{"@type":"BreadcrumbList","@id":"https:\/\/www.afro-impact.com\/en\/benin-politics-the-choice-of-me-djogbenou-after-his-resignation\/#breadcrumb","itemListElement":[{"@type":"ListItem","position":1,"name":"News","item":"https:\/\/www.afro-impact.com\/"},{"@type":"ListItem","position":2,"name":"Politique","item":"https:\/\/www.afro-impact.com\/politique\/"},{"@type":"ListItem","position":3,"name":"Benin: Politics, the choice of Me Djogb\u00e9nou after his resignation"}]},{"@type":"WebSite","@id":"https:\/\/www.afro-impact.com\/#website","url":"https:\/\/www.afro-impact.com\/","name":"Afro impact","description":"L&#039;Afrique vu autrement","publisher":{"@id":"https:\/\/www.afro-impact.com\/#organization"},"potentialAction":[{"@type":"SearchAction","target":{"@type":"EntryPoint","urlTemplate":"https:\/\/www.afro-impact.com\/?s={search_term_string}"},"query-input":{"@type":"PropertyValueSpecification","valueRequired":true,"valueName":"search_term_string"}}],"inLanguage":"en-US"},{"@type":["Organization","Place"],"@id":"https:\/\/www.afro-impact.com\/#organization","name":"Afro impact","alternateName":"carrecube","url":"https:\/\/www.afro-impact.com\/","logo":{"@id":"https:\/\/www.afro-impact.com\/en\/benin-politics-the-choice-of-me-djogbenou-after-his-resignation\/#local-main-organization-logo"},"image":{"@id":"https:\/\/www.afro-impact.com\/en\/benin-politics-the-choice-of-me-djogbenou-after-his-resignation\/#local-main-organization-logo"},"sameAs":["https:\/\/www.facebook.com\/AfroimpactMag","https:\/\/x.com\/AfroimpactMag","https:\/\/www.youtube.com\/channel\/UCJNIRcX4sVo487fhv0p5KDw"],"publishingPrinciples":"https:\/\/www.afro-impact.com\/a-propos-magazine-afro-impact\/","ownershipFundingInfo":"https:\/\/www.afro-impact.com\/mentions-legales\/","actionableFeedbackPolicy":"https:\/\/www.afro-impact.com\/conditions-generales\/","correctionsPolicy":"https:\/\/www.afro-impact.com\/dmca-retrait\/","address":{"@id":"https:\/\/www.afro-impact.com\/en\/benin-politics-the-choice-of-me-djogbenou-after-his-resignation\/#local-main-place-address"},"geo":{"@type":"GeoCoordinates","latitude":"6.389282121878214","longitude":"2.3602318590634495"},"telephone":["+229 54900806"],"openingHoursSpecification":[{"@type":"OpeningHoursSpecification","dayOfWeek":["Monday","Tuesday","Wednesday","Thursday","Friday","Saturday","Sunday"],"opens":"00:00","closes":"23:59"}],"email":"redaction@afro-impact.com","vatID":"0 2022 1395 5557"},{"@type":"Person","@id":"https:\/\/www.afro-impact.com\/#\/schema\/person\/9e1a68f2554579c3a7a1e5f991745ab3","name":"G\u00e9rard Dawa","image":{"@type":"ImageObject","inLanguage":"en-US","@id":"https:\/\/www.afro-impact.com\/#\/schema\/person\/image\/","url":"https:\/\/www.afro-impact.com\/wp-content\/litespeed\/avatar\/583d018ae6f04b98bfc8484594fa52eb.jpg?ver=1777628393","contentUrl":"https:\/\/www.afro-impact.com\/wp-content\/litespeed\/avatar\/583d018ae6f04b98bfc8484594fa52eb.jpg?ver=1777628393","caption":"G\u00e9rard Dawa"},"description":"G\u00e9rard Dawa, journaliste reporter \u00e0 Afro impact. Titulaire d\u2019une Licence en journalisme obtenue \u00e0 l\u2019ENSTIC au B\u00e9nin, je suis passionn\u00e9 des questions de sant\u00e9, culture et sport. J\u2019ai fait \u00e9galement mes armes \u00e0 la radio et je suis membre actif de la PMS \"Plateforme M\u00e9dias et Sant\u00e9\" du B\u00e9nin. Je cumule \u00e0 ce jour 8 ans d\u2019exp\u00e9rience en journalisme.","sameAs":["https:\/\/facebook.com\/gerard.dawa.7"],"url":"https:\/\/www.afro-impact.com\/en\/author\/olaotan\/"},{"@type":"PostalAddress","@id":"https:\/\/www.afro-impact.com\/en\/benin-politics-the-choice-of-me-djogbenou-after-his-resignation\/#local-main-place-address","streetAddress":"Carr\u00e9 2167 Kindonou, Cotonou, BENIN, 07 BP 1128 Cotonou, BENIN","addressLocality":"Cotonou","postalCode":"+229","addressRegion":"Littoral","addressCountry":"BJ"},{"@type":"ImageObject","inLanguage":"en-US","@id":"https:\/\/www.afro-impact.com\/en\/benin-politics-the-choice-of-me-djogbenou-after-his-resignation\/#local-main-organization-logo","url":"https:\/\/www.afro-impact.com\/wp-content\/uploads\/2022\/01\/logo-afro-impact-share-social.png","contentUrl":"https:\/\/www.afro-impact.com\/wp-content\/uploads\/2022\/01\/logo-afro-impact-share-social.png","width":300,"height":300,"caption":"Afro impact"}]},"geo.placename":"Cotonou","geo.position":{"lat":"6.389282121878214","long":"2.3602318590634495"},"geo.region":"Benin"},"_links":{"self":[{"href":"https:\/\/www.afro-impact.com\/en\/wp-json\/wp\/v2\/posts\/9145","targetHints":{"allow":["GET"]}}],"collection":[{"href":"https:\/\/www.afro-impact.com\/en\/wp-json\/wp\/v2\/posts"}],"about":[{"href":"https:\/\/www.afro-impact.com\/en\/wp-json\/wp\/v2\/types\/post"}],"author":[{"embeddable":true,"href":"https:\/\/www.afro-impact.com\/en\/wp-json\/wp\/v2\/users\/18"}],"replies":[{"embeddable":true,"href":"https:\/\/www.afro-impact.com\/en\/wp-json\/wp\/v2\/comments?post=9145"}],"version-history":[{"count":0,"href":"https:\/\/www.afro-impact.com\/en\/wp-json\/wp\/v2\/posts\/9145\/revisions"}],"wp:featuredmedia":[{"embeddable":true,"href":"https:\/\/www.afro-impact.com\/en\/wp-json\/wp\/v2\/media\/9098"}],"wp:attachment":[{"href":"https:\/\/www.afro-impact.com\/en\/wp-json\/wp\/v2\/media?parent=9145"}],"wp:term":[{"taxonomy":"category","embeddable":true,"href":"https:\/\/www.afro-impact.com\/en\/wp-json\/wp\/v2\/categories?post=9145"},{"taxonomy":"post_tag","embeddable":true,"href":"https:\/\/www.afro-impact.com\/en\/wp-json\/wp\/v2\/tags?post=9145"}],"curies":[{"name":"wp","href":"https:\/\/api.w.org\/{rel}","templated":true}]}}