{"id":9229,"date":"2022-07-19T23:37:02","date_gmt":"2022-07-19T22:37:02","guid":{"rendered":"https:\/\/www.afro-impact.com\/rwanda-the-first-african-congress-on-protected-areas-opened-its-doors\/"},"modified":"2022-07-20T01:24:54","modified_gmt":"2022-07-20T00:24:54","slug":"rwanda-the-first-african-congress-on-protected-areas-opened-its-doors","status":"publish","type":"post","link":"https:\/\/www.afro-impact.com\/en\/rwanda-the-first-african-congress-on-protected-areas-opened-its-doors\/","title":{"rendered":"Rwanda: The first African congress on protected areas opened its doors"},"content":{"rendered":"\n<p><strong>About two thousand participants are taking part in the first African Protected Areas Congress of the International Union for Conservation of Nature (IUCN), APAC, in Kigali, the Rwandan capital. The work, which started on Monday 18 July, will pave the way for resilience in nature conservation.<\/strong><\/p>\n\n<p>In response to the twin crises of climate change and biodiversity loss, governments, NGOs and conservationists have initiated the Protected Areas Congress. This first-ever continent-wide gathering focuses on the role of protected areas in conserving nature, safeguarding Africa&#8217;s iconic wildlife, providing vital ecosystem services, promoting sustainable development while preserving Africa&#8217;s cultural heritage and traditions.<\/p>\n\n<p>These protected areas range from mangroves to deserts, from Mediterranean forests to rainforests, from savannahs to ice-capped mountains. According to the IUCN, there are five categories: strict nature reserves, parks, national monuments, special purpose reserves and protected landscape areas. In addition to these categories, there are animal reserves and United Nations Educational, Scientific and Cultural Organization (UNESCO) World Heritage sites. They are home to the world&#8217;s largest mammals such as hippos, chimpanzees and giraffes.<\/p>\n\n<p>However, according to experts, the African continent is at risk of losing a significant amount of its biodiversity value in the immediate future. The reason for this is population growth, which is accompanied by an increased demand for land and continued exploitation of natural resources.<\/p>\n\n<p>&#8220;It is high time that African legislators put in place strong measures and strategies to ensure that the destruction of our rich biodiversity is halted,&#8221; said Rwandan Prime Minister Edouard Ngirente at the opening of the congress.<\/p>\n\n<p>It should be noted that this first African congress on protected areas will end on 23 July.<\/p>\n","protected":false},"excerpt":{"rendered":"<p>About two thousand participants are taking part in the first African Protected Areas Congress of the International Union for Conservation of Nature (IUCN), APAC, in Kigali, the Rwandan capital. The work, which started on Monday 18 July, will pave the way for resilience in nature conservation. In response to the twin crises of climate change<\/p>\n","protected":false},"author":2,"featured_media":9225,"comment_status":"open","ping_status":"open","sticky":false,"template":"","format":"standard","meta":{"footnotes":""},"categories":[196],"tags":[1696],"class_list":{"0":"post-9229","1":"post","2":"type-post","3":"status-publish","4":"format-standard","5":"has-post-thumbnail","7":"category-environment","8":"tag-protected-areas"},"yoast_head":"<!-- This site is optimized with the Yoast SEO Premium plugin v25.5 (Yoast SEO v25.5) - https:\/\/yoast.com\/wordpress\/plugins\/seo\/ -->\n<title>Rwanda: The first African congress on protected areas opened its doors - Afro impact<\/title>\n<meta name=\"description\" content=\"About two thousand participants are taking part in the first African Protected Areas Congress of the International Union for Conservation of Nature (IUCN), APAC, in Kigali, the Rwandan capital. The work, which started on Monday 18 July, will pave the way for resilience in nature conservation.\" \/>\n<meta name=\"robots\" content=\"index, follow, max-snippet:-1, max-image-preview:large, max-video-preview:-1\" \/>\n<link rel=\"canonical\" href=\"https:\/\/www.afro-impact.com\/rwanda-le-premier-congres-africain-des-aires-protegees-a-ouvert-ses-portes\/\" \/>\n<meta property=\"og:locale\" content=\"en_US\" \/>\n<meta property=\"og:type\" content=\"article\" \/>\n<meta property=\"og:title\" content=\"Rwanda: The first African congress on protected areas opened its doors - Afro impact\" \/>\n<meta property=\"og:description\" content=\"About two thousand participants are taking part in the first African Protected Areas Congress of the International Union for Conservation of Nature (IUCN), APAC, in Kigali, the Rwandan capital. The work, which started on Monday 18 July, will pave the way for resilience in nature conservation.\" \/>\n<meta property=\"og:url\" content=\"https:\/\/www.afro-impact.com\/rwanda-le-premier-congres-africain-des-aires-protegees-a-ouvert-ses-portes\/\" \/>\n<meta property=\"og:site_name\" content=\"Afro impact\" \/>\n<meta property=\"article:publisher\" content=\"https:\/\/www.facebook.com\/AfroimpactMag\" \/>\n<meta property=\"article:author\" content=\"https:\/\/facebook.com\/profile.php?id=100075035589093\" \/>\n<meta property=\"article:published_time\" content=\"2022-07-19T22:37:02+00:00\" \/>\n<meta property=\"article:modified_time\" content=\"2022-07-20T00:24:54+00:00\" \/>\n<meta property=\"og:image\" content=\"https:\/\/www.afro-impact.com\/wp-content\/uploads\/2022\/07\/gorille-rwanda-congres-aires-protges.webp\" \/>\n\t<meta property=\"og:image:width\" content=\"1024\" \/>\n\t<meta property=\"og:image:height\" content=\"576\" \/>\n\t<meta property=\"og:image:type\" content=\"image\/webp\" \/>\n<meta name=\"author\" content=\"Eliane Fatchina\" \/>\n<meta name=\"twitter:card\" content=\"summary_large_image\" \/>\n<meta name=\"twitter:creator\" content=\"@AfroimpactMag\" \/>\n<meta name=\"twitter:site\" content=\"@AfroimpactMag\" \/>\n<meta name=\"twitter:label1\" content=\"Written by\" \/>\n\t<meta name=\"twitter:data1\" content=\"Eliane Fatchina\" \/>\n\t<meta name=\"twitter:label2\" content=\"Est. reading time\" \/>\n\t<meta name=\"twitter:data2\" content=\"1 minute\" \/>\n<script type=\"application\/ld+json\" class=\"yoast-schema-graph\">{\"@context\":\"https:\/\/schema.org\",\"@graph\":[{\"@type\":\"NewsArticle\",\"@id\":\"https:\/\/www.afro-impact.com\/rwanda-le-premier-congres-africain-des-aires-protegees-a-ouvert-ses-portes\/#article\",\"isPartOf\":{\"@id\":\"https:\/\/www.afro-impact.com\/rwanda-le-premier-congres-africain-des-aires-protegees-a-ouvert-ses-portes\/\"},\"author\":{\"name\":\"Eliane Fatchina\",\"@id\":\"https:\/\/www.afro-impact.com\/#\/schema\/person\/5c48f58a7d0cc36b8d96110a4feedf77\"},\"headline\":\"Rwanda: The first African congress on protected areas opened its doors\",\"datePublished\":\"2022-07-19T22:37:02+00:00\",\"dateModified\":\"2022-07-20T00:24:54+00:00\",\"mainEntityOfPage\":{\"@id\":\"https:\/\/www.afro-impact.com\/rwanda-le-premier-congres-africain-des-aires-protegees-a-ouvert-ses-portes\/\"},\"wordCount\":285,\"commentCount\":0,\"publisher\":{\"@id\":\"https:\/\/www.afro-impact.com\/#organization\"},\"image\":{\"@id\":\"https:\/\/www.afro-impact.com\/rwanda-le-premier-congres-africain-des-aires-protegees-a-ouvert-ses-portes\/#primaryimage\"},\"thumbnailUrl\":\"https:\/\/www.afro-impact.com\/wp-content\/uploads\/2022\/07\/gorille-rwanda-congres-aires-protges.webp\",\"keywords\":[\"Protected areas\"],\"articleSection\":[\"Environment\"],\"inLanguage\":\"en-US\",\"potentialAction\":[{\"@type\":\"CommentAction\",\"name\":\"Comment\",\"target\":[\"https:\/\/www.afro-impact.com\/rwanda-le-premier-congres-africain-des-aires-protegees-a-ouvert-ses-portes\/#respond\"]}],\"copyrightYear\":\"2022\",\"copyrightHolder\":{\"@id\":\"https:\/\/www.afro-impact.com\/#organization\"}},{\"@type\":\"WebPage\",\"@id\":\"https:\/\/www.afro-impact.com\/rwanda-le-premier-congres-africain-des-aires-protegees-a-ouvert-ses-portes\/\",\"url\":\"https:\/\/www.afro-impact.com\/rwanda-le-premier-congres-africain-des-aires-protegees-a-ouvert-ses-portes\/\",\"name\":\"Rwanda: The first African congress on protected areas opened its doors - Afro impact\",\"isPartOf\":{\"@id\":\"https:\/\/www.afro-impact.com\/#website\"},\"primaryImageOfPage\":{\"@id\":\"https:\/\/www.afro-impact.com\/rwanda-le-premier-congres-africain-des-aires-protegees-a-ouvert-ses-portes\/#primaryimage\"},\"image\":{\"@id\":\"https:\/\/www.afro-impact.com\/rwanda-le-premier-congres-africain-des-aires-protegees-a-ouvert-ses-portes\/#primaryimage\"},\"thumbnailUrl\":\"https:\/\/www.afro-impact.com\/wp-content\/uploads\/2022\/07\/gorille-rwanda-congres-aires-protges.webp\",\"datePublished\":\"2022-07-19T22:37:02+00:00\",\"dateModified\":\"2022-07-20T00:24:54+00:00\",\"description\":\"About two thousand participants are taking part in the first African Protected Areas Congress of the International Union for Conservation of Nature (IUCN), APAC, in Kigali, the Rwandan capital. The work, which started on Monday 18 July, will pave the way for resilience in nature conservation.\",\"breadcrumb\":{\"@id\":\"https:\/\/www.afro-impact.com\/rwanda-le-premier-congres-africain-des-aires-protegees-a-ouvert-ses-portes\/#breadcrumb\"},\"inLanguage\":\"en-US\",\"potentialAction\":[{\"@type\":\"ReadAction\",\"target\":[\"https:\/\/www.afro-impact.com\/rwanda-le-premier-congres-africain-des-aires-protegees-a-ouvert-ses-portes\/\"]}]},{\"@type\":\"ImageObject\",\"inLanguage\":\"en-US\",\"@id\":\"https:\/\/www.afro-impact.com\/rwanda-le-premier-congres-africain-des-aires-protegees-a-ouvert-ses-portes\/#primaryimage\",\"url\":\"https:\/\/www.afro-impact.com\/wp-content\/uploads\/2022\/07\/gorille-rwanda-congres-aires-protges.webp\",\"contentUrl\":\"https:\/\/www.afro-impact.com\/wp-content\/uploads\/2022\/07\/gorille-rwanda-congres-aires-protges.webp\",\"width\":1024,\"height\":576,\"caption\":\"Young mountain gorillas playing in front of tourists in Rwanda. \u00a9 RFI\"},{\"@type\":\"BreadcrumbList\",\"@id\":\"https:\/\/www.afro-impact.com\/rwanda-le-premier-congres-africain-des-aires-protegees-a-ouvert-ses-portes\/#breadcrumb\",\"itemListElement\":[{\"@type\":\"ListItem\",\"position\":1,\"name\":\"News\",\"item\":\"https:\/\/www.afro-impact.com\/\"},{\"@type\":\"ListItem\",\"position\":2,\"name\":\"Environnement\",\"item\":\"https:\/\/www.afro-impact.com\/environnement\/\"},{\"@type\":\"ListItem\",\"position\":3,\"name\":\"Rwanda: The first African congress on protected areas opened its doors\"}]},{\"@type\":\"WebSite\",\"@id\":\"https:\/\/www.afro-impact.com\/#website\",\"url\":\"https:\/\/www.afro-impact.com\/\",\"name\":\"Afro impact\",\"description\":\"L&#039;Afrique vu autrement\",\"publisher\":{\"@id\":\"https:\/\/www.afro-impact.com\/#organization\"},\"potentialAction\":[{\"@type\":\"SearchAction\",\"target\":{\"@type\":\"EntryPoint\",\"urlTemplate\":\"https:\/\/www.afro-impact.com\/?s={search_term_string}\"},\"query-input\":{\"@type\":\"PropertyValueSpecification\",\"valueRequired\":true,\"valueName\":\"search_term_string\"}}],\"inLanguage\":\"en-US\"},{\"@type\":[\"Organization\",\"Place\"],\"@id\":\"https:\/\/www.afro-impact.com\/#organization\",\"name\":\"Afro impact\",\"alternateName\":\"carrecube\",\"url\":\"https:\/\/www.afro-impact.com\/\",\"logo\":{\"@id\":\"https:\/\/www.afro-impact.com\/rwanda-le-premier-congres-africain-des-aires-protegees-a-ouvert-ses-portes\/#local-main-organization-logo\"},\"image\":{\"@id\":\"https:\/\/www.afro-impact.com\/rwanda-le-premier-congres-africain-des-aires-protegees-a-ouvert-ses-portes\/#local-main-organization-logo\"},\"sameAs\":[\"https:\/\/www.facebook.com\/AfroimpactMag\",\"https:\/\/x.com\/AfroimpactMag\",\"https:\/\/www.youtube.com\/channel\/UCJNIRcX4sVo487fhv0p5KDw\"],\"publishingPrinciples\":\"https:\/\/www.afro-impact.com\/a-propos-magazine-afro-impact\/\",\"ownershipFundingInfo\":\"https:\/\/www.afro-impact.com\/mentions-legales\/\",\"actionableFeedbackPolicy\":\"https:\/\/www.afro-impact.com\/conditions-generales\/\",\"correctionsPolicy\":\"https:\/\/www.afro-impact.com\/dmca-retrait\/\",\"address\":{\"@id\":\"https:\/\/www.afro-impact.com\/rwanda-le-premier-congres-africain-des-aires-protegees-a-ouvert-ses-portes\/#local-main-place-address\"},\"geo\":{\"@type\":\"GeoCoordinates\",\"latitude\":\"6.389282121878214\",\"longitude\":\"2.3602318590634495\"},\"telephone\":[\"+229 54900806\"],\"openingHoursSpecification\":[{\"@type\":\"OpeningHoursSpecification\",\"dayOfWeek\":[\"Monday\",\"Tuesday\",\"Wednesday\",\"Thursday\",\"Friday\",\"Saturday\",\"Sunday\"],\"opens\":\"00:00\",\"closes\":\"23:59\"}],\"email\":\"redaction@afro-impact.com\",\"vatID\":\"0 2022 1395 5557\"},{\"@type\":\"Person\",\"@id\":\"https:\/\/www.afro-impact.com\/#\/schema\/person\/5c48f58a7d0cc36b8d96110a4feedf77\",\"name\":\"Eliane Fatchina\",\"image\":{\"@type\":\"ImageObject\",\"inLanguage\":\"en-US\",\"@id\":\"https:\/\/www.afro-impact.com\/#\/schema\/person\/image\/\",\"url\":\"https:\/\/www.afro-impact.com\/wp-content\/litespeed\/avatar\/5f9f737261a53c0e086b34b0464cb9e1.jpg?ver=1777623498\",\"contentUrl\":\"https:\/\/www.afro-impact.com\/wp-content\/litespeed\/avatar\/5f9f737261a53c0e086b34b0464cb9e1.jpg?ver=1777623498\",\"caption\":\"Eliane Fatchina\"},\"description\":\"Eliane Yabo Omonlayo Fatchina est une journaliste reporter \u00e0 Afro impact. Titulaire d\u2019une licence professionnelle en journalisme \u00e0 l\u2019ENSTIC du B\u00e9nin, elle est une panafricaniste passionn\u00e9e de culture, des questions de soci\u00e9t\u00e9 et d\u2019environnement. Avec d\u00e9j\u00e0 sept ans d\u2019exp\u00e9riences, elle s\u2019emploie quotidiennement \u00e0 donner de la voix aux id\u00e9es \u00e0 travers l\u2019\u00e9criture.\",\"sameAs\":[\"https:\/\/facebook.com\/profile.php?id=100075035589093\"],\"url\":\"https:\/\/www.afro-impact.com\/en\/author\/omonlayo\/\"},{\"@type\":\"PostalAddress\",\"@id\":\"https:\/\/www.afro-impact.com\/rwanda-le-premier-congres-africain-des-aires-protegees-a-ouvert-ses-portes\/#local-main-place-address\",\"streetAddress\":\"Carr\u00e9 2167 Kindonou, Cotonou, BENIN, 07 BP 1128 Cotonou, BENIN\",\"addressLocality\":\"Cotonou\",\"postalCode\":\"+229\",\"addressRegion\":\"Littoral\",\"addressCountry\":\"BJ\"},{\"@type\":\"ImageObject\",\"inLanguage\":\"en-US\",\"@id\":\"https:\/\/www.afro-impact.com\/rwanda-le-premier-congres-africain-des-aires-protegees-a-ouvert-ses-portes\/#local-main-organization-logo\",\"url\":\"https:\/\/www.afro-impact.com\/wp-content\/uploads\/2022\/01\/logo-afro-impact-share-social.png\",\"contentUrl\":\"https:\/\/www.afro-impact.com\/wp-content\/uploads\/2022\/01\/logo-afro-impact-share-social.png\",\"width\":300,\"height\":300,\"caption\":\"Afro impact\"}]}<\/script>\n<meta name=\"geo.placename\" content=\"Cotonou\" \/>\n<meta name=\"geo.position\" content=\"6.389282121878214;2.3602318590634495\" \/>\n<meta name=\"geo.region\" content=\"Benin\" \/>\n<!-- \/ Yoast SEO Premium plugin. -->","yoast_head_json":{"title":"Rwanda: The first African congress on protected areas opened its doors - Afro impact","description":"About two thousand participants are taking part in the first African Protected Areas Congress of the International Union for Conservation of Nature (IUCN), APAC, in Kigali, the Rwandan capital. The work, which started on Monday 18 July, will pave the way for resilience in nature conservation.","robots":{"index":"index","follow":"follow","max-snippet":"max-snippet:-1","max-image-preview":"max-image-preview:large","max-video-preview":"max-video-preview:-1"},"canonical":"https:\/\/www.afro-impact.com\/rwanda-le-premier-congres-africain-des-aires-protegees-a-ouvert-ses-portes\/","og_locale":"en_US","og_type":"article","og_title":"Rwanda: The first African congress on protected areas opened its doors - Afro impact","og_description":"About two thousand participants are taking part in the first African Protected Areas Congress of the International Union for Conservation of Nature (IUCN), APAC, in Kigali, the Rwandan capital. The work, which started on Monday 18 July, will pave the way for resilience in nature conservation.","og_url":"https:\/\/www.afro-impact.com\/rwanda-le-premier-congres-africain-des-aires-protegees-a-ouvert-ses-portes\/","og_site_name":"Afro impact","article_publisher":"https:\/\/www.facebook.com\/AfroimpactMag","article_author":"https:\/\/facebook.com\/profile.php?id=100075035589093","article_published_time":"2022-07-19T22:37:02+00:00","article_modified_time":"2022-07-20T00:24:54+00:00","og_image":[{"width":1024,"height":576,"url":"https:\/\/www.afro-impact.com\/wp-content\/uploads\/2022\/07\/gorille-rwanda-congres-aires-protges.webp","type":"image\/webp"}],"author":"Eliane Fatchina","twitter_card":"summary_large_image","twitter_creator":"@AfroimpactMag","twitter_site":"@AfroimpactMag","twitter_misc":{"Written by":"Eliane Fatchina","Est. reading time":"1 minute"},"schema":{"@context":"https:\/\/schema.org","@graph":[{"@type":"NewsArticle","@id":"https:\/\/www.afro-impact.com\/rwanda-le-premier-congres-africain-des-aires-protegees-a-ouvert-ses-portes\/#article","isPartOf":{"@id":"https:\/\/www.afro-impact.com\/rwanda-le-premier-congres-africain-des-aires-protegees-a-ouvert-ses-portes\/"},"author":{"name":"Eliane Fatchina","@id":"https:\/\/www.afro-impact.com\/#\/schema\/person\/5c48f58a7d0cc36b8d96110a4feedf77"},"headline":"Rwanda: The first African congress on protected areas opened its doors","datePublished":"2022-07-19T22:37:02+00:00","dateModified":"2022-07-20T00:24:54+00:00","mainEntityOfPage":{"@id":"https:\/\/www.afro-impact.com\/rwanda-le-premier-congres-africain-des-aires-protegees-a-ouvert-ses-portes\/"},"wordCount":285,"commentCount":0,"publisher":{"@id":"https:\/\/www.afro-impact.com\/#organization"},"image":{"@id":"https:\/\/www.afro-impact.com\/rwanda-le-premier-congres-africain-des-aires-protegees-a-ouvert-ses-portes\/#primaryimage"},"thumbnailUrl":"https:\/\/www.afro-impact.com\/wp-content\/uploads\/2022\/07\/gorille-rwanda-congres-aires-protges.webp","keywords":["Protected areas"],"articleSection":["Environment"],"inLanguage":"en-US","potentialAction":[{"@type":"CommentAction","name":"Comment","target":["https:\/\/www.afro-impact.com\/rwanda-le-premier-congres-africain-des-aires-protegees-a-ouvert-ses-portes\/#respond"]}],"copyrightYear":"2022","copyrightHolder":{"@id":"https:\/\/www.afro-impact.com\/#organization"}},{"@type":"WebPage","@id":"https:\/\/www.afro-impact.com\/rwanda-le-premier-congres-africain-des-aires-protegees-a-ouvert-ses-portes\/","url":"https:\/\/www.afro-impact.com\/rwanda-le-premier-congres-africain-des-aires-protegees-a-ouvert-ses-portes\/","name":"Rwanda: The first African congress on protected areas opened its doors - Afro impact","isPartOf":{"@id":"https:\/\/www.afro-impact.com\/#website"},"primaryImageOfPage":{"@id":"https:\/\/www.afro-impact.com\/rwanda-le-premier-congres-africain-des-aires-protegees-a-ouvert-ses-portes\/#primaryimage"},"image":{"@id":"https:\/\/www.afro-impact.com\/rwanda-le-premier-congres-africain-des-aires-protegees-a-ouvert-ses-portes\/#primaryimage"},"thumbnailUrl":"https:\/\/www.afro-impact.com\/wp-content\/uploads\/2022\/07\/gorille-rwanda-congres-aires-protges.webp","datePublished":"2022-07-19T22:37:02+00:00","dateModified":"2022-07-20T00:24:54+00:00","description":"About two thousand participants are taking part in the first African Protected Areas Congress of the International Union for Conservation of Nature (IUCN), APAC, in Kigali, the Rwandan capital. The work, which started on Monday 18 July, will pave the way for resilience in nature conservation.","breadcrumb":{"@id":"https:\/\/www.afro-impact.com\/rwanda-le-premier-congres-africain-des-aires-protegees-a-ouvert-ses-portes\/#breadcrumb"},"inLanguage":"en-US","potentialAction":[{"@type":"ReadAction","target":["https:\/\/www.afro-impact.com\/rwanda-le-premier-congres-africain-des-aires-protegees-a-ouvert-ses-portes\/"]}]},{"@type":"ImageObject","inLanguage":"en-US","@id":"https:\/\/www.afro-impact.com\/rwanda-le-premier-congres-africain-des-aires-protegees-a-ouvert-ses-portes\/#primaryimage","url":"https:\/\/www.afro-impact.com\/wp-content\/uploads\/2022\/07\/gorille-rwanda-congres-aires-protges.webp","contentUrl":"https:\/\/www.afro-impact.com\/wp-content\/uploads\/2022\/07\/gorille-rwanda-congres-aires-protges.webp","width":1024,"height":576,"caption":"Young mountain gorillas playing in front of tourists in Rwanda. \u00a9 RFI"},{"@type":"BreadcrumbList","@id":"https:\/\/www.afro-impact.com\/rwanda-le-premier-congres-africain-des-aires-protegees-a-ouvert-ses-portes\/#breadcrumb","itemListElement":[{"@type":"ListItem","position":1,"name":"News","item":"https:\/\/www.afro-impact.com\/"},{"@type":"ListItem","position":2,"name":"Environnement","item":"https:\/\/www.afro-impact.com\/environnement\/"},{"@type":"ListItem","position":3,"name":"Rwanda: The first African congress on protected areas opened its doors"}]},{"@type":"WebSite","@id":"https:\/\/www.afro-impact.com\/#website","url":"https:\/\/www.afro-impact.com\/","name":"Afro impact","description":"L&#039;Afrique vu autrement","publisher":{"@id":"https:\/\/www.afro-impact.com\/#organization"},"potentialAction":[{"@type":"SearchAction","target":{"@type":"EntryPoint","urlTemplate":"https:\/\/www.afro-impact.com\/?s={search_term_string}"},"query-input":{"@type":"PropertyValueSpecification","valueRequired":true,"valueName":"search_term_string"}}],"inLanguage":"en-US"},{"@type":["Organization","Place"],"@id":"https:\/\/www.afro-impact.com\/#organization","name":"Afro impact","alternateName":"carrecube","url":"https:\/\/www.afro-impact.com\/","logo":{"@id":"https:\/\/www.afro-impact.com\/rwanda-le-premier-congres-africain-des-aires-protegees-a-ouvert-ses-portes\/#local-main-organization-logo"},"image":{"@id":"https:\/\/www.afro-impact.com\/rwanda-le-premier-congres-africain-des-aires-protegees-a-ouvert-ses-portes\/#local-main-organization-logo"},"sameAs":["https:\/\/www.facebook.com\/AfroimpactMag","https:\/\/x.com\/AfroimpactMag","https:\/\/www.youtube.com\/channel\/UCJNIRcX4sVo487fhv0p5KDw"],"publishingPrinciples":"https:\/\/www.afro-impact.com\/a-propos-magazine-afro-impact\/","ownershipFundingInfo":"https:\/\/www.afro-impact.com\/mentions-legales\/","actionableFeedbackPolicy":"https:\/\/www.afro-impact.com\/conditions-generales\/","correctionsPolicy":"https:\/\/www.afro-impact.com\/dmca-retrait\/","address":{"@id":"https:\/\/www.afro-impact.com\/rwanda-le-premier-congres-africain-des-aires-protegees-a-ouvert-ses-portes\/#local-main-place-address"},"geo":{"@type":"GeoCoordinates","latitude":"6.389282121878214","longitude":"2.3602318590634495"},"telephone":["+229 54900806"],"openingHoursSpecification":[{"@type":"OpeningHoursSpecification","dayOfWeek":["Monday","Tuesday","Wednesday","Thursday","Friday","Saturday","Sunday"],"opens":"00:00","closes":"23:59"}],"email":"redaction@afro-impact.com","vatID":"0 2022 1395 5557"},{"@type":"Person","@id":"https:\/\/www.afro-impact.com\/#\/schema\/person\/5c48f58a7d0cc36b8d96110a4feedf77","name":"Eliane Fatchina","image":{"@type":"ImageObject","inLanguage":"en-US","@id":"https:\/\/www.afro-impact.com\/#\/schema\/person\/image\/","url":"https:\/\/www.afro-impact.com\/wp-content\/litespeed\/avatar\/5f9f737261a53c0e086b34b0464cb9e1.jpg?ver=1777623498","contentUrl":"https:\/\/www.afro-impact.com\/wp-content\/litespeed\/avatar\/5f9f737261a53c0e086b34b0464cb9e1.jpg?ver=1777623498","caption":"Eliane Fatchina"},"description":"Eliane Yabo Omonlayo Fatchina est une journaliste reporter \u00e0 Afro impact. Titulaire d\u2019une licence professionnelle en journalisme \u00e0 l\u2019ENSTIC du B\u00e9nin, elle est une panafricaniste passionn\u00e9e de culture, des questions de soci\u00e9t\u00e9 et d\u2019environnement. Avec d\u00e9j\u00e0 sept ans d\u2019exp\u00e9riences, elle s\u2019emploie quotidiennement \u00e0 donner de la voix aux id\u00e9es \u00e0 travers l\u2019\u00e9criture.","sameAs":["https:\/\/facebook.com\/profile.php?id=100075035589093"],"url":"https:\/\/www.afro-impact.com\/en\/author\/omonlayo\/"},{"@type":"PostalAddress","@id":"https:\/\/www.afro-impact.com\/rwanda-le-premier-congres-africain-des-aires-protegees-a-ouvert-ses-portes\/#local-main-place-address","streetAddress":"Carr\u00e9 2167 Kindonou, Cotonou, BENIN, 07 BP 1128 Cotonou, BENIN","addressLocality":"Cotonou","postalCode":"+229","addressRegion":"Littoral","addressCountry":"BJ"},{"@type":"ImageObject","inLanguage":"en-US","@id":"https:\/\/www.afro-impact.com\/rwanda-le-premier-congres-africain-des-aires-protegees-a-ouvert-ses-portes\/#local-main-organization-logo","url":"https:\/\/www.afro-impact.com\/wp-content\/uploads\/2022\/01\/logo-afro-impact-share-social.png","contentUrl":"https:\/\/www.afro-impact.com\/wp-content\/uploads\/2022\/01\/logo-afro-impact-share-social.png","width":300,"height":300,"caption":"Afro impact"}]},"geo.placename":"Cotonou","geo.position":{"lat":"6.389282121878214","long":"2.3602318590634495"},"geo.region":"Benin"},"_links":{"self":[{"href":"https:\/\/www.afro-impact.com\/en\/wp-json\/wp\/v2\/posts\/9229","targetHints":{"allow":["GET"]}}],"collection":[{"href":"https:\/\/www.afro-impact.com\/en\/wp-json\/wp\/v2\/posts"}],"about":[{"href":"https:\/\/www.afro-impact.com\/en\/wp-json\/wp\/v2\/types\/post"}],"author":[{"embeddable":true,"href":"https:\/\/www.afro-impact.com\/en\/wp-json\/wp\/v2\/users\/2"}],"replies":[{"embeddable":true,"href":"https:\/\/www.afro-impact.com\/en\/wp-json\/wp\/v2\/comments?post=9229"}],"version-history":[{"count":0,"href":"https:\/\/www.afro-impact.com\/en\/wp-json\/wp\/v2\/posts\/9229\/revisions"}],"wp:featuredmedia":[{"embeddable":true,"href":"https:\/\/www.afro-impact.com\/en\/wp-json\/wp\/v2\/media\/9225"}],"wp:attachment":[{"href":"https:\/\/www.afro-impact.com\/en\/wp-json\/wp\/v2\/media?parent=9229"}],"wp:term":[{"taxonomy":"category","embeddable":true,"href":"https:\/\/www.afro-impact.com\/en\/wp-json\/wp\/v2\/categories?post=9229"},{"taxonomy":"post_tag","embeddable":true,"href":"https:\/\/www.afro-impact.com\/en\/wp-json\/wp\/v2\/tags?post=9229"}],"curies":[{"name":"wp","href":"https:\/\/api.w.org\/{rel}","templated":true}]}}