{"id":9305,"date":"2022-07-22T11:06:44","date_gmt":"2022-07-22T10:06:44","guid":{"rendered":"https:\/\/www.afro-impact.com\/ivory-coast-the-government-under-fire-in-the-case-of-the-49-soldiers-detained-in-mali\/"},"modified":"2022-07-22T19:47:15","modified_gmt":"2022-07-22T18:47:15","slug":"ivory-coast-the-government-under-fire-in-the-case-of-the-49-soldiers-detained-in-mali","status":"publish","type":"post","link":"https:\/\/www.afro-impact.com\/en\/ivory-coast-the-government-under-fire-in-the-case-of-the-49-soldiers-detained-in-mali\/","title":{"rendered":"Ivory Coast: The government under fire in the case of the 49 soldiers detained in Mali."},"content":{"rendered":"\n<p><strong>The opposition and civil society disagree with the government&#8217;s handling of the case of the 49 Ivorian soldiers arrested in Mali. They ask for more transparency and demand the opening of a parliamentary enquiry.<\/strong><\/p>\n\n<p>After a long period of silence, the opposition and civil society have raised their voices to criticise the poor management of the case by the Ivorian authorities. Their main demand is full transparency in this confusing matter.<\/p>\n\n<p>In the morning of Thursday 21 July, Katinan Kon\u00e9, spokesman for the PPA-CI, the party of Laurent Gbagbo, demanded the opening of a parliamentary enquiry to sort out the truth from the falsehood and continued in these terms: &#8220;<em>We are embarrassed that our soldiers are in this situation. So we ask that they return to the country, but through diplomatic channels, without this concealing or preventing the search for the truth regarding their presence there <\/em>&#8221;.<\/p>\n\n<p>At the same time, the Ivorian Office for Human Rights (OIDH) also commented on the subject. Selon son pr\u00e9sident Eric-Aim\u00e9 S\u00e9mien, les ministres devaient rendre des comptes \u00e0 la population durant cette p\u00e9riode confuse.<\/p>\n\n<p>&#8221; <em>We are saying this so that a single truth is told and known, in front of parliamentarians who are mandated by us and who will question the ministers, the Minister of Defence in particular and the Minister of the Interior on the state of these 49 Ivorians, who are fathers of families<\/em>&#8220;.<em>, declared<\/em>Eric-Aim\u00e9 S\u00e9mien. For the President of the OIDH, the conditions of detention of these 49 soldiers must be a major concern for all.<\/p>\n\n<p> It should be noted that the opposition and civil society have nevertheless welcomed the ongoing mediation of Togolese diplomacy to free the soldiers and the readiness of President Alassane Ouattara to discuss with Mali.<\/p>\n","protected":false},"excerpt":{"rendered":"<p>The opposition and civil society disagree with the government&#8217;s handling of the case of the 49 Ivorian soldiers arrested in Mali. They ask for more transparency and demand the opening of a parliamentary enquiry. After a long period of silence, the opposition and civil society have raised their voices to criticise the poor management of<\/p>\n","protected":false},"author":18,"featured_media":9288,"comment_status":"open","ping_status":"open","sticky":false,"template":"","format":"standard","meta":{"footnotes":""},"categories":[1476],"tags":[],"class_list":{"0":"post-9305","1":"post","2":"type-post","3":"status-publish","4":"format-standard","5":"has-post-thumbnail","7":"category-politics"},"yoast_head":"<!-- This site is optimized with the Yoast SEO Premium plugin v25.5 (Yoast SEO v25.5) - https:\/\/yoast.com\/wordpress\/plugins\/seo\/ -->\n<title>Ivory Coast: The government under fire in the case of the 49 soldiers detained in Mali. - Afro impact<\/title>\n<meta name=\"description\" content=\"The opposition and civil society disagree with the government&#039;s handling of the case of the 49 Ivorian soldiers arrested in Mali. They ask for more transparency and demand the opening of a parliamentary enquiry.\" \/>\n<meta name=\"robots\" content=\"index, follow, max-snippet:-1, max-image-preview:large, max-video-preview:-1\" \/>\n<link rel=\"canonical\" href=\"https:\/\/www.afro-impact.com\/en\/ivory-coast-the-government-under-fire-in-the-case-of-the-49-soldiers-detained-in-mali\/\" \/>\n<meta property=\"og:locale\" content=\"en_US\" \/>\n<meta property=\"og:type\" content=\"article\" \/>\n<meta property=\"og:title\" content=\"Ivory Coast: The government under fire in the case of the 49 soldiers detained in Mali. - Afro impact\" \/>\n<meta property=\"og:description\" content=\"The opposition and civil society disagree with the government&#039;s handling of the case of the 49 Ivorian soldiers arrested in Mali. They ask for more transparency and demand the opening of a parliamentary enquiry.\" \/>\n<meta property=\"og:url\" content=\"https:\/\/www.afro-impact.com\/en\/ivory-coast-the-government-under-fire-in-the-case-of-the-49-soldiers-detained-in-mali\/\" \/>\n<meta property=\"og:site_name\" content=\"Afro impact\" \/>\n<meta property=\"article:publisher\" content=\"https:\/\/www.facebook.com\/AfroimpactMag\" \/>\n<meta property=\"article:author\" content=\"https:\/\/facebook.com\/gerard.dawa.7\" \/>\n<meta property=\"article:published_time\" content=\"2022-07-22T10:06:44+00:00\" \/>\n<meta property=\"article:modified_time\" content=\"2022-07-22T18:47:15+00:00\" \/>\n<meta property=\"og:image\" content=\"https:\/\/www.afro-impact.com\/wp-content\/uploads\/2022\/07\/soldats-ivoiriens-detenus-Mali.webp\" \/>\n\t<meta property=\"og:image:width\" content=\"944\" \/>\n\t<meta property=\"og:image:height\" content=\"531\" \/>\n\t<meta property=\"og:image:type\" content=\"image\/webp\" \/>\n<meta name=\"author\" content=\"G\u00e9rard Dawa\" \/>\n<meta name=\"twitter:card\" content=\"summary_large_image\" \/>\n<meta name=\"twitter:creator\" content=\"@AfroimpactMag\" \/>\n<meta name=\"twitter:site\" content=\"@AfroimpactMag\" \/>\n<meta name=\"twitter:label1\" content=\"Written by\" \/>\n\t<meta name=\"twitter:data1\" content=\"G\u00e9rard Dawa\" \/>\n\t<meta name=\"twitter:label2\" content=\"Est. reading time\" \/>\n\t<meta name=\"twitter:data2\" content=\"1 minute\" \/>\n<script type=\"application\/ld+json\" class=\"yoast-schema-graph\">{\"@context\":\"https:\/\/schema.org\",\"@graph\":[{\"@type\":\"NewsArticle\",\"@id\":\"https:\/\/www.afro-impact.com\/en\/ivory-coast-the-government-under-fire-in-the-case-of-the-49-soldiers-detained-in-mali\/#article\",\"isPartOf\":{\"@id\":\"https:\/\/www.afro-impact.com\/en\/ivory-coast-the-government-under-fire-in-the-case-of-the-49-soldiers-detained-in-mali\/\"},\"author\":{\"name\":\"G\u00e9rard Dawa\",\"@id\":\"https:\/\/www.afro-impact.com\/#\/schema\/person\/9e1a68f2554579c3a7a1e5f991745ab3\"},\"headline\":\"Ivory Coast: The government under fire in the case of the 49 soldiers detained in Mali.\",\"datePublished\":\"2022-07-22T10:06:44+00:00\",\"dateModified\":\"2022-07-22T18:47:15+00:00\",\"mainEntityOfPage\":{\"@id\":\"https:\/\/www.afro-impact.com\/en\/ivory-coast-the-government-under-fire-in-the-case-of-the-49-soldiers-detained-in-mali\/\"},\"wordCount\":304,\"commentCount\":0,\"publisher\":{\"@id\":\"https:\/\/www.afro-impact.com\/#organization\"},\"image\":{\"@id\":\"https:\/\/www.afro-impact.com\/en\/ivory-coast-the-government-under-fire-in-the-case-of-the-49-soldiers-detained-in-mali\/#primaryimage\"},\"thumbnailUrl\":\"https:\/\/www.afro-impact.com\/wp-content\/uploads\/2022\/07\/soldats-ivoiriens-detenus-Mali.webp\",\"articleSection\":[\"Politics\"],\"inLanguage\":\"en-US\",\"potentialAction\":[{\"@type\":\"CommentAction\",\"name\":\"Comment\",\"target\":[\"https:\/\/www.afro-impact.com\/en\/ivory-coast-the-government-under-fire-in-the-case-of-the-49-soldiers-detained-in-mali\/#respond\"]}],\"copyrightYear\":\"2022\",\"copyrightHolder\":{\"@id\":\"https:\/\/www.afro-impact.com\/#organization\"}},{\"@type\":\"WebPage\",\"@id\":\"https:\/\/www.afro-impact.com\/en\/ivory-coast-the-government-under-fire-in-the-case-of-the-49-soldiers-detained-in-mali\/\",\"url\":\"https:\/\/www.afro-impact.com\/en\/ivory-coast-the-government-under-fire-in-the-case-of-the-49-soldiers-detained-in-mali\/\",\"name\":\"Ivory Coast: The government under fire in the case of the 49 soldiers detained in Mali. - Afro impact\",\"isPartOf\":{\"@id\":\"https:\/\/www.afro-impact.com\/#website\"},\"primaryImageOfPage\":{\"@id\":\"https:\/\/www.afro-impact.com\/en\/ivory-coast-the-government-under-fire-in-the-case-of-the-49-soldiers-detained-in-mali\/#primaryimage\"},\"image\":{\"@id\":\"https:\/\/www.afro-impact.com\/en\/ivory-coast-the-government-under-fire-in-the-case-of-the-49-soldiers-detained-in-mali\/#primaryimage\"},\"thumbnailUrl\":\"https:\/\/www.afro-impact.com\/wp-content\/uploads\/2022\/07\/soldats-ivoiriens-detenus-Mali.webp\",\"datePublished\":\"2022-07-22T10:06:44+00:00\",\"dateModified\":\"2022-07-22T18:47:15+00:00\",\"description\":\"The opposition and civil society disagree with the government's handling of the case of the 49 Ivorian soldiers arrested in Mali. They ask for more transparency and demand the opening of a parliamentary enquiry.\",\"breadcrumb\":{\"@id\":\"https:\/\/www.afro-impact.com\/en\/ivory-coast-the-government-under-fire-in-the-case-of-the-49-soldiers-detained-in-mali\/#breadcrumb\"},\"inLanguage\":\"en-US\",\"potentialAction\":[{\"@type\":\"ReadAction\",\"target\":[\"https:\/\/www.afro-impact.com\/en\/ivory-coast-the-government-under-fire-in-the-case-of-the-49-soldiers-detained-in-mali\/\"]}]},{\"@type\":\"ImageObject\",\"inLanguage\":\"en-US\",\"@id\":\"https:\/\/www.afro-impact.com\/en\/ivory-coast-the-government-under-fire-in-the-case-of-the-49-soldiers-detained-in-mali\/#primaryimage\",\"url\":\"https:\/\/www.afro-impact.com\/wp-content\/uploads\/2022\/07\/soldats-ivoiriens-detenus-Mali.webp\",\"contentUrl\":\"https:\/\/www.afro-impact.com\/wp-content\/uploads\/2022\/07\/soldats-ivoiriens-detenus-Mali.webp\",\"width\":944,\"height\":531,\"caption\":\"Ivorian soldiers during a parade during Ivory Coast's 59th independence anniversary celebrations on August 7, 2019 in Abidjan, Ivory Coast's economic capital. \u00a9Franceinfo\"},{\"@type\":\"BreadcrumbList\",\"@id\":\"https:\/\/www.afro-impact.com\/en\/ivory-coast-the-government-under-fire-in-the-case-of-the-49-soldiers-detained-in-mali\/#breadcrumb\",\"itemListElement\":[{\"@type\":\"ListItem\",\"position\":1,\"name\":\"News\",\"item\":\"https:\/\/www.afro-impact.com\/\"},{\"@type\":\"ListItem\",\"position\":2,\"name\":\"Politique\",\"item\":\"https:\/\/www.afro-impact.com\/politique\/\"},{\"@type\":\"ListItem\",\"position\":3,\"name\":\"Ivory Coast: The government under fire in the case of the 49 soldiers detained in Mali.\"}]},{\"@type\":\"WebSite\",\"@id\":\"https:\/\/www.afro-impact.com\/#website\",\"url\":\"https:\/\/www.afro-impact.com\/\",\"name\":\"Afro impact\",\"description\":\"L&#039;Afrique vu autrement\",\"publisher\":{\"@id\":\"https:\/\/www.afro-impact.com\/#organization\"},\"potentialAction\":[{\"@type\":\"SearchAction\",\"target\":{\"@type\":\"EntryPoint\",\"urlTemplate\":\"https:\/\/www.afro-impact.com\/?s={search_term_string}\"},\"query-input\":{\"@type\":\"PropertyValueSpecification\",\"valueRequired\":true,\"valueName\":\"search_term_string\"}}],\"inLanguage\":\"en-US\"},{\"@type\":[\"Organization\",\"Place\"],\"@id\":\"https:\/\/www.afro-impact.com\/#organization\",\"name\":\"Afro impact\",\"alternateName\":\"carrecube\",\"url\":\"https:\/\/www.afro-impact.com\/\",\"logo\":{\"@id\":\"https:\/\/www.afro-impact.com\/en\/ivory-coast-the-government-under-fire-in-the-case-of-the-49-soldiers-detained-in-mali\/#local-main-organization-logo\"},\"image\":{\"@id\":\"https:\/\/www.afro-impact.com\/en\/ivory-coast-the-government-under-fire-in-the-case-of-the-49-soldiers-detained-in-mali\/#local-main-organization-logo\"},\"sameAs\":[\"https:\/\/www.facebook.com\/AfroimpactMag\",\"https:\/\/x.com\/AfroimpactMag\",\"https:\/\/www.youtube.com\/channel\/UCJNIRcX4sVo487fhv0p5KDw\"],\"publishingPrinciples\":\"https:\/\/www.afro-impact.com\/a-propos-magazine-afro-impact\/\",\"ownershipFundingInfo\":\"https:\/\/www.afro-impact.com\/mentions-legales\/\",\"actionableFeedbackPolicy\":\"https:\/\/www.afro-impact.com\/conditions-generales\/\",\"correctionsPolicy\":\"https:\/\/www.afro-impact.com\/dmca-retrait\/\",\"address\":{\"@id\":\"https:\/\/www.afro-impact.com\/en\/ivory-coast-the-government-under-fire-in-the-case-of-the-49-soldiers-detained-in-mali\/#local-main-place-address\"},\"geo\":{\"@type\":\"GeoCoordinates\",\"latitude\":\"6.389282121878214\",\"longitude\":\"2.3602318590634495\"},\"telephone\":[\"+229 54900806\"],\"openingHoursSpecification\":[{\"@type\":\"OpeningHoursSpecification\",\"dayOfWeek\":[\"Monday\",\"Tuesday\",\"Wednesday\",\"Thursday\",\"Friday\",\"Saturday\",\"Sunday\"],\"opens\":\"00:00\",\"closes\":\"23:59\"}],\"email\":\"redaction@afro-impact.com\",\"vatID\":\"0 2022 1395 5557\"},{\"@type\":\"Person\",\"@id\":\"https:\/\/www.afro-impact.com\/#\/schema\/person\/9e1a68f2554579c3a7a1e5f991745ab3\",\"name\":\"G\u00e9rard Dawa\",\"image\":{\"@type\":\"ImageObject\",\"inLanguage\":\"en-US\",\"@id\":\"https:\/\/www.afro-impact.com\/#\/schema\/person\/image\/\",\"url\":\"https:\/\/www.afro-impact.com\/wp-content\/litespeed\/avatar\/583d018ae6f04b98bfc8484594fa52eb.jpg?ver=1777628393\",\"contentUrl\":\"https:\/\/www.afro-impact.com\/wp-content\/litespeed\/avatar\/583d018ae6f04b98bfc8484594fa52eb.jpg?ver=1777628393\",\"caption\":\"G\u00e9rard Dawa\"},\"description\":\"G\u00e9rard Dawa, journaliste reporter \u00e0 Afro impact. Titulaire d\u2019une Licence en journalisme obtenue \u00e0 l\u2019ENSTIC au B\u00e9nin, je suis passionn\u00e9 des questions de sant\u00e9, culture et sport. J\u2019ai fait \u00e9galement mes armes \u00e0 la radio et je suis membre actif de la PMS \\\"Plateforme M\u00e9dias et Sant\u00e9\\\" du B\u00e9nin. Je cumule \u00e0 ce jour 8 ans d\u2019exp\u00e9rience en journalisme.\",\"sameAs\":[\"https:\/\/facebook.com\/gerard.dawa.7\"],\"url\":\"https:\/\/www.afro-impact.com\/en\/author\/olaotan\/\"},{\"@type\":\"PostalAddress\",\"@id\":\"https:\/\/www.afro-impact.com\/en\/ivory-coast-the-government-under-fire-in-the-case-of-the-49-soldiers-detained-in-mali\/#local-main-place-address\",\"streetAddress\":\"Carr\u00e9 2167 Kindonou, Cotonou, BENIN, 07 BP 1128 Cotonou, BENIN\",\"addressLocality\":\"Cotonou\",\"postalCode\":\"+229\",\"addressRegion\":\"Littoral\",\"addressCountry\":\"BJ\"},{\"@type\":\"ImageObject\",\"inLanguage\":\"en-US\",\"@id\":\"https:\/\/www.afro-impact.com\/en\/ivory-coast-the-government-under-fire-in-the-case-of-the-49-soldiers-detained-in-mali\/#local-main-organization-logo\",\"url\":\"https:\/\/www.afro-impact.com\/wp-content\/uploads\/2022\/01\/logo-afro-impact-share-social.png\",\"contentUrl\":\"https:\/\/www.afro-impact.com\/wp-content\/uploads\/2022\/01\/logo-afro-impact-share-social.png\",\"width\":300,\"height\":300,\"caption\":\"Afro impact\"}]}<\/script>\n<meta name=\"geo.placename\" content=\"Cotonou\" \/>\n<meta name=\"geo.position\" content=\"6.389282121878214;2.3602318590634495\" \/>\n<meta name=\"geo.region\" content=\"Benin\" \/>\n<!-- \/ Yoast SEO Premium plugin. -->","yoast_head_json":{"title":"Ivory Coast: The government under fire in the case of the 49 soldiers detained in Mali. - Afro impact","description":"The opposition and civil society disagree with the government's handling of the case of the 49 Ivorian soldiers arrested in Mali. They ask for more transparency and demand the opening of a parliamentary enquiry.","robots":{"index":"index","follow":"follow","max-snippet":"max-snippet:-1","max-image-preview":"max-image-preview:large","max-video-preview":"max-video-preview:-1"},"canonical":"https:\/\/www.afro-impact.com\/en\/ivory-coast-the-government-under-fire-in-the-case-of-the-49-soldiers-detained-in-mali\/","og_locale":"en_US","og_type":"article","og_title":"Ivory Coast: The government under fire in the case of the 49 soldiers detained in Mali. - Afro impact","og_description":"The opposition and civil society disagree with the government's handling of the case of the 49 Ivorian soldiers arrested in Mali. They ask for more transparency and demand the opening of a parliamentary enquiry.","og_url":"https:\/\/www.afro-impact.com\/en\/ivory-coast-the-government-under-fire-in-the-case-of-the-49-soldiers-detained-in-mali\/","og_site_name":"Afro impact","article_publisher":"https:\/\/www.facebook.com\/AfroimpactMag","article_author":"https:\/\/facebook.com\/gerard.dawa.7","article_published_time":"2022-07-22T10:06:44+00:00","article_modified_time":"2022-07-22T18:47:15+00:00","og_image":[{"width":944,"height":531,"url":"https:\/\/www.afro-impact.com\/wp-content\/uploads\/2022\/07\/soldats-ivoiriens-detenus-Mali.webp","type":"image\/webp"}],"author":"G\u00e9rard Dawa","twitter_card":"summary_large_image","twitter_creator":"@AfroimpactMag","twitter_site":"@AfroimpactMag","twitter_misc":{"Written by":"G\u00e9rard Dawa","Est. reading time":"1 minute"},"schema":{"@context":"https:\/\/schema.org","@graph":[{"@type":"NewsArticle","@id":"https:\/\/www.afro-impact.com\/en\/ivory-coast-the-government-under-fire-in-the-case-of-the-49-soldiers-detained-in-mali\/#article","isPartOf":{"@id":"https:\/\/www.afro-impact.com\/en\/ivory-coast-the-government-under-fire-in-the-case-of-the-49-soldiers-detained-in-mali\/"},"author":{"name":"G\u00e9rard Dawa","@id":"https:\/\/www.afro-impact.com\/#\/schema\/person\/9e1a68f2554579c3a7a1e5f991745ab3"},"headline":"Ivory Coast: The government under fire in the case of the 49 soldiers detained in Mali.","datePublished":"2022-07-22T10:06:44+00:00","dateModified":"2022-07-22T18:47:15+00:00","mainEntityOfPage":{"@id":"https:\/\/www.afro-impact.com\/en\/ivory-coast-the-government-under-fire-in-the-case-of-the-49-soldiers-detained-in-mali\/"},"wordCount":304,"commentCount":0,"publisher":{"@id":"https:\/\/www.afro-impact.com\/#organization"},"image":{"@id":"https:\/\/www.afro-impact.com\/en\/ivory-coast-the-government-under-fire-in-the-case-of-the-49-soldiers-detained-in-mali\/#primaryimage"},"thumbnailUrl":"https:\/\/www.afro-impact.com\/wp-content\/uploads\/2022\/07\/soldats-ivoiriens-detenus-Mali.webp","articleSection":["Politics"],"inLanguage":"en-US","potentialAction":[{"@type":"CommentAction","name":"Comment","target":["https:\/\/www.afro-impact.com\/en\/ivory-coast-the-government-under-fire-in-the-case-of-the-49-soldiers-detained-in-mali\/#respond"]}],"copyrightYear":"2022","copyrightHolder":{"@id":"https:\/\/www.afro-impact.com\/#organization"}},{"@type":"WebPage","@id":"https:\/\/www.afro-impact.com\/en\/ivory-coast-the-government-under-fire-in-the-case-of-the-49-soldiers-detained-in-mali\/","url":"https:\/\/www.afro-impact.com\/en\/ivory-coast-the-government-under-fire-in-the-case-of-the-49-soldiers-detained-in-mali\/","name":"Ivory Coast: The government under fire in the case of the 49 soldiers detained in Mali. - Afro impact","isPartOf":{"@id":"https:\/\/www.afro-impact.com\/#website"},"primaryImageOfPage":{"@id":"https:\/\/www.afro-impact.com\/en\/ivory-coast-the-government-under-fire-in-the-case-of-the-49-soldiers-detained-in-mali\/#primaryimage"},"image":{"@id":"https:\/\/www.afro-impact.com\/en\/ivory-coast-the-government-under-fire-in-the-case-of-the-49-soldiers-detained-in-mali\/#primaryimage"},"thumbnailUrl":"https:\/\/www.afro-impact.com\/wp-content\/uploads\/2022\/07\/soldats-ivoiriens-detenus-Mali.webp","datePublished":"2022-07-22T10:06:44+00:00","dateModified":"2022-07-22T18:47:15+00:00","description":"The opposition and civil society disagree with the government's handling of the case of the 49 Ivorian soldiers arrested in Mali. They ask for more transparency and demand the opening of a parliamentary enquiry.","breadcrumb":{"@id":"https:\/\/www.afro-impact.com\/en\/ivory-coast-the-government-under-fire-in-the-case-of-the-49-soldiers-detained-in-mali\/#breadcrumb"},"inLanguage":"en-US","potentialAction":[{"@type":"ReadAction","target":["https:\/\/www.afro-impact.com\/en\/ivory-coast-the-government-under-fire-in-the-case-of-the-49-soldiers-detained-in-mali\/"]}]},{"@type":"ImageObject","inLanguage":"en-US","@id":"https:\/\/www.afro-impact.com\/en\/ivory-coast-the-government-under-fire-in-the-case-of-the-49-soldiers-detained-in-mali\/#primaryimage","url":"https:\/\/www.afro-impact.com\/wp-content\/uploads\/2022\/07\/soldats-ivoiriens-detenus-Mali.webp","contentUrl":"https:\/\/www.afro-impact.com\/wp-content\/uploads\/2022\/07\/soldats-ivoiriens-detenus-Mali.webp","width":944,"height":531,"caption":"Ivorian soldiers during a parade during Ivory Coast's 59th independence anniversary celebrations on August 7, 2019 in Abidjan, Ivory Coast's economic capital. \u00a9Franceinfo"},{"@type":"BreadcrumbList","@id":"https:\/\/www.afro-impact.com\/en\/ivory-coast-the-government-under-fire-in-the-case-of-the-49-soldiers-detained-in-mali\/#breadcrumb","itemListElement":[{"@type":"ListItem","position":1,"name":"News","item":"https:\/\/www.afro-impact.com\/"},{"@type":"ListItem","position":2,"name":"Politique","item":"https:\/\/www.afro-impact.com\/politique\/"},{"@type":"ListItem","position":3,"name":"Ivory Coast: The government under fire in the case of the 49 soldiers detained in Mali."}]},{"@type":"WebSite","@id":"https:\/\/www.afro-impact.com\/#website","url":"https:\/\/www.afro-impact.com\/","name":"Afro impact","description":"L&#039;Afrique vu autrement","publisher":{"@id":"https:\/\/www.afro-impact.com\/#organization"},"potentialAction":[{"@type":"SearchAction","target":{"@type":"EntryPoint","urlTemplate":"https:\/\/www.afro-impact.com\/?s={search_term_string}"},"query-input":{"@type":"PropertyValueSpecification","valueRequired":true,"valueName":"search_term_string"}}],"inLanguage":"en-US"},{"@type":["Organization","Place"],"@id":"https:\/\/www.afro-impact.com\/#organization","name":"Afro impact","alternateName":"carrecube","url":"https:\/\/www.afro-impact.com\/","logo":{"@id":"https:\/\/www.afro-impact.com\/en\/ivory-coast-the-government-under-fire-in-the-case-of-the-49-soldiers-detained-in-mali\/#local-main-organization-logo"},"image":{"@id":"https:\/\/www.afro-impact.com\/en\/ivory-coast-the-government-under-fire-in-the-case-of-the-49-soldiers-detained-in-mali\/#local-main-organization-logo"},"sameAs":["https:\/\/www.facebook.com\/AfroimpactMag","https:\/\/x.com\/AfroimpactMag","https:\/\/www.youtube.com\/channel\/UCJNIRcX4sVo487fhv0p5KDw"],"publishingPrinciples":"https:\/\/www.afro-impact.com\/a-propos-magazine-afro-impact\/","ownershipFundingInfo":"https:\/\/www.afro-impact.com\/mentions-legales\/","actionableFeedbackPolicy":"https:\/\/www.afro-impact.com\/conditions-generales\/","correctionsPolicy":"https:\/\/www.afro-impact.com\/dmca-retrait\/","address":{"@id":"https:\/\/www.afro-impact.com\/en\/ivory-coast-the-government-under-fire-in-the-case-of-the-49-soldiers-detained-in-mali\/#local-main-place-address"},"geo":{"@type":"GeoCoordinates","latitude":"6.389282121878214","longitude":"2.3602318590634495"},"telephone":["+229 54900806"],"openingHoursSpecification":[{"@type":"OpeningHoursSpecification","dayOfWeek":["Monday","Tuesday","Wednesday","Thursday","Friday","Saturday","Sunday"],"opens":"00:00","closes":"23:59"}],"email":"redaction@afro-impact.com","vatID":"0 2022 1395 5557"},{"@type":"Person","@id":"https:\/\/www.afro-impact.com\/#\/schema\/person\/9e1a68f2554579c3a7a1e5f991745ab3","name":"G\u00e9rard Dawa","image":{"@type":"ImageObject","inLanguage":"en-US","@id":"https:\/\/www.afro-impact.com\/#\/schema\/person\/image\/","url":"https:\/\/www.afro-impact.com\/wp-content\/litespeed\/avatar\/583d018ae6f04b98bfc8484594fa52eb.jpg?ver=1777628393","contentUrl":"https:\/\/www.afro-impact.com\/wp-content\/litespeed\/avatar\/583d018ae6f04b98bfc8484594fa52eb.jpg?ver=1777628393","caption":"G\u00e9rard Dawa"},"description":"G\u00e9rard Dawa, journaliste reporter \u00e0 Afro impact. Titulaire d\u2019une Licence en journalisme obtenue \u00e0 l\u2019ENSTIC au B\u00e9nin, je suis passionn\u00e9 des questions de sant\u00e9, culture et sport. J\u2019ai fait \u00e9galement mes armes \u00e0 la radio et je suis membre actif de la PMS \"Plateforme M\u00e9dias et Sant\u00e9\" du B\u00e9nin. Je cumule \u00e0 ce jour 8 ans d\u2019exp\u00e9rience en journalisme.","sameAs":["https:\/\/facebook.com\/gerard.dawa.7"],"url":"https:\/\/www.afro-impact.com\/en\/author\/olaotan\/"},{"@type":"PostalAddress","@id":"https:\/\/www.afro-impact.com\/en\/ivory-coast-the-government-under-fire-in-the-case-of-the-49-soldiers-detained-in-mali\/#local-main-place-address","streetAddress":"Carr\u00e9 2167 Kindonou, Cotonou, BENIN, 07 BP 1128 Cotonou, BENIN","addressLocality":"Cotonou","postalCode":"+229","addressRegion":"Littoral","addressCountry":"BJ"},{"@type":"ImageObject","inLanguage":"en-US","@id":"https:\/\/www.afro-impact.com\/en\/ivory-coast-the-government-under-fire-in-the-case-of-the-49-soldiers-detained-in-mali\/#local-main-organization-logo","url":"https:\/\/www.afro-impact.com\/wp-content\/uploads\/2022\/01\/logo-afro-impact-share-social.png","contentUrl":"https:\/\/www.afro-impact.com\/wp-content\/uploads\/2022\/01\/logo-afro-impact-share-social.png","width":300,"height":300,"caption":"Afro impact"}]},"geo.placename":"Cotonou","geo.position":{"lat":"6.389282121878214","long":"2.3602318590634495"},"geo.region":"Benin"},"_links":{"self":[{"href":"https:\/\/www.afro-impact.com\/en\/wp-json\/wp\/v2\/posts\/9305","targetHints":{"allow":["GET"]}}],"collection":[{"href":"https:\/\/www.afro-impact.com\/en\/wp-json\/wp\/v2\/posts"}],"about":[{"href":"https:\/\/www.afro-impact.com\/en\/wp-json\/wp\/v2\/types\/post"}],"author":[{"embeddable":true,"href":"https:\/\/www.afro-impact.com\/en\/wp-json\/wp\/v2\/users\/18"}],"replies":[{"embeddable":true,"href":"https:\/\/www.afro-impact.com\/en\/wp-json\/wp\/v2\/comments?post=9305"}],"version-history":[{"count":0,"href":"https:\/\/www.afro-impact.com\/en\/wp-json\/wp\/v2\/posts\/9305\/revisions"}],"wp:featuredmedia":[{"embeddable":true,"href":"https:\/\/www.afro-impact.com\/en\/wp-json\/wp\/v2\/media\/9288"}],"wp:attachment":[{"href":"https:\/\/www.afro-impact.com\/en\/wp-json\/wp\/v2\/media?parent=9305"}],"wp:term":[{"taxonomy":"category","embeddable":true,"href":"https:\/\/www.afro-impact.com\/en\/wp-json\/wp\/v2\/categories?post=9305"},{"taxonomy":"post_tag","embeddable":true,"href":"https:\/\/www.afro-impact.com\/en\/wp-json\/wp\/v2\/tags?post=9305"}],"curies":[{"name":"wp","href":"https:\/\/api.w.org\/{rel}","templated":true}]}}