{"id":9493,"date":"2022-07-28T15:44:21","date_gmt":"2022-07-28T14:44:21","guid":{"rendered":"https:\/\/www.afro-impact.com\/fighting-hepatitis-who-urges-decentralised-care\/"},"modified":"2022-07-28T22:27:37","modified_gmt":"2022-07-28T21:27:37","slug":"fighting-hepatitis-who-urges-decentralised-care","status":"publish","type":"post","link":"https:\/\/www.afro-impact.com\/en\/fighting-hepatitis-who-urges-decentralised-care\/","title":{"rendered":"Fighting hepatitis: WHO urges decentralised care."},"content":{"rendered":"\n<p><strong>The international community is celebrating World Hepatitis Day on Thursday 28 July 2022. The aim is to raise awareness of this &#8220;silent killer&#8221; which causes around 125,000 deaths in Africa every year, despite the availability of treatment.<\/strong><\/p>\n\n<p><strong>&#8220;Putting hepatitis treatment within your reach&#8221;,<\/strong> is the theme chosen to commemorate the 2022 edition of World Hepatitis Day. According to Dr Matshidiso Moeti, WHO Regional Director for Africa, the celebration aims to highlight the need to bring hepatitis services closer to primary health care facilities and thus to the communities that need them, in order to improve access to treatment and care.<\/p>\n\n<h2 class=\"wp-block-heading\" id=\"h-l-afrique-enregistre-un-taux-de-26\"><strong>Africa has a rate of 26%.<\/strong><\/h2>\n\n<p>More than 90 million people are living with hepatitis in Africa, representing 26% of those suffering from the disease worldwide. Unfortunately, due to the absence of symptoms, the disease is usually detected when it is too late to consider treatment and results in preventable deaths.<\/p>\n\n<h2 class=\"wp-block-heading\" id=\"etat-des-lieux-de-la-prevalence-en-afrique\"><strong>Status of prevalence in Africa<\/strong><\/h2>\n\n<p>WHO in the African Region is using the day to launch the 2021 Hepatitis Scorecard, which shows a high prevalence of hepatitis B in over 8% of the total population in 19 countries. For hepatitis C, prevalence is above 1% in 18 countries.<\/p>\n\n<p>Mother-to-child transmission of hepatitis B remains high in the Region, with a prevalence of 2.5% among children under five. Only 14 Member States in the African Region have managed to reduce this rate to 1%, a target that the other WHO Regions have already achieved. For example, the World Hepatitis Report 2021 reminded us that only 2% of people living with hepatitis B in Africa know their status and less than 1% receive treatment. In the case of hepatitis C, only 5% of patients know their status, with an alarming 0% treatment rate.<\/p>\n\n<p>In addition, only 6% of babies received a dose of hepatitis vaccine at birth to prevent transmission of the virus when their mothers are infected. This is a real tragedy given the availability of vaccines that could save hundreds of thousands of lives.<\/p>\n\n<h2 class=\"wp-block-heading\" id=\"des-obstacles-freinent-les-actions-de-lutte\"><strong>Obstacles hindering actions<\/strong><\/h2>\n\n<p>The main obstacles include the fact that hepatitis services are confined to cities and large urban centres and are mainly provided by specialists; the high cost of diagnostic tests and drugs; and inadequate laboratory facilities.<\/p>\n\n<h2 class=\"wp-block-heading\" id=\"les-perspectives-pour-une-lutte-efficace\"> <strong>Prospects for effective control<\/strong><\/h2>\n\n<p>In 2021, the WHO African Region adopted the 2021-2030 Framework for an integrated multisectoral response to tuberculosis, HIV, sexually transmitted infections and hepatitis in the Region. The framework aims to support major milestones such as the introduction of hepatitis B vaccination at birth in 35 Member States, the diagnosis of at least 30% of people with chronic hepatitis, and the initiation of treatment for 30% of people with hepatitis B and hepatitis C.<\/p>\n\n<h2 class=\"wp-block-heading\" id=\"vers-la-mise-en-place-de-soins-decentralises\"><strong>Towards decentralised care<\/strong><\/h2>\n\n<p>In order to achieve this ambitious goal, countries must move towards decentralised care. WHO is supporting this by providing targeted training materials for health workers to scale up the delivery of simplified hepatitis B and C services in line with the principles of universal health coverage.<\/p>\n\n<h2 class=\"wp-block-heading\" id=\"l-appel-de-la-directrice-regionale-de-l-oms-pour-l-afrique\"><strong>The call of the WHO Regional Director for Africa<\/strong><\/h2>\n\n<p>In her World Hepatitis Day message, WHO Regional Director for Africa Dr Matshidiso Moeti urged African governments to decentralise care to the primary health care level. This initiative aims to ensure that everyone benefits regardless of where they live. Governments are also called upon to make funding a priority in order to end this preventable health threat.<\/p>\n\n<p>Finally, it focuses on building the capacity of health systems to screen blood products for hepatitis and to ensure the safe use and disposal of single-use syringes. &#8220;These products are the main channels of transmission of hepatitis&#8221;.<\/p>\n\n<p>&#8220;We have a collective responsibility towards the goal of eliminating this disease by 2030,&#8221; she concluded.<\/p>\n","protected":false},"excerpt":{"rendered":"<p>The international community is celebrating World Hepatitis Day on Thursday 28 July 2022. The aim is to raise awareness of this &#8220;silent killer&#8221; which causes around 125,000 deaths in Africa every year, despite the availability of treatment. &#8220;Putting hepatitis treatment within your reach&#8221;, is the theme chosen to commemorate the 2022 edition of World Hepatitis<\/p>\n","protected":false},"author":18,"featured_media":9474,"comment_status":"open","ping_status":"open","sticky":false,"template":"","format":"standard","meta":{"footnotes":""},"categories":[198],"tags":[222,1775],"class_list":{"0":"post-9493","1":"post","2":"type-post","3":"status-publish","4":"format-standard","5":"has-post-thumbnail","7":"category-society","8":"tag-africa","9":"tag-world-anti-hepatitis-day"},"yoast_head":"<!-- This site is optimized with the Yoast SEO Premium plugin v25.5 (Yoast SEO v25.5) - https:\/\/yoast.com\/wordpress\/plugins\/seo\/ -->\n<title>Fighting hepatitis: WHO urges decentralised care. - Afro impact<\/title>\n<meta name=\"description\" content=\"The international community is celebrating World Hepatitis Day on Thursday 28 July 2022. The aim is to raise awareness of this &quot;silent killer&quot; which causes around 125,000 deaths in Africa every year, despite the availability of treatment.\" \/>\n<meta name=\"robots\" content=\"index, follow, max-snippet:-1, max-image-preview:large, max-video-preview:-1\" \/>\n<link rel=\"canonical\" href=\"https:\/\/www.afro-impact.com\/lutte-contre-lhepatite-loms-exhorte-a-la-mise-en-place-de-soins-decentralises\/\" \/>\n<meta property=\"og:locale\" content=\"en_US\" \/>\n<meta property=\"og:type\" content=\"article\" \/>\n<meta property=\"og:title\" content=\"Fighting hepatitis: WHO urges decentralised care. - Afro impact\" \/>\n<meta property=\"og:description\" content=\"The international community is celebrating World Hepatitis Day on Thursday 28 July 2022. The aim is to raise awareness of this &quot;silent killer&quot; which causes around 125,000 deaths in Africa every year, despite the availability of treatment.\" \/>\n<meta property=\"og:url\" content=\"https:\/\/www.afro-impact.com\/lutte-contre-lhepatite-loms-exhorte-a-la-mise-en-place-de-soins-decentralises\/\" \/>\n<meta property=\"og:site_name\" content=\"Afro impact\" \/>\n<meta property=\"article:publisher\" content=\"https:\/\/www.facebook.com\/AfroimpactMag\" \/>\n<meta property=\"article:author\" content=\"https:\/\/facebook.com\/gerard.dawa.7\" \/>\n<meta property=\"article:published_time\" content=\"2022-07-28T14:44:21+00:00\" \/>\n<meta property=\"article:modified_time\" content=\"2022-07-28T21:27:37+00:00\" \/>\n<meta property=\"og:image\" content=\"https:\/\/www.afro-impact.com\/wp-content\/uploads\/2022\/07\/journee-mondiale-lutte-hepatite.jpg\" \/>\n\t<meta property=\"og:image:width\" content=\"1024\" \/>\n\t<meta property=\"og:image:height\" content=\"683\" \/>\n\t<meta property=\"og:image:type\" content=\"image\/jpeg\" \/>\n<meta name=\"author\" content=\"G\u00e9rard Dawa\" \/>\n<meta name=\"twitter:card\" content=\"summary_large_image\" \/>\n<meta name=\"twitter:creator\" content=\"@AfroimpactMag\" \/>\n<meta name=\"twitter:site\" content=\"@AfroimpactMag\" \/>\n<meta name=\"twitter:label1\" content=\"Written by\" \/>\n\t<meta name=\"twitter:data1\" content=\"G\u00e9rard Dawa\" \/>\n\t<meta name=\"twitter:label2\" content=\"Est. reading time\" \/>\n\t<meta name=\"twitter:data2\" content=\"3 minutes\" \/>\n<script type=\"application\/ld+json\" class=\"yoast-schema-graph\">{\"@context\":\"https:\/\/schema.org\",\"@graph\":[{\"@type\":\"NewsArticle\",\"@id\":\"https:\/\/www.afro-impact.com\/lutte-contre-lhepatite-loms-exhorte-a-la-mise-en-place-de-soins-decentralises\/#article\",\"isPartOf\":{\"@id\":\"https:\/\/www.afro-impact.com\/lutte-contre-lhepatite-loms-exhorte-a-la-mise-en-place-de-soins-decentralises\/\"},\"author\":{\"name\":\"G\u00e9rard Dawa\",\"@id\":\"https:\/\/www.afro-impact.com\/#\/schema\/person\/9e1a68f2554579c3a7a1e5f991745ab3\"},\"headline\":\"Fighting hepatitis: WHO urges decentralised care.\",\"datePublished\":\"2022-07-28T14:44:21+00:00\",\"dateModified\":\"2022-07-28T21:27:37+00:00\",\"mainEntityOfPage\":{\"@id\":\"https:\/\/www.afro-impact.com\/lutte-contre-lhepatite-loms-exhorte-a-la-mise-en-place-de-soins-decentralises\/\"},\"wordCount\":598,\"commentCount\":0,\"publisher\":{\"@id\":\"https:\/\/www.afro-impact.com\/#organization\"},\"image\":{\"@id\":\"https:\/\/www.afro-impact.com\/lutte-contre-lhepatite-loms-exhorte-a-la-mise-en-place-de-soins-decentralises\/#primaryimage\"},\"thumbnailUrl\":\"https:\/\/www.afro-impact.com\/wp-content\/uploads\/2022\/07\/journee-mondiale-lutte-hepatite.jpg\",\"keywords\":[\"Africa\",\"World Anti-Hepatitis Day\"],\"articleSection\":[\"Society\"],\"inLanguage\":\"en-US\",\"potentialAction\":[{\"@type\":\"CommentAction\",\"name\":\"Comment\",\"target\":[\"https:\/\/www.afro-impact.com\/lutte-contre-lhepatite-loms-exhorte-a-la-mise-en-place-de-soins-decentralises\/#respond\"]}],\"copyrightYear\":\"2022\",\"copyrightHolder\":{\"@id\":\"https:\/\/www.afro-impact.com\/#organization\"}},{\"@type\":\"WebPage\",\"@id\":\"https:\/\/www.afro-impact.com\/lutte-contre-lhepatite-loms-exhorte-a-la-mise-en-place-de-soins-decentralises\/\",\"url\":\"https:\/\/www.afro-impact.com\/lutte-contre-lhepatite-loms-exhorte-a-la-mise-en-place-de-soins-decentralises\/\",\"name\":\"Fighting hepatitis: WHO urges decentralised care. - Afro impact\",\"isPartOf\":{\"@id\":\"https:\/\/www.afro-impact.com\/#website\"},\"primaryImageOfPage\":{\"@id\":\"https:\/\/www.afro-impact.com\/lutte-contre-lhepatite-loms-exhorte-a-la-mise-en-place-de-soins-decentralises\/#primaryimage\"},\"image\":{\"@id\":\"https:\/\/www.afro-impact.com\/lutte-contre-lhepatite-loms-exhorte-a-la-mise-en-place-de-soins-decentralises\/#primaryimage\"},\"thumbnailUrl\":\"https:\/\/www.afro-impact.com\/wp-content\/uploads\/2022\/07\/journee-mondiale-lutte-hepatite.jpg\",\"datePublished\":\"2022-07-28T14:44:21+00:00\",\"dateModified\":\"2022-07-28T21:27:37+00:00\",\"description\":\"The international community is celebrating World Hepatitis Day on Thursday 28 July 2022. The aim is to raise awareness of this \\\"silent killer\\\" which causes around 125,000 deaths in Africa every year, despite the availability of treatment.\",\"breadcrumb\":{\"@id\":\"https:\/\/www.afro-impact.com\/lutte-contre-lhepatite-loms-exhorte-a-la-mise-en-place-de-soins-decentralises\/#breadcrumb\"},\"inLanguage\":\"en-US\",\"potentialAction\":[{\"@type\":\"ReadAction\",\"target\":[\"https:\/\/www.afro-impact.com\/lutte-contre-lhepatite-loms-exhorte-a-la-mise-en-place-de-soins-decentralises\/\"]}]},{\"@type\":\"ImageObject\",\"inLanguage\":\"en-US\",\"@id\":\"https:\/\/www.afro-impact.com\/lutte-contre-lhepatite-loms-exhorte-a-la-mise-en-place-de-soins-decentralises\/#primaryimage\",\"url\":\"https:\/\/www.afro-impact.com\/wp-content\/uploads\/2022\/07\/journee-mondiale-lutte-hepatite.jpg\",\"contentUrl\":\"https:\/\/www.afro-impact.com\/wp-content\/uploads\/2022\/07\/journee-mondiale-lutte-hepatite.jpg\",\"width\":1024,\"height\":683,\"caption\":\"28 July, World Anti-hepatitis Day \u00a9Uniquenews\"},{\"@type\":\"BreadcrumbList\",\"@id\":\"https:\/\/www.afro-impact.com\/lutte-contre-lhepatite-loms-exhorte-a-la-mise-en-place-de-soins-decentralises\/#breadcrumb\",\"itemListElement\":[{\"@type\":\"ListItem\",\"position\":1,\"name\":\"News\",\"item\":\"https:\/\/www.afro-impact.com\/\"},{\"@type\":\"ListItem\",\"position\":2,\"name\":\"Soci\u00e9t\u00e9\",\"item\":\"https:\/\/www.afro-impact.com\/societe\/\"},{\"@type\":\"ListItem\",\"position\":3,\"name\":\"Fighting hepatitis: WHO urges decentralised care.\"}]},{\"@type\":\"WebSite\",\"@id\":\"https:\/\/www.afro-impact.com\/#website\",\"url\":\"https:\/\/www.afro-impact.com\/\",\"name\":\"Afro impact\",\"description\":\"L&#039;Afrique vu autrement\",\"publisher\":{\"@id\":\"https:\/\/www.afro-impact.com\/#organization\"},\"potentialAction\":[{\"@type\":\"SearchAction\",\"target\":{\"@type\":\"EntryPoint\",\"urlTemplate\":\"https:\/\/www.afro-impact.com\/?s={search_term_string}\"},\"query-input\":{\"@type\":\"PropertyValueSpecification\",\"valueRequired\":true,\"valueName\":\"search_term_string\"}}],\"inLanguage\":\"en-US\"},{\"@type\":[\"Organization\",\"Place\"],\"@id\":\"https:\/\/www.afro-impact.com\/#organization\",\"name\":\"Afro impact\",\"alternateName\":\"carrecube\",\"url\":\"https:\/\/www.afro-impact.com\/\",\"logo\":{\"@id\":\"https:\/\/www.afro-impact.com\/lutte-contre-lhepatite-loms-exhorte-a-la-mise-en-place-de-soins-decentralises\/#local-main-organization-logo\"},\"image\":{\"@id\":\"https:\/\/www.afro-impact.com\/lutte-contre-lhepatite-loms-exhorte-a-la-mise-en-place-de-soins-decentralises\/#local-main-organization-logo\"},\"sameAs\":[\"https:\/\/www.facebook.com\/AfroimpactMag\",\"https:\/\/x.com\/AfroimpactMag\",\"https:\/\/www.youtube.com\/channel\/UCJNIRcX4sVo487fhv0p5KDw\"],\"publishingPrinciples\":\"https:\/\/www.afro-impact.com\/a-propos-magazine-afro-impact\/\",\"ownershipFundingInfo\":\"https:\/\/www.afro-impact.com\/mentions-legales\/\",\"actionableFeedbackPolicy\":\"https:\/\/www.afro-impact.com\/conditions-generales\/\",\"correctionsPolicy\":\"https:\/\/www.afro-impact.com\/dmca-retrait\/\",\"address\":{\"@id\":\"https:\/\/www.afro-impact.com\/lutte-contre-lhepatite-loms-exhorte-a-la-mise-en-place-de-soins-decentralises\/#local-main-place-address\"},\"geo\":{\"@type\":\"GeoCoordinates\",\"latitude\":\"6.389282121878214\",\"longitude\":\"2.3602318590634495\"},\"telephone\":[\"+229 54900806\"],\"openingHoursSpecification\":[{\"@type\":\"OpeningHoursSpecification\",\"dayOfWeek\":[\"Monday\",\"Tuesday\",\"Wednesday\",\"Thursday\",\"Friday\",\"Saturday\",\"Sunday\"],\"opens\":\"00:00\",\"closes\":\"23:59\"}],\"email\":\"redaction@afro-impact.com\",\"vatID\":\"0 2022 1395 5557\"},{\"@type\":\"Person\",\"@id\":\"https:\/\/www.afro-impact.com\/#\/schema\/person\/9e1a68f2554579c3a7a1e5f991745ab3\",\"name\":\"G\u00e9rard Dawa\",\"image\":{\"@type\":\"ImageObject\",\"inLanguage\":\"en-US\",\"@id\":\"https:\/\/www.afro-impact.com\/#\/schema\/person\/image\/\",\"url\":\"https:\/\/www.afro-impact.com\/wp-content\/litespeed\/avatar\/583d018ae6f04b98bfc8484594fa52eb.jpg?ver=1777022315\",\"contentUrl\":\"https:\/\/www.afro-impact.com\/wp-content\/litespeed\/avatar\/583d018ae6f04b98bfc8484594fa52eb.jpg?ver=1777022315\",\"caption\":\"G\u00e9rard Dawa\"},\"description\":\"G\u00e9rard Dawa, journaliste reporter \u00e0 Afro impact. Titulaire d\u2019une Licence en journalisme obtenue \u00e0 l\u2019ENSTIC au B\u00e9nin, je suis passionn\u00e9 des questions de sant\u00e9, culture et sport. J\u2019ai fait \u00e9galement mes armes \u00e0 la radio et je suis membre actif de la PMS \\\"Plateforme M\u00e9dias et Sant\u00e9\\\" du B\u00e9nin. Je cumule \u00e0 ce jour 8 ans d\u2019exp\u00e9rience en journalisme.\",\"sameAs\":[\"https:\/\/facebook.com\/gerard.dawa.7\"],\"url\":\"https:\/\/www.afro-impact.com\/en\/author\/olaotan\/\"},{\"@type\":\"PostalAddress\",\"@id\":\"https:\/\/www.afro-impact.com\/lutte-contre-lhepatite-loms-exhorte-a-la-mise-en-place-de-soins-decentralises\/#local-main-place-address\",\"streetAddress\":\"Carr\u00e9 2167 Kindonou, Cotonou, BENIN, 07 BP 1128 Cotonou, BENIN\",\"addressLocality\":\"Cotonou\",\"postalCode\":\"+229\",\"addressRegion\":\"Littoral\",\"addressCountry\":\"BJ\"},{\"@type\":\"ImageObject\",\"inLanguage\":\"en-US\",\"@id\":\"https:\/\/www.afro-impact.com\/lutte-contre-lhepatite-loms-exhorte-a-la-mise-en-place-de-soins-decentralises\/#local-main-organization-logo\",\"url\":\"https:\/\/www.afro-impact.com\/wp-content\/uploads\/2022\/01\/logo-afro-impact-share-social.png\",\"contentUrl\":\"https:\/\/www.afro-impact.com\/wp-content\/uploads\/2022\/01\/logo-afro-impact-share-social.png\",\"width\":300,\"height\":300,\"caption\":\"Afro impact\"}]}<\/script>\n<meta name=\"geo.placename\" content=\"Cotonou\" \/>\n<meta name=\"geo.position\" content=\"6.389282121878214;2.3602318590634495\" \/>\n<meta name=\"geo.region\" content=\"Benin\" \/>\n<!-- \/ Yoast SEO Premium plugin. -->","yoast_head_json":{"title":"Fighting hepatitis: WHO urges decentralised care. - Afro impact","description":"The international community is celebrating World Hepatitis Day on Thursday 28 July 2022. The aim is to raise awareness of this \"silent killer\" which causes around 125,000 deaths in Africa every year, despite the availability of treatment.","robots":{"index":"index","follow":"follow","max-snippet":"max-snippet:-1","max-image-preview":"max-image-preview:large","max-video-preview":"max-video-preview:-1"},"canonical":"https:\/\/www.afro-impact.com\/lutte-contre-lhepatite-loms-exhorte-a-la-mise-en-place-de-soins-decentralises\/","og_locale":"en_US","og_type":"article","og_title":"Fighting hepatitis: WHO urges decentralised care. - Afro impact","og_description":"The international community is celebrating World Hepatitis Day on Thursday 28 July 2022. The aim is to raise awareness of this \"silent killer\" which causes around 125,000 deaths in Africa every year, despite the availability of treatment.","og_url":"https:\/\/www.afro-impact.com\/lutte-contre-lhepatite-loms-exhorte-a-la-mise-en-place-de-soins-decentralises\/","og_site_name":"Afro impact","article_publisher":"https:\/\/www.facebook.com\/AfroimpactMag","article_author":"https:\/\/facebook.com\/gerard.dawa.7","article_published_time":"2022-07-28T14:44:21+00:00","article_modified_time":"2022-07-28T21:27:37+00:00","og_image":[{"width":1024,"height":683,"url":"https:\/\/www.afro-impact.com\/wp-content\/uploads\/2022\/07\/journee-mondiale-lutte-hepatite.jpg","type":"image\/jpeg"}],"author":"G\u00e9rard Dawa","twitter_card":"summary_large_image","twitter_creator":"@AfroimpactMag","twitter_site":"@AfroimpactMag","twitter_misc":{"Written by":"G\u00e9rard Dawa","Est. reading time":"3 minutes"},"schema":{"@context":"https:\/\/schema.org","@graph":[{"@type":"NewsArticle","@id":"https:\/\/www.afro-impact.com\/lutte-contre-lhepatite-loms-exhorte-a-la-mise-en-place-de-soins-decentralises\/#article","isPartOf":{"@id":"https:\/\/www.afro-impact.com\/lutte-contre-lhepatite-loms-exhorte-a-la-mise-en-place-de-soins-decentralises\/"},"author":{"name":"G\u00e9rard Dawa","@id":"https:\/\/www.afro-impact.com\/#\/schema\/person\/9e1a68f2554579c3a7a1e5f991745ab3"},"headline":"Fighting hepatitis: WHO urges decentralised care.","datePublished":"2022-07-28T14:44:21+00:00","dateModified":"2022-07-28T21:27:37+00:00","mainEntityOfPage":{"@id":"https:\/\/www.afro-impact.com\/lutte-contre-lhepatite-loms-exhorte-a-la-mise-en-place-de-soins-decentralises\/"},"wordCount":598,"commentCount":0,"publisher":{"@id":"https:\/\/www.afro-impact.com\/#organization"},"image":{"@id":"https:\/\/www.afro-impact.com\/lutte-contre-lhepatite-loms-exhorte-a-la-mise-en-place-de-soins-decentralises\/#primaryimage"},"thumbnailUrl":"https:\/\/www.afro-impact.com\/wp-content\/uploads\/2022\/07\/journee-mondiale-lutte-hepatite.jpg","keywords":["Africa","World Anti-Hepatitis Day"],"articleSection":["Society"],"inLanguage":"en-US","potentialAction":[{"@type":"CommentAction","name":"Comment","target":["https:\/\/www.afro-impact.com\/lutte-contre-lhepatite-loms-exhorte-a-la-mise-en-place-de-soins-decentralises\/#respond"]}],"copyrightYear":"2022","copyrightHolder":{"@id":"https:\/\/www.afro-impact.com\/#organization"}},{"@type":"WebPage","@id":"https:\/\/www.afro-impact.com\/lutte-contre-lhepatite-loms-exhorte-a-la-mise-en-place-de-soins-decentralises\/","url":"https:\/\/www.afro-impact.com\/lutte-contre-lhepatite-loms-exhorte-a-la-mise-en-place-de-soins-decentralises\/","name":"Fighting hepatitis: WHO urges decentralised care. - Afro impact","isPartOf":{"@id":"https:\/\/www.afro-impact.com\/#website"},"primaryImageOfPage":{"@id":"https:\/\/www.afro-impact.com\/lutte-contre-lhepatite-loms-exhorte-a-la-mise-en-place-de-soins-decentralises\/#primaryimage"},"image":{"@id":"https:\/\/www.afro-impact.com\/lutte-contre-lhepatite-loms-exhorte-a-la-mise-en-place-de-soins-decentralises\/#primaryimage"},"thumbnailUrl":"https:\/\/www.afro-impact.com\/wp-content\/uploads\/2022\/07\/journee-mondiale-lutte-hepatite.jpg","datePublished":"2022-07-28T14:44:21+00:00","dateModified":"2022-07-28T21:27:37+00:00","description":"The international community is celebrating World Hepatitis Day on Thursday 28 July 2022. The aim is to raise awareness of this \"silent killer\" which causes around 125,000 deaths in Africa every year, despite the availability of treatment.","breadcrumb":{"@id":"https:\/\/www.afro-impact.com\/lutte-contre-lhepatite-loms-exhorte-a-la-mise-en-place-de-soins-decentralises\/#breadcrumb"},"inLanguage":"en-US","potentialAction":[{"@type":"ReadAction","target":["https:\/\/www.afro-impact.com\/lutte-contre-lhepatite-loms-exhorte-a-la-mise-en-place-de-soins-decentralises\/"]}]},{"@type":"ImageObject","inLanguage":"en-US","@id":"https:\/\/www.afro-impact.com\/lutte-contre-lhepatite-loms-exhorte-a-la-mise-en-place-de-soins-decentralises\/#primaryimage","url":"https:\/\/www.afro-impact.com\/wp-content\/uploads\/2022\/07\/journee-mondiale-lutte-hepatite.jpg","contentUrl":"https:\/\/www.afro-impact.com\/wp-content\/uploads\/2022\/07\/journee-mondiale-lutte-hepatite.jpg","width":1024,"height":683,"caption":"28 July, World Anti-hepatitis Day \u00a9Uniquenews"},{"@type":"BreadcrumbList","@id":"https:\/\/www.afro-impact.com\/lutte-contre-lhepatite-loms-exhorte-a-la-mise-en-place-de-soins-decentralises\/#breadcrumb","itemListElement":[{"@type":"ListItem","position":1,"name":"News","item":"https:\/\/www.afro-impact.com\/"},{"@type":"ListItem","position":2,"name":"Soci\u00e9t\u00e9","item":"https:\/\/www.afro-impact.com\/societe\/"},{"@type":"ListItem","position":3,"name":"Fighting hepatitis: WHO urges decentralised care."}]},{"@type":"WebSite","@id":"https:\/\/www.afro-impact.com\/#website","url":"https:\/\/www.afro-impact.com\/","name":"Afro impact","description":"L&#039;Afrique vu autrement","publisher":{"@id":"https:\/\/www.afro-impact.com\/#organization"},"potentialAction":[{"@type":"SearchAction","target":{"@type":"EntryPoint","urlTemplate":"https:\/\/www.afro-impact.com\/?s={search_term_string}"},"query-input":{"@type":"PropertyValueSpecification","valueRequired":true,"valueName":"search_term_string"}}],"inLanguage":"en-US"},{"@type":["Organization","Place"],"@id":"https:\/\/www.afro-impact.com\/#organization","name":"Afro impact","alternateName":"carrecube","url":"https:\/\/www.afro-impact.com\/","logo":{"@id":"https:\/\/www.afro-impact.com\/lutte-contre-lhepatite-loms-exhorte-a-la-mise-en-place-de-soins-decentralises\/#local-main-organization-logo"},"image":{"@id":"https:\/\/www.afro-impact.com\/lutte-contre-lhepatite-loms-exhorte-a-la-mise-en-place-de-soins-decentralises\/#local-main-organization-logo"},"sameAs":["https:\/\/www.facebook.com\/AfroimpactMag","https:\/\/x.com\/AfroimpactMag","https:\/\/www.youtube.com\/channel\/UCJNIRcX4sVo487fhv0p5KDw"],"publishingPrinciples":"https:\/\/www.afro-impact.com\/a-propos-magazine-afro-impact\/","ownershipFundingInfo":"https:\/\/www.afro-impact.com\/mentions-legales\/","actionableFeedbackPolicy":"https:\/\/www.afro-impact.com\/conditions-generales\/","correctionsPolicy":"https:\/\/www.afro-impact.com\/dmca-retrait\/","address":{"@id":"https:\/\/www.afro-impact.com\/lutte-contre-lhepatite-loms-exhorte-a-la-mise-en-place-de-soins-decentralises\/#local-main-place-address"},"geo":{"@type":"GeoCoordinates","latitude":"6.389282121878214","longitude":"2.3602318590634495"},"telephone":["+229 54900806"],"openingHoursSpecification":[{"@type":"OpeningHoursSpecification","dayOfWeek":["Monday","Tuesday","Wednesday","Thursday","Friday","Saturday","Sunday"],"opens":"00:00","closes":"23:59"}],"email":"redaction@afro-impact.com","vatID":"0 2022 1395 5557"},{"@type":"Person","@id":"https:\/\/www.afro-impact.com\/#\/schema\/person\/9e1a68f2554579c3a7a1e5f991745ab3","name":"G\u00e9rard Dawa","image":{"@type":"ImageObject","inLanguage":"en-US","@id":"https:\/\/www.afro-impact.com\/#\/schema\/person\/image\/","url":"https:\/\/www.afro-impact.com\/wp-content\/litespeed\/avatar\/583d018ae6f04b98bfc8484594fa52eb.jpg?ver=1777022315","contentUrl":"https:\/\/www.afro-impact.com\/wp-content\/litespeed\/avatar\/583d018ae6f04b98bfc8484594fa52eb.jpg?ver=1777022315","caption":"G\u00e9rard Dawa"},"description":"G\u00e9rard Dawa, journaliste reporter \u00e0 Afro impact. Titulaire d\u2019une Licence en journalisme obtenue \u00e0 l\u2019ENSTIC au B\u00e9nin, je suis passionn\u00e9 des questions de sant\u00e9, culture et sport. J\u2019ai fait \u00e9galement mes armes \u00e0 la radio et je suis membre actif de la PMS \"Plateforme M\u00e9dias et Sant\u00e9\" du B\u00e9nin. Je cumule \u00e0 ce jour 8 ans d\u2019exp\u00e9rience en journalisme.","sameAs":["https:\/\/facebook.com\/gerard.dawa.7"],"url":"https:\/\/www.afro-impact.com\/en\/author\/olaotan\/"},{"@type":"PostalAddress","@id":"https:\/\/www.afro-impact.com\/lutte-contre-lhepatite-loms-exhorte-a-la-mise-en-place-de-soins-decentralises\/#local-main-place-address","streetAddress":"Carr\u00e9 2167 Kindonou, Cotonou, BENIN, 07 BP 1128 Cotonou, BENIN","addressLocality":"Cotonou","postalCode":"+229","addressRegion":"Littoral","addressCountry":"BJ"},{"@type":"ImageObject","inLanguage":"en-US","@id":"https:\/\/www.afro-impact.com\/lutte-contre-lhepatite-loms-exhorte-a-la-mise-en-place-de-soins-decentralises\/#local-main-organization-logo","url":"https:\/\/www.afro-impact.com\/wp-content\/uploads\/2022\/01\/logo-afro-impact-share-social.png","contentUrl":"https:\/\/www.afro-impact.com\/wp-content\/uploads\/2022\/01\/logo-afro-impact-share-social.png","width":300,"height":300,"caption":"Afro impact"}]},"geo.placename":"Cotonou","geo.position":{"lat":"6.389282121878214","long":"2.3602318590634495"},"geo.region":"Benin"},"_links":{"self":[{"href":"https:\/\/www.afro-impact.com\/en\/wp-json\/wp\/v2\/posts\/9493","targetHints":{"allow":["GET"]}}],"collection":[{"href":"https:\/\/www.afro-impact.com\/en\/wp-json\/wp\/v2\/posts"}],"about":[{"href":"https:\/\/www.afro-impact.com\/en\/wp-json\/wp\/v2\/types\/post"}],"author":[{"embeddable":true,"href":"https:\/\/www.afro-impact.com\/en\/wp-json\/wp\/v2\/users\/18"}],"replies":[{"embeddable":true,"href":"https:\/\/www.afro-impact.com\/en\/wp-json\/wp\/v2\/comments?post=9493"}],"version-history":[{"count":0,"href":"https:\/\/www.afro-impact.com\/en\/wp-json\/wp\/v2\/posts\/9493\/revisions"}],"wp:featuredmedia":[{"embeddable":true,"href":"https:\/\/www.afro-impact.com\/en\/wp-json\/wp\/v2\/media\/9474"}],"wp:attachment":[{"href":"https:\/\/www.afro-impact.com\/en\/wp-json\/wp\/v2\/media?parent=9493"}],"wp:term":[{"taxonomy":"category","embeddable":true,"href":"https:\/\/www.afro-impact.com\/en\/wp-json\/wp\/v2\/categories?post=9493"},{"taxonomy":"post_tag","embeddable":true,"href":"https:\/\/www.afro-impact.com\/en\/wp-json\/wp\/v2\/tags?post=9493"}],"curies":[{"name":"wp","href":"https:\/\/api.w.org\/{rel}","templated":true}]}}