{"id":9597,"date":"2022-08-01T20:00:17","date_gmt":"2022-08-01T19:00:17","guid":{"rendered":"https:\/\/www.afro-impact.com\/62-years-of-benins-independence-the-fight-against-terrorism-is-a-priority\/"},"modified":"2022-08-02T20:10:47","modified_gmt":"2022-08-02T19:10:47","slug":"62-years-of-benins-independence-the-fight-against-terrorism-is-a-priority","status":"publish","type":"post","link":"https:\/\/www.afro-impact.com\/en\/62-years-of-benins-independence-the-fight-against-terrorism-is-a-priority\/","title":{"rendered":"62 years of Benin&#8217;s independence: The fight against terrorism is a priority."},"content":{"rendered":"\n<p><strong>The Beninese people commemorated this Monday, 1 August 2022, its 62nd anniversary of accession to international sovereignty. The official events took place on the Boulevard of the Marina in Cotonou. Military and paramilitary parades and some artistic performances in memory of the Amazons and the warrior chief Bio Gu\u00e9ra were the highlights of the celebration. But for the occasion, the Head of State Patrice Talon did not make any speech as in the past.<\/strong><\/p>\n\n<p>It was around 9.45am on the morning of Monday 1 August 2022 when the motorcade of the President of the Republic Patrice Talon arrived at the Mathieu Gardens. In front of the obelisk dedicated to the children of Benin devoted to the game, the Beninese number 1 sacrificed the traditional wreath laying. After this solemn act, the official site of the events was set up on the Boulevard of the Marina in Cotonou, a few metres from the Amazon monument.<\/p>\n\n<h2 class=\"wp-block-heading\" id=\"h-la-lutte-contre-le-terrorisme-au-coeur-de-la-celebration\"><strong>The fight against terrorism at the heart of the celebration.<\/strong><\/h2>\n\n<p><br\/>The 62nd anniversary of Benin&#8217;s independence takes place in a very special context: terrorism. A phenomenon that the country has been experiencing since December 2021 on its northern borders. Hence the theme &#8220;Defence and Security Forces in Synergy of Action against Terrorism&#8221; as a reminder of the commitment of men in uniform to respond to the complex security challenges of today.<\/p>\n\n<h2 class=\"wp-block-heading\" id=\"la-garde-nationale-la-derniere-nee-de-l-armee-mise-en-lumiere\"><strong>The National Guard, the latest addition to the army, in the spotlight.<\/strong><\/h2>\n\n<p>Since 1960, the Beninese people have always had a pedestrian parade and a motorcade. But the 2022 edition is a little different. Under the command of Colonel Saturnin Ob\u00e9lakou, the National Guard had its first parade. This armed forces unit is made up of men and women who are highly trained to deal with the most sensitive security needs. In short, it is a highly versatile unit of elite soldiers ready to intervene wherever needed.<\/p>\n\n<h2 class=\"wp-block-heading\" id=\"prestations-artistiques-inedites\"><strong>Unprecedented artistic performances.<\/strong><\/h2>\n\n<p>Since the advent of the regime of the rupture, the civilian parade is no longer appropriate as it used to be. This year, President Patrice Talon opted instead for an artistic performance that praised the bravery of Benin&#8217;s heroes. Thus, the troupe &#8221;les Agoodji\u00e9&#8221; performed dance steps in honour of Queen Tassi Hangb\u00e9, the founder of the famous troupe of Amazons. The voice of the artist Kalamoulaye recalled the heroism of Bio Gu\u00e9ra, the great warrior who fought the colonists at the expense of his life and whose monument is erected at the entrance to the Cardinal Bernardin Gantin International Airport in Cotonou. The melodious voice of the girls from CEG Gouako-Kotoclom\u00e8 thrilled many and received the congratulations of the President of the Republic who expressed his deep emotion.<\/p>\n\n<h2 class=\"wp-block-heading\" id=\"nicephore-soglo-boni-yayi-et-autres-presents-a-la-ceremonie\"><strong>Nic\u00e9phore Soglo, Boni Yayi and others present at the ceremony.<\/strong><\/h2>\n\n<p><br\/>The entire political class of Benin responded to the call of the fatherland. The two former presidents of the Republic, Nic\u00e9phore Soglo and Thomas Boni Yayi, the presidents of institutions and religious leaders at various levels marked this 62nd anniversary with their presence. An act that demonstrates once again the attachment of the Beninese to peace and unity despite political differences.<\/p>\n\n<p>At the end of the ceremony, the President of the Republic Patrice Talon went to greet his guests before retiring under the joyful cries of the people who chanted &#8220;Pr\u00e9go&#8221;, the abbreviation of President.<\/p>\n","protected":false},"excerpt":{"rendered":"<p>Benin celebrated 62 years of independence on Monday 1 August 2022. The ceremony took place on the Boulevard of the Marina in Cotonou. The two former presidents and several other personalities were present. <\/p>\n","protected":false},"author":18,"featured_media":9582,"comment_status":"open","ping_status":"open","sticky":false,"template":"","format":"standard","meta":{"footnotes":""},"categories":[1476],"tags":[],"class_list":{"0":"post-9597","1":"post","2":"type-post","3":"status-publish","4":"format-standard","5":"has-post-thumbnail","7":"category-politics"},"yoast_head":"<!-- This site is optimized with the Yoast SEO Premium plugin v25.5 (Yoast SEO v25.5) - https:\/\/yoast.com\/wordpress\/plugins\/seo\/ -->\n<title>62 years of Benin&#039;s independence: The fight against terrorism is a priority. - Afro impact<\/title>\n<meta name=\"description\" content=\"The Beninese people commemorated this Monday, 1 August 2022, its 62nd anniversary of accession to international sovereignty. The official events took place on the Boulevard of the Marina in Cotonou. Military and paramilitary parades and some artistic performances in memory of the Amazons and the warrior chief Bio Gu\u00e9ra were the highlights of the celebration. But for the occasion, the Head of State Patrice Talon did not make any speech as in the past.\" \/>\n<meta name=\"robots\" content=\"index, follow, max-snippet:-1, max-image-preview:large, max-video-preview:-1\" \/>\n<link rel=\"canonical\" href=\"https:\/\/www.afro-impact.com\/62-ans-dindependance-du-benin-la-lutte-contre-le-terrorisme-une-priorite\/\" \/>\n<meta property=\"og:locale\" content=\"en_US\" \/>\n<meta property=\"og:type\" content=\"article\" \/>\n<meta property=\"og:title\" content=\"62 years of Benin&#039;s independence: The fight against terrorism is a priority. - Afro impact\" \/>\n<meta property=\"og:description\" content=\"The Beninese people commemorated this Monday, 1 August 2022, its 62nd anniversary of accession to international sovereignty. The official events took place on the Boulevard of the Marina in Cotonou. Military and paramilitary parades and some artistic performances in memory of the Amazons and the warrior chief Bio Gu\u00e9ra were the highlights of the celebration. But for the occasion, the Head of State Patrice Talon did not make any speech as in the past.\" \/>\n<meta property=\"og:url\" content=\"https:\/\/www.afro-impact.com\/62-ans-dindependance-du-benin-la-lutte-contre-le-terrorisme-une-priorite\/\" \/>\n<meta property=\"og:site_name\" content=\"Afro impact\" \/>\n<meta property=\"article:publisher\" content=\"https:\/\/www.facebook.com\/AfroimpactMag\" \/>\n<meta property=\"article:author\" content=\"https:\/\/facebook.com\/gerard.dawa.7\" \/>\n<meta property=\"article:published_time\" content=\"2022-08-01T19:00:17+00:00\" \/>\n<meta property=\"article:modified_time\" content=\"2022-08-02T19:10:47+00:00\" \/>\n<meta property=\"og:image\" content=\"https:\/\/www.afro-impact.com\/wp-content\/uploads\/2022\/08\/FB_IMG_16593613551910972.jpg\" \/>\n\t<meta property=\"og:image:width\" content=\"720\" \/>\n\t<meta property=\"og:image:height\" content=\"691\" \/>\n\t<meta property=\"og:image:type\" content=\"image\/jpeg\" \/>\n<meta name=\"author\" content=\"G\u00e9rard Dawa\" \/>\n<meta name=\"twitter:card\" content=\"summary_large_image\" \/>\n<meta name=\"twitter:creator\" content=\"@AfroimpactMag\" \/>\n<meta name=\"twitter:site\" content=\"@AfroimpactMag\" \/>\n<meta name=\"twitter:label1\" content=\"Written by\" \/>\n\t<meta name=\"twitter:data1\" content=\"G\u00e9rard Dawa\" \/>\n\t<meta name=\"twitter:label2\" content=\"Est. reading time\" \/>\n\t<meta name=\"twitter:data2\" content=\"3 minutes\" \/>\n<script type=\"application\/ld+json\" class=\"yoast-schema-graph\">{\"@context\":\"https:\/\/schema.org\",\"@graph\":[{\"@type\":\"NewsArticle\",\"@id\":\"https:\/\/www.afro-impact.com\/62-ans-dindependance-du-benin-la-lutte-contre-le-terrorisme-une-priorite\/#article\",\"isPartOf\":{\"@id\":\"https:\/\/www.afro-impact.com\/62-ans-dindependance-du-benin-la-lutte-contre-le-terrorisme-une-priorite\/\"},\"author\":{\"name\":\"G\u00e9rard Dawa\",\"@id\":\"https:\/\/www.afro-impact.com\/#\/schema\/person\/9e1a68f2554579c3a7a1e5f991745ab3\"},\"headline\":\"62 years of Benin&#8217;s independence: The fight against terrorism is a priority.\",\"datePublished\":\"2022-08-01T19:00:17+00:00\",\"dateModified\":\"2022-08-02T19:10:47+00:00\",\"mainEntityOfPage\":{\"@id\":\"https:\/\/www.afro-impact.com\/62-ans-dindependance-du-benin-la-lutte-contre-le-terrorisme-une-priorite\/\"},\"wordCount\":561,\"commentCount\":0,\"publisher\":{\"@id\":\"https:\/\/www.afro-impact.com\/#organization\"},\"image\":{\"@id\":\"https:\/\/www.afro-impact.com\/62-ans-dindependance-du-benin-la-lutte-contre-le-terrorisme-une-priorite\/#primaryimage\"},\"thumbnailUrl\":\"https:\/\/www.afro-impact.com\/wp-content\/uploads\/2022\/08\/FB_IMG_16593613551910972.jpg\",\"articleSection\":[\"Politics\"],\"inLanguage\":\"en-US\",\"potentialAction\":[{\"@type\":\"CommentAction\",\"name\":\"Comment\",\"target\":[\"https:\/\/www.afro-impact.com\/62-ans-dindependance-du-benin-la-lutte-contre-le-terrorisme-une-priorite\/#respond\"]}],\"copyrightYear\":\"2022\",\"copyrightHolder\":{\"@id\":\"https:\/\/www.afro-impact.com\/#organization\"}},{\"@type\":\"WebPage\",\"@id\":\"https:\/\/www.afro-impact.com\/62-ans-dindependance-du-benin-la-lutte-contre-le-terrorisme-une-priorite\/\",\"url\":\"https:\/\/www.afro-impact.com\/62-ans-dindependance-du-benin-la-lutte-contre-le-terrorisme-une-priorite\/\",\"name\":\"62 years of Benin's independence: The fight against terrorism is a priority. - Afro impact\",\"isPartOf\":{\"@id\":\"https:\/\/www.afro-impact.com\/#website\"},\"primaryImageOfPage\":{\"@id\":\"https:\/\/www.afro-impact.com\/62-ans-dindependance-du-benin-la-lutte-contre-le-terrorisme-une-priorite\/#primaryimage\"},\"image\":{\"@id\":\"https:\/\/www.afro-impact.com\/62-ans-dindependance-du-benin-la-lutte-contre-le-terrorisme-une-priorite\/#primaryimage\"},\"thumbnailUrl\":\"https:\/\/www.afro-impact.com\/wp-content\/uploads\/2022\/08\/FB_IMG_16593613551910972.jpg\",\"datePublished\":\"2022-08-01T19:00:17+00:00\",\"dateModified\":\"2022-08-02T19:10:47+00:00\",\"description\":\"The Beninese people commemorated this Monday, 1 August 2022, its 62nd anniversary of accession to international sovereignty. The official events took place on the Boulevard of the Marina in Cotonou. Military and paramilitary parades and some artistic performances in memory of the Amazons and the warrior chief Bio Gu\u00e9ra were the highlights of the celebration. But for the occasion, the Head of State Patrice Talon did not make any speech as in the past.\",\"breadcrumb\":{\"@id\":\"https:\/\/www.afro-impact.com\/62-ans-dindependance-du-benin-la-lutte-contre-le-terrorisme-une-priorite\/#breadcrumb\"},\"inLanguage\":\"en-US\",\"potentialAction\":[{\"@type\":\"ReadAction\",\"target\":[\"https:\/\/www.afro-impact.com\/62-ans-dindependance-du-benin-la-lutte-contre-le-terrorisme-une-priorite\/\"]}]},{\"@type\":\"ImageObject\",\"inLanguage\":\"en-US\",\"@id\":\"https:\/\/www.afro-impact.com\/62-ans-dindependance-du-benin-la-lutte-contre-le-terrorisme-une-priorite\/#primaryimage\",\"url\":\"https:\/\/www.afro-impact.com\/wp-content\/uploads\/2022\/08\/FB_IMG_16593613551910972.jpg\",\"contentUrl\":\"https:\/\/www.afro-impact.com\/wp-content\/uploads\/2022\/08\/FB_IMG_16593613551910972.jpg\",\"width\":720,\"height\":691,\"caption\":\"\u00a9Benin Government.\"},{\"@type\":\"BreadcrumbList\",\"@id\":\"https:\/\/www.afro-impact.com\/62-ans-dindependance-du-benin-la-lutte-contre-le-terrorisme-une-priorite\/#breadcrumb\",\"itemListElement\":[{\"@type\":\"ListItem\",\"position\":1,\"name\":\"News\",\"item\":\"https:\/\/www.afro-impact.com\/\"},{\"@type\":\"ListItem\",\"position\":2,\"name\":\"Politique\",\"item\":\"https:\/\/www.afro-impact.com\/politique\/\"},{\"@type\":\"ListItem\",\"position\":3,\"name\":\"62 years of Benin&rsquo;s independence: The fight against terrorism is a priority.\"}]},{\"@type\":\"WebSite\",\"@id\":\"https:\/\/www.afro-impact.com\/#website\",\"url\":\"https:\/\/www.afro-impact.com\/\",\"name\":\"Afro impact\",\"description\":\"L&#039;Afrique vu autrement\",\"publisher\":{\"@id\":\"https:\/\/www.afro-impact.com\/#organization\"},\"potentialAction\":[{\"@type\":\"SearchAction\",\"target\":{\"@type\":\"EntryPoint\",\"urlTemplate\":\"https:\/\/www.afro-impact.com\/?s={search_term_string}\"},\"query-input\":{\"@type\":\"PropertyValueSpecification\",\"valueRequired\":true,\"valueName\":\"search_term_string\"}}],\"inLanguage\":\"en-US\"},{\"@type\":[\"Organization\",\"Place\"],\"@id\":\"https:\/\/www.afro-impact.com\/#organization\",\"name\":\"Afro impact\",\"alternateName\":\"carrecube\",\"url\":\"https:\/\/www.afro-impact.com\/\",\"logo\":{\"@id\":\"https:\/\/www.afro-impact.com\/62-ans-dindependance-du-benin-la-lutte-contre-le-terrorisme-une-priorite\/#local-main-organization-logo\"},\"image\":{\"@id\":\"https:\/\/www.afro-impact.com\/62-ans-dindependance-du-benin-la-lutte-contre-le-terrorisme-une-priorite\/#local-main-organization-logo\"},\"sameAs\":[\"https:\/\/www.facebook.com\/AfroimpactMag\",\"https:\/\/x.com\/AfroimpactMag\",\"https:\/\/www.youtube.com\/channel\/UCJNIRcX4sVo487fhv0p5KDw\"],\"publishingPrinciples\":\"https:\/\/www.afro-impact.com\/a-propos-magazine-afro-impact\/\",\"ownershipFundingInfo\":\"https:\/\/www.afro-impact.com\/mentions-legales\/\",\"actionableFeedbackPolicy\":\"https:\/\/www.afro-impact.com\/conditions-generales\/\",\"correctionsPolicy\":\"https:\/\/www.afro-impact.com\/dmca-retrait\/\",\"address\":{\"@id\":\"https:\/\/www.afro-impact.com\/62-ans-dindependance-du-benin-la-lutte-contre-le-terrorisme-une-priorite\/#local-main-place-address\"},\"geo\":{\"@type\":\"GeoCoordinates\",\"latitude\":\"6.389282121878214\",\"longitude\":\"2.3602318590634495\"},\"telephone\":[\"+229 54900806\"],\"openingHoursSpecification\":[{\"@type\":\"OpeningHoursSpecification\",\"dayOfWeek\":[\"Monday\",\"Tuesday\",\"Wednesday\",\"Thursday\",\"Friday\",\"Saturday\",\"Sunday\"],\"opens\":\"00:00\",\"closes\":\"23:59\"}],\"email\":\"redaction@afro-impact.com\",\"vatID\":\"0 2022 1395 5557\"},{\"@type\":\"Person\",\"@id\":\"https:\/\/www.afro-impact.com\/#\/schema\/person\/9e1a68f2554579c3a7a1e5f991745ab3\",\"name\":\"G\u00e9rard Dawa\",\"image\":{\"@type\":\"ImageObject\",\"inLanguage\":\"en-US\",\"@id\":\"https:\/\/www.afro-impact.com\/#\/schema\/person\/image\/\",\"url\":\"https:\/\/www.afro-impact.com\/wp-content\/litespeed\/avatar\/583d018ae6f04b98bfc8484594fa52eb.jpg?ver=1777022315\",\"contentUrl\":\"https:\/\/www.afro-impact.com\/wp-content\/litespeed\/avatar\/583d018ae6f04b98bfc8484594fa52eb.jpg?ver=1777022315\",\"caption\":\"G\u00e9rard Dawa\"},\"description\":\"G\u00e9rard Dawa, journaliste reporter \u00e0 Afro impact. Titulaire d\u2019une Licence en journalisme obtenue \u00e0 l\u2019ENSTIC au B\u00e9nin, je suis passionn\u00e9 des questions de sant\u00e9, culture et sport. J\u2019ai fait \u00e9galement mes armes \u00e0 la radio et je suis membre actif de la PMS \\\"Plateforme M\u00e9dias et Sant\u00e9\\\" du B\u00e9nin. Je cumule \u00e0 ce jour 8 ans d\u2019exp\u00e9rience en journalisme.\",\"sameAs\":[\"https:\/\/facebook.com\/gerard.dawa.7\"],\"url\":\"https:\/\/www.afro-impact.com\/en\/author\/olaotan\/\"},{\"@type\":\"PostalAddress\",\"@id\":\"https:\/\/www.afro-impact.com\/62-ans-dindependance-du-benin-la-lutte-contre-le-terrorisme-une-priorite\/#local-main-place-address\",\"streetAddress\":\"Carr\u00e9 2167 Kindonou, Cotonou, BENIN, 07 BP 1128 Cotonou, BENIN\",\"addressLocality\":\"Cotonou\",\"postalCode\":\"+229\",\"addressRegion\":\"Littoral\",\"addressCountry\":\"BJ\"},{\"@type\":\"ImageObject\",\"inLanguage\":\"en-US\",\"@id\":\"https:\/\/www.afro-impact.com\/62-ans-dindependance-du-benin-la-lutte-contre-le-terrorisme-une-priorite\/#local-main-organization-logo\",\"url\":\"https:\/\/www.afro-impact.com\/wp-content\/uploads\/2022\/01\/logo-afro-impact-share-social.png\",\"contentUrl\":\"https:\/\/www.afro-impact.com\/wp-content\/uploads\/2022\/01\/logo-afro-impact-share-social.png\",\"width\":300,\"height\":300,\"caption\":\"Afro impact\"}]}<\/script>\n<meta name=\"geo.placename\" content=\"Cotonou\" \/>\n<meta name=\"geo.position\" content=\"6.389282121878214;2.3602318590634495\" \/>\n<meta name=\"geo.region\" content=\"Benin\" \/>\n<!-- \/ Yoast SEO Premium plugin. -->","yoast_head_json":{"title":"62 years of Benin's independence: The fight against terrorism is a priority. - Afro impact","description":"The Beninese people commemorated this Monday, 1 August 2022, its 62nd anniversary of accession to international sovereignty. The official events took place on the Boulevard of the Marina in Cotonou. Military and paramilitary parades and some artistic performances in memory of the Amazons and the warrior chief Bio Gu\u00e9ra were the highlights of the celebration. But for the occasion, the Head of State Patrice Talon did not make any speech as in the past.","robots":{"index":"index","follow":"follow","max-snippet":"max-snippet:-1","max-image-preview":"max-image-preview:large","max-video-preview":"max-video-preview:-1"},"canonical":"https:\/\/www.afro-impact.com\/62-ans-dindependance-du-benin-la-lutte-contre-le-terrorisme-une-priorite\/","og_locale":"en_US","og_type":"article","og_title":"62 years of Benin's independence: The fight against terrorism is a priority. - Afro impact","og_description":"The Beninese people commemorated this Monday, 1 August 2022, its 62nd anniversary of accession to international sovereignty. The official events took place on the Boulevard of the Marina in Cotonou. Military and paramilitary parades and some artistic performances in memory of the Amazons and the warrior chief Bio Gu\u00e9ra were the highlights of the celebration. But for the occasion, the Head of State Patrice Talon did not make any speech as in the past.","og_url":"https:\/\/www.afro-impact.com\/62-ans-dindependance-du-benin-la-lutte-contre-le-terrorisme-une-priorite\/","og_site_name":"Afro impact","article_publisher":"https:\/\/www.facebook.com\/AfroimpactMag","article_author":"https:\/\/facebook.com\/gerard.dawa.7","article_published_time":"2022-08-01T19:00:17+00:00","article_modified_time":"2022-08-02T19:10:47+00:00","og_image":[{"width":720,"height":691,"url":"https:\/\/www.afro-impact.com\/wp-content\/uploads\/2022\/08\/FB_IMG_16593613551910972.jpg","type":"image\/jpeg"}],"author":"G\u00e9rard Dawa","twitter_card":"summary_large_image","twitter_creator":"@AfroimpactMag","twitter_site":"@AfroimpactMag","twitter_misc":{"Written by":"G\u00e9rard Dawa","Est. reading time":"3 minutes"},"schema":{"@context":"https:\/\/schema.org","@graph":[{"@type":"NewsArticle","@id":"https:\/\/www.afro-impact.com\/62-ans-dindependance-du-benin-la-lutte-contre-le-terrorisme-une-priorite\/#article","isPartOf":{"@id":"https:\/\/www.afro-impact.com\/62-ans-dindependance-du-benin-la-lutte-contre-le-terrorisme-une-priorite\/"},"author":{"name":"G\u00e9rard Dawa","@id":"https:\/\/www.afro-impact.com\/#\/schema\/person\/9e1a68f2554579c3a7a1e5f991745ab3"},"headline":"62 years of Benin&#8217;s independence: The fight against terrorism is a priority.","datePublished":"2022-08-01T19:00:17+00:00","dateModified":"2022-08-02T19:10:47+00:00","mainEntityOfPage":{"@id":"https:\/\/www.afro-impact.com\/62-ans-dindependance-du-benin-la-lutte-contre-le-terrorisme-une-priorite\/"},"wordCount":561,"commentCount":0,"publisher":{"@id":"https:\/\/www.afro-impact.com\/#organization"},"image":{"@id":"https:\/\/www.afro-impact.com\/62-ans-dindependance-du-benin-la-lutte-contre-le-terrorisme-une-priorite\/#primaryimage"},"thumbnailUrl":"https:\/\/www.afro-impact.com\/wp-content\/uploads\/2022\/08\/FB_IMG_16593613551910972.jpg","articleSection":["Politics"],"inLanguage":"en-US","potentialAction":[{"@type":"CommentAction","name":"Comment","target":["https:\/\/www.afro-impact.com\/62-ans-dindependance-du-benin-la-lutte-contre-le-terrorisme-une-priorite\/#respond"]}],"copyrightYear":"2022","copyrightHolder":{"@id":"https:\/\/www.afro-impact.com\/#organization"}},{"@type":"WebPage","@id":"https:\/\/www.afro-impact.com\/62-ans-dindependance-du-benin-la-lutte-contre-le-terrorisme-une-priorite\/","url":"https:\/\/www.afro-impact.com\/62-ans-dindependance-du-benin-la-lutte-contre-le-terrorisme-une-priorite\/","name":"62 years of Benin's independence: The fight against terrorism is a priority. - Afro impact","isPartOf":{"@id":"https:\/\/www.afro-impact.com\/#website"},"primaryImageOfPage":{"@id":"https:\/\/www.afro-impact.com\/62-ans-dindependance-du-benin-la-lutte-contre-le-terrorisme-une-priorite\/#primaryimage"},"image":{"@id":"https:\/\/www.afro-impact.com\/62-ans-dindependance-du-benin-la-lutte-contre-le-terrorisme-une-priorite\/#primaryimage"},"thumbnailUrl":"https:\/\/www.afro-impact.com\/wp-content\/uploads\/2022\/08\/FB_IMG_16593613551910972.jpg","datePublished":"2022-08-01T19:00:17+00:00","dateModified":"2022-08-02T19:10:47+00:00","description":"The Beninese people commemorated this Monday, 1 August 2022, its 62nd anniversary of accession to international sovereignty. The official events took place on the Boulevard of the Marina in Cotonou. Military and paramilitary parades and some artistic performances in memory of the Amazons and the warrior chief Bio Gu\u00e9ra were the highlights of the celebration. But for the occasion, the Head of State Patrice Talon did not make any speech as in the past.","breadcrumb":{"@id":"https:\/\/www.afro-impact.com\/62-ans-dindependance-du-benin-la-lutte-contre-le-terrorisme-une-priorite\/#breadcrumb"},"inLanguage":"en-US","potentialAction":[{"@type":"ReadAction","target":["https:\/\/www.afro-impact.com\/62-ans-dindependance-du-benin-la-lutte-contre-le-terrorisme-une-priorite\/"]}]},{"@type":"ImageObject","inLanguage":"en-US","@id":"https:\/\/www.afro-impact.com\/62-ans-dindependance-du-benin-la-lutte-contre-le-terrorisme-une-priorite\/#primaryimage","url":"https:\/\/www.afro-impact.com\/wp-content\/uploads\/2022\/08\/FB_IMG_16593613551910972.jpg","contentUrl":"https:\/\/www.afro-impact.com\/wp-content\/uploads\/2022\/08\/FB_IMG_16593613551910972.jpg","width":720,"height":691,"caption":"\u00a9Benin Government."},{"@type":"BreadcrumbList","@id":"https:\/\/www.afro-impact.com\/62-ans-dindependance-du-benin-la-lutte-contre-le-terrorisme-une-priorite\/#breadcrumb","itemListElement":[{"@type":"ListItem","position":1,"name":"News","item":"https:\/\/www.afro-impact.com\/"},{"@type":"ListItem","position":2,"name":"Politique","item":"https:\/\/www.afro-impact.com\/politique\/"},{"@type":"ListItem","position":3,"name":"62 years of Benin&rsquo;s independence: The fight against terrorism is a priority."}]},{"@type":"WebSite","@id":"https:\/\/www.afro-impact.com\/#website","url":"https:\/\/www.afro-impact.com\/","name":"Afro impact","description":"L&#039;Afrique vu autrement","publisher":{"@id":"https:\/\/www.afro-impact.com\/#organization"},"potentialAction":[{"@type":"SearchAction","target":{"@type":"EntryPoint","urlTemplate":"https:\/\/www.afro-impact.com\/?s={search_term_string}"},"query-input":{"@type":"PropertyValueSpecification","valueRequired":true,"valueName":"search_term_string"}}],"inLanguage":"en-US"},{"@type":["Organization","Place"],"@id":"https:\/\/www.afro-impact.com\/#organization","name":"Afro impact","alternateName":"carrecube","url":"https:\/\/www.afro-impact.com\/","logo":{"@id":"https:\/\/www.afro-impact.com\/62-ans-dindependance-du-benin-la-lutte-contre-le-terrorisme-une-priorite\/#local-main-organization-logo"},"image":{"@id":"https:\/\/www.afro-impact.com\/62-ans-dindependance-du-benin-la-lutte-contre-le-terrorisme-une-priorite\/#local-main-organization-logo"},"sameAs":["https:\/\/www.facebook.com\/AfroimpactMag","https:\/\/x.com\/AfroimpactMag","https:\/\/www.youtube.com\/channel\/UCJNIRcX4sVo487fhv0p5KDw"],"publishingPrinciples":"https:\/\/www.afro-impact.com\/a-propos-magazine-afro-impact\/","ownershipFundingInfo":"https:\/\/www.afro-impact.com\/mentions-legales\/","actionableFeedbackPolicy":"https:\/\/www.afro-impact.com\/conditions-generales\/","correctionsPolicy":"https:\/\/www.afro-impact.com\/dmca-retrait\/","address":{"@id":"https:\/\/www.afro-impact.com\/62-ans-dindependance-du-benin-la-lutte-contre-le-terrorisme-une-priorite\/#local-main-place-address"},"geo":{"@type":"GeoCoordinates","latitude":"6.389282121878214","longitude":"2.3602318590634495"},"telephone":["+229 54900806"],"openingHoursSpecification":[{"@type":"OpeningHoursSpecification","dayOfWeek":["Monday","Tuesday","Wednesday","Thursday","Friday","Saturday","Sunday"],"opens":"00:00","closes":"23:59"}],"email":"redaction@afro-impact.com","vatID":"0 2022 1395 5557"},{"@type":"Person","@id":"https:\/\/www.afro-impact.com\/#\/schema\/person\/9e1a68f2554579c3a7a1e5f991745ab3","name":"G\u00e9rard Dawa","image":{"@type":"ImageObject","inLanguage":"en-US","@id":"https:\/\/www.afro-impact.com\/#\/schema\/person\/image\/","url":"https:\/\/www.afro-impact.com\/wp-content\/litespeed\/avatar\/583d018ae6f04b98bfc8484594fa52eb.jpg?ver=1777022315","contentUrl":"https:\/\/www.afro-impact.com\/wp-content\/litespeed\/avatar\/583d018ae6f04b98bfc8484594fa52eb.jpg?ver=1777022315","caption":"G\u00e9rard Dawa"},"description":"G\u00e9rard Dawa, journaliste reporter \u00e0 Afro impact. Titulaire d\u2019une Licence en journalisme obtenue \u00e0 l\u2019ENSTIC au B\u00e9nin, je suis passionn\u00e9 des questions de sant\u00e9, culture et sport. J\u2019ai fait \u00e9galement mes armes \u00e0 la radio et je suis membre actif de la PMS \"Plateforme M\u00e9dias et Sant\u00e9\" du B\u00e9nin. Je cumule \u00e0 ce jour 8 ans d\u2019exp\u00e9rience en journalisme.","sameAs":["https:\/\/facebook.com\/gerard.dawa.7"],"url":"https:\/\/www.afro-impact.com\/en\/author\/olaotan\/"},{"@type":"PostalAddress","@id":"https:\/\/www.afro-impact.com\/62-ans-dindependance-du-benin-la-lutte-contre-le-terrorisme-une-priorite\/#local-main-place-address","streetAddress":"Carr\u00e9 2167 Kindonou, Cotonou, BENIN, 07 BP 1128 Cotonou, BENIN","addressLocality":"Cotonou","postalCode":"+229","addressRegion":"Littoral","addressCountry":"BJ"},{"@type":"ImageObject","inLanguage":"en-US","@id":"https:\/\/www.afro-impact.com\/62-ans-dindependance-du-benin-la-lutte-contre-le-terrorisme-une-priorite\/#local-main-organization-logo","url":"https:\/\/www.afro-impact.com\/wp-content\/uploads\/2022\/01\/logo-afro-impact-share-social.png","contentUrl":"https:\/\/www.afro-impact.com\/wp-content\/uploads\/2022\/01\/logo-afro-impact-share-social.png","width":300,"height":300,"caption":"Afro impact"}]},"geo.placename":"Cotonou","geo.position":{"lat":"6.389282121878214","long":"2.3602318590634495"},"geo.region":"Benin"},"_links":{"self":[{"href":"https:\/\/www.afro-impact.com\/en\/wp-json\/wp\/v2\/posts\/9597","targetHints":{"allow":["GET"]}}],"collection":[{"href":"https:\/\/www.afro-impact.com\/en\/wp-json\/wp\/v2\/posts"}],"about":[{"href":"https:\/\/www.afro-impact.com\/en\/wp-json\/wp\/v2\/types\/post"}],"author":[{"embeddable":true,"href":"https:\/\/www.afro-impact.com\/en\/wp-json\/wp\/v2\/users\/18"}],"replies":[{"embeddable":true,"href":"https:\/\/www.afro-impact.com\/en\/wp-json\/wp\/v2\/comments?post=9597"}],"version-history":[{"count":0,"href":"https:\/\/www.afro-impact.com\/en\/wp-json\/wp\/v2\/posts\/9597\/revisions"}],"wp:featuredmedia":[{"embeddable":true,"href":"https:\/\/www.afro-impact.com\/en\/wp-json\/wp\/v2\/media\/9582"}],"wp:attachment":[{"href":"https:\/\/www.afro-impact.com\/en\/wp-json\/wp\/v2\/media?parent=9597"}],"wp:term":[{"taxonomy":"category","embeddable":true,"href":"https:\/\/www.afro-impact.com\/en\/wp-json\/wp\/v2\/categories?post=9597"},{"taxonomy":"post_tag","embeddable":true,"href":"https:\/\/www.afro-impact.com\/en\/wp-json\/wp\/v2\/tags?post=9597"}],"curies":[{"name":"wp","href":"https:\/\/api.w.org\/{rel}","templated":true}]}}